{"id":2740,"date":"2008-05-07T09:54:23","date_gmt":"2008-05-07T06:54:23","guid":{"rendered":"http:\/\/www.ced.org.tr\/?p=2740"},"modified":"2014-05-21T01:42:11","modified_gmt":"2014-05-20T22:42:11","slug":"oylesine-2","status":"publish","type":"post","link":"http:\/\/www.ced.org.tr\/?p=2740","title":{"rendered":"\u00d6YLES\u0130NE"},"content":{"rendered":"<ul>\n<li>\u00a0\n<ul>\n<p><font face=\"Times New Roman TUR\" size=\"2\" color=\"#444444\">Doksanl\u0131 y\u0131llard\u0131.<\/font><\/p>\n<\/ul>\n<\/li>\n<\/ul>\n<ul>\n<li>\u00a0\n<ul>\n<p><font face=\"Verdana\" size=\"2\" color=\"#444444\">Bir \u00f6zel televizyon kanal\u0131nda Hulki Cevizo\u011flu yine Cevizkabu\u011fu adl\u0131 program\u0131 yap\u0131yor.Konu\u011fu da sevgili Aziz Nesin.Gayet keyifli bir s\u00f6yle\u015fi.S\u00f6z d\u00f6n\u00fcp dola\u015ft\u0131,Aziz Nesin&#8217;in sivridillili\u011fine geldi ve Hulki Cevizo\u011flu, ama siz de a\u011fz\u0131n\u0131za geleni s\u00f6yl\u00fcyorsunuz dedi.Hay\u0131r dedi Aziz Nesin.Hay\u0131r efendim,ben a\u011fz\u0131ma geleni de\u011fil,akl\u0131ma geleni s\u00f6ylerim. <\/font><\/p>\n<\/ul>\n<\/li>\n<\/ul>\n<ul>\n<li>\u00a0\n<ul>\n<p><font face=\"Verdana\" size=\"2\" color=\"#444444\">Neden hat\u0131rlad\u0131m \u015fimdi bunlar\u0131? <\/font><\/p>\n<\/ul>\n<\/li>\n<\/ul>\n<ul>\n<li>\u00a0\n<ul>\n<p><font face=\"Verdana\" size=\"2\" color=\"#444444\">Bu da sorulur mu \u015fimdi?\u00dclkemizde hele \u015fu <\/font><font face=\"Times New Roman  TUR\" size=\"2\" color=\"#444444\">son zamanlarda ya\u015fad\u0131klar\u0131m\u0131z(daha \u00f6nceleri de \u00e7ok farkl\u0131 de\u011fildi) duyduklar\u0131m\u0131z,insan\u0131n inanas\u0131 gelmiyor.<\/font><font face=\"Verdana\" size=\"2\" color=\"#444444\">Televizyonu a\u00e7\u0131<\/font><font face=\"Times New Roman TUR\" size=\"2\" color=\"#444444\">yorsunuz<\/font><font face=\"Verdana\" size=\"2\" color=\"#444444\">,gazetelere bak\u0131<\/font><font face=\"Times New Roman TUR\" size=\"2\" color=\"#444444\">yorsunuz<\/font><font face=\"Verdana\" size=\"2\" color=\"#444444\">,sa\u011f\u0131n\u0131za solunuza bak\u0131<\/font><font face=\"Times New Roman TUR\" size=\"2\" color=\"#444444\">yorsunuz<\/font><font face=\"Verdana\" size=\"2\" color=\"#444444\"> her \u015fey bunlar\u0131 <\/font><font face=\"Times New Roman TUR\" size=\"2\" color=\"#444444\">hat\u0131rlat\u0131yor,<\/font><font face=\"Verdana\" size=\"2\" color=\"#444444\">insan<\/font><font face=\"Times New  Roman TUR\" size=\"2\" color=\"#444444\">a<\/font><font face=\"Verdana\" size=\"2\" color=\"#444444\">.<\/font><font face=\"Times New Roman TUR\" size=\"2\" color=\"#444444\">Acaba,insanlar d\u00fc\u015f\u00fcnerek konu\u015fmay\u0131 unuttu mu diyorsunuz?<\/font><\/p>\n<\/ul>\n<\/li>\n<\/ul>\n<ul>\n<li>\u00a0\n<ul>\n<p><font face=\"Times New Roman TUR\" size=\"2\" color=\"#444444\"><u>G\u00fcn\u00fcm\u00fczden 2600 y\u0131l \u00f6nce ya\u015fam\u0131\u015f olan Milet&#8217;li (yani hem\u015ferimiz)Thales,bir g\u00fcn \u00f6\u011frencilerini toplay\u0131p \u015f\u00f6yle diyor.-\u00c7ok d\u00fc\u015f\u00fcnd\u00fcm.Bizim inand\u0131\u011f\u0131m\u0131z tanr\u0131lar var.Her birine gerekli sayg\u0131 ve ibadet ve kurban adamalar\u0131m\u0131zda zerre kadar kusur etmiyoruz.Ama yine de kentlerimiz depremden y\u0131k\u0131l\u0131yor.\u0130nsanlar \u00f6l\u00fcyor.O zaman bu depremlerin farkl\u0131 bir nedeni olmal\u0131 diye d\u00fc\u015f\u00fcn\u00fcyorum<\/u>.\u015eimdi bu s\u00f6ylediklerimi d\u00fc\u015f\u00fcn\u00fcn,hatal\u0131 g\u00f6rd\u00fc\u011f\u00fcn\u00fcz bir taraf varsa a\u00e7\u0131k\u00e7a s\u00f6yleyin.Veya bu konuda sizin d\u00fc\u015f\u00fcnceleriniz varsa onlar\u0131 da \u00f6zg\u00fcrce s\u00f6yleyin.Tart\u0131\u015farak do\u011fruyu bulmaya \u00e7al\u0131\u015fal\u0131m.2600 y\u0131l \u00f6nce sorgulamay\u0131,sebep sonu\u00e7 ili\u015fkisi ile bir konunun a\u00e7\u0131klanmas\u0131 y\u00f6ntemini d\u00fc\u015f\u00fcn\u00fcyor.Nerden nereye?Bir tarafta M.\u00d6.600l\u00fc y\u0131llar.Bir tarafta M.S.2008.<\/font><\/p>\n<\/ul>\n<\/li>\n<\/ul>\n<ul>\n<li>\u00a0\n<ul>\n<p><font face=\"Times New Roman TUR\" size=\"2\" color=\"#444444\">Bir de g\u00fcn\u00fcm\u00fcze bak\u0131yoruz,ho\u015f bakmaya da gerek yok kafam\u0131za kak\u0131l\u0131yor zaten.<\/font><font face=\"Times New Roman\" size=\"2\" color=\"#444444\"> Yani insanlar d\u00fc\u015f\u00fcnmeden,akl\u0131n\u0131 kullanmadan a\u011fz\u0131na geleni<\/font><font face=\"Times New Roman TUR\" size=\"2\" color=\"#444444\"> s\u00f6ylemeye,<\/font><font face=\"Times New Roman\" size=\"2\" color=\"#444444\"> konu\u015fmaya,d\u00fc\u015f\u00fcnmeden hareket etmeye ne zaman <\/font><font face=\"Times New Roman TUR\" size=\"2\" color=\"#444444\">son verecek?<\/font><font face=\"Times New Roman\" size=\"2\" color=\"#444444\">Belki b\u00fct\u00fcn bu davran\u0131\u015f<\/font><font face=\"Times New Roman TUR\" size=\"2\" color=\"#444444\"> bi\u00e7imini<\/font><font face=\"Times New Roman\" size=\"2\" color=\"#444444\"> sokaktaki yurtta\u015f g\u00f6sterse kimsenin umurunda olmaz<\/font><font face=\"Times New Roman TUR\" size=\"2\" color=\"#444444\">.A<\/font><font face=\"Times  New Roman\" size=\"2\" color=\"#444444\">ma,<\/font><font face=\"Times New Roman TUR\" size=\"2\" color=\"#444444\">bir bak\u0131yorsunuz,g\u00fcndemdeki konu ile ilgili devlet memuru,sorumsuzca iktidar\u0131n memuruymu\u015f gibi fikrini s\u00f6yl\u00fcyor<u>.Siyasiler,yarg\u0131 hakk\u0131nda ya,&#8221;ulemaya sordunuz mu?&#8221; diye giriyor yada,ayet ve hadislerle a\u00e7\u0131klamalar getiriyor.Bunlara katlanmak bazen m\u00fcmk\u00fcn.Al\u0131\u015f\u0131yoruz yani.Ama isminin \u00f6n\u00fcnde akademik \u00fcnvanlar olan koca koca adamlar da ayn\u0131 \u015fekilde hareket edince ,pes diyorum,pes yani.<\/u><\/font><\/p>\n<\/ul>\n<\/li>\n<\/ul>\n<ul>\n<li>\u00a0\n<ul>\n<p><font face=\"Times New Roman TUR\" size=\"2\" color=\"#444444\">\u00dc\u00e7-d\u00f6rt balkan \u00fclkesinin toplam n\u00fcfusundan daha fazla n\u00fcfusu olan \u0130stanbul&#8217;un,yani 2010 d\u00fcnya ba\u015fkenti \u0130stanbul&#8217;un,Milli E\u011fitim M\u00fcd\u00fcr\u00fc (din k\u00fclt\u00fcr\u00fc ve ahlak dersi \u00f6\u011fretmeni) ara\u015ft\u0131rma geli\u015ftirme laboratuar\u0131 gibi \u00e7al\u0131\u015f\u0131yor.\u015eaka gibi.Acaba 12 mart 2008 tarihli resmi gazetede yay\u0131nlanan,&#8221;Ara\u015ft\u0131rma ve geli\u015ftirme faaliyetlerinin desteklenmesi hakk\u0131nda kanun&#8221; kapsam\u0131nda m\u0131 bu faaliyetleri?Uyu\u015fturucular\u0131n\u0131 hangi yollardan temin etti dersiniz?Bilim insanlar\u0131 hi\u00e7 rahats\u0131zl\u0131k duymad\u0131lar m\u0131?<\/font><\/p>\n<\/ul>\n<\/li>\n<\/ul>\n<ul>\n<li>\u00a0\n<ul>\n<p><font face=\"Times New Roman TUR\" size=\"2\" color=\"#444444\">Yine gazetelerden;Tapu dairelerinde al\u0131nan usuls\u00fcz paralar tart\u0131\u015f\u0131ld\u0131.R\u00fc\u015fvet midir?Bah\u015fi\u015f midir?Yoksa hara\u00e7 m\u0131d\u0131r?\u0130\u015f d\u00fcnyas\u0131n\u0131n dergisi FORTUNE T\u00dcRK\u0130YE, Mart 2008 say\u0131s\u0131nda yine i\u015fd\u00fcnyas\u0131ndan Cem Kozlu, &#8221;yolsuzluk literat\u00fcr\u00fcne bah\u015fi\u015f tan\u0131m\u0131 eklenirken,\u0130talyan mafya \u00f6rg\u00fctlenmesi Camorra&#8217;yla g\u00fcnahkarlar kenti Gomarra&#8217;ya giden yollar\u0131n kilometre ta\u015flar\u0131n\u0131n da bah\u015fi\u015f,r\u00fc\u015fvet ve hara\u00e7la at\u0131ld\u0131\u011f\u0131n\u0131 hat\u0131rlatmakta fayda var.&#8221; diye yazm\u0131\u015f.<\/font><\/p>\n<\/ul>\n<\/li>\n<\/ul>\n<ul>\n<li>\u00a0\n<ul>\n<p><font face=\"Times New Roman TUR\" size=\"2\" color=\"#444444\"><u>\u015eimdi,bizim T\u00dcRK ECZACILARI B\u0130RL\u0130\u011e\u0130 ile Sosyal G\u00fcvenlik Kurumu aras\u0131ndaki e-s\u00f6zle\u015fme mesajla\u015fmas\u0131 hangi gruba girer? <\/u><\/font><\/p>\n<\/ul>\n<\/li>\n<\/ul>\n<ul>\n<li>\u00a0\n<ul>\n<p><font face=\"Times New Roman TUR\" size=\"2\" color=\"#444444\">Sa\u011fl\u0131kla mutlu kal\u0131n.<\/font><\/p>\n<\/ul>\n<\/li>\n<\/ul>\n","protected":false},"excerpt":{"rendered":"<p>\u00a0 Doksanl\u0131 y\u0131llard\u0131. \u00a0 Bir \u00f6zel televizyon kanal\u0131nda Hulki Cevizo\u011flu yine Cevizkabu\u011fu adl\u0131 program\u0131 yap\u0131yor.Konu\u011fu da sevgili Aziz Nesin.Gayet keyifli&#46;&#46;&#46;<\/p>\n","protected":false},"author":20,"featured_media":0,"comment_status":"closed","ping_status":"closed","sticky":false,"template":"","format":"standard","meta":{"_jetpack_memberships_contains_paid_content":false,"footnotes":""},"categories":[43],"tags":[],"class_list":["post-2740","post","type-post","status-publish","format-standard","hentry","category-ecz-uzeyir-korkmaz"],"aioseo_notices":[],"jetpack_featured_media_url":"","jetpack_sharing_enabled":true,"jetpack-related-posts":[],"_links":{"self":[{"href":"http:\/\/www.ced.org.tr\/index.php?rest_route=\/wp\/v2\/posts\/2740","targetHints":{"allow":["GET"]}}],"collection":[{"href":"http:\/\/www.ced.org.tr\/index.php?rest_route=\/wp\/v2\/posts"}],"about":[{"href":"http:\/\/www.ced.org.tr\/index.php?rest_route=\/wp\/v2\/types\/post"}],"author":[{"embeddable":true,"href":"http:\/\/www.ced.org.tr\/index.php?rest_route=\/wp\/v2\/users\/20"}],"replies":[{"embeddable":true,"href":"http:\/\/www.ced.org.tr\/index.php?rest_route=%2Fwp%2Fv2%2Fcomments&post=2740"}],"version-history":[{"count":1,"href":"http:\/\/www.ced.org.tr\/index.php?rest_route=\/wp\/v2\/posts\/2740\/revisions"}],"predecessor-version":[{"id":3987,"href":"http:\/\/www.ced.org.tr\/index.php?rest_route=\/wp\/v2\/posts\/2740\/revisions\/3987"}],"wp:attachment":[{"href":"http:\/\/www.ced.org.tr\/index.php?rest_route=%2Fwp%2Fv2%2Fmedia&parent=2740"}],"wp:term":[{"taxonomy":"category","embeddable":true,"href":"http:\/\/www.ced.org.tr\/index.php?rest_route=%2Fwp%2Fv2%2Fcategories&post=2740"},{"taxonomy":"post_tag","embeddable":true,"href":"http:\/\/www.ced.org.tr\/index.php?rest_route=%2Fwp%2Fv2%2Ftags&post=2740"}],"curies":[{"name":"wp","href":"https:\/\/api.w.org\/{rel}","templated":true}]}}