{"id":2749,"date":"2006-09-04T10:17:04","date_gmt":"2006-09-04T07:17:04","guid":{"rendered":"http:\/\/www.ced.org.tr\/?p=2749"},"modified":"2014-05-21T01:26:45","modified_gmt":"2014-05-20T22:26:45","slug":"kooperatifcilik-ve-eczaci-kooperatifleri","status":"publish","type":"post","link":"http:\/\/www.ced.org.tr\/?p=2749","title":{"rendered":"KOOPERAT\u0130F\u00c7\u0130L\u0130K VE ECZACI KOOPERAT\u0130FLER\u0130"},"content":{"rendered":"<p>Kooperatif, ki\u015filerin ortak, ekonomik, sosyal ve k&uuml;lt&uuml;rel gereksinim ve &ouml;zlemlerini m&uuml;\u015ftereken sahip olunan ve demokratik kurallarla y&ouml;netilen bir i\u015fletme vas\u0131tas\u0131 ile kar\u015f\u0131lamak i&ccedil;in g&ouml;n&uuml;ll&uuml; olarak olu\u015fturduklar\u0131 &ouml;zerk bir &ouml;rg&uuml;tt&uuml;r. Kooperatif&ccedil;ilik ise; kooperatiflerin yayg\u0131nla\u015fmas\u0131n\u0131 ve geli\u015fmesini ifade eden bir hareketin ad\u0131d\u0131r.<\/p>\n<p><strong><font color=\"#000000\"><font face=\"Times New Roman\"><span style=\"font-size: 14pt\">KOOPERAT\u0130F&Ccedil;\u0130L\u0130K VE ECZACI KOOPERAT\u0130FLER\u0130<\/span><\/font><\/font><\/strong><\/p>\n<p><strong><font color=\"#000000\"><\/font><\/strong><font face=\"Times New Roman\" size=\"3\" color=\"#000000\">&nbsp;<\/font><strong><span style=\"font-size: 14pt\"><font color=\"#000000\"><font face=\"Times New Roman\"><span>&nbsp;&nbsp;&nbsp;&nbsp;&nbsp;&nbsp;&nbsp;&nbsp;&nbsp;&nbsp;&nbsp;&nbsp;&nbsp;&nbsp;&nbsp;&nbsp;&nbsp;&nbsp;&nbsp;&nbsp;&nbsp;&nbsp;&nbsp;&nbsp;&nbsp;&nbsp;&nbsp;&nbsp;&nbsp;&nbsp;&nbsp;&nbsp;&nbsp;&nbsp;&nbsp;<\/span>Kooperatif&ccedil;ilik <\/font><\/font><\/span><\/strong><font face=\"Times New Roman\" size=\"3\" color=\"#000000\">&nbsp;<\/font> <\/p>\n<p style=\"margin: 0cm 0cm 0pt; text-indent: 35.4pt; text-align: justify\" class=\"MsoNormal\"><font face=\"Times New Roman\" size=\"3\" color=\"#000000\">Kooperatif, ki\u015filerin ortak, ekonomik, sosyal ve k&uuml;lt&uuml;rel gereksinim ve &ouml;zlemlerini m&uuml;\u015ftereken sahip olunan ve demokratik kurallarla y&ouml;netilen bir i\u015fletme vas\u0131tas\u0131 ile kar\u015f\u0131lamak i&ccedil;in g&ouml;n&uuml;ll&uuml; olarak olu\u015fturduklar\u0131 &ouml;zerk bir &ouml;rg&uuml;tt&uuml;r. Kooperatif&ccedil;ilik ise; kooperatiflerin yayg\u0131nla\u015fmas\u0131n\u0131 ve geli\u015fmesini ifade eden bir hareketin ad\u0131d\u0131r.<\/font><\/p>\n<p style=\"margin: 0cm 0cm 0pt; text-align: justify\" class=\"MsoNormal\"><span><font face=\"Times New Roman\" size=\"3\" color=\"#000000\">&nbsp;&nbsp;&nbsp;&nbsp;&nbsp;&nbsp;&nbsp;&nbsp;&nbsp;&nbsp;&nbsp; <\/font><\/span><\/p>\n<p style=\"margin: 0cm 0cm 0pt; text-align: justify\" class=\"MsoNormal\"><font face=\"Times New Roman\" size=\"3\" color=\"#000000\">Bug&uuml;n, geli\u015fmi\u015f ve geli\u015fmekte olan &uuml;lkelerde kooperatif&ccedil;ilik, &ouml;nemli bir sosyal ve ekonomik hareket olarak kabul edilmekte; demokrasinin, bar\u0131\u015f\u0131n, &ccedil;evrenin korunmas\u0131na ve de istihdam yaratma, kaynaklar\u0131 harekete ge&ccedil;irme, yat\u0131r\u0131m olu\u015fturma, ekonomiye s&uuml;rd&uuml;r&uuml;lebilir kalk\u0131nmaya ve yoksullukla m&uuml;cadeleye katk\u0131lar\u0131 oldu\u011fu g&ouml;r&uuml;lmekte; ve b&uuml;t&uuml;n&uuml;yle &uuml;lkelerin ekonomik, sosyal kalk\u0131nma ve geli\u015fmelerinde &ouml;nemli bir demokratik ara&ccedil; olarak da <span>&nbsp;<\/span>kullan\u0131lmaktad\u0131r. Kooperatif&ccedil;ilik t&uuml;m bu i\u015flevleri ile toplumsal hayatta kamu ve &ouml;zel sekt&ouml;r&uuml;n yan\u0131nda &uuml;&ccedil;&uuml;nc&uuml; bir sekt&ouml;r olarak kabul ediliyor ve yerini al\u0131yor.<\/font><\/p>\n<p style=\"margin: 0cm 0cm 0pt; text-align: justify\" class=\"MsoNormal\">&nbsp;<\/p>\n<p style=\"margin: 0cm 0cm 0pt; text-indent: 18pt; text-align: justify\" class=\"MsoNormal\"><font face=\"Times New Roman\" size=\"3\" color=\"#000000\">Kooperatifler belirli ilkeleri olan kurulu\u015flard\u0131r. Uluslararas\u0131 Kooperatifler Birli\u011finin (ICA) 1995 y\u0131l\u0131nda saptam\u0131\u015f oldu\u011fu 7 ilke \u015funlard\u0131r; <\/font><\/p>\n<p><font face=\"Times New Roman\" size=\"3\" color=\"#000000\">&nbsp;<\/font> <\/p>\n<p style=\"margin: 0cm 0cm 0pt 36pt; text-indent: -18pt; text-align: justify; tab-stops: list 36.0pt\" class=\"MsoNormal\"><font face=\"Times New Roman\"><span><font color=\"#000000\"><font size=\"3\">1)<\/font><span style=\"font: 7pt &#39;Times New Roman&#39;\">&nbsp;&nbsp;&nbsp;&nbsp;&nbsp; <\/span><\/font><\/span><font size=\"3\"><font color=\"#000000\"><strong>&ldquo;G&ouml;n&uuml;ll&uuml; ve Serbest Giri\u015f&rdquo; <\/strong>\u0130lkesi<\/font><\/font><\/font><\/p>\n<p style=\"margin: 0cm 0cm 0pt 36pt; text-indent: -18pt; text-align: justify; tab-stops: list 36.0pt\" class=\"MsoNormal\"><font face=\"Times New Roman\"><span><font color=\"#000000\"><font size=\"3\">2)<\/font><span style=\"font: 7pt &#39;Times New Roman&#39;\">&nbsp;&nbsp;&nbsp;&nbsp;&nbsp; <\/span><\/font><\/span><font size=\"3\"><font color=\"#000000\"><strong>&ldquo; Orta\u011f\u0131n Demokratik Y&ouml;netim&rdquo;<\/strong> \u0130lkesi<\/font><\/font><\/font><\/p>\n<p style=\"margin: 0cm 0cm 0pt 36pt; text-indent: -18pt; text-align: justify; tab-stops: list 36.0pt\" class=\"MsoNormal\"><font face=\"Times New Roman\"><span><font color=\"#000000\"><font size=\"3\">3)<\/font><span style=\"font: 7pt &#39;Times New Roman&#39;\">&nbsp;&nbsp;&nbsp;&nbsp;&nbsp; <\/span><\/font><\/span><font size=\"3\"><font color=\"#000000\"><strong>&ldquo;Orta\u011f\u0131n Ekonomik Kat\u0131l\u0131m\u0131&rdquo;<\/strong> \u0130lkesi <\/font><\/font><\/font><\/p>\n<p style=\"margin: 0cm 0cm 0pt 36pt; text-indent: -18pt; text-align: justify; tab-stops: list 36.0pt\" class=\"MsoNormal\"><font face=\"Times New Roman\"><span><font color=\"#000000\"><font size=\"3\">4)<\/font><span style=\"font: 7pt &#39;Times New Roman&#39;\">&nbsp;&nbsp;&nbsp;&nbsp;&nbsp; <\/span><\/font><\/span><font size=\"3\"><font color=\"#000000\"><strong>&ldquo;&Ouml;zerklik ve ba\u011f\u0131ms\u0131zl\u0131k&rdquo;<\/strong> \u0130lkesi<\/font><\/font><\/font><\/p>\n<p style=\"margin: 0cm 0cm 0pt 36pt; text-indent: -18pt; text-align: justify; tab-stops: list 36.0pt\" class=\"MsoNormal\"><font face=\"Times New Roman\"><span><font color=\"#000000\"><font size=\"3\">5)<\/font><span style=\"font: 7pt &#39;Times New Roman&#39;\">&nbsp;&nbsp;&nbsp;&nbsp;&nbsp; <\/span><\/font><\/span><font size=\"3\"><font color=\"#000000\"><strong>&ldquo;E\u011fitim &ouml;\u011fretim ve bilgilendirme iste\u011fi&rdquo;<\/strong> \u0130lkesi<\/font><\/font><\/font><\/p>\n<p style=\"margin: 0cm 0cm 0pt 36pt; text-indent: -18pt; text-align: justify; tab-stops: list 36.0pt\" class=\"MsoNormal\"><font face=\"Times New Roman\"><span><font color=\"#000000\"><font size=\"3\">6)<\/font><span style=\"font: 7pt &#39;Times New Roman&#39;\">&nbsp;&nbsp;&nbsp;&nbsp;&nbsp; <\/span><\/font><\/span><font size=\"3\" color=\"#000000\">&ldquo;<strong>Kooperatifler aras\u0131 i\u015fbirli\u011fi&rdquo; <\/strong>\u0130lkesi<\/font><\/font><\/p>\n<p style=\"margin: 0cm 0cm 0pt 36pt; text-indent: -18pt; text-align: justify; tab-stops: list 36.0pt\" class=\"MsoNormal\"><font face=\"Times New Roman\"><span><font color=\"#000000\"><font size=\"3\">7)<\/font><span style=\"font: 7pt &#39;Times New Roman&#39;\">&nbsp;&nbsp;&nbsp;&nbsp;&nbsp; <\/span><\/font><\/span><font size=\"3\"><font color=\"#000000\"><strong>&ldquo;Toplumsal sorumluluk&rdquo;<\/strong> \u0130lkesi<\/font><\/font><\/font><\/p>\n<p><font face=\"Times New Roman\" size=\"3\" color=\"#000000\">&nbsp;<\/font> <\/p>\n<p style=\"margin: 0cm 0cm 0pt 18pt; text-align: justify\" class=\"MsoNormal\"><font face=\"Times New Roman\" size=\"3\" color=\"#000000\">Bu yedi ilke, bir kooperatifin esas\u0131n\u0131 olu\u015fturmakla birlikte, birbirlerine de s\u0131k\u0131 s\u0131k\u0131ya ba\u011fl\u0131d\u0131r. Bu ilkelere k\u0131saca g&ouml;z atarsak;<\/font><\/p>\n<p><font face=\"Times New Roman\" size=\"3\" color=\"#000000\">&nbsp;<\/font> <\/p>\n<p style=\"margin: 0cm 0cm 0pt 18pt; text-align: justify\" class=\"MsoNormal\"><font size=\"3\"><font color=\"#000000\"><font face=\"Times New Roman\"><strong>&#8211;<span>&nbsp;&nbsp;&nbsp;&nbsp; <\/span>G&ouml;n&uuml;ll&uuml; ve Serbest Giri\u015f \u0130lkesi: <\/strong>Bu ilkeye g&ouml;re kooperatifler g&ouml;n&uuml;ll&uuml; kurulu\u015flar olup hizmetlerinden yararlanabilecek ve kooperatif ortakl\u0131\u011f\u0131n\u0131n sorumluluklar\u0131n\u0131 kabul eden herkese; sosyal, siyasal, dinsel etnik,ve cinsiyet ay\u0131r\u0131m\u0131 g&ouml;zetmeksizin a&ccedil;\u0131kt\u0131r.<\/font><\/font><\/font><\/p>\n<p><font face=\"Times New Roman\" size=\"3\" color=\"#000000\">&nbsp;<\/font> <\/p>\n<p style=\"margin: 0cm 0cm 0pt 18pt; text-align: justify\" class=\"MsoNormal\"><font face=\"Times New Roman\" size=\"3\" color=\"#000000\">&#8211;<strong><span>&nbsp;&nbsp;&nbsp; <\/span>Demokratik Y&ouml;netim \u0130lkesi: <\/strong>Kooperatifler demokratik kurulu\u015flard\u0131r. Bu nedenle ortaklar; y&ouml;netime ve denetime, politika olu\u015fturma ve karar verme s&uuml;re&ccedil;lerine demokratik olarak kat\u0131l\u0131rlar. Bu ilke kooperatif&ccedil;ilikte &ldquo;<strong>as\u0131l g&uuml;c&uuml;n sermaye de\u011fil insan&rdquo;<\/strong> oldu\u011funu belirleyen en &ouml;nemli g&ouml;stergedir.<\/font><\/p>\n<p><strong><font face=\"Times New Roman\" size=\"3\" color=\"#000000\">&nbsp;<\/font><\/strong><font size=\"3\"><font color=\"#000000\"><font face=\"Times New Roman\"><strong>&#8211;<span>&nbsp;&nbsp;&nbsp;&nbsp; <\/span>Orta\u011f\u0131n Ekonomik Kat\u0131l\u0131m \u0130lkesi:<\/strong> Ortaklar, kooperatif&rsquo;in sermayesine e\u015fit bir bi&ccedil;imde kat\u0131l\u0131rlar; ayr\u0131ca kooperatif i\u015fletmesinden do\u011fan gelirin bir k\u0131sm\u0131n\u0131 da ortaklar\u0131na risturn olarak da\u011f\u0131t\u0131rlar. Bu ilke ise &ldquo;<strong>sermaye kooperatif&rsquo;in patronu de\u011fil hizmetlisidir&rdquo; <\/strong>anlay\u0131\u015f\u0131n\u0131n bir g&ouml;stergesidir.<\/font><\/font><\/font><strong><font face=\"Times New Roman\" size=\"3\" color=\"#000000\">&nbsp;<\/font><\/strong> <\/p>\n<p style=\"margin: 0cm 0cm 0pt 18pt; text-align: justify\" class=\"MsoNormal\"><font size=\"3\"><font color=\"#000000\"><font face=\"Times New Roman\"><strong>&#8211;<span>&nbsp;&nbsp;&nbsp;&nbsp; <\/span>&Ouml;zerklik ve Ba\u011f\u0131ms\u0131zl\u0131k \u0130lkesi:<\/strong> Kooperatifler ortaklar\u0131 taraf\u0131ndan y&ouml;netilen &ouml;zerk ve kar\u015f\u0131l\u0131kl\u0131 dayan\u0131\u015fmaya dayanan ba\u011f\u0131ms\u0131z kurulu\u015flard\u0131r. Devlet ve di\u011fer kurulu\u015flarla anla\u015fma, i\u015fbirli\u011fi yapma ve d\u0131\u015f kaynaklardan sermaye sa\u011flamalar\u0131 durumunda; b&uuml;t&uuml;n bu ili\u015fkilerini kooperatiflerin &ouml;zerkli\u011fine ve ortaklar\u0131n kooperatiflerini demokratik olarak bir zarara u\u011fratmayacak bi&ccedil;imde y&uuml;r&uuml;t&uuml;rler. Bu ilke, kooperatiflerin &ouml;zerklik ve ba\u011f\u0131ms\u0131zl\u0131klar\u0131n\u0131 koruyarak kendi geleceklerine hakim olmalar\u0131 gereklili\u011fini &ouml;nemle belirtmektedir. <\/font><\/font><\/font><\/p>\n<p><font face=\"Times New Roman\" size=\"3\" color=\"#000000\">&nbsp;<\/font> <\/p>\n<p style=\"margin: 0cm 0cm 0pt 18pt; text-align: justify\" class=\"MsoNormal\"><font size=\"3\"><font color=\"#000000\"><font face=\"Times New Roman\"><strong>&#8211;<span>&nbsp;&nbsp;&nbsp;&nbsp; <\/span>E\u011fitim &Ouml;\u011fretim ve Bilgilendirme \u0130lkesi:<\/strong><span>&nbsp;&nbsp; <\/span>Bu ilkeye g&ouml;re kooperatifler kendi ortaklar\u0131na, se&ccedil;ilmi\u015f ve atanm\u0131\u015f y&ouml;neticilerine ve personeline kooperatiflerin geli\u015fmesine etkin bir bi&ccedil;imde katk\u0131da bulunabilmeleri i&ccedil;in e\u011fitim ve &ouml;\u011fretim olana\u011f\u0131 sa\u011flarlar. Kooperatif&ccedil;ili\u011fin yap\u0131s\u0131 ve yararlar\u0131 hakk\u0131nda, genel kamuoyunu &ouml;zellikle de gen&ccedil;leri ve toplumun &ouml;nderlerini bilgilendirirler.<\/font><\/font><\/font><\/p>\n<p><font face=\"Times New Roman\" size=\"3\" color=\"#000000\">&nbsp;<\/font> <\/p>\n<p style=\"margin: 0cm 0cm 0pt 18pt; text-align: justify\" class=\"MsoNormal\"><font size=\"3\"><font color=\"#000000\"><font face=\"Times New Roman\"><strong>&#8211;<span>&nbsp;&nbsp;&nbsp;&nbsp; <\/span>Kooperatifleraras\u0131 \u0130\u015fbirli\u011fi \u0130lkesi:<\/strong> <span>&nbsp; <\/span>Kooperatifler ortaklar\u0131na daha etkin bir bi&ccedil;imde hizmet verebilmek ve t&uuml;m&uuml;yle kooperatif&ccedil;ilik hareketini g&uuml;&ccedil;lendirebilmek i&ccedil;in; di\u011fer kooperatiflerle yerel, b&ouml;lgesel, ulusal ve uluslararas\u0131 d&uuml;zeyde i\u015fbirli\u011fi yaparlar.<\/font><\/font><\/font><\/p>\n<p><font face=\"Times New Roman\" size=\"3\" color=\"#000000\">&nbsp;<\/font> <\/p>\n<p style=\"margin: 0cm 0cm 0pt 18pt; text-align: justify\" class=\"MsoNormal\"><font size=\"3\"><font color=\"#000000\"><font face=\"Times New Roman\"><strong>&#8211;<span>&nbsp;&nbsp;&nbsp;&nbsp; <\/span>Toplumsal Sorumluluk \u0130lkesi:<\/strong> Kooperatifler ortaklar\u0131nca onaylanan politikalar arac\u0131l\u0131\u011f\u0131yla, i&ccedil;inde ya\u015fad\u0131klar\u0131 toplumun ekonomik, sosyal ve k&uuml;lt&uuml;rel y&ouml;nden kalk\u0131nmalar\u0131n\u0131n s&uuml;reklili\u011fini koruma a&ccedil;\u0131s\u0131ndan &ouml;zel bir sorumlulu\u011fa sahiptir. Kooperatifler bir yandan ortaklar\u0131n\u0131n gereksinimlerini &ouml;n planda tutarken, di\u011fer yandan da toplumun geli\u015fmesi, ekonomi, sa\u011fl\u0131k, ve di\u011fer konularda sorunlar\u0131n &ccedil;&ouml;z&uuml;lmesinin yan\u0131nda, toplumsal kalk\u0131nma politikalar\u0131 olu\u015fturulmas\u0131na da katk\u0131da bulunurlar. <\/font><\/font><\/font><\/p>\n<p><font face=\"Times New Roman\" size=\"3\" color=\"#000000\">&nbsp;<\/font><font face=\"Times New Roman\" size=\"3\" color=\"#000000\">&nbsp;<\/font><font face=\"Times New Roman\" size=\"3\" color=\"#000000\">&nbsp;<\/font> <\/p>\n<p style=\"margin: 0cm 0cm 0pt; text-align: justify\" class=\"MsoNormal\"><font size=\"3\"><font color=\"#000000\"><font face=\"Times New Roman\"><span>&nbsp;&nbsp;&nbsp;&nbsp;&nbsp;&nbsp;&nbsp;&nbsp;&nbsp;&nbsp;&nbsp; <\/span>Kooperatif&ccedil;ili\u011fin tarifini ve ilkelerini bu \u015fekilde s\u0131ralad\u0131ktan sonra, kooperatif&ccedil;ilik hareketinden k\u0131saca bahsedersek; kooperatif&ccedil;ilik hareketi, ge&ccedil;en y&uuml;zy\u0131l\u0131n ikinci yar\u0131s\u0131ndan itibaren, b&uuml;t&uuml;n &uuml;lkelerin sosyal ve ekonomik kalk\u0131nmas\u0131nda &ccedil;ok &ouml;nemli rol oynamaya ba\u015flam\u0131\u015ft\u0131r. Geli\u015fmi\u015f &uuml;lkelerin yan\u0131nda, siyasal ba\u011f\u0131ms\u0131zl\u0131klar\u0131na yeni kavu\u015fmu\u015f ve az geli\u015fmi\u015f &uuml;lkeler de modern ve &ccedil;a\u011fda\u015f ekonomik &ouml;rg&uuml;tler yaratmak istediklerinde, kooperatif&ccedil;ilikten geni\u015f &ccedil;apta yararlanm\u0131\u015flard\u0131r.<\/font><\/font><\/font><\/p>\n<p><font face=\"Times New Roman\" size=\"3\" color=\"#000000\">&nbsp;<\/font> <\/p>\n<p style=\"margin: 0cm 0cm 0pt; text-align: justify\" class=\"MsoNormal\"><font size=\"3\"><font color=\"#000000\"><font face=\"Times New Roman\"><span>&nbsp;&nbsp;&nbsp;&nbsp;&nbsp;&nbsp;&nbsp;&nbsp;&nbsp;&nbsp;&nbsp; <\/span>D&uuml;nyada bug&uuml;nk&uuml; anlay\u0131\u015fla ilk kooperatif, kooperatif&ccedil;ili\u011fin babas\u0131 kabul edilen \u0130ngiliz Robert Owen taraf\u0131ndan 1844 y\u0131l\u0131nda \u0130ngiltere&rsquo;de kurulmu\u015ftur. Bu tarihlerde \u0130ngiltere&rsquo;de vah\u015fi ve ilkel bir kapitilazim h&uuml;k&uuml;m s&uuml;rmekte; i\u015f&ccedil;iler, emek&ccedil;iler, ve k&uuml;&ccedil;&uuml;k &uuml;reticiler ezilmekte ve s&ouml;m&uuml;r&uuml;lmektedir. Ayn\u0131 tarihlerde Avrupa&rsquo;n\u0131n di\u011fer &uuml;lkelerinde de kooperatif&ccedil;ilik hareketi geli\u015fme g&ouml;stermeye ba\u015flam\u0131\u015ft\u0131r.<\/font><\/font><\/font><\/p>\n<p><font face=\"Times New Roman\" size=\"3\" color=\"#000000\">&nbsp;<\/font> <\/p>\n<p style=\"margin: 0cm 0cm 0pt; text-align: justify\" class=\"MsoNormal\"><font size=\"3\"><font color=\"#000000\"><font face=\"Times New Roman\"><span>&nbsp;&nbsp;&nbsp;&nbsp;&nbsp;&nbsp;&nbsp;&nbsp;&nbsp;&nbsp;&nbsp; <\/span>Kooperatif&ccedil;ili\u011fin bug&uuml;n d&uuml;nyada vard\u0131\u011f\u0131 b&uuml;y&uuml;k geli\u015fmeye bakt\u0131\u011f\u0131m\u0131zda; Uluslararas\u0131 Kooperatifler Birli\u011fi&rsquo;ne (ICA), 2002 y\u0131l\u0131nda toplam 100 &uuml;lkeden 749 bin birim kooperatif oldu\u011funu g&ouml;r&uuml;yoruz; ki bunlar\u0131n toplam ortak say\u0131s\u0131 760 milyondur. Mevcut rakamlar kooperatif&ccedil;ilik hareketinin g&uuml;n&uuml;m&uuml;zde yery&uuml;z&uuml;n&uuml;n en b&uuml;y&uuml;k sosyo-ekonomik hareketi niteli\u011fini ta\u015f\u0131d\u0131\u011f\u0131n\u0131n en g&uuml;zel g&ouml;stergesidir. Kooperatif&ccedil;ilik hareketinin bir di\u011fer &ouml;zelli\u011fi de d&uuml;nyada 5 k\u0131taya yay\u0131lmas\u0131, evrensel bir hareket olmas\u0131, geli\u015fmi\u015f, geli\u015fmekte ve geli\u015fmemi\u015f b&uuml;t&uuml;n &uuml;lkelerde bir bi&ccedil;imde var olmas\u0131d\u0131r. T&uuml;rkiye&rsquo;de kooperatif&ccedil;ilik, Mithat Pa\u015fa&rsquo;n\u0131n &ldquo;Memleket Sanduklar\u0131&rdquo; denemesiyle 1863 y\u0131l\u0131nda ba\u015flam\u0131\u015f say\u0131lmaktad\u0131r. Ancak bug&uuml;nk&uuml; anlam\u0131yla ger&ccedil;ek kooperatif&ccedil;ilik, Mustafa Kemal Atat&uuml;rk&rsquo;&uuml;n &ouml;nc&uuml;l&uuml;\u011f&uuml;nde Cumhuriyet T&uuml;rkiye&rsquo;sinde ba\u015flam\u0131\u015ft\u0131r. Atat&uuml;rk, kooperatif&ccedil;ilik hareketinin s&uuml;rekli i&ccedil;inde olmu\u015f, bu hareketin geli\u015fmesinin gerektirdi\u011fi yasal d&uuml;zenlemelere &ouml;nc&uuml;l&uuml;k etmi\u015ftir. 21 May\u0131s 1931 de \u0130stanbul &Uuml;niversitesi b&uuml;nyesinde &ldquo;T&uuml;rkiye Kooperatif&ccedil;ililik Cemiyeti&rdquo; kurulmu\u015ftur. Atat&uuml;rk Kooperatif&ccedil;ili\u011fi &uuml;lkenin kalk\u0131nmas\u0131nda her zaman &ouml;nemli bir ara&ccedil; olarak g&ouml;rm&uuml;\u015f, Kooperatiflerin yurt d&uuml;zeyinde yay\u0131lmalar\u0131 i&ccedil;in a&ccedil;\u0131k destek vermi\u015f ve ilk kurulan Kooperatifin de 1. orta\u011f\u0131 olmu\u015ftur.<\/font><\/font><\/font><\/p>\n<p><font face=\"Times New Roman\" size=\"3\" color=\"#000000\">&nbsp;<\/font> <\/p>\n<p style=\"margin: 0cm 0cm 0pt; text-indent: 35.4pt; text-align: justify\" class=\"MsoNormal\"><font face=\"Times New Roman\" size=\"3\" color=\"#000000\">T&uuml;rkiye&rsquo;de1950&rsquo;den sonra, &ouml;zel sekt&ouml;re b&uuml;y&uuml;k a\u011f\u0131rl\u0131k verilmeye ba\u015flanmas\u0131yla birlikte, kooperatif&ccedil;ili\u011fin bir s&uuml;re tamamen ihmal edildi\u011fi g&ouml;r&uuml;lmektedir. Ancak, 1961 Anayasas\u0131&rsquo;nda kooperatif&ccedil;ili\u011fin &ouml;zel bir madde ile yer almas\u0131, demokratik kooperatif&ccedil;ili\u011fin h\u0131zla geli\u015fmesini ve &uuml;st &ouml;rg&uuml;tlerinin kurulmas\u0131n\u0131 sa\u011flam\u0131\u015ft\u0131r. T&uuml;rkiye&rsquo;de kooperatif&ccedil;ilik, &ccedil;e\u015fitli evrelerden ge&ccedil;tikten sonra 1969 y\u0131l\u0131nda 1163 say\u0131l\u0131 Kooperatifler Kanunu ile kendi kanuna da kavu\u015fmu\u015ftur.<\/font><\/p>\n<p><font face=\"Times New Roman\" size=\"3\" color=\"#000000\">&nbsp;<\/font> <\/p>\n<p style=\"margin: 0cm 0cm 0pt; text-indent: 35.4pt; text-align: justify\" class=\"MsoNormal\"><font face=\"Times New Roman\" size=\"3\" color=\"#000000\">12 Eyl&uuml;l y&ouml;netimi ve iktidarlar\u0131, &uuml;lkemizde demokratik kooperatif&ccedil;ili\u011fin geli\u015fmesini durdurmaya &ccedil;al\u0131\u015fm\u0131\u015flar ancak, 90&rsquo;l\u0131 y\u0131llardan sonra kooperatiflerimizin ve ortaklar\u0131n\u0131n say\u0131sal olarak artmas\u0131 ve &uuml;st &ouml;rg&uuml;tlenmelerindeki geli\u015fmeleri &ouml;nleyememi\u015flerdir.<span>&nbsp; <\/span>&Uuml;lkemizde kooperatif &ouml;rg&uuml;tlenmesi a\u011f\u0131rl\u0131kl\u0131 olarak; tar\u0131m sat\u0131\u015f, tar\u0131m kredi, esnaf kefalet, t&uuml;ketim, konut ve k&ouml;y kalk\u0131nma kooperatifleri bi&ccedil;iminde olmakla birlikte; bu s&uuml;re&ccedil;te, eczac\u0131lar da mesleki ve ekonomik dayan\u0131\u015fmalar\u0131n\u0131 eczac\u0131 kooperatifleri &ccedil;at\u0131s\u0131 alt\u0131nda sa\u011flam\u0131\u015flard\u0131r. <\/font><\/p>\n<p><font face=\"Times New Roman\" size=\"3\" color=\"#000000\">&nbsp;<\/font> <\/p>\n<p style=\"margin: 0cm 0cm 0pt; text-indent: 35.4pt; text-align: justify\" class=\"MsoNormal\"><font face=\"Times New Roman\" size=\"3\" color=\"#000000\">&Uuml;lkemizde bug&uuml;n 85 bin civar\u0131nda kooperatif ve 5 milyona yak\u0131n kooperatif orta\u011f\u0131 vard\u0131r. Kooperatifler say\u0131sal a&ccedil;\u0131dan b&uuml;y&uuml;k geli\u015fme g&ouml;sterdikleri halde, kooperatif&ccedil;ilikten beklenen ama&ccedil;lar\u0131n <span>&nbsp;<\/span>hen&uuml;z ger&ccedil;ekle\u015fti\u011fini s&ouml;ylemek zordur.<\/font><\/p>\n<p><font face=\"Times New Roman\" size=\"3\" color=\"#000000\">&nbsp;<\/font><strong><span style=\"font-size: 14pt\"><font color=\"#000000\"><font face=\"Times New Roman\">Eczac\u0131 Kooperatifleri<\/font><\/font><\/span><\/strong><strong><span style=\"font-size: 14pt\"><font face=\"Times New Roman\" color=\"#000000\">&nbsp;<\/font><\/span><\/strong><strong><span style=\"font-size: 14pt\"><font face=\"Times New Roman\" color=\"#000000\">&nbsp;<\/font><\/span><\/strong> <\/p>\n<p style=\"margin: 0cm 0cm 0pt; text-align: justify\" class=\"MsoNormal\"><font size=\"3\"><font color=\"#000000\"><font face=\"Times New Roman\"><span>&nbsp;<\/span><span>&nbsp;&nbsp;&nbsp;&nbsp;&nbsp;&nbsp;&nbsp;&nbsp;&nbsp;&nbsp; <\/span>T&uuml;rkiye&rsquo;de eczac\u0131lar, kooperatif&ccedil;ilik hareketine ilgi duymaya 1977-78 y\u0131llar\u0131nda<span>&nbsp;&nbsp; <\/span>ba\u015flam\u0131\u015flard\u0131r. Bu tarihlerde serbest eczac\u0131lar, &ouml;rg&uuml;ts&uuml;z ve da\u011f\u0131n\u0131k durumda olup, &uuml;lkenin i&ccedil;inde bulundu\u011fu ekonomik krizden de b&uuml;y&uuml;k &ouml;l&ccedil;&uuml;de etkileniyordu. Eczac\u0131lar, asli g&ouml;revlerini yapabilmeleri i&ccedil;in hastaya verebilecekleri ila&ccedil;lar\u0131 bile temin edemez duruma gelmi\u015fler; eczanelerin ila&ccedil; temin etti\u011fi &ouml;zel ila&ccedil; depolar\u0131n\u0131n spek&uuml;latif hareketlerde bulunmalar\u0131 ve keyfi uygulama ile istedikleri eczanelere ila&ccedil; verip, istemediklerine vermemeleri; sadece pe\u015fin para ile ila&ccedil; vermeleri sonucu yapay olarak ila&ccedil; yoklu\u011fu yarat\u0131lmas\u0131 sonucunda; bir &ccedil;ok eczanenin zor durumda kalmas\u0131na, hatta kapanma tehdidiyle kar\u015f\u0131 kar\u015f\u0131ya kalmalar\u0131na neden olmu\u015ftur. <\/font><\/font><\/font><\/p>\n<p><font face=\"Times New Roman\" size=\"3\" color=\"#000000\">&nbsp;<\/font> <\/p>\n<p style=\"margin: 0cm 0cm 0pt; text-indent: 18pt; text-align: justify\" class=\"MsoNormal\"><font face=\"Times New Roman\" size=\"3\" color=\"#000000\">Bu s&uuml;re&ccedil;te eczac\u0131lar, s&uuml;rekli olarak y&ouml;nlendirilen bir topluluk olmak yerine, meslek sorunlar\u0131na olsun, &uuml;lke sorunlar\u0131na olsun, ortakla\u015fa sahip &ccedil;\u0131kmak d&uuml;\u015f&uuml;ncesine vard\u0131lar. Bunu sa\u011flamak i&ccedil;in de &ouml;nce meslek &ouml;rg&uuml;tlerine sahip &ccedil;\u0131kmak ve ortak &ccedil;\u0131karlar etraf\u0131nda toplanmak gerekti\u011finin fark\u0131na vararak, eczac\u0131lar\u0131n bir araya gelip ekonomik ve mesleki haklar\u0131n\u0131 kazanmak i&ccedil;in &ouml;rg&uuml;tlenmeleri gerekti\u011fini d&uuml;\u015f&uuml;nd&uuml;ler.<\/font><\/p>\n<p><font face=\"Times New Roman\" size=\"3\" color=\"#000000\">&nbsp;<\/font> <\/p>\n<p style=\"margin: 0cm 0cm 0pt; text-indent: 18pt; text-align: justify\" class=\"MsoNormal\"><font face=\"Times New Roman\" size=\"3\" color=\"#000000\">B&uuml;t&uuml;n bunlar\u0131 de\u011ferlendiren yurt &ccedil;ap\u0131nda g&ouml;rev yapan eczac\u0131lar, T&uuml;rkiye&rsquo;nin bir&ccedil;ok b&ouml;lgesinde &ouml;rg&uuml;tlenme ihtiyac\u0131 hissetmi\u015fler, &ccedil;e\u015fitli tart\u0131\u015fma ve aray\u0131\u015flardan sonra da kendilerinin e\u015fit olarak kat\u0131ld\u0131\u011f\u0131, demokratik ve ekonomik modelin <strong>KOOPERAT\u0130FLE\u015eME<\/strong> oldu\u011funa karar vermi\u015flerdir. <\/font><\/p>\n<p><font face=\"Times New Roman\" size=\"3\" color=\"#000000\">&nbsp;<\/font> <\/p>\n<p style=\"margin: 0cm 0cm 0pt; text-indent: 18pt; text-align: justify\" class=\"MsoNormal\"><font size=\"3\"><font face=\"Times New Roman\"><font color=\"#000000\">Bu de\u011fi\u015fimle birlikte kurulan kooperatif &ouml;rg&uuml;tlenmesi, y\u0131llard\u0131r eczac\u0131n\u0131n &ccedil;evresini saran <\/font><span style=\"color: red\"><span>&nbsp;&nbsp;&nbsp;&nbsp;&nbsp;&nbsp;&nbsp;&nbsp;<\/span><\/span><font color=\"#000000\">kabu\u011fun k\u0131r\u0131lmas\u0131n\u0131 sa\u011flam\u0131\u015f, giderek eczac\u0131 &ouml;rg&uuml;tlerinde ilerici de\u011fi\u015fimlere &ouml;nc&uuml; olmu\u015ftur. Daha g&uuml;&ccedil;l&uuml;, daha inan&ccedil;l\u0131 bir eczac\u0131 toplumu yaratman\u0131n, en az\u0131ndan eczac\u0131lar hakk\u0131ndaki kararlar\u0131n eczac\u0131lar d\u0131\u015f\u0131ndaki ki\u015filerin karar verilmesine engel olmaya ba\u015flam\u0131\u015f, hatta eczac\u0131 hakk\u0131ndaki kararlar\u0131 sadece eczac\u0131lar\u0131n verece\u011fi ad\u0131m\u0131 atm\u0131\u015flard\u0131r.<\/font><\/font><\/font><\/p>\n<p><font face=\"Times New Roman\" size=\"3\" color=\"#000000\">&nbsp;<\/font><font face=\"Times New Roman\" size=\"3\" color=\"#000000\">&nbsp;<\/font> <\/p>\n<p style=\"margin: 0cm 0cm 0pt; text-indent: 18pt; text-align: justify\" class=\"MsoNormal\"><font face=\"Times New Roman\" size=\"3\" color=\"#000000\">&Uuml;lkemizde ilk ecza kooperatifi 1978 y\u0131l\u0131nda 22 eczac\u0131n\u0131n bir araya gelmesi ile Manisa&rsquo;da Eczac\u0131 Ne\u015fe G&uuml;lersoy&rsquo;un &ouml;nderli\u011finde kurulmu\u015ftu. De\u011ferli eczac\u0131m\u0131z bu demokratik &ouml;nderli\u011fini karanl\u0131k g&uuml;&ccedil;ler taraf\u0131ndan eczanesinin silahla taranmas\u0131 sonucu hayat\u0131yla &ouml;demi\u015ftir. <\/font><\/p>\n<p style=\"margin: 0cm 0cm 0pt; text-indent: 18pt; text-align: justify\" class=\"MsoNormal\"><font face=\"Times New Roman\" size=\"3\" color=\"#000000\">Ayn\u0131 tarihte Silifke&rsquo;de lokal anlamda bir kooperatif kurulmu\u015ftur. Daha sonra 1979 y\u0131l\u0131nda \u0130zmir, Bursa, <span>&nbsp;<\/span>Eski\u015fehir ve \u0130stanbul&rsquo;da geni\u015f eczac\u0131 kitlelerini kucaklayan kooperatifler kurulmu\u015ftur. 1980 y\u0131l\u0131nda Ankara, Antalya, ve Giresun&rsquo;da; <span>&nbsp;&nbsp;<\/span>1984 y\u0131l\u0131ndan itibaren ise Samsun, Trabzon, Sakarya, \u0130&ccedil;el eczac\u0131 kooperatifleri kurulmu\u015ftur. <\/font><\/p>\n<p style=\"margin: 0cm 0cm 0pt; text-indent: 18pt; text-align: justify\" class=\"MsoNormal\"><font size=\"3\"><font color=\"#000000\"><font face=\"Times New Roman\"><strong>Eczac\u0131 kooperatiflerinin kurucular\u0131, ilk d&ouml;nemlerde kooperatifte ila&ccedil; &ccedil;\u0131kar\u0131p paketleyerek, kendi ara&ccedil;lar\u0131yla sevkiyat yapm\u0131\u015flar,<\/strong> <strong>ayr\u0131ca kurucular, ila&ccedil; firmalar\u0131ndan ila&ccedil; temin edebilmek i&ccedil;in, kendi senet ve &ccedil;eklerini firmalara vermi\u015flerdir. <\/strong>Bu kooperatiflerden baz\u0131lar\u0131 &ccedil;e\u015fitli s\u0131k\u0131nt\u0131lar ve krizlerden sonra hayatiyetine son vermek zorunda kalm\u0131\u015flard\u0131r. G&uuml;n&uuml;m&uuml;zde, temelleri bu tarihlerde at\u0131lan kooperatiflerden 6 eczac\u0131 kooperatifi yurdumuzun geni\u015f bir b&ouml;lgesinde eczac\u0131 ortaklar\u0131na hizmet vermektedir.Mevcut eczac\u0131 kooperatifleri pazar\u0131n %12&rsquo;sine hitap etmektedir.<\/font><\/font><\/font><\/p>\n<p><font face=\"Times New Roman\" size=\"3\" color=\"#000000\">&nbsp;<\/font> <\/p>\n<p style=\"margin: 0cm 0cm 0pt; text-indent: 18pt\" class=\"MsoNormal\"><font face=\"Times New Roman\" size=\"3\" color=\"#000000\">1989 y\u0131l\u0131nda Ankara&rsquo;da 11 eczac\u0131 kooperatifinin bir araya gelmesiyle T&uuml;m Eczac\u0131lar &Uuml;retim Temin Da\u011f\u0131t\u0131m Kooperatifleri Birli\u011fi&rsquo;ni kurmu\u015flard\u0131r. Bu birlik, 1990 y\u0131l\u0131nda T&uuml;rkiye Milli Kooperatifler Birli\u011fi&rsquo;ne kurucu &uuml;ye olarak kat\u0131lm\u0131\u015ft\u0131r.<\/font><\/p>\n<p><strong><span style=\"font-size: 14pt\"><font face=\"Times New Roman\" color=\"#000000\">&nbsp;<\/font><\/span><\/strong> <\/p>\n<p style=\"margin: 0cm 0cm 0pt; text-indent: 18pt; text-align: justify\" class=\"MsoNormal\"><font face=\"Times New Roman\" size=\"3\" color=\"#000000\">T&uuml;rkiye&rsquo;de eczac\u0131 kooperatiflerinin kurulmas\u0131ndan sonra, al\u0131m, sat\u0131\u015f ve da\u011f\u0131t\u0131m safhas\u0131nda eczac\u0131n\u0131n lehine<span>&nbsp; <\/span>bir tak\u0131m geli\u015fmeler ve de\u011fi\u015fmeler <span>&nbsp;<\/span>olmu\u015ftur. Kooperatifler kuruldu\u011fu andan itibaren hi&ccedil; <strong>S&Uuml;RSAJ<\/strong> yapmam\u0131\u015flard\u0131r ve eczac\u0131ya ilac\u0131 <strong>S&Uuml;RSAJSIZ<\/strong> g&ouml;ndermi\u015flerdir. Kooperatiflerden &ouml;nce;<span>&nbsp; <\/span>ilaca zam oldu\u011funda &ouml;zel depolar ilac\u0131, ila&ccedil; fiyatlar\u0131nda s&uuml;rsaj yaparak eczac\u0131ya g&ouml;nderiyorlard\u0131. Kooperatiflerin kurulmas\u0131 ile depolar da <strong>S&Uuml;RSAJI<\/strong> kald\u0131rmak zorunda kalm\u0131\u015flard\u0131r. <\/font><\/p>\n<p style=\"margin: 0cm 0cm 0pt; text-align: justify\" class=\"MsoNormal\"><span><font face=\"Times New Roman\" size=\"3\" color=\"#000000\">&nbsp;&nbsp;&nbsp;&nbsp;&nbsp;&nbsp; <\/font><\/span><\/p>\n<p style=\"margin: 0cm 0cm 0pt; text-indent: 18pt; text-align: justify\" class=\"MsoNormal\"><font face=\"Times New Roman\" size=\"3\" color=\"#000000\">1980&rsquo;li y\u0131llarda ilaca y\u0131lda %100 zam geldi\u011fini hesaplarsak, kooperatiflerin s&uuml;rsaj yapmamak suretiyle, eczac\u0131ya nas\u0131l bir katk\u0131 yapt\u0131\u011f\u0131n\u0131 a&ccedil;\u0131k&ccedil;a g&ouml;rmekteyiz. Ayr\u0131ca kooperatifler s&uuml;rsaj yapmad\u0131\u011f\u0131 i&ccedil;in di\u011fer depolarda s&uuml;rsaj yapmamaya ba\u015flad\u0131lar, dolay\u0131s\u0131yla kooperatif orta\u011f\u0131 olmayan eczanelere de katk\u0131s\u0131n\u0131 d&uuml;\u015f&uuml;nmeliyiz.<\/font><\/p>\n<p style=\"margin: 0cm 0cm 0pt; text-align: justify\" class=\"MsoNormal\"><font face=\"Times New Roman\" size=\"3\" color=\"#000000\">Eczac\u0131 Kooperatifleri ile eczac\u0131 a&ccedil;\u0131s\u0131ndan gelinen noktaya bakt\u0131\u011f\u0131m\u0131zda;<\/font><\/p>\n<p style=\"margin: 0cm 0cm 0pt; text-indent: 18pt; text-align: justify\" class=\"MsoNormal\"><span><font face=\"Times New Roman\" size=\"3\" color=\"#000000\">&nbsp; <\/font><\/span><\/p>\n<p><font face=\"Times New Roman\"><span><font color=\"#000000\"><font size=\"3\">&#8211;<\/font><span style=\"font: 7pt &#39;Times New Roman&#39;\">&nbsp;&nbsp;&nbsp;&nbsp;&nbsp;&nbsp;&nbsp;&nbsp;<\/span><\/font><\/span><strong><font size=\"3\"><font color=\"#000000\">1978 y\u0131l\u0131nda ecza deposu i&ccedil;eri al\u0131nmayan eczac\u0131lar, kooperatiflerin kurulmas\u0131yla ecza depolar\u0131n\u0131n sahibi oldular.<\/font><\/font><\/strong><\/font><font face=\"Times New Roman\"><span><font color=\"#000000\"><font size=\"3\">&#8211;<\/font><span style=\"font: 7pt &#39;Times New Roman&#39;\">&nbsp;&nbsp;&nbsp;&nbsp;&nbsp;&nbsp;&nbsp;&nbsp; <\/span><\/font><\/span><strong><font size=\"3\"><font color=\"#000000\">Kooperatiflerden &ouml;nce depolar firmalardan ald\u0131\u011f\u0131 ila&ccedil; fazlas\u0131n\u0131n (mal fazlalar\u0131) b&uuml;y&uuml;k bir k\u0131sm\u0131n\u0131 eczac\u0131ya iletmiyorlard\u0131; kooperatifler ise ila&ccedil; firmas\u0131ndan ald\u0131\u011f\u0131 t&uuml;m ila&ccedil; fazlalar\u0131n\u0131 ortaklar\u0131na yans\u0131t\u0131yorlar. <\/font><\/font><\/strong><\/font><\/p>\n<p style=\"margin: 0cm 0cm 0pt 36pt; text-indent: -18pt; text-align: justify; tab-stops: list 36.0pt\" class=\"MsoNormal\"><font face=\"Times New Roman\"><span><font color=\"#000000\"><font size=\"3\">&#8211;<\/font><span style=\"font: 7pt &#39;Times New Roman&#39;\">&nbsp;&nbsp;&nbsp;&nbsp;&nbsp;&nbsp;&nbsp;&nbsp;<\/span><\/font><\/span><font size=\"3\"><font color=\"#000000\"><strong>Kooperatifler ila&ccedil; firmalar\u0131ndan ald\u0131klar\u0131 vade ve t&uuml;m sat\u0131\u015f ko\u015fullar\u0131n\u0131 aynen eczac\u0131ya iletmi\u015flerdir<\/strong>. <\/font><\/font><\/font><\/p>\n<p><font face=\"Times New Roman\" size=\"3\" color=\"#000000\">&nbsp;<\/font> <\/p>\n<p style=\"margin: 0cm 0cm 0pt; text-indent: 18pt; text-align: justify\" class=\"MsoNormal\"><font face=\"Times New Roman\" size=\"3\" color=\"#000000\">&Ouml;zetle, eczac\u0131 kooperatifleri; ecza ve ila&ccedil; sekt&ouml;r&uuml;n&uuml;n sa\u011fl\u0131kl\u0131 olu\u015fumuna ve bu sekt&ouml;r&uuml;n disipline olmas\u0131na &ccedil;ok b&uuml;y&uuml;k katk\u0131da bulunmu\u015flard\u0131r.<\/font><\/p>\n<p style=\"margin: 0cm 0cm 0pt; text-align: justify\" class=\"MsoNormal\"><span><font face=\"Times New Roman\" size=\"3\" color=\"#000000\">&nbsp; <\/font><\/span><\/p>\n<p><font face=\"Times New Roman\" size=\"3\" color=\"#000000\">&nbsp;<\/font><\/p>\n","protected":false},"excerpt":{"rendered":"<p>Kooperatif, ki\u015filerin ortak, ekonomik, sosyal ve k&uuml;lt&uuml;rel gereksinim ve &ouml;zlemlerini m&uuml;\u015ftereken sahip olunan ve demokratik kurallarla y&ouml;netilen bir i\u015fletme vas\u0131tas\u0131&#46;&#46;&#46;<\/p>\n","protected":false},"author":7,"featured_media":0,"comment_status":"closed","ping_status":"closed","sticky":false,"template":"","format":"standard","meta":{"_jetpack_memberships_contains_paid_content":false,"footnotes":""},"categories":[45],"tags":[],"class_list":["post-2749","post","type-post","status-publish","format-standard","hentry","category-ecz-abdurrahman-akalin"],"aioseo_notices":[],"jetpack_featured_media_url":"","jetpack_sharing_enabled":true,"jetpack-related-posts":[],"_links":{"self":[{"href":"http:\/\/www.ced.org.tr\/index.php?rest_route=\/wp\/v2\/posts\/2749","targetHints":{"allow":["GET"]}}],"collection":[{"href":"http:\/\/www.ced.org.tr\/index.php?rest_route=\/wp\/v2\/posts"}],"about":[{"href":"http:\/\/www.ced.org.tr\/index.php?rest_route=\/wp\/v2\/types\/post"}],"author":[{"embeddable":true,"href":"http:\/\/www.ced.org.tr\/index.php?rest_route=\/wp\/v2\/users\/7"}],"replies":[{"embeddable":true,"href":"http:\/\/www.ced.org.tr\/index.php?rest_route=%2Fwp%2Fv2%2Fcomments&post=2749"}],"version-history":[{"count":1,"href":"http:\/\/www.ced.org.tr\/index.php?rest_route=\/wp\/v2\/posts\/2749\/revisions"}],"predecessor-version":[{"id":4050,"href":"http:\/\/www.ced.org.tr\/index.php?rest_route=\/wp\/v2\/posts\/2749\/revisions\/4050"}],"wp:attachment":[{"href":"http:\/\/www.ced.org.tr\/index.php?rest_route=%2Fwp%2Fv2%2Fmedia&parent=2749"}],"wp:term":[{"taxonomy":"category","embeddable":true,"href":"http:\/\/www.ced.org.tr\/index.php?rest_route=%2Fwp%2Fv2%2Fcategories&post=2749"},{"taxonomy":"post_tag","embeddable":true,"href":"http:\/\/www.ced.org.tr\/index.php?rest_route=%2Fwp%2Fv2%2Ftags&post=2749"}],"curies":[{"name":"wp","href":"https:\/\/api.w.org\/{rel}","templated":true}]}}