{"id":2754,"date":"2007-07-19T15:40:52","date_gmt":"2007-07-19T12:40:52","guid":{"rendered":"http:\/\/www.ced.org.tr\/?p=2754"},"modified":"2014-05-21T01:34:33","modified_gmt":"2014-05-20T22:34:33","slug":"devletle-pazarlik-yurek-ister","status":"publish","type":"post","link":"http:\/\/www.ced.org.tr\/?p=2754","title":{"rendered":"DEVLETLE PAZARLIK Y\u00dcREK \u0130STER !"},"content":{"rendered":"<h3>Eczac\u0131l\u0131k alan\u0131nda SUT tu TUT tu derken i\u015fler iyice kar\u0131\u015ft\u0131\u2026 Eczac\u0131lar yeni tebli\u011fleri tart\u0131\u015fa dururken, SGK ile yap\u0131lacak olan protokol anla\u015fmas\u0131n\u0131n son noktaya geldi\u011fi bilgisi ve hemen arkas\u0131ndan TEB Merkez Heyeti Ba\u015fkan\u0131n\u0131n y\u00f6netim kurulundan istifa etti\u011fi haberi g\u00fcndeme oturdu.<\/h3>\n<h3>\u00d6zellikle son 4 y\u0131ld\u0131r siyasi iktidar\u0131n Sa\u011fl\u0131k ve \u0130la\u00e7 politikalar\u0131n\u0131 kay\u0131ts\u0131z-\u015farts\u0131z kabul eden ve politikalar\u0131n uygulanmas\u0131nda kolayla\u015ft\u0131r\u0131c\u0131 rol\u00fc \u00fcstlenen TEB Merkez Heyeti\u2026 Ve eczac\u0131l\u0131k kamuoyunda bu yakla\u015f\u0131m\u0131n ba\u015f akt\u00f6r\u00fcn\u00fcn Sn.Doma\u00e7 oldu\u011fu kanaati olduk\u00e7a yayg\u0131n oldu\u011fu i\u00e7in Ba\u015fkan\u0131n istifas\u0131 camiada sevin\u00e7le kar\u015f\u0131land\u0131 ve yeni bir umut do\u011fdu\u2026 \u00d6yle ya\u2026 T\u00fcm olumsuzluklar\u0131n mimar\u0131 olarak g\u00f6r\u00fclen ki\u015fi gitti\u011fine g\u00f6re Merkez Heyetinin di\u011fer \u00fcyeleri \u015f\u00f6yle bir silkinip kendilerine gelebilirlerdi !.. \u00d6nlerinde bir engel de kalmam\u0131\u015ft\u0131.<\/h3>\n<h3>Eczac\u0131lar ; Merkez Heyetinin , var olan \u00fcyeleri ve bu \u00fcyelerin yeniden yap\u0131land\u0131r\u0131lmas\u0131 ile taban\u0131n tepkilerine daha duyarl\u0131 bir politikan\u0131n TEB de olu\u015fturulabilece\u011fi umudunu ta\u015f\u0131maya ba\u015flad\u0131lar !!! Ta ki \u2026Bakanl\u0131k (SGK) ve TEB aras\u0131nda yap\u0131lacak olan protokol\u00fcn nihai g\u00f6r\u00fc\u015fmeleri ve pazarl\u0131klar\u0131na kadar\u2026 Tabandaki bu beklenti bir iyi niyet mi ? yoksa safl\u0131k m\u0131? Bilemiyorum ama eczac\u0131lar ger\u00e7ekten \u015f\u00f6yle d\u00fc\u015f\u00fcnd\u00fcler. TEB g\u00f6r\u00fc\u015fmelerde kararl\u0131 bir tav\u0131r sergilerse , \u00fclkede yap\u0131lacak genel se\u00e7imlerin iktidar \u00fczerindeki bask\u0131s\u0131 da g\u00f6z \u00f6n\u00fcne al\u0131nd\u0131\u011f\u0131nda , siyasi konjokt\u00fcr\u00fcn avantaj\u0131n\u0131 kullanarak eczac\u0131n\u0131n hakl\u0131 taleplerini savunmada kendilerini daha rahat ve g\u00fc\u00e7l\u00fc hissedeceklerdi. Bu konuda 47 Eczac\u0131 Odas\u0131 da Merkez Heyetine tam destek vermi\u015f ve SGK n\u0131n TEB e dayatt\u0131\u011f\u0131 protokol tasla\u011f\u0131 yerine iki g\u00fcn geceli-g\u00fcnd\u00fczl\u00fc \u00e7al\u0131\u015f\u0131larak eczac\u0131lar\u0131 tatmin edecek kar\u015f\u0131 bir protokol tasla\u011f\u0131 da haz\u0131r hale getirilmi\u015fti\u2026<\/h3>\n<h3>\u00d6nlerinde engel kalmam\u0131\u015f , kendilerini eczac\u0131 taban\u0131na yeniden kan\u0131tlama \u015fans\u0131 do\u011fmu\u015f , 47 Eczac\u0131 Odas\u0131n\u0131n tam deste\u011fi ve siyasi konjokt\u00fcr\u00fcn avantaj\u0131n\u0131 da arkalar\u0131na alm\u0131\u015f bir Merkez Heyeti\u2026<\/h3>\n<h3>\u0130\u015fte bu \u015fartlarda Merkez Heyetimizi g\u00f6r\u00fc\u015fmelere aslanlar gibi u\u011furlad\u0131k\u2026(giderken arkalar\u0131ndan su d\u00f6k\u00fcld\u00fc m\u00fc ? Bilemiyorum !!!)<\/h3>\n<h3>Sonra ?.. Sonras\u0131n\u0131 siz benden daha iyi biliyorsunuz. O nedenle Merkez Heyetinin g\u00f6r\u00fc\u015fmeler ve sonras\u0131nda ne yapt\u0131\u011f\u0131n\u0131 de\u011fil , ne yapmas\u0131 gerekti\u011fini vurgulamak istiyorum.<\/h3>\n<h3>De\u011ferli meslekta\u015flar\u0131m ;<\/h3>\n<h3>Bir ki\u015fi veya kurumla pazarl\u0131k yapacaksan\u0131z , \u00f6nce g\u00fcc\u00fcn\u00fcz\u00fc bileceksiniz sonra davan\u0131za inanacak ve cesaretli olacaks\u0131n\u0131z. Hem de bu pazarl\u0131k devletleyse \u2026. Devletle pazarl\u0131k y\u00fcrek ister.<\/h3>\n<h3>Arkana 47 eczac\u0131 odas\u0131 ve 23bin eczac\u0131n\u0131n tam deste\u011fi ve g\u00fcc\u00fcn\u00fc alarak g\u00f6r\u00fc\u015fmeye gidiyorsun. Davan da hakl\u0131s\u0131n , \u00e7\u00fcnk\u00fc eczac\u0131n\u0131n talebi asla bir \u015f\u0131mar\u0131kl\u0131k de\u011fil, \u00e7ekti\u011fi s\u0131k\u0131nt\u0131lar\u0131n bir \u00f6l\u00e7\u00fcde azalmas\u0131n\u0131 umuyor. G\u00f6r\u00fc\u015ft\u00fc\u011f\u00fcn kurum , size dayat\u0131lan protokol de \u0131srarl\u0131 ise ; taban\u0131n beklentileri do\u011frultusunda b\u00f6yle bir protokol\u00fc imzalama yetkisinin bulunmad\u0131\u011f\u0131n\u0131 s\u00f6yleyerek , \u00fcst\u00fc \u00f6rt\u00fcl\u00fc t\u00fcm tehditlere ra\u011fmen masadan kalkars\u0131n\u0131z ve giderken de uzla\u015f\u0131 sa\u011flanamad\u0131\u011f\u0131 takdirde eczac\u0131lar\u0131n hak arama eylemlerine ba\u015flayaca\u011f\u0131n\u0131 belirtirsiniz. Bu g\u00f6r\u00fc\u015fmelerin tekrar\u0131 olmayacak ya imzalars\u0131n\u0131z yada e-s\u00f6zle\u015fme uygulamas\u0131na ge\u00e7eriz diyerek aba alt\u0131ndan sopa g\u00f6steren o buyurgan yap\u0131 , ben inan\u0131yorum ki ertesi g\u00fcn g\u00f6r\u00fc\u015fmelere devam edelim \u00e7a\u011fr\u0131s\u0131 yapacakt\u0131. Ancak Merkez Heyetimiz bu y\u00fcreklili\u011fi , bu kararl\u0131l\u0131\u011f\u0131 ve basireti g\u00f6steremedi. Bu talihsiz \u00f6rnekte g\u00f6steriyor ki , ki\u015filer de\u011fi\u015fse de anlay\u0131\u015flar\u0131 de\u011fi\u015ftiremedikten sonra istenilen sonucu almak olanakl\u0131 de\u011fil. O nedenle \u00f6n\u00fcm\u00fczdeki d\u00f6nem olu\u015fturulacak Merkez Heyeti yap\u0131s\u0131n\u0131n , mesle\u011fe sahip \u00e7\u0131kan,eczac\u0131n\u0131n \u00f6nceliklerini \u00f6nceleyen, sivil toplum refleksine sahip, sosyal devleti savunan, konformizm den uzak, \u00fcretken ve deneyimli \u00fcyelerden olu\u015fan bir yap\u0131 haline getirmek gerek. Bunun yolu da s\u00f6z\u00fcn\u00fc etti\u011fim de\u011ferlere sahip delege yap\u0131s\u0131n\u0131n genel kurullarda a\u011f\u0131rl\u0131kl\u0131 yer almas\u0131ndan ge\u00e7mektedir.<\/h3>\n<h3>Eczac\u0131lar olarak bug\u00fcn yap\u0131lanlardan \u015fikayet\u00e7i isek , sorumluluk hepimizde ; Eczac\u0131 Odalar\u0131 se\u00e7imlerine m\u00fcdahale edece\u011fiz , Y\u00f6netim Kurulu ve Delegasyon \u00fcyelerini se\u00e7erken \u00f6zen g\u00f6sterece\u011fiz ve se\u00e7ilenlerin d\u00f6nem i\u00e7indeki tav\u0131r ve davran\u0131\u015flar\u0131n\u0131n takip\u00e7isi ve sorgulay\u0131c\u0131s\u0131 olmak durumunday\u0131z.<\/h3>\n<h3>B\u00f6ylesi bir yap\u0131y\u0131 olu\u015fturursak \u00e7ok \u015feyi de\u011fi\u015ftiremesek bile , en az\u0131ndan insanl\u0131k onuruna yara\u015fan bir duru\u015fun sahibi olan bir eczac\u0131 ve meslek \u00f6rg\u00fct\u00fc oluruz.<\/h3>\n<h3>Sizlerle payla\u015faca\u011f\u0131m ikinci konu Eczac\u0131 Kooperatifleri\u2026Son d\u00f6nemde yatan hasta re\u00e7etelerinin ve g\u00fcn\u00fc birlik tedavi ad\u0131 alt\u0131nda ne oldu\u011funu kavramakta zorland\u0131\u011f\u0131m\u0131z tan\u0131mlamalarla hastane eczanelerinden re\u00e7ete kar\u015f\u0131lanmas\u0131 zorunlulu\u011fu ortaya \u00e7\u0131k\u0131nca , ila\u00e7 pazar\u0131n\u0131n yakla\u015f\u0131k %30 kadar\u0131n\u0131n eczaneler d\u0131\u015f\u0131nda verilmesi s\u00f6z konusu olacak. Bu uygulamay\u0131 geri \u00e7eviremezsek ilk etapta devlet ve \u00fcniversite hastanelerinin yak\u0131n\u0131nda olan eczanelerimiz ba\u015fta olmak \u00fczere pek \u00e7ok meslekta\u015f\u0131m b\u00fcy\u00fck \u00f6l\u00e7\u00fcde pazar kaybetme tehlikesi ile kar\u015f\u0131 kar\u015f\u0131ya kalacaklar.<\/h3>\n<h3>\u00d6ng\u00f6r\u00fclen uygulama eczac\u0131y\u0131 \u00f6nemli \u00f6l\u00e7\u00fcde etkileyece\u011fi i\u00e7in pek \u00e7ok meslekta\u015f\u0131m s\u00f6z konusu ila\u00e7lar\u0131n hastanelere hangi kesimler taraf\u0131ndan verilebilece\u011fini sorgulamaya ba\u015flad\u0131lar. Bu sorgulamalar art\u0131p, eczac\u0131da gelece\u011finden ku\u015fku duymaya ba\u015flay\u0131nca Eczac\u0131 Kooperatiflerine y\u00f6nelim h\u0131zla artmaya ba\u015flad\u0131. Talep o kadar yo\u011funla\u015ft\u0131 ki , kooperatifler ortaklar\u0131na sundu\u011fu hizmet kalitesini d\u00fc\u015f\u00fcrmemek i\u00e7in olduk\u00e7a se\u00e7ici davranmaya ve her ay yap\u0131n\u0131n dengesini bozmayacak say\u0131da ortak kayd\u0131na devam ediyorlar\u2026 B\u00fct\u00fcn bunlar olurken ne hikmetse kooperatiflere sald\u0131r\u0131larda yo\u011funla\u015f\u0131yor. Zaman zaman \u00f6yle boyutlara ula\u015f\u0131yor ki , \u00fczerine vazife olmayan kesimler kooperatiflerin i\u00e7 i\u015fleyi\u015fleri ve yap\u0131lar\u0131 hakk\u0131nda fetvalar veriyorlar.<\/h3>\n<h3>Unutulmamal\u0131d\u0131r ki , kooperatiflerin sorgulanacak yerleri Genel Kurullar\u0131 ve belli periyotlarda yap\u0131lan Temsilciler Meclisi toplant\u0131lar\u0131, sorgulama hakk\u0131 olanlarsa yaln\u0131z ve yaln\u0131z ortaklar\u0131d\u0131r. Eczac\u0131 Kooperatiflerimiz elbette orta\u011f\u0131 olsun veya olmas\u0131n eczac\u0131lar\u0131m\u0131z\u0131n her t\u00fcrl\u00fc ele\u015ftirilerine a\u00e7\u0131k olmas\u0131 gereken kurumlar olmal\u0131 ve yap\u0131c\u0131 ele\u015ftirilerden gereken dersleri \u00e7\u0131karmal\u0131d\u0131r. Ancak s\u00f6z konusu demokratik anlay\u0131\u015f\u0131n yerle\u015fti\u011fi kurumlar diyerek her \u00f6n\u00fcne gelenin sata\u015fabilece\u011fi yap\u0131lar asla de\u011fildir. Kooperatiflerin ilgili kurullar\u0131n\u0131 b\u0131rak\u0131n , \u00f6nce ortaklar\u0131 b\u00f6yle bir giri\u015fime izin vermez ve vermemelidir.<\/h3>\n<h3>Eczac\u0131 Kooperatifleri do\u011fas\u0131 gere\u011fi eczac\u0131n \u00e7\u0131kar\u0131n\u0131 , kurum \u00e7\u0131kar\u0131n\u0131n \u00f6n\u00fcnde tutan bir anlay\u0131\u015f\u0131 benimser ve eczac\u0131n\u0131n k\u00fc\u00e7\u00fck ama anlaml\u0131 katk\u0131s\u0131 ile \u00f6nemli bir katma de\u011fer ve istihdam yaratan bir kurum haline gelmi\u015ftir. Her \u015feyden \u00f6nemlisi eczac\u0131 i\u00e7in, piyasay\u0131 eczac\u0131 lehine dengeleyen ve piyasa \u015fartlar\u0131n\u0131 belirleyen bir kurumdur. Her ne kadar d\u00f6nemsel \u00e7\u0131karlar\u0131 ad\u0131na baz\u0131 kesimlerin tetik\u00e7ili\u011fine soyunan ve eczac\u0131 kooperatiflerini karalamaya \u00e7al\u0131\u015fan meslekta\u015flar\u0131m\u0131z arada bir \u00e7\u0131ksa da , eczac\u0131lar\u0131m\u0131z\u0131n genel \u00e7o\u011funlu\u011funun eczac\u0131 kooperatiflerinin i\u015flevi ve \u00f6nemini kavrad\u0131\u011f\u0131n\u0131 biliyorum.<\/h3>\n<h3>Eczac\u0131 Kooperatiflerinde yapmam\u0131z gereken , ele\u015ftiri-\u00f6zele\u015ftiri mekanizmas\u0131n\u0131 geli\u015ftirmek , uyar\u0131lar\u0131 olmas\u0131 gereken zeminlerde yapmak, g\u00fcven ortam\u0131n\u0131 art\u0131rmak ve gereken deste\u011fi sonuna kadar vermek. \u0130nan\u0131n bunu ger\u00e7ekle\u015ftirdi\u011fimizde kooperatiflerin gelece\u011fini \u00e7ok daha sa\u011flam zeminlere ta\u015f\u0131m\u0131\u015f olaca\u011f\u0131z.<\/h3>\n<h3>G\u00fc\u00e7l\u00fc bir eczac\u0131 kooperatifi hareketi ise \u00f6n\u00fcm\u00fczdeki d\u00f6nemde eczane eczac\u0131l\u0131\u011f\u0131na yap\u0131lan sald\u0131r\u0131lar\u0131n \u00f6n\u00fcnde ciddi bir kalkand\u0131r. Bunu yaratmakta t\u00fcm ortaklar\u0131m\u0131z\u0131n elindedir.<\/h3>\n<h3>Eczac\u0131n\u0131n gelece\u011finin garantisi , eczac\u0131 kooperatiflerinin varl\u0131\u011f\u0131 ile e\u015fanlaml\u0131d\u0131r. Tercih sizin\u2026<\/h3>\n<h3>Sayg\u0131lar\u0131mla.<\/h3>\n","protected":false},"excerpt":{"rendered":"<p>Eczac\u0131l\u0131k alan\u0131nda SUT tu TUT tu derken i\u015fler iyice kar\u0131\u015ft\u0131\u2026 Eczac\u0131lar yeni tebli\u011fleri tart\u0131\u015fa dururken, SGK ile yap\u0131lacak olan protokol&#46;&#46;&#46;<\/p>\n","protected":false},"author":14,"featured_media":0,"comment_status":"closed","ping_status":"closed","sticky":false,"template":"","format":"standard","meta":{"_jetpack_memberships_contains_paid_content":false,"footnotes":""},"categories":[46],"tags":[],"class_list":["post-2754","post","type-post","status-publish","format-standard","hentry","category-ecz-mustafa-turunc"],"aioseo_notices":[],"jetpack_featured_media_url":"","jetpack_sharing_enabled":true,"jetpack-related-posts":[],"_links":{"self":[{"href":"http:\/\/www.ced.org.tr\/index.php?rest_route=\/wp\/v2\/posts\/2754","targetHints":{"allow":["GET"]}}],"collection":[{"href":"http:\/\/www.ced.org.tr\/index.php?rest_route=\/wp\/v2\/posts"}],"about":[{"href":"http:\/\/www.ced.org.tr\/index.php?rest_route=\/wp\/v2\/types\/post"}],"author":[{"embeddable":true,"href":"http:\/\/www.ced.org.tr\/index.php?rest_route=\/wp\/v2\/users\/14"}],"replies":[{"embeddable":true,"href":"http:\/\/www.ced.org.tr\/index.php?rest_route=%2Fwp%2Fv2%2Fcomments&post=2754"}],"version-history":[{"count":1,"href":"http:\/\/www.ced.org.tr\/index.php?rest_route=\/wp\/v2\/posts\/2754\/revisions"}],"predecessor-version":[{"id":4013,"href":"http:\/\/www.ced.org.tr\/index.php?rest_route=\/wp\/v2\/posts\/2754\/revisions\/4013"}],"wp:attachment":[{"href":"http:\/\/www.ced.org.tr\/index.php?rest_route=%2Fwp%2Fv2%2Fmedia&parent=2754"}],"wp:term":[{"taxonomy":"category","embeddable":true,"href":"http:\/\/www.ced.org.tr\/index.php?rest_route=%2Fwp%2Fv2%2Fcategories&post=2754"},{"taxonomy":"post_tag","embeddable":true,"href":"http:\/\/www.ced.org.tr\/index.php?rest_route=%2Fwp%2Fv2%2Ftags&post=2754"}],"curies":[{"name":"wp","href":"https:\/\/api.w.org\/{rel}","templated":true}]}}