{"id":2758,"date":"2008-07-23T14:48:38","date_gmt":"2008-07-23T11:48:38","guid":{"rendered":"http:\/\/www.ced.org.tr\/?p=2758"},"modified":"2014-05-21T01:34:06","modified_gmt":"2014-05-20T22:34:06","slug":"eczaci-sermayesi-orgutlu-guc","status":"publish","type":"post","link":"http:\/\/www.ced.org.tr\/?p=2758","title":{"rendered":"ECZACI SERMAYES\u0130 = \u00d6RG\u00dcTL\u00dc G\u00dc\u00c7"},"content":{"rendered":"<p class=\"MsoNormal\" style=\"margin: 0cm 0cm 0pt; text-indent: 27pt\"><span style=\"font-family: Times New Roman; color: #000000; font-size: small;\">May\u0131s ve Haziran aylar\u0131 biz eczac\u0131lar i\u00e7in olduk\u00e7a gergin ve hareketli ge\u00e7en bir d\u00f6nem oldu\u2026 \u2018\u2019Per\u015fembenin geli\u015fi, \u00e7ar\u015fambadan belli olur \u2018\u2019 diye bir s\u00f6z vard\u0131r. \u00c7o\u011fumuz bilir. Sa\u011fl\u0131k alan\u0131nda yap\u0131lmak istenen d\u00f6n\u00fc\u015f\u00fcm, 1980 lerden itibaren sab\u0131rla ortaya konmaya ba\u015fland\u0131. Her gelen siyasi iktidarda , siyasal duru\u015flar\u0131na bak\u0131lmaks\u0131z\u0131n ad\u0131m ad\u0131m, Sa\u011fl\u0131kta D\u00f6n\u00fc\u015f\u00fcm\u00fcn plan ve programlar\u0131n\u0131 hayata ge\u00e7irmek i\u00e7in \u00fcst\u00fcne d\u00fc\u015fen g\u00f6revi yerine getirdi. Sa\u011fl\u0131kta \u00f6zelle\u015ftirmenin, piyasala\u015ft\u0131rman\u0131n son aya\u011f\u0131 \u0130la\u00e7 ve Eczac\u0131l\u0131k alan\u0131ndaki d\u00fczenlemeler\u2026 Bir yandan bu d\u00fczenlemeler yap\u0131l\u0131rken \u00f6te yandan eczac\u0131, alan\u0131nda neler olaca\u011f\u0131n\u0131, mesle\u011finin ve gelece\u011finin nerelere do\u011fru kayd\u0131\u011f\u0131n\u0131 nihayet kavramaya ba\u015flad\u0131.<\/span><\/p>\n<p><span style=\"font-family: Times New Roman; color: #000000; font-size: small;\">\u00a0<\/span><\/p>\n<p class=\"MsoNormal\" style=\"margin: 0cm 0cm 0pt; text-indent: 27pt\"><span style=\"font-family: Times New Roman; color: #000000; font-size: small;\">6197 say\u0131l\u0131 yasam\u0131z\u0131n parlamentodan ne \u015fekilde \u00e7\u0131kaca\u011f\u0131 ku\u015fkusu, \u00e7\u0131kacak yasaya g\u00f6re zincir eczaneler tehdidi, ila\u00e7 sanayinin devlete yapt\u0131\u011f\u0131 indirimin eczac\u0131 \u00fczerinden yap\u0131lmas\u0131 ve bu i\u015flem s\u0131ras\u0131nda eczac\u0131dan haks\u0131z yere kesilen ortalama 2,8 oran\u0131nda kesinti, kamu kurum indirimlerinde y\u00fcksek oran, ila\u00e7 verme ko\u015fullar\u0131nda var olan kimi belirsizlik ve tuzaklar ve buna ba\u011fl\u0131 haks\u0131z kesintiler, yatan hasta ve g\u00fcn\u00fc birlik tedavi uygulamalar\u0131 ile beraber olu\u015facak pazar kayb\u0131, pazar\u0131n yeniden \u015fekillenmesiyle beraber eczaneler aras\u0131nda adaletli bir re\u00e7ete da\u011f\u0131l\u0131m\u0131n sa\u011flanamam\u0131\u015f olmas\u0131ndan<span>\u00a0 <\/span>kaynakl\u0131, k\u00fc\u00e7\u00fck ve orta \u00f6l\u00e7ekteki eczanelerin i\u00e7ine d\u00fc\u015ft\u00fc\u011f\u00fc ekonomik darbo\u011faz ve bunun gibi daha pek \u00e7ok sorunla u\u011fra\u015fmak zorunda olan eczac\u0131, 14 may\u0131s haftas\u0131na i\u015fte bu ruh hali ile girdi. Art\u0131k eczac\u0131, \u00e7ekti\u011fi s\u0131k\u0131nt\u0131lar\u0131n, ya\u015fad\u0131\u011f\u0131 zorluklar\u0131n ve ila\u00e7 hizmetini veremeyecek noktalara geldi\u011finin siyasal iktidar ve kamuoyu taraf\u0131ndan bilinmesini istiyordu\u2026 <\/span><\/p>\n<p class=\"MsoNormal\" style=\"margin: 0cm 0cm 0pt; text-indent: 27pt\">\u00a0<\/p>\n<p class=\"MsoNormal\" style=\"margin: 0cm 0cm 0pt; text-indent: 27pt\">\u00a0<\/p>\n<p><span style=\"font-family: Times New Roman; color: #000000; font-size: small;\">\u00a0\u00a0\u00a0\u00a0\u00a0\u00a0\u00a0\u00a0 <\/span><span style=\"font-size: small;\"><span style=\"color: #000000;\"><span style=\"font-family: Times New Roman;\">Bu ama\u00e7la \u0130stanbul Eczac\u0131 Odam\u0131z 14 may\u0131s haftas\u0131n\u0131 <strong>Eylem Haftas\u0131<\/strong> ilan ederek, 13.05.2008 tarihinde b\u00f6lgemizdeki sekiz \u00f6nemli hastane \u00f6n\u00fcnde ila\u00e7 ve eczac\u0131l\u0131k alan\u0131nda ya\u015fanan sorunlarla ilgili , hasta ve hasta yak\u0131nlar\u0131na bildiriler da\u011f\u0131tt\u0131k. 12-14 may\u0131s 2008 tarihlerinde Odam\u0131zca tasarlanan ve B\u00f6lge Temsilcilerimizin ola\u011fan\u00fcst\u00fc \u00e7abalar\u0131 ile t\u00fcm meslekta\u015flar\u0131m\u0131za ula\u015ft\u0131r\u0131lan karartma bezi ve afi\u015flerimizle eczanelerimizi karartt\u0131k ve <strong>\u2018\u2019 gelece\u011fimizin kararmamas\u0131 i\u00e7in vitrinlerimizi karart\u0131yoruz\u2019\u2019 <\/strong>slogan\u0131 ile sorunlar\u0131m\u0131z\u0131 ve taleplerimizi dile getirdik.<\/span><\/span><\/span><span style=\"font-family: Times New Roman; color: #000000; font-size: small;\">\u00a0<\/span><\/p>\n<p class=\"MsoNormal\" style=\"margin: 0cm 0cm 0pt; text-indent: 27pt\">\u00a0<\/p>\n<p class=\"MsoNormal\" style=\"margin: 0cm 0cm 0pt; text-indent: 27pt\">\u00a0<\/p>\n<p class=\"MsoNormal\" style=\"margin: 0cm 0cm 0pt; text-indent: 27pt\"><span style=\"font-family: Times New Roman; color: #000000; font-size: small;\">S\u00f6z konusu eylemlilik yaz\u0131l\u0131-g\u00f6rsel medyada g\u00fcndem oldu. Eczac\u0131n\u0131n gelece\u011finin kararmas\u0131 , halk\u0131n ila\u00e7 hizmetinden <span>\u00a0<\/span>yararlanamamas\u0131n\u0131 da beraberinde getirece\u011fini o kadar iyi vurgulad\u0131k ki\u2026 Belki de ilk kez medya kurulu\u015flar\u0131 eylemlili\u011fimizi \u00e7arp\u0131tmadan veya \u00e7arp\u0131tamadan duyurmak zorunda kald\u0131lar. Bu \u00f6rnekte bizlere bundan sonra yapaca\u011f\u0131m\u0131z eylemlerde, eylemin halka y\u00f6nelik y\u00fcz\u00fcn\u00fc ortaya koyman\u0131n \u00f6nemini bir kez daha ortaya \u00e7\u0131karm\u0131\u015f oldu\u2026 14 may\u0131s g\u00fcn\u00fc yakla\u015f\u0131k iki bin meslekta\u015f\u0131m\u0131z T\u00fcnel de toplanarak, Taksime kadar ellerimizde d\u00f6viz, pankartlarla y\u00fcr\u00fcd\u00fck. Y\u00fcr\u00fcy\u00fc\u015f s\u0131ras\u0131nda kar\u015f\u0131la\u015ft\u0131\u011f\u0131m\u0131z vatanda\u015flardan da olumlu tepkiler ald\u0131k. Bizlere alk\u0131\u015flarla destek vererek moral verdiler, yaln\u0131z olmad\u0131\u011f\u0131m\u0131z\u0131 hissettirdiler. Taksim de Oda Ba\u015fkan\u0131m\u0131z Ecz.Semih G\u00fcng\u00f6r Eczac\u0131l\u0131k G\u00fcn\u00fc nedeniyle \u0130stanbul Eczac\u0131 Odas\u0131n\u0131n Bas\u0131n Bildirisini okudu ve hemen ard\u0131ndan The Marmara Otelinde yap\u0131lan panel, \u00f6d\u00fcl t\u00f6reni ve di\u011fer etkinliklerle may\u0131s ay\u0131 etkinlik ve eylemlili\u011fimiz son buldu.<\/span><\/p>\n<p><span style=\"font-family: Times New Roman; color: #000000; font-size: small;\">\u00a0<\/span><\/p>\n<p class=\"MsoNormal\" style=\"margin: 0cm 0cm 0pt; text-indent: 27pt\"><span style=\"font-family: Times New Roman; color: #000000; font-size: small;\">Haziran 2008 e girildi\u011finde Sosyal G\u00fcvenlik Kurumu (SGK) ile yap\u0131lacak \u0130la\u00e7 Al\u0131m Protokol\u00fc g\u00f6r\u00fc\u015fmeleri g\u00fcndeme damgas\u0131n\u0131 vurdu. T\u00fcrk Eczac\u0131lar\u0131 Birli\u011fi(TEB) taraf\u0131ndan aral\u0131k 2007 tarihinde Odam\u0131z\u0131n da i\u00e7inde bulundu\u011fu 11 Eczac\u0131 Odas\u0131 yetkililerinden olu\u015fturulan SUT-BUT Komisyonu, mart 2008 tarihinde TEB in benimsedi\u011fi protokol tasla\u011f\u0131n\u0131 olu\u015fturmu\u015f ve Oda Ba\u015fkanlar\u0131 Toplant\u0131s\u0131nda Odalar\u0131n g\u00f6r\u00fc\u015f ve de\u011ferlendirmelerine sunarak taslak, son \u015feklini alm\u0131\u015ft\u0131. Bu arada, Devlet \u00f6demelerinin ne \u015fekilde yap\u0131laca\u011f\u0131na dair 5510 say\u0131l\u0131 yasan\u0131n 97\/7 maddesinde eczac\u0131lara \u00f6denecek ila\u00e7 bedellerinin hangi esaslara g\u00f6re \u00f6denece\u011fi belirtiliyor ve bu maddeye g\u00f6re Devletin Ekim 2008 tarihinden itibaren eczac\u0131lara %100 avans \u00f6demesi engelleniyordu. S\u00f6z konusu madde de\u011fi\u015ftirilmezse eczac\u0131lar<span>\u00a0 <\/span>ecza depolar\u0131na olan \u00f6demelerini bile yapamaz noktaya gelecekti.<\/span><\/p>\n<p><span style=\"font-family: Times New Roman; color: #000000; font-size: small;\">\u00a0<\/span><\/p>\n<p class=\"MsoNormal\" style=\"margin: 0cm 0cm 0pt; text-indent: 27pt\"><span style=\"font-family: Times New Roman; color: #000000; font-size: small;\">17.06.2008 tarihinde yap\u0131lan Ba\u015fkanlar Dan\u0131\u015fma Kurulu Toplant\u0131s\u0131n\u0131n ana g\u00fcndemi SGK ile yap\u0131lacak \u0130la\u00e7 Al\u0131m Protokol\u00fc g\u00f6r\u00fc\u015fmeleriydi. T\u00fcm Oda Ba\u015fkanlar\u0131 yap\u0131lacak g\u00f6r\u00fc\u015fmelerde TEB in haz\u0131rlad\u0131\u011f\u0131 protokol tasla\u011f\u0131n\u0131n a\u011f\u0131rl\u0131kl\u0131 olarak \u00e7\u0131kart\u0131lmas\u0131 g\u00f6r\u00fc\u015f\u00fcn\u00fc dile getirdiler ve bu konuda TEB in yan\u0131nda olduklar\u0131n\u0131 ifade ettiler. Toplant\u0131 sonunda 1.Temmuz 2008 tarihinde SGK ile yap\u0131lan \u0130la\u00e7 Al\u0131m Protokol\u00fcn\u00fcn s\u00fcresinin bitti\u011fi, bu g\u00fcne kadar da 2008 protokol\u00fc ile ilgili g\u00f6r\u00fc\u015fme bile yap\u0131lamad\u0131\u011f\u0131 vurgulanarak, 2008 protokol\u00fc (eczac\u0131lar\u0131n hakl\u0131 talepleri g\u00f6z \u00f6n\u00fcne al\u0131narak) taraflarca imzalanmazsa do\u011facak kaosun sorumlusunun TEB olmayaca\u011f\u0131 g\u00f6r\u00fc\u015f\u00fc, ilgili bakanl\u0131\u011fa bildirildi.(Bu tarihten itibaren Oda Ba\u015fkan\u0131m\u0131z Ecz. Semih G\u00fcng\u00f6r Ankara da kalarak g\u00f6r\u00fc\u015fmeler sonu\u00e7lanana kadar t\u00fcm g\u00f6r\u00fc\u015fme trafi\u011finin i\u00e7inde bulundu.)<\/span><\/p>\n<p><span style=\"font-family: Times New Roman; color: #000000; font-size: small;\">\u00a0<\/span><\/p>\n<p class=\"MsoNormal\" style=\"margin: 0cm 0cm 0pt; text-indent: 27pt\"><span style=\"font-family: Times New Roman; color: #000000; font-size: small;\">23.06.2008 tarihinde SGK ile protokol g\u00f6r\u00fc\u015fmeleri ba\u015flad\u0131. \u00dc\u00e7 g\u00fcn s\u00fcren g\u00f6r\u00fc\u015fmelerin sonunda eczac\u0131lar i\u00e7in olmazsa, olmaz maddelerde uzla\u015fma sa\u011flanamay\u0131nca, 26.06.2008 tarihinde TEB taraf\u0131ndan yay\u0131nlanan duyuru ile , SGK ile yap\u0131lan g\u00f6r\u00fc\u015fmelerde ilerleme sa\u011flanamad\u0131\u011f\u0131 ve g\u00f6r\u00fc\u015fmelerin t\u0131kanma noktas\u0131na geldi\u011fi bildirildi. Bunun \u00fczerine 28.06.2008 tarihinde 3. Ba\u015fkanlar Dan\u0131\u015fma Kurulu Toplant\u0131s\u0131 yap\u0131ld\u0131 ve gelinen son durum Oda Ba\u015fkanlar\u0131na aktar\u0131ld\u0131. Odalardan tam destek al\u0131nd\u0131.<\/span><\/p>\n<p><span style=\"font-family: Times New Roman; color: #000000; font-size: small;\">\u00a0<\/span><\/p>\n<p class=\"MsoNormal\" style=\"margin: 0cm 0cm 0pt; text-indent: 27pt\"><span style=\"font-family: Times New Roman; color: #000000; font-size: small;\">29.06.2008 tarihinde TEB ve T\u00fcm B\u00f6lge Eczac\u0131 Odalar\u0131 ayn\u0131 saatte , SGK ile yap\u0131lan protokol g\u00f6r\u00fc\u015fmelerinde gelinen noktaya ili\u015fkin ortak bir bas\u0131n a\u00e7\u0131klamas\u0131 yapt\u0131lar. S\u00f6z konusu a\u00e7\u0131klamada 1.Temmuz 2008 itibariyle 2007 protokol\u00fcn\u00fcn s\u00fcresinin bitece\u011fi ve eczac\u0131lar\u0131n kabul edebilece\u011fi bir yeni protokol yap\u0131lmazsa , bu tarihten sonra ilgili vatanda\u015flar\u0131n sosyal g\u00fcvence ile ila\u00e7 alma olas\u0131l\u0131\u011f\u0131n\u0131n kalmayaca\u011f\u0131 ve bunun sorumlusunun eczac\u0131 olmayaca\u011f\u0131 kamuoyuna iletildi. Bu bas\u0131n a\u00e7\u0131klamas\u0131 kamuoyunun g\u00fcndemine oturdu. Medyada birinci haber olarak yer ald\u0131. Bu arada \u0130stanbul da eczac\u0131lar\u0131n kepenk kapatma talepleri yo\u011funla\u015ft\u0131. Bunun \u00fczerine \u0130stanbul Eczac\u0131 Odas\u0131, \u00fcyelerinin talepleri do\u011frultusunda haz\u0131rl\u0131klar\u0131 son a\u015famaya getirdi. Ve 30 Haziran ak\u015fam\u0131 The Marmara Otelinde \u00fcyelerine y\u00f6nelik geni\u015f kat\u0131l\u0131ml\u0131 bir de\u011ferlendirme toplant\u0131s\u0131 \u00e7a\u011fr\u0131s\u0131 yapt\u0131.<\/span><\/p>\n<p><span style=\"font-family: Times New Roman; color: #000000; font-size: small;\">\u00a0<\/span><\/p>\n<p class=\"MsoNormal\" style=\"margin: 0cm 0cm 0pt; text-indent: 27pt\"><span style=\"font-family: Times New Roman; color: #000000; font-size: small;\">30.06.2008 e gelindi\u011finde ortal\u0131k hareketlenmi\u015fti. Bir yanda eczac\u0131lar eylem haz\u0131rl\u0131\u011f\u0131 yaparken \u00f6te yandan siyasi iktidar ve ilgili bakanl\u0131klar eczac\u0131n\u0131n \u00e7\u0131karc\u0131l\u0131k de\u011fil haklar\u0131n\u0131 talep ettikleri ve bu konuda haklar\u0131n\u0131 alana kadar kararl\u0131l\u0131kla m\u00fccadele edeceklerini kavramaya ba\u015flam\u0131\u015flard\u0131. Ak\u015fam saatlerine do\u011fru TEB Merkez Heyeti, \u0130stanbul, Adana ve Konya Eczac\u0131 Odas\u0131 Ba\u015fkanlar\u0131ndan olu\u015fan bir heyet, \u00c7al\u0131\u015fma ve Sosyal G\u00fcvenlik Bakan\u0131, Sa\u011fl\u0131k Bakan\u0131 ve Maliye Bakan\u0131 ile ortak toplant\u0131ya girdiler. G\u00f6r\u00fc\u015fmeler sonucunda , eczac\u0131lar i\u00e7in 2007 protokol\u00fcnde varolan ve hak kay\u0131plar\u0131na neden olan maddelerin b\u00fcy\u00fck \u00e7o\u011funlu\u011funda eczac\u0131 lehine de\u011fi\u015fikli\u011fe gidilerek protokol\u00fcn kar\u015f\u0131l\u0131kl\u0131 olarak imzalanmas\u0131na karar verildi.<\/span><\/p>\n<p><span style=\"font-family: Times New Roman; color: #000000; font-size: small;\">\u00a0<\/span><\/p>\n<p class=\"MsoNormal\" style=\"margin: 0cm 0cm 0pt; text-indent: 27pt\"><span style=\"font-family: Times New Roman; color: #000000; font-size: small;\">Bu bilgi saat 20.30 s\u0131ralar\u0131nda \u0130stanbul a ula\u015ft\u0131 ve Oteli dolduran 2000 e yak\u0131n meslekta\u015f\u0131m\u0131za bildirildi. T\u00fcm \u00fcyeler, \u00f6rg\u00fctl\u00fc g\u00fc\u00e7 olman\u0131n, dayan\u0131\u015fma i\u00e7inde birlikte hareket etmenin,gelebilecek her t\u00fcrl\u00fc bask\u0131 ve dayatman\u0131n kar\u015f\u0131s\u0131ndaki tek engel oldu\u011funun bilici ve 1.temmuz sabah\u0131 hastalar\u0131na ila\u00e7 hizmetini verebilmenin mutlulu\u011fu ve co\u015fkusu ile evlerinin yolunu tuttu.<\/span><\/p>\n<p><span style=\"font-family: Times New Roman; color: #000000; font-size: small;\">\u00a0<\/span><\/p>\n<p class=\"MsoNormal\" style=\"margin: 0cm 0cm 0pt; text-indent: 27pt\"><span style=\"font-family: Times New Roman; color: #000000; font-size: small;\">Eczac\u0131lar\u0131n meslekleri ile ilgili olarak kayg\u0131lar\u0131 devam etse de (etmelidir de !..) \u00f6nceki protokolde var olan haks\u0131zl\u0131klar\u0131n \u00f6nemli bir k\u0131sm\u0131n\u0131n giderilmesi a\u00e7\u0131s\u0131ndan \u00f6nemli bir s\u00fcre\u00e7 ya\u015fanm\u0131\u015ft\u0131r. Bu sonu\u00e7 bir k\u0131s\u0131m meslekta\u015flar\u0131m\u0131z\u0131 tatmin etmeyebilir. Ancak unutulmamal\u0131d\u0131r ki\u2026 Devletle bir pazarl\u0131\u011fa oturuyorsunuz ve devlet uzunca bir d\u00f6nemdir eczac\u0131n\u0131n hakl\u0131 taleplerini dilinin ucu ile dile getiren ve sonu\u00e7ta b\u00fcrokratlar\u0131n \u00f6n g\u00f6rd\u00fc\u011f\u00fc protokol\u00fc imzalayan bir TEB anlay\u0131\u015f\u0131na al\u0131\u015fk\u0131n\u2026 Bu tavr\u0131 y\u0131kmak olduk\u00e7a \u00f6nemlidir\u2026 Ayr\u0131ca, ortada bir pazarl\u0131k varsa taraflardan birinin isteklerinin y\u00fczde y\u00fcz\u00fcn\u00fcn kabul edilmesi m\u00fcmk\u00fcn de\u011fildir. T\u00fcm taleplerini en ince ayr\u0131nt\u0131s\u0131na kadar kabul ettirme g\u00fcc\u00fcn varsa , s\u00f6z konusu g\u00f6r\u00fc\u015fmeler pazarl\u0131k noktas\u0131na varmaz\u2026 Hatta g\u00f6r\u00fc\u015fme bile olmaz , ben \u015f\u00f6yle bir protokol istiyorum dersin \u00e7\u0131kars\u0131n. Burada iki taraf var ve her iki tarafta belli konularda kendini hakl\u0131 g\u00f6r\u00fcyor\u2026 Sorunun \u00e7\u00f6z\u00fcm\u00fc i\u00e7in uzla\u015fma ka\u00e7\u0131n\u0131lmaz.<\/span><\/p>\n<p><span style=\"font-family: Times New Roman; color: #000000; font-size: small;\">\u00a0<\/span><\/p>\n<p class=\"MsoNormal\" style=\"margin: 0cm 0cm 0pt; text-indent: 27pt\"><span style=\"font-family: Times New Roman; color: #000000; font-size: small;\">Gelinen noktaya bu anlay\u0131\u015fla bak\u0131ld\u0131\u011f\u0131nda;<\/span><\/p>\n<p class=\"MsoNormal\" style=\"margin: 0cm 0cm 0pt; text-indent: 27pt\"><span style=\"font-family: Times New Roman; color: #000000; font-size: small;\">1-Yukar\u0131da da de\u011findi\u011fim gibi , eczac\u0131n\u0131n hakl\u0131 talepleri konusunda kararl\u0131l\u0131kla m\u00fccadele etme anlay\u0131\u015f\u0131n\u0131n TEB de yeniden varolmas\u0131 \u00f6nemlidir.<\/span><\/p>\n<p class=\"MsoNormal\" style=\"margin: 0cm 0cm 0pt; text-indent: 27pt\"><span style=\"font-family: Times New Roman; color: #000000; font-size: small;\">2-Eczac\u0131n\u0131n taleplerinin asla \u00e7\u0131karc\u0131l\u0131k olmad\u0131\u011f\u0131, ortada haks\u0131z ve adaletsiz bir durumun oldu\u011fu ger\u00e7e\u011fi siyasal muhataplara kabul ettirilmi\u015ftir.<\/span><\/p>\n<p class=\"MsoNormal\" style=\"margin: 0cm 0cm 0pt; text-indent: 27pt\"><span style=\"font-family: Times New Roman; color: #000000; font-size: small;\">3-Ortalama 2.8 oran\u0131nda eczac\u0131lardan al\u0131nan kesinti ortadan kald\u0131r\u0131lm\u0131\u015ft\u0131r.<\/span><\/p>\n<p class=\"MsoNormal\" style=\"margin: 0cm 0cm 0pt; text-indent: 27pt\"><span style=\"font-family: Times New Roman; color: #000000; font-size: small;\">4-Kamu indirimleri daha kabul edilebilir bir seviyeye \u00e7ekilmi\u015ftir.<\/span><\/p>\n<p class=\"MsoNormal\" style=\"margin: 0cm 0cm 0pt; text-indent: 27pt\"><span style=\"font-family: Times New Roman; color: #000000; font-size: small;\">5-\u0130la\u00e7 bedellerinin tamam\u0131n\u0131n \u00f6denece\u011fi konusunda bakan s\u00f6z\u00fc al\u0131nm\u0131\u015ft\u0131r.<\/span><\/p>\n<p class=\"MsoNormal\" style=\"margin: 0cm 0cm 0pt; text-indent: 27pt\"><span style=\"font-family: Times New Roman; color: #000000; font-size: small;\">Burada son madde \u00f6nemlidir. Her ne kadar ilgili bakan s\u00f6z vermi\u015f olsa da 5510 say\u0131l\u0131 yasan\u0131n 97\/7 maddesinin de\u011fi\u015ftirilebilmesi i\u00e7in TBMM sinde yasa de\u011fi\u015fikli\u011fine ihtiya\u00e7 vard\u0131r. Bu konuda ilgili bakanl\u0131k \u00e7al\u0131\u015fmalara hemen ba\u015flamal\u0131d\u0131r. \u00dclkemizde kimi yasa de\u011fi\u015fiklikleri bir g\u00fcnde, kimi de\u011fi\u015fikliklerin aylar,y\u0131llar ald\u0131\u011f\u0131 bir ger\u00e7ektir. TEB , Eczac\u0131 i\u00e7in ya\u015famsal \u00f6neme haiz bu konunun takip\u00e7isi olmak durumundad\u0131r. Ayr\u0131ca ila\u00e7 bedellerinin tamam\u0131n\u0131n \u00f6denmemesi SGK muhasebesine de gereksiz bir karma\u015fa ve y\u00fck getirecektir.<\/span><\/p>\n<p><span style=\"font-family: Times New Roman; color: #000000; font-size: small;\">\u00a0<\/span><\/p>\n<p class=\"MsoNormal\" style=\"margin: 0cm 0cm 0pt; text-indent: 27pt\"><span style=\"font-family: Times New Roman; color: #000000; font-size: small;\">\u0130\u015fte , heyecanl\u0131, gergin ve stres dolu bir 2 ay b\u00f6yle ge\u00e7ti. Y\u00f6neticilerimizin m\u00fczakere s\u00fcrecindeki tutumlar\u0131 \u00f6vg\u00fcye lay\u0131k. Ancak en b\u00fcy\u00fck te\u015fekk\u00fcr\u00fc , en b\u00fcy\u00fck \u00f6vg\u00fcy\u00fc y\u00f6neticilere bu duyguyu a\u015f\u0131layan t\u00fcm eczac\u0131lara\u2026 Bizlerin kararl\u0131 tutumu olmasayd\u0131, sonuna kadar yan\u0131n\u0131zday\u0131z mesaj\u0131n\u0131 vermemi\u015f olsayd\u0131k bu kararl\u0131 duru\u015f sergilenemezdi.<\/span><\/p>\n<p><span style=\"font-family: Times New Roman; color: #000000; font-size: small;\">\u00a0<\/span><\/p>\n<p class=\"MsoNormal\" style=\"margin: 0cm 0cm 0pt; text-indent: 27pt\"><span style=\"font-family: Times New Roman; color: #000000; font-size: small;\">De\u011ferli meslekta\u015flar\u0131m; kapitalizmin sald\u0131r\u0131lar\u0131n\u0131 g\u00f6\u011f\u00fcsleyen, eme\u011fe sayg\u0131l\u0131, sosyal devlet anlay\u0131\u015f\u0131n\u0131 ilke edinen, hak\u00e7a bir d\u00fczeni sa\u011flayamazsak mesle\u011fimize sald\u0131r\u0131lar s\u00fcrecektir. Bu m\u00fccadele ne ilk, nede son olacakt\u0131r. <strong>Global sermayenin kar\u015f\u0131 konulamaz finans<\/strong> <strong>g\u00fcc\u00fc varsa bizlerinde tek sermayesi \u00f6rg\u00fctl\u00fc g\u00fcc\u00fcm\u00fcz ve dayan\u0131\u015fma ruhumuz<\/strong>\u2026 Bu sermayenin k\u0131ymetini bilerek \u00e7o\u011faltmak gerek. \u00c7\u00fcnk\u00fc \u00f6n\u00fcm\u00fczdeki g\u00fcnlerde de <span>\u00a0<\/span>bu sermayeye daha \u00e7ok i\u015f d\u00fc\u015fecek.<\/span><\/p>\n<p>\u00a0<\/p>\n<p><span style=\"font-family: Times New Roman; color: #000000; font-size: small;\">Sa\u011fl\u0131cakla kal\u0131n\u2026<\/span><\/p>\n","protected":false},"excerpt":{"rendered":"<p>May\u0131s ve Haziran aylar\u0131 biz eczac\u0131lar i\u00e7in olduk\u00e7a gergin ve hareketli ge\u00e7en bir d\u00f6nem oldu\u2026 \u2018\u2019Per\u015fembenin geli\u015fi, \u00e7ar\u015fambadan belli olur&#46;&#46;&#46;<\/p>\n","protected":false},"author":14,"featured_media":0,"comment_status":"closed","ping_status":"closed","sticky":false,"template":"","format":"standard","meta":{"_jetpack_memberships_contains_paid_content":false,"footnotes":""},"categories":[46],"tags":[],"class_list":["post-2758","post","type-post","status-publish","format-standard","hentry","category-ecz-mustafa-turunc"],"aioseo_notices":[],"jetpack_featured_media_url":"","jetpack_sharing_enabled":true,"jetpack-related-posts":[],"_links":{"self":[{"href":"http:\/\/www.ced.org.tr\/index.php?rest_route=\/wp\/v2\/posts\/2758","targetHints":{"allow":["GET"]}}],"collection":[{"href":"http:\/\/www.ced.org.tr\/index.php?rest_route=\/wp\/v2\/posts"}],"about":[{"href":"http:\/\/www.ced.org.tr\/index.php?rest_route=\/wp\/v2\/types\/post"}],"author":[{"embeddable":true,"href":"http:\/\/www.ced.org.tr\/index.php?rest_route=\/wp\/v2\/users\/14"}],"replies":[{"embeddable":true,"href":"http:\/\/www.ced.org.tr\/index.php?rest_route=%2Fwp%2Fv2%2Fcomments&post=2758"}],"version-history":[{"count":1,"href":"http:\/\/www.ced.org.tr\/index.php?rest_route=\/wp\/v2\/posts\/2758\/revisions"}],"predecessor-version":[{"id":3986,"href":"http:\/\/www.ced.org.tr\/index.php?rest_route=\/wp\/v2\/posts\/2758\/revisions\/3986"}],"wp:attachment":[{"href":"http:\/\/www.ced.org.tr\/index.php?rest_route=%2Fwp%2Fv2%2Fmedia&parent=2758"}],"wp:term":[{"taxonomy":"category","embeddable":true,"href":"http:\/\/www.ced.org.tr\/index.php?rest_route=%2Fwp%2Fv2%2Fcategories&post=2758"},{"taxonomy":"post_tag","embeddable":true,"href":"http:\/\/www.ced.org.tr\/index.php?rest_route=%2Fwp%2Fv2%2Ftags&post=2758"}],"curies":[{"name":"wp","href":"https:\/\/api.w.org\/{rel}","templated":true}]}}