{"id":2765,"date":"2010-05-07T14:04:51","date_gmt":"2010-05-07T11:04:51","guid":{"rendered":"http:\/\/www.ced.org.tr\/?p=2765"},"modified":"2014-05-21T01:33:22","modified_gmt":"2014-05-20T22:33:22","slug":"kutlanabiliyormus","status":"publish","type":"post","link":"http:\/\/www.ced.org.tr\/?p=2765","title":{"rendered":"KUTLANAB\u0130L\u0130YORMU\u015e !"},"content":{"rendered":"<p class=\"MsoNormal\" style=\"margin: 0cm 0cm 0pt;\"><span style=\"font-family: Times New Roman; font-size: small;\">1 May\u0131s Emek ve Dayan\u0131\u015fma g\u00fcn\u00fcn\u00fc b\u00fcy\u00fck bir co\u015fkuyla, ad\u0131na yara\u015f\u0131r \u015fekilde kutlad\u0131k.<\/span><\/p>\n<p class=\"MsoNormal\" style=\"margin: 0cm 0cm 0pt;\"><span style=\"font-family: Times New Roman; font-size: small;\">\u00a0<\/span><\/p>\n<p class=\"MsoNormal\" style=\"margin: 0cm 0cm 0pt;\"><span style=\"font-family: Times New Roman; font-size: small;\">Bu b\u00fcy\u00fck organizasyon, ger\u00e7ek sahiplerine b\u0131rak\u0131ld\u0131\u011f\u0131nda kutlamalar\u0131n olays\u0131z, \u015fiddetten ve gaz bombas\u0131ndan uzak, olmas\u0131 gereken olgunlukta ge\u00e7e bilece\u011fini g\u00f6stermesi a\u00e7\u0131s\u0131ndan \u00f6nemliydi.<\/span><\/p>\n<p class=\"MsoNormal\" style=\"margin: 0cm 0cm 0pt;\"><span style=\"font-family: Times New Roman; font-size: small;\">\u00a0<\/span><\/p>\n<p class=\"MsoNormal\" style=\"margin: 0cm 0cm 0pt;\"><span style=\"font-family: Times New Roman; font-size: small;\">Demek ki; i\u015fin i\u00e7ine devlet kar\u0131\u015fmad\u0131\u011f\u0131nda, provokasyon giri\u015fimleri olmad\u0131\u011f\u0131nda Sendikalar, Sivil Toplum \u00d6rg\u00fctleri, Meslek Birlikleri ve Odalar\u0131, \u00e7e\u015fitli platformlar talep ve beklentilerini \u00f6zg\u00fcrce ifade ederek \u015fiddetten ve karma\u015fadan uzak bir \u015fekilde kutlayabiliyorlarm\u0131\u015f.<\/span><\/p>\n<p class=\"MsoNormal\" style=\"margin: 0cm 0cm 0pt;\"><span style=\"font-family: Times New Roman; font-size: small;\">\u00a0<\/span><\/p>\n<p class=\"MsoNormal\" style=\"margin: 0cm 0cm 0pt;\"><span style=\"font-family: Times New Roman; font-size: small;\">Sabah, odam\u0131z\u0131n belirledi\u011fi toplanma yerindeydim. Saat 9.30 da Mecidiyek\u00f6y den y\u00fcr\u00fcmeye ba\u015flad\u0131k. \u015ei\u015fli de di\u011fer meslek odalar\u0131 ile bulu\u015fma yerindeyiz. Kortejde yerimizi ald\u0131k. \u00c7evreme bak\u0131yorum, herkes de bir heyecan var. Kolay de\u011fil, y\u0131llard\u0131r emek\u00e7iden esirgenen, ama eme\u011fin sembol\u00fc olmu\u015f, bedeller \u00f6denmi\u015f, ya\u015famlar yitirilmi\u015f Taksim Meydan\u0131na gidiyoruz. Hava g\u00fczel, \u00e7oluk \u00e7ocuk, t\u00fcm aile bireyleriyle gelenler var. Bir anne, ikiz k\u0131zlar\u0131n\u0131 \u00e7iftli arabas\u0131na koymu\u015f yan\u0131mdan ge\u00e7iyor. Di\u011fer bir anne 8 ayl\u0131k o\u011flunu g\u00f6\u011fs\u00fcndeki kanguruya yerle\u015ftirmi\u015f gidiyor. O\u011flan sanki Taksim Meydan\u0131na gidece\u011finin fark\u0131nda, etrafa g\u00fcl\u00fcc\u00fckler sa\u00e7\u0131yor.<\/span><\/p>\n<p class=\"MsoNormal\" style=\"margin: 0cm 0cm 0pt;\"><span style=\"font-family: Times New Roman; font-size: small;\">\u00a0<\/span><\/p>\n<p class=\"MsoNormal\" style=\"margin: 0cm 0cm 0pt;\"><span style=\"font-family: Times New Roman; font-size: small;\">Y\u00fcz binlerle beraber sloganlar atarak Taksime y\u00fcr\u00fcyoruz. Kontrol noktas\u0131ndan h\u0131zla ge\u00e7tik. Taksime varmak \u00fczereyiz. Ya\u015f kemali buldu\u011fundan Taksim Meydan\u0131nda yerimizi almadan birka\u00e7 arkada\u015f\u0131mla beraber soldaki kafelerden birine girip, \u00e7ay ve nefes molas\u0131 veriyoruz kendimize. \u00c7aylar\u0131m\u0131z\u0131 i\u00e7erken y\u0131\u011f\u0131nlar co\u015fkuyla \u00f6n\u00fcm\u00fczden ak\u0131p gidiyor. Bir an d\u00fc\u015f\u00fcn\u00fcyorum\u2026 Biri bana Taksim Meydan\u0131n\u0131n kenar\u0131ndaki bir kafede \u00e7aylar\u0131m\u0131z\u0131 yudumlay\u0131p, meydana girece\u011fimi s\u00f6yleseydi, hadi! Git i\u015fine derdim!!! Ama oldu\u2026 Olabiliyormu\u015f\u2026 Bu g\u00fczelliklerden ders almas\u0131 gerekenler dilerim gereken dersi alm\u0131\u015flard\u0131r.<\/span><\/p>\n<p class=\"MsoNormal\" style=\"margin: 0cm 0cm 0pt;\"><span style=\"font-family: Times New Roman; font-size: small;\">\u00a0<\/span><\/p>\n<p class=\"MsoNormal\" style=\"margin: 0cm 0cm 0pt;\"><span style=\"font-family: Times New Roman; font-size: small;\">Art\u0131k Taksim Meydan\u0131nday\u0131z\u2026 T\u00fcm emek\u00e7iler Taksimi ald\u0131k, s\u0131ra<span style=\"mso-spacerun: yes;\">\u00a0 <\/span>haklar\u0131m\u0131z\u0131 almakta diyor. Sloganlar mar\u015flara kar\u0131\u015f\u0131yor. Davul zurnalar e\u015fli\u011finde halaylar \u00e7ekiliyor. Timur Sel\u00e7uk ve Ruhi Su Korosu 1 may\u0131s mar\u015f\u0131n\u0131 seslendirdikten sonra konu\u015fmalara ge\u00e7iliyor. Bir ara bulundu\u011fumuz noktadan \u00e7ok anlam veremesek de platformda bir hareketlili\u011fin oldu\u011funu g\u00f6rebiliyoruz. Sonradan \u00f6\u011freniyoruz ki T\u00fcrk- \u0130\u015f ba\u015fkan\u0131 Sn. Mustafa Kumlu konu\u015fmas\u0131n\u0131 yapmak \u00fczere yerini ald\u0131\u011f\u0131nda, platform \u00f6n\u00fcndeki kitlenin tepkisi ile kar\u015f\u0131la\u015f\u0131yor ve bu tepki nedeni ile konu\u015fmas\u0131na ba\u015flayamadan platformu terk etmek zorunda kal\u0131yor. Olaya d\u00fcz mant\u0131kla bakt\u0131\u011f\u0131n\u0131zda kitlenin eylemini ele\u015ftirebilirsiniz. Demokrasi ve \u00f6zg\u00fcrl\u00fcklerin talep edildi\u011fi bir yerde hatip in konu\u015fmas\u0131n\u0131n engellenmesinin savunulacak bir yan\u0131n\u0131n olmad\u0131\u011f\u0131n\u0131 d\u00fc\u015f\u00fcnebilirsiniz. Ancak olay bu kadar basit de\u011fil. T\u00fcrk-\u0130\u015f Y\u00f6netiminin y\u0131llad\u0131r siyasi iktidar\u0131n payandal\u0131\u011f\u0131n\u0131 yapan bir duru\u015f sergilemesi, son d\u00f6nemde eylemdeki \u00fcyelerinin kararl\u0131 direni\u015fini bo\u015fa \u00e7\u0131karmas\u0131, \u00fcyelerinin talep ve beklentilerine cevap verecek bir tavr\u0131n sahibi olamamas\u0131 bu hazin sonu do\u011furmu\u015ftur. Hazin son diyorum, bo\u015funa de\u011fil. Sen Taksim Meydan\u0131nda emek g\u00fcn\u00fcn\u00fc kutluyorsun ve sen T\u00fcrkiye nin en b\u00fcy\u00fck i\u015f\u00e7i konfederasyonusun ve o konfederasyonun ba\u015fkan\u0131s\u0131n ve kitlen seni konu\u015fturmuyor. Bir y\u00f6neticiye verilebilecek en b\u00fcy\u00fck ceza bu olsa gerek\u2026 Anlayana.<\/span><\/p>\n<p class=\"MsoNormal\" style=\"margin: 0cm 0cm 0pt;\"><span style=\"font-family: Times New Roman; font-size: small;\">\u00a0<\/span><\/p>\n<p class=\"MsoNormal\" style=\"margin: 0cm 0cm 0pt;\"><span style=\"font-family: Times New Roman; font-size: small;\">T\u00fcrk-\u0130\u015f bu olaydan gereken dersi \u00e7\u0131kararak, kendine \u00e7eki d\u00fczen vermek zorunda\u2026<\/span><\/p>\n<p class=\"MsoNormal\" style=\"margin: 0cm 0cm 0pt;\"><span style=\"font-family: Times New Roman; font-size: small;\">\u00a0<\/span><\/p>\n<p class=\"MsoNormal\" style=\"margin: 0cm 0cm 0pt;\"><span style=\"font-family: Times New Roman; font-size: small;\">Asl\u0131nda bu olaydan t\u00fcm Sivil Toplum \u00d6rg\u00fct\u00fc y\u00f6neticilerinin durumdan vazife \u00e7\u0131karmas\u0131 gerekir. \u0130ktidar\u0131n d\u00fcmen suyuna girerek sessiz kalan, taban\u0131n\u0131n talep ve beklentilerini g\u00f6rmezden gelen her y\u00f6netici bir g\u00fcn bu hazin sonla kar\u015f\u0131 kar\u015f\u0131ya kalacakt\u0131r.<\/span><\/p>\n<p class=\"MsoNormal\" style=\"margin: 0cm 0cm 0pt;\"><span style=\"font-family: Times New Roman; font-size: small;\">\u00a0<\/span><\/p>\n<p class=\"MsoNormal\" style=\"margin: 0cm 0cm 0pt;\"><span style=\"font-family: Times New Roman; font-size: small;\">Benden s\u00f6ylemesi\u2026<\/span><\/p>\n","protected":false},"excerpt":{"rendered":"<p>1 May\u0131s Emek ve Dayan\u0131\u015fma g\u00fcn\u00fcn\u00fc b\u00fcy\u00fck bir co\u015fkuyla, ad\u0131na yara\u015f\u0131r \u015fekilde kutlad\u0131k. \u00a0 Bu b\u00fcy\u00fck organizasyon, ger\u00e7ek sahiplerine b\u0131rak\u0131ld\u0131\u011f\u0131nda&#46;&#46;&#46;<\/p>\n","protected":false},"author":14,"featured_media":0,"comment_status":"closed","ping_status":"closed","sticky":false,"template":"","format":"standard","meta":{"_jetpack_memberships_contains_paid_content":false,"footnotes":""},"categories":[46],"tags":[],"class_list":["post-2765","post","type-post","status-publish","format-standard","hentry","category-ecz-mustafa-turunc"],"aioseo_notices":[],"jetpack_featured_media_url":"","jetpack_sharing_enabled":true,"jetpack-related-posts":[],"_links":{"self":[{"href":"http:\/\/www.ced.org.tr\/index.php?rest_route=\/wp\/v2\/posts\/2765","targetHints":{"allow":["GET"]}}],"collection":[{"href":"http:\/\/www.ced.org.tr\/index.php?rest_route=\/wp\/v2\/posts"}],"about":[{"href":"http:\/\/www.ced.org.tr\/index.php?rest_route=\/wp\/v2\/types\/post"}],"author":[{"embeddable":true,"href":"http:\/\/www.ced.org.tr\/index.php?rest_route=\/wp\/v2\/users\/14"}],"replies":[{"embeddable":true,"href":"http:\/\/www.ced.org.tr\/index.php?rest_route=%2Fwp%2Fv2%2Fcomments&post=2765"}],"version-history":[{"count":1,"href":"http:\/\/www.ced.org.tr\/index.php?rest_route=\/wp\/v2\/posts\/2765\/revisions"}],"predecessor-version":[{"id":3969,"href":"http:\/\/www.ced.org.tr\/index.php?rest_route=\/wp\/v2\/posts\/2765\/revisions\/3969"}],"wp:attachment":[{"href":"http:\/\/www.ced.org.tr\/index.php?rest_route=%2Fwp%2Fv2%2Fmedia&parent=2765"}],"wp:term":[{"taxonomy":"category","embeddable":true,"href":"http:\/\/www.ced.org.tr\/index.php?rest_route=%2Fwp%2Fv2%2Fcategories&post=2765"},{"taxonomy":"post_tag","embeddable":true,"href":"http:\/\/www.ced.org.tr\/index.php?rest_route=%2Fwp%2Fv2%2Ftags&post=2765"}],"curies":[{"name":"wp","href":"https:\/\/api.w.org\/{rel}","templated":true}]}}