{"id":2769,"date":"2006-09-04T10:29:22","date_gmt":"2006-09-04T07:29:22","guid":{"rendered":"http:\/\/www.ced.org.tr\/?p=2769"},"modified":"2014-05-21T01:34:50","modified_gmt":"2014-05-20T22:34:50","slug":"ii-halklarin-saglik-meclisi-2005-bildirisi-2","status":"publish","type":"post","link":"http:\/\/www.ced.org.tr\/?p=2769","title":{"rendered":"II.HALKLARIN SA\u011eLIK MECL\u0130S\u0130 2005 B\u0130LD\u0130R\u0130S\u0130"},"content":{"rendered":"<p>Sa\u011fl\u0131k bir insanl\u0131k hakk\u0131d\u0131r. Halk\u0131n sa\u011fl\u0131k gereksinimlerini, kar amac\u0131 i\u00e7in s\u00f6m\u00fcr\u00fclmesine kar\u015f\u0131 durmak i\u00e7in d\u00fcnyan\u0131n 82 \u00fclkesinden gelen 1492 ki\u015fi k\u00fcresel sa\u011fl\u0131k sorunlar\u0131n\u0131 tart\u0131\u015f\u0131p, \u00e7\u00f6z\u00fcm \u00f6nerisi sunmak i\u00e7in Ekvator\u2019un Cuenca kentinde biraraya geldiler.<\/p>\n<p><span style=\"font-family: Arial;\"><span style=\"font-size: small;\"><span style=\"color: #000000;\">Bu bildiriden \u00e7\u0131kar\u0131lacak dersler oldu\u011fu inanc\u0131 ile yay\u0131nl\u0131yoruz.<\/span><\/span><\/span><\/p>\n<p><span style=\"font-size: small;\"><span style=\"color: #000000;\"><span style=\"font-family: Arial;\">2. Haklar\u0131n sa\u011fl\u0131k meclisi sonu\u00e7 bildirisini dilimize \u00e7eviren Dr. Mine KILI\u00c7ASLAN\u2019a te\u015fekk\u00fcr ediyorum.<\/span><\/span><\/span><\/p>\n<p><span style=\"font-size: 10pt; font-family: Arial;\"><span style=\"color: #000000;\">\u00a0<\/span><\/span><span style=\"font-family: Arial;\"><span style=\"font-size: small;\"><span style=\"color: #000000;\">\u00a0\u00a0\u00a0\u00a0\u00a0\u00a0\u00a0\u00a0 Sa\u011fl\u0131k bir insanl\u0131k hakk\u0131d\u0131r. Halk\u0131n sa\u011fl\u0131k gereksinimlerini, kar amac\u0131 i\u00e7in s\u00f6m\u00fcr\u00fclmesine kar\u015f\u0131 durmak i\u00e7in d\u00fcnyan\u0131n 82 \u00fclkesinden gelen 1492 ki\u015fi k\u00fcresel sa\u011fl\u0131k sorunlar\u0131n\u0131 tart\u0131\u015f\u0131p, \u00e7\u00f6z\u00fcm \u00f6nerisi sunmak i\u00e7in Ekvator\u2019un Cuenca kentinde biraraya geldiler.<\/span><\/span><\/span><\/p>\n<p><span style=\"font-family: Arial;\"><span style=\"font-size: small;\"><span style=\"color: #000000;\">\u00a0\u00a0\u00a0\u00a0\u00a0\u00a0\u00a0\u00a0\u00a0\u00a0Bu bildiriden \u00e7\u0131kar\u0131lacak dersler oldu\u011fu inanc\u0131 ile yay\u0131nl\u0131yoruz.<\/span><\/span><\/span><\/p>\n<p><span style=\"font-size: small;\"><span style=\"color: #000000;\"><span style=\"font-family: Arial;\">\u00a0\u00a0\u00a0\u00a0\u00a0\u00a0\u00a0\u00a0\u00a0\u00a02. Haklar\u0131n sa\u011fl\u0131k meclisi sonu\u00e7 bildirisini dilimize \u00e7eviren Dr. Mine KILI\u00c7ASLAN\u2019a te\u015fekk\u00fcr ediyorum.<\/span><\/span><\/span><span style=\"font-size: 14pt; color: red; font-family: Arial;\">\u00a0<\/span><\/p>\n<p><span style=\"font-size: 14pt; color: red; font-family: Arial;\">II.HALKLARIN SA\u011eLIK MECL\u0130S\u0130 2005 B\u0130LD\u0130R\u0130S\u0130<\/span><span style=\"font-size: 10pt; color: red; font-family: Arial;\">\u00a0<\/span><span style=\"color: red; font-family: Arial;\"><span style=\"font-size: small;\">17-22 Temmuz 2005 (Cuenca-Ekvador)<\/span><\/span><span style=\"font-size: 10pt; font-family: Arial;\"><span style=\"color: #000000;\">\u00a0<\/span><\/span><span style=\"font-size: 10pt; font-family: Arial;\"><span style=\"color: #000000;\">D\u00fcnyan\u0131n 82 \u00fclkesinden gelen 1492 ki\u015fi 17-22 Temmuz g\u00fcnlerinde Ekvador&#8217;un Cuenca kentinde toplanan \u0130kinci Halklar\u0131n Sa\u011fl\u0131k Meclisi\u2019nde (II. HSM) k\u00fcresel sa\u011fl\u0131k sorunlar\u0131n\u0131 \u00e7\u00f6z\u00fcmleyip herkes i\u00e7in Sa\u011fl\u0131k hedefine d\u00f6n\u00fck stratejiler geli\u015ftirmek \u00fczere bir araya geldiler.<\/span><\/span><span style=\"font-size: 10pt; font-family: Arial;\"><span style=\"color: #000000;\">2000 y\u0131l\u0131nda imzalanan Sa\u011fl\u0131k i\u00e7in Halklar\u0131n Ferman\u0131n\u0131n (SHF) s\u00fcregelen \u00f6neminin alt\u0131n\u0131 \u00e7izdik ve Halk\u0131n Sa\u011fl\u0131\u011f\u0131 Hareketinin (HSH) k\u00fcresel ve ulusal \u00e7aptaki m\u00fccadelelerini temsil eden bir belge olarak g\u00f6rd\u00fck.<\/span><\/span><span style=\"font-size: 10pt; font-family: Arial;\"><span style=\"color: #000000;\">Halklar\u0131n Sa\u011fl\u0131k Meclisi\u2019nde bar\u0131\u015f\u0131n h\u00fck\u00fcm s\u00fcrd\u00fc\u011f\u00fc, toplumsal ve ekonomik olarak adil bir d\u00fcnya, sosyoekonomik durumlar\u0131, cinsiyetleri, k\u00fclt\u00fcrel kimlikleri ve becerilerine bak\u0131lmaks\u0131z\u0131n b\u00fct\u00fcn insanlar\u0131n sa\u011fl\u0131k hakk\u0131na sahip oldu\u011fu, ya\u015fam\u0131, do\u011fay\u0131 ve \u00e7e\u015fitlili\u011fi keyifle ya\u015fayabildikleri bir d\u00fcnya savunuldu.<\/span><\/span><strong><span style=\"font-size: 10pt; font-family: Arial;\"><span style=\"color: #000000;\">\u00a0<\/span><\/span><\/strong><strong><span style=\"font-size: 10pt; font-family: Arial;\"><span style=\"color: #000000;\">Ekvador\u2019daki M\u00fccadelelerle Dayan\u0131\u015fma <\/span><\/span><\/strong><span style=\"font-size: 10pt; font-family: Arial;\"><span style=\"color: #000000;\">Burada And Da\u011flar\u0131n\u0131n kalbinde Ekvador\u2019lu karde\u015flerimizin konukseverli\u011finden, k\u00fclt\u00fcr miraslar\u0131ndan ve m\u00fccadelelerinden \u00e7ok \u015fey \u00f6\u011frendik.<\/span><\/span><\/p>\n<ul style=\"margin-top: 0cm;\">\n<li class=\"MsoNormal\" style=\"margin: 5pt 0cm; text-align: justify; tab-stops: list 36.0pt;\"><span style=\"font-size: 10pt; font-family: Arial;\"><span style=\"color: #000000;\">Ekvadorlu karde\u015flerimizin ABD h\u00fck\u00fcmeti ve uluslararas\u0131 finans kurulu\u015flar\u0131nca dayat\u0131lan Serbest Ticaret Anla\u015fmas\u0131na kar\u015f\u0131 y\u00fcr\u00fctt\u00fckleri m\u00fccadelelerini destekliyoruz. Bu anla\u015fma \u015firket k\u00e2rlar\u0131n\u0131 art\u0131racak; i\u015f\u00e7ileri, \u00e7ift\u00e7ileri ve And yerlilerini yoksulla\u015ft\u0131racak, ya\u015fam ve \u00e7al\u0131\u015fma ko\u015fullar\u0131n\u0131 olumsuz y\u00f6nde etkileyecek, sa\u011fl\u0131k hizmetlerine ula\u015fmalar\u0131n\u0131 engelleyip, sa\u011fl\u0131kl\u0131 bir ya\u015fam s\u00fcrmelerini olanaks\u0131z k\u0131lacakt\u0131r. <\/span><\/span><\/li>\n<li class=\"MsoNormal\" style=\"margin: 5pt 0cm; text-align: justify; tab-stops: list 36.0pt;\"><span style=\"font-size: 10pt; font-family: Arial;\"><span style=\"color: #000000;\">ABD Plan Kolombiya ad\u0131 alt\u0131nda s\u0131n\u0131r b\u00f6lgelerini militarize ediyor, topraklar\u0131 ve sular\u0131 zehirleyerek Andl\u0131 karde\u015flerimize kar\u015f\u0131 biyolojik sava\u015f y\u00fcr\u00fct\u00fcyor. Plan Kolombiya\u2019ya kar\u015f\u0131 m\u00fccadelelerinde Andl\u0131 karde\u015flerimizin yan\u0131nday\u0131z. <\/span><\/span><\/li>\n<\/ul>\n<p><span style=\"font-size: 10pt; font-family: Arial;\"><span style=\"color: #000000;\">\u00a0<\/span><\/span><strong><span style=\"font-size: 10pt; font-family: Arial;\"><span style=\"color: #000000;\">K\u00fcresel Sa\u011fl\u0131k Ger\u00e7e\u011fi<\/span><\/span><\/strong><span style=\"font-size: 10pt; font-family: Arial;\"><span style=\"color: #000000;\">D\u00fcnyadaki pek \u00e7ok insan\u0131n gitgide k\u00f6t\u00fcle\u015fmekte olan sa\u011fl\u0131k ko\u015fullar\u0131ndan esef duyuyor ve bu durumun yeni liberal politikalardan kaynakland\u0131\u011f\u0131na inan\u0131yoruz. G8 \u00fclkelerinin empoze etti\u011fi yeni liberal politikalar zenginlikleri G\u00fcneyden Kuzeye, yoksuldan zengine, halktan \u00f6zel sekt\u00f6re aktar\u0131yor. Yoksullar, yerli halklar, sava\u015f ve i\u015fgal kurbanlar\u0131 ac\u0131 \u00e7ektik\u00e7e \u015firketler k\u00e2rlar\u0131na k\u00e2r kat\u0131yor.<\/span><\/span><span style=\"font-size: 10pt; font-family: Arial;\"><span style=\"color: #000000;\">Ekonomik ve politik ko\u015fullar sa\u011fl\u0131kta e\u015fitsizlikleri art\u0131rmakta ancak hastal\u0131klar\u0131n ve \u00f6l\u00fcmlerin k\u00f6kenindeki bu ko\u015fullar mevcut politika ve programlarda etkin bir yer alamamaktad\u0131r.<\/span><\/span><span style=\"font-size: 10pt; font-family: Arial;\"><span style=\"color: #000000;\">T\u00fcm d\u00fcnya \u00e7ap\u0131nda yerel projelerde \u00e7al\u0131\u015fan sa\u011fl\u0131k emek\u00e7ileri ve aktivistlerinin zorluklara ra\u011fmen ya\u015fatmaya \u00e7al\u0131\u015ft\u0131\u011f\u0131 Alma Ata ruhuna pek \u00e7ok resmi sa\u011fl\u0131k sistemince ihanet edilmi\u015ftir. Geni\u015f kapsaml\u0131 temel sa\u011fl\u0131k hizmetleri \u00e7ok az say\u0131da yerde sunulabilmekte ve sa\u011fl\u0131k hizmetlerinin sa\u011flanmas\u0131 pek az yerde kolektif toplumsal bir sorumluluk olarak alg\u0131lanmaktad\u0131r. Neo-liberal ko\u015fullar alt\u0131nda sa\u011fl\u0131k hakk\u0131 diye bir \u015fey yoktur; \u0131rk\u00e7\u0131l\u0131k y\u00fckselmekte, kad\u0131na kar\u015f\u0131 \u015fiddet ve toplumsal ayr\u0131mc\u0131l\u0131ksa y\u00fckselen olgular olarak kar\u015f\u0131m\u0131za \u00e7\u0131kmaktad\u0131r. Neo-liberalizmde \u00e7evresel tahribat art\u0131k neredeyse bir kural haline gelmi\u015f, i\u015f\u00e7i haklar\u0131n\u0131n ad\u0131 bile kalmam\u0131\u015ft\u0131r; sava\u015f b\u00fcy\u00fck \u015firketlerin k\u00e2r h\u0131rs\u0131na hizmet etmektedir. H\u00fck\u00fcmetler, Uluslararas\u0131 Finans Kurulu\u015flar\u0131, D\u00fcnya Sa\u011fl\u0131k \u00d6rg\u00fct\u00fc, \u00e7ok tarafl\u0131 ve tek tarafl\u0131 kurumlar bu \u015firketlerin programlar\u0131na s\u0131k\u0131 s\u0131k\u0131ya ba\u011fl\u0131d\u0131r.<\/span><\/span><strong><span style=\"font-size: 10pt; font-family: Arial;\"><span style=\"color: #000000;\">K\u00fcresel Egemenlik \u00c7a\u011f\u0131nda Sa\u011fl\u0131k Hakk\u0131n\u0131 Kural\u0131m<\/span><\/span><\/strong><span style=\"font-size: 10pt; font-family: Arial;\"><span style=\"color: #000000;\">Halk\u0131n Sa\u011fl\u0131\u011f\u0131 Hareketi d\u00fcnya halklar\u0131n\u0131 Sa\u011fl\u0131k Hakk\u0131n\u0131n inkar\u0131na kar\u015f\u0131 harekete ge\u00e7meye \u00e7a\u011f\u0131r\u0131yor. DT\u00d6 ve uluslararas\u0131 finans kurumlar\u0131nca dayat\u0131lan neo-liberal politikalar\u0131n k\u00fcresel ekonomik \u00e7er\u00e7evesi, yani \u00f6zelle\u015ftirme ve \u201cserbest ticaret\u201d, sa\u011fl\u0131k alan\u0131n\u0131n \u00f6zel sekt\u00f6re pe\u015fke\u015f \u00e7ekilmesinde \u00f6nemli bir rol oynamaktad\u0131r. Bu da \u00e7evrenin tahribat\u0131na, toksik kirlili\u011fe, su, g\u0131da ve ya\u015fam haklar\u0131n\u0131n gasp\u0131na yol a\u00e7maktad\u0131r. \u0130nsanlar\u0131n sa\u011fl\u0131k hakk\u0131 \u015firketlerin k\u00e2rlar\u0131ndan, \u00f6zellikle de ila\u00e7 \u015firketlerinin k\u00e2r edip zenginle\u015fmesinden daha \u00f6ncelikli olmal\u0131d\u0131r. DT\u00d6 se\u00e7ilmedi\u011fi halde, temsil hakk\u0131 ve sorumlulu\u011fu olmad\u0131\u011f\u0131 halde fiili d\u00fcnya h\u00fck\u00fcmeti olarak davran\u0131yor. Uluslararas\u0131 ticaret ve kalk\u0131nmay\u0131 y\u00f6netme yetkisi UNCTAD gibi Birle\u015fmi\u015f Milletler organlar\u0131n\u0131n yeniden ve uygun bi\u00e7imde d\u00fczenlenmesiyle halka verilmelidir. B\u00fcy\u00fck \u00e7apl\u0131 insan haklar\u0131 ihlallerinin ve adaletsizli\u011fin ana kayna\u011f\u0131 ve ya\u015fam\u0131n her alan\u0131ndaki sermaye egemenli\u011finin temel mekanizmas\u0131 olan DT\u00d6, demokratik bir i\u015fleyi\u015fe kavu\u015facak bi\u00e7imde ba\u015ftan a\u015fa\u011f\u0131 d\u00f6n\u00fc\u015ft\u00fcr\u00fclmeyecekse, feshedilmelidir. <\/span><\/span><span style=\"font-size: 10pt; font-family: Arial;\"><span style=\"color: #000000;\">\u00a0<\/span><\/span><strong><span style=\"font-size: 10pt; font-family: Arial;\"><span style=\"color: #000000;\">Sa\u011fl\u0131k hakk\u0131 b\u00fcy\u00fck \u00e7apl\u0131 toplumsal hareketlerle kazan\u0131lacakt\u0131r<\/span><\/span><\/strong><\/p>\n<ul style=\"margin-top: 0cm;\">\n<li class=\"MsoNormal\" style=\"margin: 5pt 0cm; text-align: justify; tab-stops: list 36.0pt;\"><span style=\"font-size: 10pt; font-family: Arial;\"><span style=\"color: #000000;\">Halk\u0131n Sa\u011fl\u0131\u011f\u0131 Hareketi su, g\u0131da g\u00fcvenli\u011fi ve egemenli\u011fi, sa\u011fl\u0131kl\u0131 bir \u00e7evre, onurlu i\u015f, g\u00fcvenli bar\u0131nma, herkes i\u00e7in e\u011fitim, cinsiyet e\u015fitli\u011fi haklar\u0131 i\u00e7in m\u00fccadele edecek ve varolan m\u00fccadeleleri destekleyecektir, \u00e7\u00fcnk\u00fc halk\u0131n sa\u011fl\u0131\u011f\u0131 bu temel haklar\u0131n elde edilmesine ba\u011fl\u0131d\u0131r. <\/span><\/span><\/li>\n<li class=\"MsoNormal\" style=\"margin: 5pt 0cm; text-align: justify; tab-stops: list 36.0pt;\"><span style=\"font-size: 10pt; font-family: Arial;\"><span style=\"color: #000000;\">Halk\u0131n Sa\u011fl\u0131\u011f\u0131 Hareketi <strong>\u201cK\u00fcresel Sa\u011fl\u0131k Bak\u0131m\u0131 ve Sa\u011fl\u0131k Hakk\u0131\u201d<\/strong> elde etmek, sa\u011fl\u0131k hakk\u0131n\u0131 ve sosyal g\u00fcvenlik hakk\u0131n\u0131 savunmak ve sa\u011fl\u0131k alan\u0131ndaki e\u015fitsizlikleri, sa\u011fl\u0131k hakk\u0131 ihlallerini belgelemek ve buna kar\u015f\u0131 \u00e7\u0131kmak i\u00e7in yerel, ulusal ve uluslararas\u0131 d\u00fczeylerde geni\u015f \u00e7apl\u0131 kampanyalar ba\u015flatacakt\u0131r. <\/span><\/span><\/li>\n<li class=\"MsoNormal\" style=\"margin: 5pt 0cm; text-align: justify; tab-stops: list 36.0pt;\"><span style=\"font-size: 10pt; font-family: Arial;\"><span style=\"color: #000000;\">Halk\u0131n Sa\u011fl\u0131\u011f\u0131 Hareketi farkl\u0131 toplumsal kesimler aras\u0131nda geni\u015f tabanl\u0131 ittifaklar kurarak sa\u011fl\u0131k hizmetlerinin \u00f6zelle\u015ftirilmesine kar\u015f\u0131 \u00e7\u0131kan sa\u011fl\u0131k emek\u00e7ilerinin m\u00fccadelesine destek verecektir. <\/span><\/span><\/li>\n<li class=\"MsoNormal\" style=\"margin: 5pt 0cm; text-align: justify; tab-stops: list 36.0pt;\"><span style=\"font-size: 10pt; font-family: Arial;\"><span style=\"color: #000000;\">Halk\u0131n Sa\u011fl\u0131\u011f\u0131 Hareketi fikri m\u00fclkiyet ve patent anla\u015fmalar\u0131n\u0131 sona erdirmek, bunlar\u0131 DT\u00d6 g\u00fcndeminden \u00e7\u0131karmak, ikili Serbest Ticaret Anla\u015fmalar\u0131 ve patentlere kar\u015f\u0131 \u00e7\u0131kan kampanyalar y\u00fcr\u00fctecektir. <\/span><\/span><\/li>\n<li class=\"MsoNormal\" style=\"margin: 5pt 0cm; text-align: justify; tab-stops: list 36.0pt;\"><span style=\"font-size: 10pt; font-family: Arial;\"><span style=\"color: #000000;\">H\u00fck\u00fcmetleri Doha anla\u015fmas\u0131n\u0131 halka uygun fiyatl\u0131 jenerik ila\u00e7 sa\u011flamak i\u00e7in kullanmaya \u00e7a\u011f\u0131r\u0131yoruz. <\/span><\/span><\/li>\n<li class=\"MsoNormal\" style=\"margin: 5pt 0cm; text-align: justify; tab-stops: list 36.0pt;\"><span style=\"font-size: 10pt; font-family: Arial;\"><span style=\"color: #000000;\">\u00d6zel sekt\u00f6r\u00fcn kamu sa\u011fl\u0131k politikalar\u0131n\u0131n olu\u015fturulmas\u0131nda yer alamayaca\u011f\u0131n\u0131 d\u00fc\u015f\u00fcnd\u00fc\u011f\u00fcm\u00fczden kamu-\u00f6zel ortakl\u0131lar\u0131na kar\u015f\u0131 \u00e7\u0131k\u0131yoruz. <\/span><\/span><\/li>\n<li class=\"MsoNormal\" style=\"margin: 5pt 0cm; text-align: justify; tab-stops: list 36.0pt;\"><span style=\"font-size: 10pt; font-family: Arial;\"><span style=\"color: #000000;\">Halk\u0131n Sa\u011fl\u0131\u011f\u0131 Hareketi, D\u00fcnya Sa\u011fl\u0131k \u00d6rg\u00fct\u00fcn\u00fcn Sa\u011fl\u0131\u011f\u0131n Toplumsal Etmenleri Komisyonuna bilgi aktaracak ve denetlemeyi s\u00fcrd\u00fcrecektir. Bu yolla, komisyonun, yoksullu\u011fun, hastal\u0131\u011f\u0131n, sa\u011fl\u0131ktaki e\u015fitsizliklerin politik ve sosyoekonomik nedenlerine gerekli vurguyu yapmas\u0131n\u0131 ve sivil toplumla m\u00fcmk\u00fcn oldu\u011funca anlaml\u0131 bir diyalog kurulmas\u0131n\u0131 sa\u011flayacakt\u0131r. <\/span><\/span><\/li>\n<li class=\"MsoNormal\" style=\"margin: 5pt 0cm; text-align: justify; tab-stops: list 36.0pt;\"><span style=\"font-size: 10pt; font-family: Arial;\"><span style=\"color: #000000;\">Halk\u0131n Sa\u011fl\u0131\u011f\u0131 Hareketi \u00f6zelle\u015ftirmelere ve e\u015fitsiz ticaret rejimlerine kar\u015f\u0131 uluslararas\u0131 eylemler \u00f6rg\u00fctleyebilmek i\u00e7in di\u011fer hareketlerle ittifaklar geli\u015ftirecektir. <\/span><\/span><\/li>\n<\/ul>\n<p><strong><span style=\"font-size: 10pt; font-family: Arial;\"><span style=\"color: #000000;\">\u00a0<\/span><\/span><\/strong><strong><span style=\"font-size: 10pt; font-family: Arial;\"><span style=\"color: #000000;\">Sa\u011fl\u0131k hakk\u0131n\u0131 k\u00fclt\u00fcrler aras\u0131 bir ba\u011flamda savunmak<\/span><\/span><\/strong><span style=\"font-size: 10pt; font-family: Arial;\"><span style=\"color: #000000;\">Halk\u0131n Sa\u011fl\u0131\u011f\u0131 Hareketi \u201ck\u00fclt\u00fcrler aras\u0131l\u0131\u011f\u0131\u201d toplumsal e\u015fitli\u011fi sa\u011flama ve adil bir sa\u011fl\u0131k sistemi kurmada temel bir \u00f6\u011fe olarak ele al\u0131r. Sa\u011fl\u0131k bilgisine eri\u015fimde e\u015fitlik temel bir insan hakk\u0131d\u0131r. Bu, yerli halklar\u0131n sa\u011fl\u0131k m\u00fccadelesinde b\u00fcy\u00fck \u00f6nem ta\u015f\u0131maktad\u0131r. Halklar\u0131n bilgi birikimi, sa\u011fl\u0131k hizmetlerinin ve koruma programlar\u0131n\u0131n k\u00fclt\u00fcrel anlamda tarafs\u0131z geli\u015fimi, sa\u011fl\u0131k emek\u00e7ilerinin k\u00fclt\u00fcrler aras\u0131 yetiler edinecek \u015fekilde e\u011fitimi ve adil \u00e7al\u0131\u015fma ko\u015fullar\u0131, g\u0131da g\u00fcvenli\u011fi ve sa\u011fl\u0131kl\u0131 ekosistemler sa\u011flanmas\u0131 i\u00e7in kullan\u0131lmal\u0131d\u0131r.<\/span><\/span><span style=\"font-size: 10pt; font-family: Arial;\"><span style=\"color: #000000;\">Halk\u0131n Sa\u011fl\u0131\u011f\u0131 Hareketi ticaret anla\u015fmalar\u0131na kar\u015f\u0131 m\u00fccadele; toprak reformu ve yerli halk\u0131n topraklar\u0131n\u0131n iadesi; sosyal g\u00fcvenlik, k\u00fclt\u00fcrel kimlik ve g\u0131da g\u00fcvenli\u011finin temel bir savunmas\u0131 olan geleneksel bilgi birikiminin \u201cbilgi korsanl\u0131\u011f\u0131na\u201d kar\u015f\u0131 korunmas\u0131 gibi konular\u0131 g\u00fcndemine alacakt\u0131r. Geleneksel t\u0131bb\u0131n ve k\u00fclt\u00fcr\u00fcn pek \u00e7ok yararl\u0131 yan\u0131 korunmal\u0131 ve halk-eksenli sa\u011fl\u0131k sisteminin ve toplumun bir par\u00e7as\u0131 olarak kabul edilmeli ve de\u011ferlendirilmelidir.<\/span><\/span><strong><span style=\"font-size: 10pt; font-family: Arial;\"><span style=\"color: #000000;\">\u00a0<\/span><\/span><\/strong><strong><span style=\"font-size: 10pt; font-family: Arial;\"><span style=\"color: #000000;\">Cinsel ve ki\u015fisel farkl\u0131l\u0131k ba\u011flam\u0131nda herkese i\u00e7in sa\u011fl\u0131k diyelim<\/span><\/span><\/strong><span style=\"font-size: 10pt; font-family: Arial;\"><span style=\"color: #000000;\">Kad\u0131nlar\u0131n, erkeklerin ve farkl\u0131 cinsel y\u00f6nelimleri olan bireylerin sa\u011fl\u0131klar\u0131, toplumsal ve cinsel e\u015fitsizlik ve bunlar\u0131n b\u00fct\u00fcn\u00fcn\u00fc etkileyen ayr\u0131mc\u0131l\u0131k ile belirlenmi\u015f ataerkil k\u00fclt\u00fcr\u00fcn h\u00fck\u00fcm s\u00fcrmesi y\u00fcz\u00fcnden sert bir bi\u00e7imde zarar g\u00f6rmektedir. \u00c7o\u011fu zaman kad\u0131n\u0131n toplumsal haklar\u0131, sa\u011fl\u0131k, cinsellik ve do\u011fum haklar\u0131 \u00e7i\u011fnenmektedir.<\/span><\/span><span style=\"font-size: 10pt; font-family: Arial;\"><span style=\"color: #000000;\">Halk\u0131n Sa\u011fl\u0131\u011f\u0131 Hareketi b\u00fct\u00fcn eylem planlar\u0131nda ve \u00e7al\u0131\u015fmalar\u0131nda temel feminist perspektifleri ve cinsiyetler aras\u0131 e\u015fitlik ilkelerini g\u00f6zetir.<\/span><\/span><\/p>\n<ul style=\"margin-top: 0cm;\">\n<li class=\"MsoNormal\" style=\"margin: 5pt 0cm; text-align: justify; tab-stops: list 36.0pt;\"><span style=\"font-size: 10pt; font-family: Arial;\"><span style=\"color: #000000;\">Halk\u0131n Sa\u011fl\u0131\u011f\u0131 Hareketi kad\u0131nlar ve erkekler, kendilerini \u00f6zel ve kamusal alanda ataerkil ili\u015fki yap\u0131lar\u0131n\u0131 bozmaya adarlar. <\/span><\/span><\/li>\n<li class=\"MsoNormal\" style=\"margin: 5pt 0cm; text-align: justify; tab-stops: list 36.0pt;\"><span style=\"font-size: 10pt; font-family: Arial;\"><span style=\"color: #000000;\">Bu Meclis cinsel e\u015fitsizlikleri t\u0131rmand\u0131ran neo-liberal politikalar\u0131n feshedilmesini talep eder. Bunu ba\u015farmak i\u00e7in uluslar aras\u0131, b\u00f6lgesel ve yerel \u00f6l\u00e7ekte cinsel haklar ve do\u011fum haklar\u0131 kampanyalar\u0131n\u0131 destekleyecek, kuraca\u011f\u0131 a\u011flar\u0131 ve di\u011fer hareketlerle ba\u011flar\u0131n\u0131 g\u00fc\u00e7lendirecek, b\u00fct\u00fcn kad\u0131nlar ve k\u0131zlar i\u00e7in g\u00fcvenli k\u00fcrtaj hakk\u0131n\u0131 elde etmek i\u00e7in \u00e7al\u0131\u015facakt\u0131r. <\/span><\/span><\/li>\n<li class=\"MsoNormal\" style=\"margin: 5pt 0cm; text-align: justify; tab-stops: list 36.0pt;\"><span style=\"font-size: 10pt; font-family: Arial;\"><span style=\"color: #000000;\">Halk\u0131n Sa\u011fl\u0131\u011f\u0131 Hareketi kad\u0131na y\u00f6nelik her t\u00fcrl\u00fc \u015fiddeti k\u0131nar ve bunun engellenmesi i\u00e7in h\u00fck\u00fcmetleri \u015fiddet uygulayanlar\u0131n soru\u015fturulmas\u0131 ve \u015fiddete maruz kalan b\u00fct\u00fcn insanlara gerekli deste\u011fin sa\u011flanmas\u0131 i\u00e7in ad\u0131m atmaya \u00e7a\u011f\u0131r\u0131r. <\/span><\/span><\/li>\n<li class=\"MsoNormal\" style=\"margin: 5pt 0cm; text-align: justify; tab-stops: list 36.0pt;\"><span style=\"font-size: 10pt; font-family: Arial;\"><span style=\"color: #000000;\">Engellilere ve ya\u015fl\u0131lara sayg\u0131l\u0131 davran\u0131lmal\u0131 ve onlar\u0131n sa\u011fl\u0131k ve bak\u0131m haklar\u0131 g\u00fcvence alt\u0131na al\u0131nmal\u0131d\u0131r. Halk\u0131n Sa\u011fl\u0131\u011f\u0131 Hareketi BM\u2019nin engellilerin haklar\u0131n\u0131 korumay\u0131 ve artt\u0131rmay\u0131 hedefleyen yeni anla\u015fmas\u0131n\u0131 destekler ve rehabilitasyon hizmetlerini Sa\u011fl\u0131k i\u00e7in Halklar\u0131n Ferman\u0131n\u0131n bir par\u00e7as\u0131 olarak savunur, Sa\u011fl\u0131\u011f\u0131 Toplumsal Etmenleri Komisyonunu engelliler konusuyla daha fazla ilgilenmeye \u00e7a\u011f\u0131r\u0131r. <\/span><\/span><\/li>\n<li class=\"MsoNormal\" style=\"margin: 5pt 0cm; text-align: justify; tab-stops: list 36.0pt;\"><span style=\"font-size: 10pt; font-family: Arial;\"><span style=\"color: #000000;\">Halk\u0131n Sa\u011fl\u0131\u011f\u0131 Hareketi engellilerin ya\u015fam\u0131n her alan\u0131na kat\u0131labilmeleri i\u00e7in gerekenlerin yap\u0131lmas\u0131n\u0131 talep eder ve kapsaml\u0131 geli\u015fmelerin sa\u011flanabilmesi i\u00e7in kurumsal olarak engellili\u011fin cinsiyet gibi ele al\u0131nmas\u0131n\u0131 \u00f6nerir. <\/span><\/span><\/li>\n<\/ul>\n<p><span style=\"font-size: 10pt; font-family: Arial;\"><span style=\"color: #000000;\">\u00a0<\/span><\/span><strong><span style=\"font-size: 10pt; font-family: Arial;\"><span style=\"color: #000000;\">\u00c7evresel tahribat ba\u011flam\u0131nda sa\u011fl\u0131k hakk\u0131n\u0131n korunmas\u0131<\/span><\/span><\/strong><\/p>\n<ul style=\"margin-top: 0cm;\">\n<li class=\"MsoNormal\" style=\"margin: 5pt 0cm; text-align: justify; tab-stops: list 36.0pt;\"><span style=\"font-size: 10pt; font-family: Arial;\"><span style=\"color: #000000;\">Halk\u0131n Sa\u011fl\u0131\u011f\u0131 Hareketi d\u00fcnya halklar\u0131n\u0131 yery\u00fcz\u00fcndeki do\u011fal kaynaklar \u00fczerinde emperyalizmin kontrol\u00fcn\u00fc sona erdirmek, herkes i\u00e7in sa\u011fl\u0131kl\u0131 bir \u00e7evre yaratmak ve sa\u011flamak i\u00e7in harekete ge\u00e7meye \u00e7a\u011f\u0131r\u0131r. Sa\u011fl\u0131k i\u00e7in temel \u00f6neme sahip olan do\u011fal kaynaklar d\u00fcnya halklar\u0131n\u0131n ortak mal\u0131d\u0131r. <\/span><\/span><\/li>\n<li class=\"MsoNormal\" style=\"margin: 5pt 0cm; text-align: justify; tab-stops: list 36.0pt;\"><span style=\"font-size: 10pt; font-family: Arial;\"><span style=\"color: #000000;\">Su gibi hayati bir kayna\u011f\u0131n metala\u015ft\u0131r\u0131lmas\u0131 ve \u00f6zelle\u015ftirilmesini engelleyecek bir BM Su Hakk\u0131 Anla\u015fmas\u0131 i\u00e7in d\u00fcnya \u00e7ap\u0131nda bir kampanya \u00f6neriyoruz. Y\u0131k\u0131c\u0131 sonu\u00e7lar\u0131ndan hareketle ve \u00f6nleyicilik ilkesi uyar\u0131nca, maden ve petrol arama \u00e7al\u0131\u015fmalar\u0131 konusunda bir moratoryum talep ediyor ya\u015fam formlar\u0131n\u0131n patentlenmesi, nanoteknoloji ara\u015ft\u0131rmalar\u0131, GDO\u2019lar\u0131n do\u011faya sal\u0131nmas\u0131 ve her t\u00fcrl\u00fc biyolojik silah yap\u0131m\u0131 ve kullan\u0131m\u0131n\u0131n yasaklanmas\u0131n\u0131 istiyoruz. H\u00fck\u00fcmetler ulus \u00f6tesi \u015firketlere de\u011fil insanlara kar\u015f\u0131 sorumludur ve halk\u0131n sa\u011fl\u0131k ve \u00e7evreye ili\u015fkin haklar\u0131n\u0131 zorlay\u0131c\u0131 yasalar ve d\u00fczenlemeler arac\u0131l\u0131\u011f\u0131yla g\u00fcvence alt\u0131na almal\u0131d\u0131rlar. H\u00fck\u00fcmetler Uluslararas\u0131 Finans Kurulu\u015flar\u0131na ve D\u00fcnya Sa\u011fl\u0131k \u00d6rg\u00fct\u00fc de Ulus \u00d6tesi \u015eirketlere ve emperyalizme destek vermekten vazge\u00e7melidirler. Dow, Monsanto ve di\u011fer \u015firketler binlerce Bhopal ve Agent Orange felaketi kurbanlar\u0131 gibi iyile\u015fmeyecek bi\u00e7imde zarar g\u00f6rm\u00fc\u015f insanlar\u0131n haklar\u0131n\u0131 tazmin etmeye zorlanmal\u0131d\u0131r. <\/span><\/span><\/li>\n<li class=\"MsoNormal\" style=\"margin: 5pt 0cm; text-align: justify; tab-stops: list 36.0pt;\"><span style=\"font-size: 10pt; font-family: Arial;\"><span style=\"color: #000000;\">Bilgi ve bilim kamu yarar\u0131na kullan\u0131lmal\u0131 ve \u015firketlerin denetiminden kurtar\u0131lmal\u0131d\u0131r. <\/span><\/span><\/li>\n<\/ul>\n<p><span style=\"font-size: 10pt; font-family: Arial;\"><span style=\"color: #000000;\">\u00a0<\/span><\/span><strong><span style=\"font-size: 10pt; font-family: Arial;\"><span style=\"color: #000000;\">Kazan\u0131lm\u0131\u015f haklar\u0131 savunmak ve geni\u015fletmek yoluyla i\u015f\u00e7i sa\u011fl\u0131\u011f\u0131 ve g\u00fcvenli\u011fini sa\u011flamak<\/span><\/span><\/strong><\/p>\n<ul style=\"margin-top: 0cm;\">\n<li class=\"MsoNormal\" style=\"margin: 5pt 0cm; text-align: justify; tab-stops: list 36.0pt;\"><span style=\"font-size: 10pt; font-family: Arial;\"><span style=\"color: #000000;\">Halk\u0131n Sa\u011fl\u0131\u011f\u0131 Hareketi d\u00fcnya halklar\u0131n\u0131 i\u015f\u00e7i sa\u011fl\u0131\u011f\u0131 ve g\u00fcvenli\u011fini koruyan uluslar aras\u0131 anla\u015fmalar\u0131n uygulanmas\u0131n\u0131 talep etmeye ve i\u015f\u00e7i sa\u011fl\u0131\u011f\u0131n\u0131 evrensel bir insan hakk\u0131 ve devletin halka kar\u015f\u0131 y\u00fck\u00fcml\u00fcl\u00fc\u011f\u00fc olarak alg\u0131lamaya, \u00e7al\u0131\u015fma ve sa\u011fl\u0131k ko\u015fullar\u0131 konular\u0131nda politika belirleme s\u00fcre\u00e7lerine i\u015f\u00e7ilerin kat\u0131l\u0131m\u0131n\u0131 sa\u011flamaya, \u00e7ocuk i\u015f\u00e7ili\u011fini yasaklamaya \u00e7a\u011f\u0131r\u0131r. <\/span><\/span><\/li>\n<li class=\"MsoNormal\" style=\"margin: 5pt 0cm; text-align: justify; tab-stops: list 36.0pt;\"><span style=\"font-size: 10pt; font-family: Arial;\"><span style=\"color: #000000;\">D\u00fczenli, makul ve yeterli \u00f6l\u00e7\u00fcde \u00fccretlendirilmi\u015f, kad\u0131n ve erkek i\u00e7in e\u015fit i\u015fe e\u015fit \u00fccrete dayal\u0131 istihdam ko\u015fullar\u0131 sa\u011flayacak toplumsal d\u00fczenlemeleri; formel sekt\u00f6rde sendikalar\u0131n tarihi kazan\u0131mlar\u0131n\u0131n korunmas\u0131n\u0131; sendikalar\u0131n, i\u015f\u00e7i hareketlerinin ve k\u00fcreselle\u015fme kar\u015f\u0131t\u0131 hareketlerin ve onlar\u0131n di\u011fer hareketlerle ba\u011flant\u0131lar\u0131n\u0131n yenilenip g\u00fc\u00e7lendirilmesini; i\u015f kazalar\u0131yla daha s\u0131k kar\u015f\u0131la\u015fan enformel sekt\u00f6r i\u015f\u00e7ilerinin ve g\u00f6\u00e7menlerin sa\u011fl\u0131klar\u0131n\u0131n korunmas\u0131n\u0131 ve ulusal sa\u011fl\u0131k sistemleri ve sigortalar\u0131 arac\u0131l\u0131\u011f\u0131yla herkese sa\u011fl\u0131k hakk\u0131n\u0131n garantilenmesini destekliyoruz. <\/span><\/span><\/li>\n<\/ul>\n<p><span style=\"font-size: 10pt; font-family: Arial;\"><span style=\"color: #000000;\">\u00a0<\/span><\/span><strong><span style=\"font-size: 10pt; font-family: Arial;\"><span style=\"color: #000000;\">Sava\u015f, askerile\u015fme ve \u015fiddet kar\u015f\u0131s\u0131nda sa\u011fl\u0131k hakk\u0131n\u0131 savunmaya<\/span><\/span><\/strong><\/p>\n<ul style=\"margin-top: 0cm;\">\n<li class=\"MsoNormal\" style=\"margin: 5pt 0cm; text-align: justify; tab-stops: list 36.0pt;\"><span style=\"font-size: 10pt; font-family: Arial;\"><span style=\"color: #000000;\">Halk\u0131n Sa\u011fl\u0131\u011f\u0131 Hareketi d\u00fcnya halklar\u0131n\u0131 insan sa\u011fl\u0131\u011f\u0131na, \u00f6zellikle de kad\u0131n ve yoksullar\u0131n sa\u011fl\u0131\u011f\u0131na kar\u015f\u0131 en dolays\u0131z sald\u0131r\u0131 olan sava\u015fa ve askerile\u015fmeye kar\u015f\u0131 \u00e7\u0131kmaya \u00e7a\u011f\u0131r\u0131yor. New York, Madrid ve Londra\u2019daki ter\u00f6r sald\u0131r\u0131lar\u0131 hakl\u0131 say\u0131lmayacak zararlara neden olurken, ABD\u2019nin ba\u015f\u0131n\u0131 \u00e7ekti\u011fi \u201cter\u00f6re kar\u015f\u0131 sava\u015f\u201d do\u011fal kaynaklar\u0131 talan edilmek istenen savunmas\u0131z halklara kar\u015f\u0131 \u00e7ok daha korkun\u00e7, haks\u0131z ve sonu gelmez bir sava\u015f\u0131 beslemektedir. Ayn\u0131 zamanda bu sava\u015flarda milyonlarca insan BM sistemi ve h\u00fck\u00fcmetlerimizin g\u00f6z yummas\u0131yla ac\u0131 \u00e7ekmeye, ya\u015fam hakk\u0131ndan mahrum edilmeye devam ediyor. <\/span><\/span><\/li>\n<li class=\"MsoNormal\" style=\"margin: 5pt 0cm; text-align: justify; tab-stops: list 36.0pt;\"><span style=\"color: #000000;\"><span style=\"font-size: 10pt; font-family: Arial;\">Halk\u0131n Sa\u011fl\u0131\u011f\u0131 Hareketi, ABD\u2019nin Irak ve Afganistan\u2019<\/span><span style=\"font-size: 10pt; font-family: 'Times New Roman TUR';\">\u0131<\/span><span style=\"font-size: 10pt; font-family: Arial;\"> i\u015fgalini sona erdirmeyi hedefleyen k\u00fcresel harekete kat\u0131lmaya devam edecektir. Yabanc\u0131 birlikler derhal s\u0131n\u0131r d\u0131\u015f\u0131 edilmeli ve ABD \u00f6nc\u00fcl\u00fc\u011f\u00fcndeki sava\u015f\u0131n yol a\u00e7t\u0131\u011f\u0131 zararlar tazmin edilmelidir. <\/span><\/span><\/li>\n<li class=\"MsoNormal\" style=\"margin: 5pt 0cm; text-align: justify; tab-stops: list 36.0pt;\"><span style=\"font-size: 10pt; font-family: Arial;\"><span style=\"color: #000000;\">Halk\u0131n Sa\u011fl\u0131\u011f\u0131 Hareketi, Guantanamo K\u00f6rfezi , Irak ve Afganistan\u2019da ABD askerlerinin ve sa\u011fl\u0131k personelinin yapt\u0131\u011f\u0131 i\u015fkencelerin soru\u015fturulmas\u0131 ve Guantanamo K\u00f6rfezi\u2019nde tutulan yabanc\u0131 uyruklular\u0131n tutukluluk haline derhal son verilmesi \u00e7a\u011fr\u0131s\u0131nda bulunmaktad\u0131r. <\/span><\/span><\/li>\n<li class=\"MsoNormal\" style=\"margin: 5pt 0cm; text-align: justify; tab-stops: list 36.0pt;\"><span style=\"font-size: 10pt; font-family: Arial;\"><span style=\"color: #000000;\">Hastane personelinin yasad\u0131\u015f\u0131 tutuklama ve i\u015fkence olaylar\u0131nda g\u00f6rev almay\u0131 reddetmesini talep ediyoruz. ABD ve m\u00fcttefikleri sivil halka, \u00f6zellikle Irak\u2019taki hastane personeline ve kurumlar\u0131na y\u00f6nelik sald\u0131r\u0131lar\u0131yla ilgili olarak Cenevre Konvansiyonlar\u0131 uyar\u0131nca yarg\u0131lanmal\u0131d\u0131r. <\/span><\/span><\/li>\n<li class=\"MsoNormal\" style=\"margin: 5pt 0cm; text-align: justify; tab-stops: list 36.0pt;\"><span style=\"font-size: 10pt; font-family: Arial;\"><span style=\"color: #000000;\">Halk\u0131n Sa\u011fl\u0131\u011f\u0131 Hareketi, BM ve insan haklar\u0131 savunucusu kurulu\u015flar\u0131 Kongo, Sudan, \u00c7e\u00e7enistan ve pek \u00e7ok ba\u015fka yerde s\u00fcr\u00fcp giden \u201c\u00f6rt\u00fcl\u00fc sava\u015f\u201dlarda etkin bir arac\u0131 rol\u00fc oynay\u0131p bu sava\u015flara neden olan toplumsal ve ekonomik ko\u015fullar\u0131n de\u011fi\u015ftirilmesini sa\u011flayacak ekonomik ve toplumsal geli\u015fim programlar\u0131 arac\u0131l\u0131\u011f\u0131yla kal\u0131c\u0131 bar\u0131\u015f\u0131 kurmaya \u00e7a\u011f\u0131r\u0131yor. <\/span><\/span><\/li>\n<li class=\"MsoNormal\" style=\"margin: 5pt 0cm; text-align: justify; tab-stops: list 36.0pt;\"><span style=\"font-size: 10pt; font-family: Arial;\"><span style=\"color: #000000;\">Halk\u0131n Sa\u011fl\u0131\u011f\u0131 Hareketi, \u0130srail\u2019in Filistin\u2019i i\u015fgaline ve yasad\u0131\u015f\u0131 ayr\u0131m duvar\u0131 arkas\u0131nda Filistinli halk\u0131 tecrit eden ve gettola\u015ft\u0131ran politikalar\u0131na kar\u015f\u0131d\u0131r. Bat\u0131 \u015eeria ve Gazze\u2019deki Filistinlilere d\u00f6n\u00fck sa\u011fl\u0131k hakk\u0131 ihlalleri acil \u00f6nlem al\u0131nmas\u0131n\u0131 gerektiren boyutlara ula\u015fm\u0131\u015ft\u0131r. <\/span><\/span><\/li>\n<li class=\"MsoNormal\" style=\"margin: 5pt 0cm; text-align: justify; tab-stops: list 36.0pt;\"><span style=\"font-size: 10pt; font-family: Arial;\"><span style=\"color: #000000;\">Halk\u0131n Sa\u011fl\u0131\u011f\u0131 Hareketi, g\u00fcney Meksika yerli halk\u0131n\u0131n kendi kaderini tayin ve demokrasi yolunda att\u0131\u011f\u0131n ad\u0131mlar\u0131 desteklemekte ve Meksika h\u00fck\u00fcmetini yerlilere kar\u015f\u0131 k\u0131\u015fk\u0131rtt\u0131\u011f\u0131 d\u00fc\u015f\u00fck yo\u011funluklu sava\u015fa son vermeye \u00e7a\u011f\u0131rmaktad\u0131r. <\/span><\/span><\/li>\n<li class=\"MsoNormal\" style=\"margin: 5pt 0cm; text-align: justify; tab-stops: list 36.0pt;\"><span style=\"font-size: 10pt; font-family: Arial;\"><span style=\"color: #000000;\">Halk\u0131n Sa\u011fl\u0131\u011f\u0131 Hareketi, \u015fu anda uyu\u015fturucuyla m\u00fccadele kisvesi alt\u0131nda Kolombiya, Ekvador ve Peru halklar\u0131na kar\u015f\u0131 y\u00fcr\u00fct\u00fclen Kolombiya Plan\u0131 adl\u0131 biyolojik sava\u015f\u0131 k\u0131namaktad\u0131r. Kolombiya Plan\u0131 uluslar aras\u0131 konvansiyonlar\u0131 ihlal etmekte ve hem \u00e7evreye hem de b\u00f6lgedeki insan sa\u011fl\u0131\u011f\u0131na onar\u0131lamayacak zararlar vermektedir. <\/span><\/span><\/li>\n<li class=\"MsoNormal\" style=\"margin: 5pt 0cm; text-align: justify; tab-stops: list 36.0pt;\"><span style=\"font-size: 10pt; font-family: Arial;\"><span style=\"color: #000000;\">Halk\u0131n Sa\u011fl\u0131\u011f\u0131 Hareketi, ABD\u2019yi Vietnam\u2019daki Agent Orange kurbanlar\u0131na kar\u015f\u0131 sorumlulu\u011funu yerine getirip verdi\u011fi zararlar\u0131 tazmin etmeye, Filipinler ve ba\u015fka b\u00f6lgelerde ABD askeri \u00fcslerinin yol a\u00e7t\u0131\u011f\u0131 toksik kirlili\u011fi gidermeye \u00e7a\u011f\u0131rmaktad\u0131r. <\/span><\/span><\/li>\n<\/ul>\n<p><strong><span style=\"font-size: small;\"><span style=\"color: #000000;\"><span style=\"font-family: Times New Roman;\">S\u00fcrd\u00fcr\u00fclebilir, nitelikli, yerel ve ulusal sa\u011fl\u0131k sistemleri ve kapsaml\u0131 temel sa\u011fl\u0131k hizmetleri i\u00e7in m\u00fccadele <\/span><\/span><\/span><\/strong><span style=\"font-size: 10pt; font-family: Arial;\"><span style=\"color: #000000;\">Halk\u0131n Sa\u011fl\u0131\u011f\u0131 Hareketi neo-liberal politikalar\u0131n \u2018kamusal sa\u011fl\u0131k hizmetlerine yat\u0131r\u0131m yap\u0131lmamas\u0131\u2019, \u2018sadece k\u00e2r esas\u0131na dayal\u0131 s\u0131n\u0131rl\u0131 say\u0131da tedavi hizmetlerinin te\u015fviki\u2019, \u2018\u00e7evrenin g\u00f6z ard\u0131 edilmesi\u2019, \u2018sa\u011fl\u0131k i\u015f\u00e7ilerinin kamudan \u00f6zel sekt\u00f6re oradan da zengin \u00fclkelere g\u00f6\u00e7 etmesi\u2019 ve \u2018pek \u00e7ok \u00fclkede \u00f6zellikle de Afrika\u2019da kamusal sa\u011fl\u0131k hizmetlerinin tasfiyesine paralel olarak HIV\/AIDS vakalar\u0131n\u0131n m\u00fctemadiyen artmas\u0131\u2019 gibi sonu\u00e7lar\u0131 oldu\u011funu kabul eder.<\/span><\/span><strong><span style=\"font-size: 10pt; font-family: Arial;\"><span style=\"color: #000000;\">Halk\u0131n Sa\u011fl\u0131\u011f\u0131 Hareketi, h\u00fck\u00fcmetleri a\u015fa\u011f\u0131da s\u0131ralanan talepleri yerine getirmeye \u00e7a\u011f\u0131r\u0131r.<\/span><\/span><\/strong><\/p>\n<ul style=\"margin-top: 0cm;\">\n<li class=\"MsoNormal\" style=\"margin: 5pt 0cm; text-align: justify; tab-stops: list 36.0pt;\"><span style=\"font-size: 10pt; font-family: Arial;\"><span style=\"color: #000000;\">Toplumsal fayda ve kapsay\u0131c\u0131l\u0131k ilkeleriyle \u00f6rg\u00fctlenen, ilgili yan sekt\u00f6rleri de kapsayan ve yasalarla desteklenen Temel Sa\u011fl\u0131k Hizmetleri programlar\u0131 geli\u015ftirilsin. <\/span><\/span><\/li>\n<li class=\"MsoNormal\" style=\"margin: 5pt 0cm; text-align: justify; tab-stops: list 36.0pt;\"><span style=\"font-size: 10pt; font-family: Arial;\"><span style=\"color: #000000;\">Herkesin sa\u011fl\u0131k hakk\u0131na sayg\u0131 g\u00f6sterilmesi ve bu hakk\u0131n g\u00fcvence alt\u0131na al\u0131nmas\u0131 i\u00e7in sa\u011fl\u0131kl\u0131 ya\u015fam ve \u00e7al\u0131\u015fma ko\u015fullar\u0131 sa\u011flans\u0131n. <\/span><\/span><\/li>\n<li class=\"MsoNormal\" style=\"margin: 5pt 0cm; text-align: justify; tab-stops: list 36.0pt;\"><span style=\"font-size: 10pt; font-family: Arial;\"><span style=\"color: #000000;\">Her \u00fclkede genel sa\u011fl\u0131k hizmetleri harcamalar\u0131n\u0131 finanse edecek ulusal \u00f6l\u00e7ekli mekanizmalar olu\u015fturulup uygulans\u0131n (kamu sa\u011fl\u0131\u011f\u0131 harcamalar\u0131 t\u00fcm b\u00fct\u00e7enin, \u00f6zellikle Afrika da en az %15\u2019i olacak bi\u00e7imde) bu yolla t\u00fcm n\u00fcfusun korunmas\u0131n\u0131 sa\u011flans\u0131n. <\/span><\/span><\/li>\n<li class=\"MsoNormal\" style=\"margin: 5pt 0cm; text-align: justify; tab-stops: list 36.0pt;\"><span style=\"font-size: 10pt; font-family: Arial;\"><span style=\"color: #000000;\">Sa\u011fl\u0131k \u0130\u00e7in \u0130nsan Kaynaklar\u0131\u2019n\u0131n (SIIK) krizine kar\u015f\u0131: sa\u011fl\u0131k emek\u00e7ilerinin \u00e7al\u0131\u015fma ko\u015fullar\u0131 iyile\u015ftirilsin, e\u011fitimleri sa\u011flans\u0131n ve dan\u0131\u015fmanl\u0131k hizmeti sunulsun, personel al\u0131m\u0131nda uygulanacak Uluslar aras\u0131 bir meslek eti\u011fi ilkesi uygulans\u0131n, sa\u011fl\u0131k emek\u00e7isi g\u00f6\u00e7\u00fc veren \u00fclkelere maddi tazminat \u00f6densin, diasporadaki sa\u011fl\u0131k emek\u00e7ilerinin geri d\u00f6n\u00fc\u015f\u00fc ve yeniden adaptasyonu sa\u011flans\u0131n ve SIIK i\u00e7in k\u00fcresel bir fon kurulsun. <\/span><\/span><\/li>\n<li class=\"MsoNormal\" style=\"margin: 5pt 0cm; text-align: justify; tab-stops: list 36.0pt;\"><span style=\"font-size: 10pt; font-family: Arial;\"><span style=\"color: #000000;\">HIV konusunda yayg\u0131n bilin\u00e7lendirme faaliyetleri y\u00fcr\u00fct\u00fcls\u00fcn; serbest test olanaklar\u0131, korunma i\u00e7in yeterli ve adil bilgi eri\u015fimi, sa\u011fl\u0131k ve sosyal hizmetler de dahil kapsaml\u0131 g\u00fcvenceler sa\u011flans\u0131n. <\/span><\/span><\/li>\n<\/ul>\n<p><span style=\"font-size: 10pt; font-family: Arial;\"><span style=\"color: #000000;\">\u00a0<\/span><\/span><span style=\"font-size: 10pt; font-family: Arial;\"><span style=\"color: #000000;\">Halk\u0131n Sa\u011fl\u0131\u011f\u0131 Hareketi D\u00fcnya Sa\u011fl\u0131k \u00d6rg\u00fct\u00fc\u2019n\u00fc yukar\u0131da say\u0131lan talepleri ulusal h\u00fck\u00fcmetlerin bir y\u00fck\u00fcml\u00fcl\u00fc\u011f\u00fc olarak savunmaya ve desteklemeye, ulusal h\u00fck\u00fcmetlerin toplumsal politikalar\u0131n\u0131 k\u00f6t\u00fc y\u00f6nde etkileyen k\u00fcresel, b\u00f6lgesel ve ulusal d\u00fczeylerdeki ekonomik ve politik engellerin ortadan kald\u0131r\u0131lmas\u0131 i\u00e7in \u00e7al\u0131\u015fmaya \u00e7a\u011f\u0131rmaktad\u0131r.<\/span><\/span><span style=\"font-size: 10pt; font-family: Arial;\"><span style=\"color: #000000;\">Halk\u0131n Sa\u011fl\u0131\u011f\u0131 Hareketi, halk\u0131, sa\u011fl\u0131kta e\u015fitli\u011fi savunacak, sorumluluk alabilecek ve h\u00fck\u00fcmetleri denetleyebilecek duruma getirmek i\u00e7in politika \u00fcretme s\u00fcre\u00e7leri ve mali konularda bilin\u00e7lendirmeyi s\u00fcrd\u00fcrecektir. Halk\u0131n Sa\u011fl\u0131\u011f\u0131 Hareketi b\u00f6ylesi bir yakla\u015f\u0131m\u0131 destekleyecek somut bir zemin olu\u015fturmak i\u00e7in (\u201cSa\u011fl\u0131k i\u00e7in Halklar\u0131n Ferman\u0131\u201dn\u0131n olumlu deneyimlerini kendi i\u00e7inde olu\u015fturmak i\u00e7in) hareket edecektir.<\/span><\/span><span style=\"font-size: 10pt; font-family: Arial;\"><span style=\"color: #000000;\">Son olarak, Halk\u0131n Sa\u011fl\u0131\u011f\u0131 Hareketi olarak bizi Herkes \u0130\u00e7in Sa\u011fl\u0131k fikrine yak\u0131nla\u015ft\u0131ran ve bizi bu y\u00f6nde y\u00fcreklendirip esin veren Venez\u00fcella ve K\u00fcba\u2019daki g\u00fc\u00e7l\u00fc toplumsal adalet yakla\u015f\u0131m\u0131n\u0131 destekliyor ve selaml\u0131yoruz.<\/span><\/span><strong><span style=\"font-size: 10pt; font-family: Arial;\"><span style=\"color: #000000;\">\u00a0<\/span><\/span><\/strong><strong><span style=\"font-size: 10pt; font-family: Arial;\"><span style=\"color: #000000;\">Halk\u0131n Sa\u011fl\u0131\u011f\u0131 Hareketinin B\u00fcy\u00fcmesini Destekleyin<\/span><\/span><\/strong><span style=\"font-size: 10pt; font-family: Arial;\"><span style=\"color: #000000;\">Halk\u0131n Sa\u011fl\u0131\u011f\u0131 Hareketi hem bir a\u011fd\u0131r hem de i\u00e7inde t\u00fcm d\u00fcnyada Sa\u011fl\u0131k Hakk\u0131 i\u00e7in m\u00fccadele veren bireysel ve kurumsal hareketlerin yer ald\u0131\u011f\u0131 daha geni\u015f bir hatt\u0131 g\u00fc\u00e7lendirmeyi misyon edinen bir harekettir. Sa\u011fl\u0131k i\u00e7in Halklar\u0131n Ferman\u0131\u2019n\u0131 kabul etmekte, HSH \u00e7al\u0131\u015fmalar\u0131n\u0131 ilerletme konusunda etkin rol \u00fcstlenen \u00e7e\u015fitli ulusal \u00f6l\u00e7ekli hareketleri ve spesifik bir konu etraf\u0131nda birle\u015fmi\u015f \u00e7evreleri kapsamaktad\u0131r. HSH\u2019nin bu \u00e7ekirdek kadrosunun yan\u0131 s\u0131ra pek \u00e7ok HSH dostu ve her d\u00fczeyde kurumsal orta\u011f\u0131 da vard\u0131r. <\/span><\/span><span style=\"font-size: 10pt; font-family: Arial;\"><span style=\"color: #000000;\">Ba\u015fka bir d\u00fcnya m\u00fcmk\u00fcnd\u00fcr- ve i\u015fte ba\u015fka bir d\u00fcnya i\u00e7in stratejilerimiz!<\/span><\/span><span style=\"font-size: 10pt; font-family: Arial;\"><span style=\"color: #000000;\">Bu deklarasyon d\u00fcnyadaki t\u00fcm sa\u011fl\u0131k aktivistlerini halklar\u0131n sa\u011fl\u0131\u011f\u0131n\u0131 savunmak i\u00e7in \u00f6rg\u00fctlenmeye, etkile\u015fime, sa\u011fl\u0131k hakk\u0131n\u0131 savunmaya, ara\u015ft\u0131rmaya ve e\u011fitime \u00e7a\u011f\u0131r\u0131yor.<\/span><\/span><strong><span style=\"font-size: 10pt; font-family: Arial;\"><span style=\"color: #000000;\">\u00a0<\/span><\/span><\/strong><strong><span style=\"font-size: 10pt; font-family: Arial;\"><span style=\"color: #000000;\">Halk\u0131n Sa\u011fl\u0131\u011f\u0131 Hareketi,<\/span><\/span><\/strong><\/p>\n<ul style=\"margin-top: 0cm;\">\n<li class=\"MsoNormal\" style=\"margin: 5pt 0cm; text-align: justify; tab-stops: list 36.0pt;\"><span style=\"font-size: 10pt; font-family: Arial;\"><span style=\"color: #000000;\">Hem bireysel hem de toplumsal haklar i\u00e7eren sa\u011fl\u0131k hakk\u0131 i\u00e7in \u00e7al\u0131\u015fmalar yapacak, <\/span><\/span><\/li>\n<li class=\"MsoNormal\" style=\"margin: 5pt 0cm; text-align: justify; tab-stops: list 36.0pt;\"><span style=\"font-size: 10pt; font-family: Arial;\"><span style=\"color: #000000;\">Hem b\u00f6lgesel hem de k\u00fcresel koordinasyonlar\u0131n\u0131 g\u00fc\u00e7lendirip, daha geli\u015fkin \u00e7al\u0131\u015fma metodlar\u0131 i\u00e7in m\u00fccadeleyi s\u00fcrd\u00fcrecek. Her d\u00fczeyden eylemcinin fikirlerinin \u00f6nemsendi\u011fini g\u00f6rmesi i\u00e7in kat\u0131l\u0131mc\u0131 ve saydam k\u00e2rar alma mekanizmas\u0131n\u0131 geli\u015ftirmeyi s\u00fcrd\u00fcrecek. <\/span><\/span><\/li>\n<li class=\"MsoNormal\" style=\"margin: 5pt 0cm; text-align: justify; tab-stops: list 36.0pt;\"><span style=\"font-size: 10pt; font-family: Arial;\"><span style=\"color: #000000;\">HSH Uluslararas\u0131 Halk Sa\u011fl\u0131\u011f\u0131 \u00dcniversitesinin a\u00e7\u0131l\u0131\u015f\u0131n\u0131 kutlar. Bu \u00fcniversite sa\u011fl\u0131k eylemcileri i\u00e7in, d\u00fcnyadan se\u00e7ilmi\u015f baz\u0131 \u00fcniversiteler ve yerel HSH\u2019lerin ortakla\u015fa e\u011fitim verece\u011fi ve bir okul olacak. <\/span><\/span><\/li>\n<li class=\"MsoNormal\" style=\"margin: 5pt 0cm; text-align: justify; tab-stops: list 36.0pt;\"><span style=\"font-size: 10pt; font-family: Arial;\"><span style=\"color: #000000;\">Sa\u011fl\u0131k hizmetlerinde biyomedikal paradigmalar\u0131n hakimiyetine kar\u015f\u0131 m\u00fccadele edecek, e\u011fitim kurumlar\u0131 ile ili\u015fkide olacak, halk eksenli kapsay\u0131c\u0131 SHF stratejileri geli\u015ftirecek ve sa\u011fl\u0131k emek\u00e7ilerini bu y\u00f6nde e\u011fitecek. <\/span><\/span><\/li>\n<li class=\"MsoNormal\" style=\"margin: 5pt 0cm; text-align: justify; tab-stops: list 36.0pt;\"><span style=\"font-size: 10pt; font-family: Arial;\"><span style=\"color: #000000;\">\u0130\u00e7inde, ayd\u0131nlar\u0131n yerel eylemcilerin etkinliklerini ve m\u00fccadelelerini destekleyebilecekleri bir forum haline gelecektir. <\/span><\/span><\/li>\n<li class=\"MsoNormal\" style=\"margin: 5pt 0cm; text-align: justify; tab-stops: list 36.0pt;\"><span style=\"font-size: 10pt; font-family: Arial;\"><span style=\"color: #000000;\">Perspektifini yaymas\u0131 ve eylemlerini halka duyurmas\u0131 i\u00e7in medya ile yeni bir ili\u015fki bi\u00e7imi geli\u015ftirecek. <\/span><\/span><\/li>\n<li class=\"MsoNormal\" style=\"margin: 5pt 0cm; text-align: justify; tab-stops: list 36.0pt;\"><span style=\"font-size: 10pt; font-family: Arial;\"><span style=\"color: #000000;\">Halkla daha yak\u0131n ve derin ili\u015fkiler kurmak i\u00e7in ileti\u015fim stratejilerini g\u00fc\u00e7lendirecek. <\/span><\/span><\/li>\n<li class=\"MsoNormal\" style=\"margin: 5pt 0cm; text-align: justify; tab-stops: list 36.0pt;\"><span style=\"font-size: 10pt; font-family: Arial;\"><span style=\"color: #000000;\">Bildirilerini m\u00fcmk\u00fcn oldu\u011funca iki ya da daha fazla dile \u00e7evirecek, merkezi ve b\u00f6lgesel\/ulusal web sitesi ortakl\u0131klar\u0131 kuracak, y\u0131lda 4 kez yay\u0131nlanacak ve ba\u015fka dillere de \u00e7evrilecek bir b\u00fclten \u00e7\u0131karacak. <\/span><\/span><\/li>\n<\/ul>\n<p><span style=\"font-size: 10pt; font-family: Arial;\"><span style=\"color: #000000;\">\u00a0<\/span><\/span><strong><span style=\"font-size: 10pt; font-family: Arial;\"><span style=\"color: #000000;\">Halk\u0131n Sa\u011fl\u0131\u011f\u0131 Hareketinin \u00f6n\u00fcm\u00fczdeki \u00fc\u00e7 y\u0131l i\u00e7in stratejileri \u00f6zetle \u015funlard\u0131r:<\/span><\/span><\/strong><\/p>\n<ul style=\"margin-top: 0cm;\">\n<li class=\"MsoNormal\" style=\"margin: 5pt 0cm; text-align: justify; tab-stops: list 36.0pt;\"><span style=\"font-size: 10pt; font-family: Arial;\"><span style=\"color: #000000;\">HSH, co\u011frafi \u00e7eperlerine taktiksel olarak hangi konularda yo\u011funla\u015f\u0131laca\u011f\u0131na dair rehberlik ederek ve bilgi aktarmak suretiyle yerel, ulusal ve k\u00fcresel hareketler aras\u0131nda ba\u011f kuracak. <\/span><\/span><\/li>\n<li class=\"MsoNormal\" style=\"margin: 5pt 0cm; text-align: justify; tab-stops: list 36.0pt;\"><span style=\"font-size: 10pt; font-family: Arial;\"><span style=\"color: #000000;\">Kapsay\u0131c\u0131 temel sa\u011fl\u0131k hizmetleri programlar\u0131n\u0131n etkin ve s\u00fcrd\u00fcr\u00fclebilir olmas\u0131 i\u00e7in temel olan bilgilerin toplanmas\u0131, analizi ve yay\u0131lmas\u0131 da dahil Ferman\u2019da yer alan ilkelerle ilgili temel konularda ara\u015ft\u0131rma sonu\u00e7lar\u0131 derlemek, belgelemek ve yaymak i\u015fini \u00fcstlenecek. <\/span><\/span><\/li>\n<li class=\"MsoNormal\" style=\"margin: 5pt 0cm; text-align: justify; tab-stops: list 36.0pt;\"><span style=\"font-size: 10pt; font-family: Arial;\"><span style=\"color: #000000;\">G\u00fcn\u00fcm\u00fcz\u00fcn yak\u0131c\u0131 sa\u011fl\u0131k sorunlar\u0131 konusunda bilin\u00e7lendirme faaliyetlerini s\u00fcrd\u00fcrecek, egemenlerin yanl\u0131\u015f iddialar\u0131, yarg\u0131lar\u0131 ve sloganlar\u0131n\u0131 de\u015fifre edecek, bu konuda halk\u0131 bilin\u00e7lendirecektir. <\/span><\/span><\/li>\n<li class=\"MsoNormal\" style=\"margin: 5pt 0cm; text-align: justify; tab-stops: list 36.0pt;\"><span style=\"font-size: 10pt; font-family: Arial;\"><span style=\"color: #000000;\">Taban organizasyonlar\u0131 ve topluluklar\u0131yla i\u015fbirli\u011fi i\u00e7inde \u00e7al\u0131\u015f\u0131p m\u00fccadelelerini desteklemeye y\u00f6nelik ortak \u00e7al\u0131\u015fmalar yapacakt\u0131r. <\/span><\/span><\/li>\n<li class=\"MsoNormal\" style=\"margin: 5pt 0cm; text-align: justify; tab-stops: list 36.0pt;\"><span style=\"font-size: 10pt; font-family: Arial;\"><span style=\"color: #000000;\">Kazan\u0131lm\u0131\u015f haklar\u0131 savunacak; yerel, ulusal ve uluslar aras\u0131 d\u00fczeylerde Sa\u011fl\u0131k ve G\u00fcvence Hakk\u0131n\u0131 elde etmeye y\u00f6nelik giri\u015fimleri destekleyecektir. <\/span><\/span><\/li>\n<li class=\"MsoNormal\" style=\"margin: 5pt 0cm; text-align: justify; tab-stops: list 36.0pt;\"><span style=\"font-size: 10pt; font-family: Arial;\"><span style=\"color: #000000;\">HSH ezilenler, afetzedeler ve \u00e7at\u0131\u015fma ma\u011fdurlar\u0131yla uluslar aras\u0131 dayan\u0131\u015fma kurmak i\u00e7in durmaks\u0131z\u0131n \u00e7al\u0131\u015facakt\u0131r. <\/span><\/span><\/li>\n<li class=\"MsoNormal\" style=\"margin: 5pt 0cm; text-align: justify; tab-stops: list 36.0pt;\"><span style=\"font-size: 10pt; font-family: Arial;\"><span style=\"color: #000000;\">\u00d6zellikle bor\u00e7lar\u0131n iptali, ekonomik dayatmalar\u0131n kald\u0131r\u0131lmas\u0131 ve adil bir uluslar aras\u0131 vergi rejiminin kurulmas\u0131n\u0131 destekleyerek ekonomik adalet m\u00fccadelesinde egemen g\u00fc\u00e7lere kar\u015f\u0131 koyacakt\u0131r. <\/span><\/span><\/li>\n<li class=\"MsoNormal\" style=\"margin: 5pt 0cm; text-align: justify; tab-stops: list 36.0pt;\"><span style=\"font-size: 10pt; font-family: Arial;\"><span style=\"color: #000000;\">HSH, t\u00fcm \u00e7al\u0131\u015fmalar\u0131nda k\u00fclt\u00fcrel ve manevi pratikleri de kapsayacakt\u0131r. <\/span><\/span><\/li>\n<li class=\"MsoNormal\" style=\"margin: 5pt 0cm; text-align: justify; tab-stops: list 36.0pt;\"><span style=\"font-size: 10pt; font-family: Arial;\"><span style=\"color: #000000;\">HSH, k\u00e2rar alma s\u00fcre\u00e7lerini etkilemek i\u00e7in ulusal h\u00fck\u00fcmetlerle, BM ve di\u011fer ulusal ve uluslararas\u0131 kurulu\u015flarla \u00e7al\u0131\u015facakt\u0131r. <\/span><\/span><\/li>\n<\/ul>\n<p><span style=\"font-size: 10pt; font-family: Arial;\"><span style=\"color: #000000;\">Halk\u0131n Sa\u011fl\u0131\u011f\u0131 Hareketi d\u00fcnyay\u0131 de\u011fi\u015ftirebilir. Herkes \u0130\u00e7in Sa\u011fl\u0131k ilkesini i\u00e7eren ba\u015fka bir D\u00fcnya M\u00fcmk\u00fcnd\u00fcr. Sa\u011fl\u0131\u011f\u0131n bir hak oldu\u011fu, neo-liberal g\u00fc\u00e7lerin etkisinden kurtuldu\u011fu bir d\u00fcnya talep etmeli ve bunun i\u00e7in m\u00fccadele etmeliyiz.<\/span><\/span><span style=\"font-size: 10pt; font-family: Arial;\"><span style=\"color: #000000;\">Herkes \u0130\u00e7in Sa\u011fl\u0131k, \u015eimdi! diyen Halk\u0131n Sa\u011fl\u0131\u011f\u0131 \u0130mza Kampanyas\u0131n\u0131 destekleyin ve imza verin, yerel HSH grubunuza kat\u0131l\u0131n ve yeni kampanyalara ve eylemlere destek verin.<\/span><\/span><strong><span style=\"font-size: 10pt; font-family: Arial;\"><span style=\"color: #000000;\">\u00a0<\/span><\/span><\/strong><\/p>\n<p><span style=\"color: #000000;\"><strong><span style=\"font-size: 10pt; font-family: Arial;\">Cuenca, Ekvador\u00a0\u00a0\u00a0 <\/span><\/strong><\/span><span style=\"font-size: 10pt; font-family: Arial;\"><span style=\"color: #000000;\">22 Temmuz 2005<\/span><\/span><\/p>\n<p><span style=\"font-size: 10pt; font-family: Arial;\"><span style=\"color: #000000;\">\u00c7eviren: Mine K\u0131l\u0131\u00e7aslan <\/span><\/span><span style=\"font-family: Times New Roman; color: #000000; font-size: small;\">\u00a0<\/span><\/p>\n","protected":false},"excerpt":{"rendered":"<p>Sa\u011fl\u0131k bir insanl\u0131k hakk\u0131d\u0131r. Halk\u0131n sa\u011fl\u0131k gereksinimlerini, kar amac\u0131 i\u00e7in s\u00f6m\u00fcr\u00fclmesine kar\u015f\u0131 durmak i\u00e7in d\u00fcnyan\u0131n 82 \u00fclkesinden gelen 1492 ki\u015fi&#46;&#46;&#46;<\/p>\n","protected":false},"author":14,"featured_media":0,"comment_status":"closed","ping_status":"closed","sticky":false,"template":"","format":"standard","meta":{"_jetpack_memberships_contains_paid_content":false,"footnotes":""},"categories":[46],"tags":[],"class_list":["post-2769","post","type-post","status-publish","format-standard","hentry","category-ecz-mustafa-turunc"],"aioseo_notices":[],"jetpack_featured_media_url":"","jetpack_sharing_enabled":true,"jetpack-related-posts":[],"_links":{"self":[{"href":"http:\/\/www.ced.org.tr\/index.php?rest_route=\/wp\/v2\/posts\/2769","targetHints":{"allow":["GET"]}}],"collection":[{"href":"http:\/\/www.ced.org.tr\/index.php?rest_route=\/wp\/v2\/posts"}],"about":[{"href":"http:\/\/www.ced.org.tr\/index.php?rest_route=\/wp\/v2\/types\/post"}],"author":[{"embeddable":true,"href":"http:\/\/www.ced.org.tr\/index.php?rest_route=\/wp\/v2\/users\/14"}],"replies":[{"embeddable":true,"href":"http:\/\/www.ced.org.tr\/index.php?rest_route=%2Fwp%2Fv2%2Fcomments&post=2769"}],"version-history":[{"count":2,"href":"http:\/\/www.ced.org.tr\/index.php?rest_route=\/wp\/v2\/posts\/2769\/revisions"}],"predecessor-version":[{"id":4235,"href":"http:\/\/www.ced.org.tr\/index.php?rest_route=\/wp\/v2\/posts\/2769\/revisions\/4235"}],"wp:attachment":[{"href":"http:\/\/www.ced.org.tr\/index.php?rest_route=%2Fwp%2Fv2%2Fmedia&parent=2769"}],"wp:term":[{"taxonomy":"category","embeddable":true,"href":"http:\/\/www.ced.org.tr\/index.php?rest_route=%2Fwp%2Fv2%2Fcategories&post=2769"},{"taxonomy":"post_tag","embeddable":true,"href":"http:\/\/www.ced.org.tr\/index.php?rest_route=%2Fwp%2Fv2%2Ftags&post=2769"}],"curies":[{"name":"wp","href":"https:\/\/api.w.org\/{rel}","templated":true}]}}