{"id":2772,"date":"2007-11-13T12:36:04","date_gmt":"2007-11-13T10:36:04","guid":{"rendered":"http:\/\/www.ced.org.tr\/?p=2772"},"modified":"2014-05-21T01:34:27","modified_gmt":"2014-05-20T22:34:27","slug":"ilac-eczane-disinda-satilabilir-mi-2","status":"publish","type":"post","link":"http:\/\/www.ced.org.tr\/?p=2772","title":{"rendered":"\u0130LA\u00c7 ECZANE DI\u015eINDA SATILAB\u0130L\u0130R M\u0130 ?.."},"content":{"rendered":"<p class=\"MsoNormal\" style=\"margin: 0cm 0cm 0pt\"><span style=\"font-family: Times New Roman; color: #000000; font-size: small;\">\u00a0\u00a0\u00a0\u00a0 Burada sorgulanmak istenen ilac\u0131n yasal anlamda sat\u0131\u015f\u0131n\u0131n yap\u0131l\u0131p yap\u0131lamayaca\u011f\u0131!.. Yoksa<span>\u00a0 <\/span>yasad\u0131\u015f\u0131 olarak, bakkal , market ,b\u00fcfe hatta benzin istasyonlar\u0131nda bile baz\u0131 analjezik ve antigribal ila\u00e7lar\u0131n sat\u0131ld\u0131\u011f\u0131n\u0131 hepimiz biliyoruz. Kahvehanelerde grip \u00e7ay\u0131 diye hot po\u015fetlerin m\u00fc\u015fterilere sunuldu\u011fu, seyahatlerde yolculara ila\u00e7 ikramlar\u0131n\u0131n yap\u0131ld\u0131\u011f\u0131 bir ger\u00e7ek. Ve s\u00f6z konusu yasa d\u0131\u015f\u0131l\u0131\u011f\u0131 k\u00f6k\u00fcnden kurutmak m\u00fcmk\u00fcnken hi\u00e7bir g\u00fc\u00e7 bunu engelleyememekte. Bu ger\u00e7e\u011fin alt\u0131n\u0131 \u00e7izerek isterseniz biz as\u0131l konumuza d\u00f6nelim.<\/span><\/p>\n<p><span style=\"font-family: Times New Roman; color: #000000; font-size: small;\">\u00a0<\/span><\/p>\n<p class=\"MsoNormal\" style=\"margin: 0cm 0cm 0pt\"><span style=\"font-size: small;\"><span style=\"color: #000000;\"><span style=\"font-family: Times New Roman;\"><span>\u00a0\u00a0\u00a0\u00a0 <\/span>Konumuz ; \u0130la\u00e7 eczane d\u0131\u015f\u0131nda yasal olarak sat\u0131labilir mi ?.. Bir eczac\u0131 olarak verece\u011fim cevap sizleri \u015fa\u015f\u0131rtmas\u0131n\u2026 \u0130la\u00e7 eczane d\u0131\u015f\u0131nda bal gibi sat\u0131labilir !&#8230; sa\u011fl\u0131\u011fa ve ilaca nas\u0131l ve nereden bakt\u0131\u011f\u0131n\u0131za ba\u011fl\u0131 olan bir olgu.<\/span><\/span><\/span><\/p>\n<p><span style=\"font-family: Times New Roman; color: #000000; font-size: small;\">\u00a0<\/span><\/p>\n<p class=\"MsoNormal\" style=\"margin: 0cm 0cm 0pt\"><span style=\"font-size: small;\"><span style=\"color: #000000;\"><span style=\"font-family: Times New Roman;\"><span>\u00a0\u00a0\u00a0 <\/span>Sa\u011fl\u0131\u011f\u0131 , bireyin do\u011fu\u015ftan kazan\u0131lm\u0131\u015f bir hakk\u0131 olarak g\u00f6r\u00fcp , sosyal devlet kavram\u0131 i\u00e7inde sa\u011fl\u0131k hizmetlerinin paras\u0131z , e\u015fit olarak devlet taraf\u0131ndan sunulmas\u0131n\u0131 talep ediyor. \u0130lac\u0131da , yerine ikamesi m\u00fcmk\u00fcn olmayan ve sa\u011fl\u0131k hizmetlerinin \u00f6nemli bir par\u00e7as\u0131 sosyal bir \u00fcr\u00fcn olarak g\u00f6r\u00fcyor ve bu talep ve tan\u0131m\u0131n\u0131z\u0131 siyasi iktidarlar\u0131n sa\u011fl\u0131k politikalar\u0131nda onaylat\u0131yorsan\u0131z. Hi\u00e7 tart\u0131\u015fmaya gerek yok ; \u0130la\u00e7 eczanede eczac\u0131 taraf\u0131ndan hastaya sunulmas\u0131 gereken bir hizmettir. Aksini d\u00fc\u015f\u00fcnmek abesle i\u015ftigaldir. <\/span><\/span><\/span><\/p>\n<p><span style=\"font-family: Times New Roman; color: #000000; font-size: small;\">\u00a0<\/span><\/p>\n<p class=\"MsoNormal\" style=\"margin: 0cm 0cm 0pt\"><span style=\"font-size: small;\"><span style=\"color: #000000;\"><span style=\"font-family: Times New Roman;\"><span>\u00a0\u00a0\u00a0 <\/span>Ancak<span>\u00a0 <\/span>g\u00f6r\u00fcl\u00fcyor ki , ila\u00e7 eczane d\u0131\u015f\u0131nda sat\u0131labilir mi ? sorusu Toplum Sa\u011fl\u0131\u011f\u0131 Kurultay\u0131n\u0131n oturum konusu oluyor ve bizler bunu burada tart\u0131\u015facaksak ortada bir s\u0131k\u0131nt\u0131 ve tehlikenin oldu\u011fu apa\u00e7\u0131k meydanda .<\/span><\/span><\/span><\/p>\n<p><span style=\"font-family: Times New Roman; color: #000000; font-size: small;\">\u00a0<\/span><\/p>\n<p class=\"MsoNormal\" style=\"margin: 0cm 0cm 0pt\"><span style=\"font-size: small;\"><span style=\"color: #000000;\"><span style=\"font-family: Times New Roman;\"><span>\u00a0\u00a0\u00a0 <\/span>T\u00fcm d\u00fcnyada kapitalizmin ya\u015fad\u0131\u011f\u0131 krizi atlatmas\u0131 ile ilgili her alanda uygulamaya konulan neo-liberal uygulamalar \u00fclkemizde de<span>\u00a0 <\/span>bir-bir hayata ge\u00e7irilmeye ba\u015fland\u0131. Sa\u011fl\u0131k alan\u0131 da s\u00f6z konusu sald\u0131r\u0131lara hedef olan bir alan. 1980 lerden bug\u00fcne kadar siyasi iktidarlar de\u011fi\u015fse de sa\u011fl\u0131\u011f\u0131n piyasaya a\u00e7\u0131lma \u00e7abalar\u0131 aral\u0131ks\u0131z s\u00fcrd\u00fcr\u00fcl\u00fcyor. Gelen iktidara g\u00f6re ad\u0131 de\u011fi\u015fse de amac\u0131 ve ruhu hi\u00e7 de\u011fi\u015fmedi. Kimi zaman ad\u0131na reform dendi. Kimi zaman de\u011fi\u015fim , \u015fimdilerde de D\u00f6n\u00fc\u015f\u00fcm deniyor. Ad\u0131na ne denirse densin , Sa\u011fl\u0131k Alan\u0131 yap\u0131sal de\u011fi\u015fikliklerle serbest piyasa ko\u015fullar\u0131na terk edilmeye ba\u015fland\u0131. Mevcut AKP iktidar\u0131 da parlamentodan ald\u0131\u011f\u0131 g\u00fc\u00e7le Sa\u011fl\u0131kta D\u00f6n\u00fc\u015f\u00fcm program\u0131n\u0131 neredeyse noktalayacak. <\/span><\/span><\/span><\/p>\n<p><span style=\"font-family: Times New Roman; color: #000000; font-size: small;\">\u00a0<\/span><\/p>\n<p class=\"MsoNormal\" style=\"margin: 0cm 0cm 0pt\"><span style=\"font-size: small;\"><span style=\"color: #000000;\"><span style=\"font-family: Times New Roman;\"><span>\u00a0\u00a0\u00a0 <\/span>Sa\u011fl\u0131k alan\u0131 sermaye i\u00e7in kar edilen bir alan haline d\u00f6n\u00fc\u015ft\u00fcr\u00fcl\u00fcnce , \u0130la\u00e7 ta bu uygulamalardan nasibini ald\u0131. Burada bir eczac\u0131 olarak \u00f6zele\u015ftiri yapmam laz\u0131m. 80 lerden itibaren ba\u015flayan sald\u0131r\u0131lar kar\u015f\u0131s\u0131nda , kimi eczac\u0131 \u00f6rg\u00fctleri en ba\u015f\u0131nda da \u0130stanbul eczac\u0131 odas\u0131 tepki ve kar\u015f\u0131 duru\u015funu sergilese de eczac\u0131 taban\u0131 olarak uzun s\u00fcre tepkisiz kald\u0131k\u2026 Ta ki ucu bize dokunana kadar. \u00d6ng\u00f6r\u00fcl\u00fc olamad\u0131k !.. Sald\u0131r\u0131larda ilk hedef biz de\u011fildik san\u0131r\u0131m bunun etkisi var\u2026 Neden ilk hedef biz de\u011fildik ?.. \u00c7\u00fcnk\u00fc , eczane yap\u0131lar\u0131na bak\u0131ld\u0131\u011f\u0131nda ilk etapta bu yap\u0131lar kapitalizm i\u00e7in sak\u0131ncas\u0131 olmayan uygun model ve yap\u0131lard\u0131. \u0130la\u00e7 alan\u0131 yo\u011funluklu olarak devletin d\u0131\u015f\u0131nda , serbest piyasa mant\u0131\u011f\u0131 i\u00e7inde eczaneler taraf\u0131ndan kontrol edilen bir aland\u0131. Ve do\u011fal olarak ilk sald\u0131r\u0131 bize de\u011fildi. \u0130lk ama\u00e7 , sa\u011fl\u0131k alan\u0131nda devletin sundu\u011fu hizmeti sermayeye a\u00e7mak ve devletin bu alandaki varl\u0131\u011f\u0131n\u0131 en aza indirmekti. Bununla ilgili \u00f6zel hastane giri\u015fimcilerine inan\u0131lmaz te\u015fvikler verildi. Kamu hastaneleri k\u00f6reltildi. Sa\u011fl\u0131k \u00e7al\u0131\u015fanlar\u0131n\u0131n \u00f6zl\u00fck haklar\u0131 budand\u0131. Bunlara paralel olarak \u00f6zel sa\u011fl\u0131k sigortac\u0131l\u0131\u011f\u0131 sistemi geli\u015ftirilmeye ba\u015fland\u0131.<\/span><\/span><\/span><\/p>\n<p><span style=\"font-family: Times New Roman; color: #000000; font-size: small;\">\u00a0<\/span><\/p>\n<p class=\"MsoNormal\" style=\"margin: 0cm 0cm 0pt\"><span style=\"font-size: small;\"><span style=\"color: #000000;\"><span style=\"font-family: Times New Roman;\"><span>\u00a0\u00a0\u00a0 <\/span>1995 lerden sonra yava\u015f ,yava\u015f s\u0131ra ilaca gelmeye ba\u015flad\u0131. Global sermaye daha \u00e7ok t\u00fcketmek ve daha \u00e7ok kar etmek i\u00e7in ilac\u0131n sat\u0131ld\u0131\u011f\u0131 son noktalarda da denetimin ve karl\u0131l\u0131\u011f\u0131n kendinde kalmas\u0131n\u0131 istiyor ve bu ama\u00e7la da<span>\u00a0 <\/span>e\u015f zamanl\u0131 iki uygulamay\u0131 hayata ge\u00e7irmeye \u00e7aba harc\u0131yorlar. <\/span><\/span><\/span><\/p>\n<p><span style=\"font-family: Times New Roman; color: #000000; font-size: small;\">\u00a0<\/span><\/p>\n<p class=\"MsoNormal\" style=\"margin: 0cm 0cm 0pt\"><span style=\"font-size: small;\"><span style=\"color: #000000;\"><span style=\"font-family: Times New Roman;\"><span>\u00a0\u00a0\u00a0 <\/span>1- \u0130lac\u0131n hastaya sunuldu\u011fu son noktada da belirleyici olabilmek i\u00e7in ; yasam\u0131zda bulunan \u2018\u2019 eczanenin sahibi ve meshul m\u00fcd\u00fcr\u00fc eczac\u0131d\u0131r \u2018\u2019 h\u00fckm\u00fcn\u00fc de\u011fi\u015ftirmek istemekte ve eczanenin sahibi eczac\u0131d\u0131r ifadesini ortadan kald\u0131r\u0131p , ortakl\u0131k kavram\u0131n\u0131 da yasan\u0131n i\u00e7ine ekleyerek ulus \u00f6tesi sermayenin zincir eczane a\u00e7mas\u0131na olanak tan\u0131yacak yasal d\u00fczenlemelerin yasala\u015fmas\u0131na \u00e7al\u0131\u015f\u0131yorlar.<\/span><\/span><\/span><\/p>\n<p><span style=\"font-family: Times New Roman; color: #000000; font-size: small;\">\u00a0<\/span><\/p>\n<p class=\"MsoNormal\" style=\"margin: 0cm 0cm 0pt\"><span style=\"font-size: small;\"><span style=\"color: #000000;\"><span style=\"font-family: Times New Roman;\"><span>\u00a0\u00a0\u00a0 <\/span>2- Bununla da yetinmeyip , re\u00e7etesiz ila\u00e7 kavram\u0131n\u0131n i\u00e7ine dahil edilecek ila\u00e7lar\u0131 da eczane d\u0131\u015f\u0131ndaki her sat\u0131\u015f noktas\u0131nda t\u00fcketebilecek yasal bir zeminin olu\u015fturulmas\u0131n\u0131 istiyorlar.<\/span><\/span><\/span><\/p>\n<p><span style=\"font-family: Times New Roman; color: #000000; font-size: small;\">\u00a0<\/span><\/p>\n<p class=\"MsoNormal\" style=\"margin: 0cm 0cm 0pt\"><span style=\"font-size: small;\"><span style=\"color: #000000;\"><span style=\"font-family: Times New Roman;\"><span>\u00a0\u00a0\u00a0 <\/span>Bu beklentiler i\u00e7inde \u0130la\u00e7ta ne gibi yap\u0131sal de\u011fi\u015fikli\u011fe gidildi ? \u015eimdi ona bakal\u0131m !..<\/span><\/span><\/span><\/p>\n<p><span style=\"font-family: Times New Roman; color: #000000; font-size: small;\">\u00a0<\/span><\/p>\n<p class=\"MsoNormal\" style=\"margin: 0cm 0cm 0pt 33pt; text-indent: -18pt\"><span style=\"color: #000000;\"><span style=\"font-family: Symbol\"><span><span style=\"font-size: small;\">\u00b7<\/span><span style=\"font-family: 'Times New Roman'; font-style: normal; font-variant: normal; font-weight: normal; font-size: 7pt; line-height: normal; font-size-adjust: none; font-stretch: normal\">\u00a0\u00a0\u00a0\u00a0\u00a0\u00a0\u00a0 <\/span><\/span><\/span><span style=\"font-family: Times New Roman; font-size: small;\">\u0130la\u00e7ta OTC kavram\u0131 ortaya at\u0131ld\u0131. \u0130la\u00e7 re\u00e7eteli-re\u00e7etesiz diye iki kategoriye ayr\u0131ld\u0131. Re\u00e7etesiz sat\u0131lacak ila\u00e7lar\u0131n listesinin haz\u0131r ve bir hayli kabar\u0131k oldu\u011fu bilinmekte\u2026 Re\u00e7etesiz sat\u0131lacak ila\u00e7lar\u0131n reklam\u0131n\u0131n da 31.aral\u0131k 2007 tarihinden sonra yap\u0131labilecek.<\/span><\/span><\/p>\n<p class=\"MsoNormal\" style=\"margin: 0cm 0cm 0pt 33pt; text-indent: -18pt\"><span style=\"color: #000000;\"><span style=\"font-family: Symbol\"><span><span style=\"font-size: small;\">\u00b7<\/span><span style=\"font-family: 'Times New Roman'; font-style: normal; font-variant: normal; font-weight: normal; font-size: 7pt; line-height: normal; font-size-adjust: none; font-stretch: normal\">\u00a0\u00a0\u00a0\u00a0\u00a0\u00a0\u00a0 <\/span><\/span><\/span><span style=\"font-family: Times New Roman; font-size: small;\">6197 say\u0131l\u0131 Eczac\u0131 ve Eczaneler Hakk\u0131ndaki Kanunda belirtilen eczane a\u00e7ma ko\u015fullar\u0131nda de\u011fi\u015fikli\u011fe gidildi. Yeni d\u00fczenleme ile , kapal\u0131 yerlerde (al\u0131\u015fveri\u015f merkezlerin de) eczane a\u00e7\u0131m\u0131 serbest hale getirildi. Meslekta\u015flar\u0131yla haks\u0131z rekabet yapmamas\u0131 i\u00e7in konmu\u015f olan tek kap\u0131 \u015fart\u0131 de\u011fi\u015ftirilerek \u00e7ok kap\u0131ya izin verildi.<\/span><\/span><\/p>\n<p class=\"MsoNormal\" style=\"margin: 0cm 0cm 0pt 33pt; text-indent: -18pt\"><span style=\"color: #000000;\"><span style=\"font-family: Symbol\"><span><span style=\"font-size: small;\">\u00b7<\/span><span style=\"font-family: 'Times New Roman'; font-style: normal; font-variant: normal; font-weight: normal; font-size: 7pt; line-height: normal; font-size-adjust: none; font-stretch: normal\">\u00a0\u00a0\u00a0\u00a0\u00a0\u00a0\u00a0 <\/span><\/span><\/span><span style=\"font-family: Times New Roman; font-size: small;\">Yine 6197 say\u0131l\u0131 yasam\u0131z\u0131n revize edilmesi i\u00e7in yap\u0131lan \u00e7al\u0131\u015fmalar var. Bu g\u00fcne kadar onlarca taslak haz\u0131rland\u0131. Yasada eczanenin sahibi eczac\u0131d\u0131r ifadesini kald\u0131rmak istiyorlar. Ancak her defas\u0131nda eczac\u0131lar\u0131n tepkisi ve kararl\u0131l\u0131\u011f\u0131n\u0131 g\u00f6r\u00fcnce geri \u00e7ekiliyorlar. Son taslak haz\u0131r ve Sa\u011fl\u0131k Bakanl\u0131\u011f\u0131nda beklemekte.. Bakanl\u0131k eczanenin sahibi eczac\u0131d\u0131r, \u0130fadesinin yasada kalaca\u011f\u0131 s\u00f6z\u00fcn\u00fc vermesine ra\u011fmen yasan\u0131n hala yasala\u015fmam\u0131\u015f olmas\u0131 biz eczac\u0131lar\u0131n kafalar\u0131nda soru i\u015fareti olu\u015fmas\u0131na neden olmaktad\u0131r. Eczac\u0131lar sermayenin \u00f6n\u00fcn\u00fc a\u00e7acak bir de\u011fi\u015fikli\u011fe gidilmemesi i\u00e7in yasan\u0131n \u00e7\u0131kar\u0131lma s\u00fcrecini takip etmektedir.<\/span><\/span><\/p>\n<p class=\"MsoNormal\" style=\"margin: 0cm 0cm 0pt 33pt; text-indent: -18pt\"><span style=\"color: #000000;\"><span style=\"font-family: Symbol\"><span><span style=\"font-size: small;\">\u00b7<\/span><span style=\"font-family: 'Times New Roman'; font-style: normal; font-variant: normal; font-weight: normal; font-size: 7pt; line-height: normal; font-size-adjust: none; font-stretch: normal\">\u00a0\u00a0\u00a0\u00a0\u00a0\u00a0\u00a0 <\/span><\/span><\/span><span style=\"font-family: Times New Roman; font-size: small;\">Sa\u011fl\u0131k Bakanl\u0131\u011f\u0131n\u0131n b\u00fcnyesinde olan \u0130la\u00e7 ve Eczac\u0131l\u0131k Genel M\u00fcd\u00fcrl\u00fc\u011f\u00fc ortadan kald\u0131r\u0131l\u0131yor. Yerine T\u00fcrkiye \u0130la\u00e7 ve T\u0131bbi Cihaz Kurumu ad\u0131yla sermayenin denetiminde olacak s\u00f6zde \u00f6zerk bir yap\u0131 yarat\u0131l\u0131yor.<\/span><\/span><\/p>\n<p><span style=\"font-family: Times New Roman; color: #000000; font-size: small;\">\u00a0<\/span><\/p>\n<p class=\"MsoNormal\" style=\"margin: 0cm 0cm 0pt 15pt\"><span style=\"font-size: small;\"><span style=\"color: #000000;\"><span style=\"font-family: Times New Roman;\"><span>\u00a0\u00a0\u00a0 <\/span>\u0130\u015fte bu de\u011fi\u015fikliklerin hepsi sermayenin ilac\u0131 daha \u00e7ok t\u00fcketmek ve daha \u00e7ok kar etmek amac\u0131 ile d\u00fczenlenmi\u015f de\u011fi\u015fiklikler. Ancak hepimiz biliyoruz ki ilac\u0131 daha \u00e7ok t\u00fcketerek daha sa\u011fl\u0131kl\u0131 bir toplum yaratmak olanakl\u0131 de\u011fil. Sermayenin \u00f6ng\u00f6rd\u00fc\u011f\u00fc yap\u0131sal de\u011fi\u015fikliklerin tamam\u0131n\u0131n ger\u00e7ekle\u015fmemesine ra\u011fmen ilac\u0131n sa\u011fl\u0131k harcamalar\u0131ndaki pay\u0131 %40 lar seviyesindedir. Bu oran \u00e7ok fazlad\u0131r. Ve bir sa\u011fl\u0131ks\u0131zl\u0131k g\u00f6stergesidir. Bu oran geli\u015fmi\u015f , uygar toplumlarda %20-25 ler seviyesindedir. \u0130la\u00e7 eczane d\u0131\u015f\u0131na \u00e7\u0131kt\u0131\u011f\u0131nda ve reklamlarla desteklendi\u011finde <span>\u00a0<\/span>bu oran\u0131n hangi boyutlara \u00e7\u0131kaca\u011f\u0131n\u0131 tahmin bile etmek istemiyorum. \u0130la\u00e7 hekim ve eczac\u0131 denetiminden \u00e7\u0131kart\u0131larak , insanlar\u0131n kendi-kendini tedavi etmesi sa\u011flanacak , ila\u00e7 bilin\u00e7sizce t\u00fcketilecek ve bunun sonucunda bireyler ciddi sa\u011fl\u0131k sorunlar\u0131 ile kar\u015f\u0131 , kar\u015f\u0131ya kalacaklar. Ama sermaye , karlar\u0131na yeni karlar katacakt\u0131r.<\/span><\/span><\/span><\/p>\n<p><span style=\"font-family: Times New Roman; color: #000000; font-size: small;\">\u00a0<\/span><\/p>\n<p class=\"MsoNormal\" style=\"margin: 0cm 0cm 0pt 15pt\"><span style=\"font-size: small;\"><span style=\"color: #000000;\"><span style=\"font-family: Times New Roman;\"><span>\u00a0\u00a0\u00a0 <\/span>\u0130\u015fte bu geli\u015fmelerin \u0131\u015f\u0131\u011f\u0131nda , ila\u00e7 neden eczane d\u0131\u015f\u0131nda sat\u0131lmamal\u0131d\u0131r. Birde buna bakal\u0131m.<\/span><\/span><\/span><\/p>\n<p><span style=\"font-family: Times New Roman; color: #000000; font-size: small;\">\u00a0<\/span><\/p>\n<p class=\"MsoNormal\" style=\"margin: 0cm 0cm 0pt 15pt\"><span style=\"font-size: small;\"><span style=\"color: #000000;\"><span style=\"font-family: Times New Roman;\"><span>\u00a0\u00a0\u00a0 <\/span>\u0130la\u00e7 hizmeti , eczac\u0131n\u0131n denetimin de s\u00fcrd\u00fcr\u00fclmezse , hizmet mekanik bir hal alacakt\u0131r. \u0130\u015fletmede eczac\u0131da \u00e7al\u0131\u015fsa ! patronun ald\u0131\u011f\u0131 kararlar\u0131n d\u0131\u015f\u0131na \u00e7\u0131kamay\u0131p , insiyatif koyamayacakt\u0131r.<\/span><\/span><\/span><\/p>\n<p><span style=\"font-family: Times New Roman; color: #000000; font-size: small;\">\u00a0<\/span><\/p>\n<p class=\"MsoNormal\" style=\"margin: 0cm 0cm 0pt 15pt\"><span style=\"font-size: small;\"><span style=\"color: #000000;\"><span style=\"font-family: Times New Roman;\"><span>\u00a0\u00a0\u00a0 <\/span>Bu alan giderek global sermayenin egemenli\u011fine girecek , ila\u00e7 hizmetinde deontoloji , etik , insani de\u011ferler ve sa\u011fl\u0131k hakk\u0131 bir kenara b\u0131rak\u0131larak , i\u015fletmenin karl\u0131l\u0131k hesaplar\u0131 ve bilan\u00e7o de\u011ferleri \u00fczerinden s\u00fcrd\u00fcr\u00fclen bir hizmet olacakt\u0131r.<\/span><\/span><\/span><\/p>\n<p><span style=\"font-family: Times New Roman; color: #000000; font-size: small;\">\u00a0<\/span><\/p>\n<p class=\"MsoNormal\" style=\"margin: 0cm 0cm 0pt 15pt\"><span style=\"font-size: small;\"><span style=\"color: #000000;\"><span style=\"font-family: Times New Roman;\"><span>\u00a0\u00a0\u00a0 <\/span>Eczane d\u0131\u015f\u0131na \u00e7\u0131kan ila\u00e7lar\u0131 sosyal g\u00fcvenlik kurumlar\u0131 kar\u015f\u0131lamayacaklar\u0131 i\u00e7in bireyler bu ila\u00e7lar\u0131n bedelini kendileri \u00f6deyerek alabileceklerdir.<\/span><\/span><\/span><\/p>\n<p class=\"MsoNormal\" style=\"margin: 0cm 0cm 0pt 15pt\">\u00a0<\/p>\n<p class=\"MsoNormal\" style=\"margin: 0cm 0cm 0pt 15pt\"><span style=\"font-size: small;\"><span style=\"color: #000000;\"><span style=\"font-family: Times New Roman;\"><span>\u00a0\u00a0\u00a0 <\/span>S\u00fcre\u00e7 bu noktaya geldi\u011finde , s\u0131n\u0131rl\u0131 sermayeye sahip eczac\u0131 global sermaye ile rekabet etmesi olanaks\u0131z oldu\u011fu i\u00e7in , bir-bir yok olup , eczanelerini kapatmak zorunda kalacaklard\u0131r. \u015eu an bile 23 bin eczanenin \u00bc \u00fc gizli iflas durumunda oldu\u011funu s\u00f6ylemek san\u0131r\u0131m yanl\u0131\u015f olmaz.<\/span><\/span><\/span><\/p>\n<p><span style=\"font-family: Times New Roman; color: #000000; font-size: small;\">\u00a0<\/span><\/p>\n<p class=\"MsoNormal\" style=\"margin: 0cm 0cm 0pt 15pt\"><span style=\"font-size: small;\"><span style=\"color: #000000;\"><span style=\"font-family: Times New Roman;\"><span>\u00a0\u00a0\u00a0 <\/span>Ayr\u0131ca , eczanelere bakt\u0131\u011f\u0131m\u0131zda her biri mahalinin \u00f6nemli bir sosyal oda\u011f\u0131d\u0131r. Eczac\u0131 ; Sa\u011fl\u0131k ve ila\u00e7 dan\u0131\u015fmanl\u0131\u011f\u0131n\u0131n d\u0131\u015f\u0131nda , mahallesinin muhtar\u0131 , avukat\u0131 , yol g\u00f6stericisi ve psikologudur. Yani eczaneler sosyal dan\u0131\u015fmanl\u0131k noktas\u0131nda \u00f6nemli bir i\u015flevi vard\u0131r.<\/span><\/span><\/span><\/p>\n<p><span style=\"font-family: Times New Roman; color: #000000; font-size: small;\">\u00a0<\/span><\/p>\n<p class=\"MsoNormal\" style=\"margin: 0cm 0cm 0pt 15pt\"><span style=\"font-size: small;\"><span style=\"color: #000000;\"><span style=\"font-family: Times New Roman;\"><span>\u00a0\u00a0\u00a0 <\/span>Eczane i\u00e7inde insani duygular bilan\u00e7o hesaplar\u0131n\u0131n \u00f6n\u00fcndedir. Eczac\u0131 mahallelinin paras\u0131 olmad\u0131\u011f\u0131nda da ilac\u0131n\u0131 verir\u2026 Yeri geldi\u011finde bor\u00e7 defterini defalarca y\u0131rtar<span>\u00a0 <\/span>atar.<\/span><\/span><\/span><\/p>\n<p><span style=\"font-family: Times New Roman; color: #000000; font-size: small;\">\u00a0<\/span><\/p>\n<p class=\"MsoNormal\" style=\"margin: 0cm 0cm 0pt 15pt\"><span style=\"font-size: small;\"><span style=\"color: #000000;\"><span style=\"font-family: Times New Roman;\"><span>\u00a0\u00a0\u00a0 <\/span>Her \u015feyden \u00f6nemlisi, eczac\u0131 ald\u0131\u011f\u0131 e\u011fitimle ila\u00e7 alan\u0131n\u0131n tek s\u00f6z sahibi ki\u015fisidir. Halktan bir ki\u015fidir ve halk sa\u011fl\u0131\u011f\u0131na yap\u0131lan sald\u0131r\u0131lara kar\u015f\u0131 koyar ve halk\u0131 bilgilendirerek , uyar\u0131r.<\/span><\/span><\/span><\/p>\n<p><span style=\"font-family: Times New Roman; color: #000000; font-size: small;\">\u00a0<\/span><\/p>\n<p class=\"MsoNormal\" style=\"margin: 0cm 0cm 0pt 15pt\"><span style=\"font-size: small;\"><span style=\"color: #000000;\"><span style=\"font-family: Times New Roman;\"><span>\u00a0\u00a0\u00a0 <\/span>S\u00f6z\u00fcn \u00f6z\u00fc ; \u0130lac\u0131n eczane d\u0131\u015f\u0131nda sat\u0131lmas\u0131na kar\u015f\u0131 olu\u015fumuzu<span>\u00a0 <\/span>, bir Pazar kaybetme endi\u015fesi olarak de\u011ferlendirmek yanl\u0131\u015f olur. Hatta olaya salt ila\u00e7 , eczac\u0131 ekseninden bakmakta da do\u011fru de\u011fildir. Foto\u011fraf\u0131 b\u00fct\u00fcn\u00fc ile g\u00f6rmek gerek. S\u00f6z\u00fc edilen sorunlar\u0131n ana ekseni Sa\u011fl\u0131kta D\u00f6n\u00fc\u015f\u00fcm Program\u0131d\u0131r. <\/span><\/span><\/span><span style=\"font-family: Times New Roman; color: #000000; font-size: small;\">Bu program , sa\u011fl\u0131kta tam bir y\u0131k\u0131m program\u0131d\u0131r. Bu oyunu bozmak tek ba\u015f\u0131n ne eczac\u0131 , ne hekim nede di\u011fer sa\u011fl\u0131k \u00e7al\u0131\u015fanlar\u0131n\u0131n elindedir. M\u00fccadele top yek\u00fcn<span>\u00a0 <\/span>yap\u0131ld\u0131\u011f\u0131nda geri p\u00fcsk\u00fcrtme sans\u0131m\u0131z\u0131n oldu\u011funu hepimiz iyi bilmeliyiz.<\/span><span style=\"font-family: Times New Roman; color: #000000; font-size: small;\">\u00a0<\/span><\/p>\n<p class=\"MsoNormal\" style=\"margin: 0cm 0cm 0pt 15pt\"><span style=\"font-size: small;\"><span style=\"color: #000000;\"><span style=\"font-family: Times New Roman;\"><span>\u00a0\u00a0\u00a0 <\/span><span>\u00a0\u00a0\u00a0\u00a0\u00a0\u00a0\u00a0\u00a0\u00a0\u00a0\u00a0\u00a0\u00a0\u00a0\u00a0\u00a0\u00a0\u00a0\u00a0\u00a0\u00a0\u00a0\u00a0\u00a0\u00a0\u00a0\u00a0\u00a0\u00a0\u00a0\u00a0\u00a0\u00a0\u00a0\u00a0\u00a0\u00a0\u00a0\u00a0\u00a0\u00a0\u00a0\u00a0\u00a0\u00a0\u00a0\u00a0\u00a0\u00a0\u00a0\u00a0\u00a0\u00a0\u00a0\u00a0\u00a0\u00a0\u00a0\u00a0\u00a0\u00a0\u00a0\u00a0\u00a0\u00a0\u00a0\u00a0\u00a0\u00a0\u00a0\u00a0\u00a0\u00a0\u00a0\u00a0\u00a0\u00a0\u00a0\u00a0\u00a0\u00a0\u00a0\u00a0\u00a0\u00a0\u00a0\u00a0\u00a0\u00a0\u00a0\u00a0\u00a0\u00a0\u00a0\u00a0\u00a0\u00a0\u00a0\u00a0\u00a0\u00a0\u00a0\u00a0\u00a0\u00a0\u00a0\u00a0\u00a0 <\/span>Sayg\u0131lar\u0131mla\u2026<\/span><\/span><\/span><\/p>\n","protected":false},"excerpt":{"rendered":"<p>\u00a0\u00a0\u00a0\u00a0 Burada sorgulanmak istenen ilac\u0131n yasal anlamda sat\u0131\u015f\u0131n\u0131n yap\u0131l\u0131p yap\u0131lamayaca\u011f\u0131!.. Yoksa\u00a0 yasad\u0131\u015f\u0131 olarak, bakkal , market ,b\u00fcfe hatta benzin istasyonlar\u0131nda&#46;&#46;&#46;<\/p>\n","protected":false},"author":14,"featured_media":0,"comment_status":"closed","ping_status":"closed","sticky":false,"template":"","format":"standard","meta":{"_jetpack_memberships_contains_paid_content":false,"footnotes":""},"categories":[46],"tags":[],"class_list":["post-2772","post","type-post","status-publish","format-standard","hentry","category-ecz-mustafa-turunc"],"aioseo_notices":[],"jetpack_featured_media_url":"","jetpack_sharing_enabled":true,"jetpack-related-posts":[],"_links":{"self":[{"href":"http:\/\/www.ced.org.tr\/index.php?rest_route=\/wp\/v2\/posts\/2772","targetHints":{"allow":["GET"]}}],"collection":[{"href":"http:\/\/www.ced.org.tr\/index.php?rest_route=\/wp\/v2\/posts"}],"about":[{"href":"http:\/\/www.ced.org.tr\/index.php?rest_route=\/wp\/v2\/types\/post"}],"author":[{"embeddable":true,"href":"http:\/\/www.ced.org.tr\/index.php?rest_route=\/wp\/v2\/users\/14"}],"replies":[{"embeddable":true,"href":"http:\/\/www.ced.org.tr\/index.php?rest_route=%2Fwp%2Fv2%2Fcomments&post=2772"}],"version-history":[{"count":1,"href":"http:\/\/www.ced.org.tr\/index.php?rest_route=\/wp\/v2\/posts\/2772\/revisions"}],"predecessor-version":[{"id":4004,"href":"http:\/\/www.ced.org.tr\/index.php?rest_route=\/wp\/v2\/posts\/2772\/revisions\/4004"}],"wp:attachment":[{"href":"http:\/\/www.ced.org.tr\/index.php?rest_route=%2Fwp%2Fv2%2Fmedia&parent=2772"}],"wp:term":[{"taxonomy":"category","embeddable":true,"href":"http:\/\/www.ced.org.tr\/index.php?rest_route=%2Fwp%2Fv2%2Fcategories&post=2772"},{"taxonomy":"post_tag","embeddable":true,"href":"http:\/\/www.ced.org.tr\/index.php?rest_route=%2Fwp%2Fv2%2Ftags&post=2772"}],"curies":[{"name":"wp","href":"https:\/\/api.w.org\/{rel}","templated":true}]}}