{"id":2776,"date":"2009-01-05T15:27:44","date_gmt":"2009-01-05T13:27:44","guid":{"rendered":"http:\/\/www.ced.org.tr\/?p=2776"},"modified":"2014-05-21T01:34:00","modified_gmt":"2014-05-20T22:34:00","slug":"bugunu-ve-yarinlari-okumak-2","status":"publish","type":"post","link":"http:\/\/www.ced.org.tr\/?p=2776","title":{"rendered":"BUG\u00dcN\u00dc VE YARINLARI OKUMAK"},"content":{"rendered":"<p class=\"MsoNormal\" style=\"margin: 0cm 0cm 0pt\"><span style=\"font-family: Times New Roman; font-size: small;\">Halk\u0131n b\u00fcy\u00fck \u00e7o\u011funlu\u011funun serbest eczanelerden ila\u00e7 hizmeti alma s\u00fcrecine bakt\u0131\u011f\u0131m\u0131zda sistemin sa\u011fl\u0131kl\u0131 s\u00fcrd\u00fcr\u00fclmesi konusunda eczac\u0131lar\u0131m\u0131z\u0131n \u00f6nemli bir rol \u00fcstlenmi\u015f oldu\u011fu her kesim taraf\u0131ndan ifade edilmektedir. \u00d6zellikle SSK l\u0131lar\u0131n ilaca ula\u015fmas\u0131nda \u00a0ya\u015fatt\u0131r\u0131lan zorluklardan sonra, s\u00f6z konusu uygulama halk\u0131m\u0131zda b\u00fcy\u00fck bir memnuniyet olu\u015fturdu\u2026\u00a0<\/span><\/p>\n<p class=\"MsoNormal\" style=\"margin: 0cm 0cm 0pt\">\u00a0<\/p>\n<p class=\"MsoNormal\" style=\"margin: 0cm 0cm 0pt\"><span style=\"font-family: Times New Roman; font-size: small;\">Bu uygulamayla, siyasi iktidar genel se\u00e7imde oy art\u0131\u015f\u0131 ile , ila\u00e7 sanayi ve da\u011f\u0131t\u0131m kanallar\u0131 da pazar art\u0131\u015f\u0131 ile \u00f6d\u00fcllendirilirken\u2026 halk\u0131m\u0131z kar\u015f\u0131s\u0131nda uygulaman\u0131n g\u00f6r\u00fcnen y\u00fcz\u00fc olan biz eczac\u0131lar ne hale getirildik?.. \u00d6d\u00fcl beklemiyorduk\u2026 Ancak ilac\u0131n hastaya ula\u015fmas\u0131 noktas\u0131nda her t\u00fcrl\u00fc \u00f6zveriyi g\u00f6sterirken, bu uygulaman\u0131n di\u011fer payda\u015flar\u0131n\u0131n g\u00f6stermesi gereken \u00f6zveri ve sorumluluklar\u0131n da bizim \u00fcst\u00fcm\u00fcze dayat\u0131lmas\u0131n\u0131 da beklemiyorduk\u2026 Sistemden nemalanan kesimler uygulamada kendi \u00fczerine d\u00fc\u015fen y\u00fck\u00fcml\u00fcl\u00fckleri eczac\u0131ya y\u00fcklemesini bildi. Ve sistemin t\u00fcm olumsuzluklar\u0131 , dayatmalar\u0131 ve y\u00fckleri hi\u00e7 hak etmedi\u011fi halde eczac\u0131n\u0131n omuzlar\u0131na y\u0131k\u0131ld\u0131.\u00a0<\/span><\/p>\n<p class=\"MsoNormal\" style=\"margin: 0cm 0cm 0pt\">\u00a0<\/p>\n<p class=\"MsoNormal\" style=\"margin: 0cm 0cm 0pt\"><span style=\"font-family: Times New Roman; font-size: small;\">Sanayinin vermesi gereken iskontolar \u00a0bizim \u00fcst\u00fcm\u00fczden hem de misliyle \u00a0\u00f6dettirildi\u2026\u00a0 \u00a0<\/span><\/p>\n<p class=\"MsoNormal\" style=\"margin: 0cm 0cm 0pt\">\u00a0<\/p>\n<p class=\"MsoNormal\" style=\"margin: 0cm 0cm 0pt\"><span style=\"font-family: Times New Roman; font-size: small;\">\u0130la\u00e7 verili\u015f ko\u015fullar\u0131 anl\u0131k ve s\u0131kl\u0131kla yap\u0131lan de\u011fi\u015fikliklerle eczac\u0131 paranoyak bir ruh haline d\u00f6n\u00fc\u015ft\u00fcr\u00fcld\u00fc ve\u00a0 maddi kay\u0131plara u\u011frat\u0131ld\u0131\u2026\u00a0 \u00a0<\/span><\/p>\n<p class=\"MsoNormal\" style=\"margin: 0cm 0cm 0pt\">\u00a0<\/p>\n<p class=\"MsoNormal\" style=\"margin: 0cm 0cm 0pt\"><span style=\"font-family: Times New Roman; font-size: small;\">\u00c7al\u0131\u015fmayan bir provizyon sistemi\u2026 \u015feffaf olmayan ve tuzaklarla dolu bir yaz\u0131l\u0131mla eczac\u0131 bezdirildi ve yine ekonomik kayba u\u011frad\u0131\u2026\u00a0\u00a0\u00a0<\/span><\/p>\n<p class=\"MsoNormal\" style=\"margin: 0cm 0cm 0pt\">\u00a0<\/p>\n<p class=\"MsoNormal\" style=\"margin: 0cm 0cm 0pt\"><span style=\"font-family: Times New Roman; font-size: small;\">Hastane muayene \u00fccretleri , hi\u00e7 muhatab\u0131 de\u011filken eczac\u0131 taraf\u0131ndan tahsil edilmesi dayat\u0131ld\u0131\u2026\u00a0 \u00a0<\/span><\/p>\n<p class=\"MsoNormal\" style=\"margin: 0cm 0cm 0pt\">\u00a0<\/p>\n<p class=\"MsoNormal\" style=\"margin: 0cm 0cm 0pt\"><span style=\"font-family: Times New Roman; font-size: small;\">Eczac\u0131 uygulaman\u0131n sa\u011fl\u0131kl\u0131 y\u00fcr\u00fct\u00fclebilmesi i\u00e7in, ek personel, artan donan\u0131m ve sarf malzemesi giderlerini \u00fcslenmesine kar\u015f\u0131n eczac\u0131 karl\u0131l\u0131\u011f\u0131 minimize edilerek eczac\u0131n\u0131n \u00f6nemli bir k\u0131sm\u0131n\u0131n hizmeti bu \u015fekilde s\u00fcrd\u00fcrmesinin \u00f6n\u00fcne ge\u00e7ildi ve iflaslar ka\u00e7\u0131n\u0131lmaz oldu\u2026\u00a0\u00a0<\/span><\/p>\n<p class=\"MsoNormal\" style=\"margin: 0cm 0cm 0pt\">\u00a0<\/p>\n<p class=\"MsoNormal\" style=\"margin: 0cm 0cm 0pt\"><span style=\"font-family: Times New Roman; font-size: small;\">\u00d6rnekleri \u00e7o\u011faltmak m\u00fcmk\u00fcn\u2026 Ancak eczac\u0131lar\u0131n s\u0131k\u0131nt\u0131lar\u0131n\u0131 anlatmak i\u00e7in bu kadar\u0131 bile yeterli\u2026 Bu dayatmalarda , TEB in yakla\u015f\u0131mlar\u0131 ve edilgen tavr\u0131 \u00f6nemli bir rol oynam\u0131\u015ft\u0131r. Peki\u2026bug\u00fcnlerde siyasi iktidar\u0131 da \u015fa\u015f\u0131rtan ve rahats\u0131z eden TEB deki bu tav\u0131r de\u011fi\u015fikli\u011fi nereden kaynaklanmaktad\u0131r. Hemen cevap vereyim. Ta\u015flar yerinden oynam\u0131\u015ft\u0131r art\u0131k\u2026 Eczac\u0131lar bu dayatmalara , bu haks\u0131zl\u0131klara \u00a0seyirci kalmayacaklar\u0131n\u0131 beyan etmi\u015flerdir. Sistemin d\u00fczelece\u011fi umudunu yitiren eczac\u0131n\u0131n bir ba\u015fkald\u0131r\u0131s\u0131 , hakk\u0131n\u0131 talep etme istemidir bu\u2026 Art\u0131k hi\u00e7bir TEB y\u00f6netiminin bu iradeyi g\u00f6rmezlikten gelme sans\u0131 yoktur.\u00a0<\/span><\/p>\n<p class=\"MsoNormal\" style=\"margin: 0cm 0cm 0pt\"><span>\u00a0<\/span><\/p>\n<p class=\"MsoNormal\" style=\"margin: 0cm 0cm 0pt\"><span style=\"font-family: Times New Roman; font-size: small;\">Eczac\u0131 var olan sorunlarla bo\u011fu\u015fup, hakl\u0131 taleplerini muhataplar\u0131na ve kamuoyuna iletme \u00e7abas\u0131 i\u00e7indeyken\u00a0 Sa\u011fl\u0131k Bakan\u0131,\u00a0 \u0130la\u00e7 ve Eczac\u0131l\u0131k Gen. M\u00fcd\u00fcr\u00fc, ve de SGK Gen.M\u00fcd\u00fcr\u00fc kitlesel eczac\u0131 mitinginin \u00f6ncesi ve sonras\u0131nda verdikleri deme\u00e7lerle eczac\u0131n\u0131n ruh halini anlamamakta \u0131srar ettikleri g\u00f6r\u00fclmektedir.\u00a0 \u00a0<\/span><\/p>\n<p class=\"MsoNormal\" style=\"margin: 0cm 0cm 0pt\">\u00a0<\/p>\n<p class=\"MsoNormal\" style=\"margin: 0cm 0cm 0pt\"><span style=\"font-family: Times New Roman; font-size: small;\">Sn. Sa\u011fl\u0131k Bakan\u0131 , T\u00fcrk Eczac\u0131lar Birli\u011fini bir meslek gurubunun \u00fcst \u00f6rg\u00fct\u00fc oldu\u011fu ve i\u015flevini g\u00f6rmezden gelerek, bir daha onlardan g\u00f6r\u00fc\u015f almayaca\u011f\u0131m , de\u011fi\u015fikliklerle ilgili birebir eczac\u0131lardan g\u00f6r\u00fc\u015f alaca\u011f\u0131m, referandum yapaca\u011f\u0131m deme talihsizli\u011fini g\u00f6stermi\u015f\u2026 \u0130la\u00e7 ve Eczac\u0131l\u0131k Gen. M\u00fcd\u00fcr\u00fc Sn. Toka\u00e7 ta Miting\u00a0 sonras\u0131 deme\u00e7lerin de , \u00a0dile getirdi\u011fimiz \u00a0Sa\u011fl\u0131kta D\u00f6n\u00fc\u015f\u00fcm Program\u0131(SDP) sa\u011fl\u0131k sistemini hasta haline getirmi\u015ftir g\u00f6r\u00fc\u015f\u00fcm\u00fcze cevapla , 2004 ten \u00f6nceki sa\u011fl\u0131k sistemi sa\u011fl\u0131kl\u0131yd\u0131 da biz mi sa\u011fl\u0131ks\u0131z hale getirdik?.. hasta ilac\u0131na kolayl\u0131kla ula\u015f\u0131yor, istedi\u011fi eczaneden ilac\u0131n\u0131 kat\u0131l\u0131m pay\u0131 haricinde hi\u00e7bir \u00fccret \u00f6demeden(!) al\u0131yor\u2026 Bu s\u00f6ylenenlere kargalar bile g\u00fcler demektedir\u2026 \u015eimdi Sn. Toka\u00e7\u2019a sormak laz\u0131m?.. Bizler 2004 \u00f6ncesinde sunulan sa\u011fl\u0131k hizmetinin de sosyal devlet anlay\u0131\u015f\u0131 ile \u00f6rt\u00fc\u015fmedi\u011fini s\u00f6yleyen bir kesimiz. Ama \u015funu da biliyoruz\u2026 mevcut sistemin eksikliklerini, \u00e7arp\u0131kl\u0131klar\u0131n\u0131 gidermek yerine , mevcut sorunlar\u0131 daha da derinle\u015ftirecek bir programa sessiz kalmam\u0131z\u0131 da kimse beklemesin. Ayr\u0131ca Sn. Toka\u00e7\u2019\u0131n vatanda\u015f ilac\u0131n\u0131 al\u0131rken kat\u0131l\u0131m pay\u0131 d\u0131\u015f\u0131nda hi\u00e7bir \u00fccret \u00f6dememekte s\u00f6z\u00fcne en iyi cevab\u0131, ilac\u0131n\u0131 al\u0131rken ciddi oranlarda ila\u00e7 farklar\u0131 \u00f6deyen, muayene \u00fccreti \u00f6deyen vatanda\u015flara b\u0131rak\u0131yorum. Onlar g\u00fcls\u00fcnler mi? A\u011flas\u0131nlar m\u0131? Bilmiyorum\u2026 Ama zaman i\u00e7inde gereken cevab\u0131 vereceklerdir.\u00a0 \u00a0<\/span><\/p>\n<p class=\"MsoNormal\" style=\"margin: 0cm 0cm 0pt\">\u00a0<\/p>\n<p class=\"MsoNormal\" style=\"margin: 0cm 0cm 0pt\"><span style=\"font-family: Times New Roman; font-size: small;\">Son aylarda g\u00fcndeme damgas\u0131n\u0131 vuran ve yasala\u015fmas\u0131n\u0131 bekledi\u011fimiz 6197 say\u0131l\u0131 eczac\u0131n\u0131n temel yasas\u0131na monte edilmek istenen ve eczac\u0131lar\u0131m\u0131z\u0131n sonu olacak Eczac\u0131-Eczac\u0131 ortakl\u0131\u011f\u0131 ile ilgili Sn. Toka\u00e7 bak\u0131n neler diyor!.. \u00a0<\/span><\/p>\n<p class=\"MsoNormal\" style=\"margin: 0cm 0cm 0pt\">\u00a0<\/p>\n<p class=\"MsoNormal\" style=\"margin: 0cm 0cm 0pt\"><span style=\"font-family: Times New Roman; font-size: small;\">&#8221;\u2026 \u00f6nceki y\u0131llarda TEB ile beraber haz\u0131rlad\u0131\u011f\u0131m\u0131z 6197 say\u0131l\u0131 yasa de\u011fi\u015fikli\u011fi , \u015fu anda Bakanl\u0131\u011f\u0131m\u0131z\u0131n g\u00fcndeminde olmamas\u0131na ra\u011fmen , TBMM\u2019deki baz\u0131(!) eczac\u0131 milletvekillerinin mevcut tasla\u011f\u0131m\u0131zdan farkl\u0131 bir taslak haz\u0131rlayarak Eczac\u0131-Eczac\u0131 ortakl\u0131\u011f\u0131n\u0131 g\u00fcndeme getirmelerini bahane ederek Sa\u011fl\u0131k Bakanl\u0131\u011f\u0131n\u0131n hedef g\u00f6sterildi\u011fini ve miting \u00f6ncesi bas\u0131n bildirisinin Sa\u011fl\u0131k Bakanl\u0131\u011f\u0131 \u00f6n\u00fcnde okunarak Bakanl\u0131\u011f\u0131m\u0131z\u0131n zincir eczanelerin kurulmas\u0131n\u0131 istedi\u011fini ima etmeleri Sn. Bakan\u0131m\u0131z\u0131 incitmi\u015ftir\u2019\u2019 diyor.\u00a0 <\/span><\/p>\n<p class=\"MsoNormal\" style=\"margin: 0cm 0cm 0pt\">\u00a0<\/p>\n<p class=\"MsoNormal\" style=\"margin: 0cm 0cm 0pt\"><span style=\"font-family: Times New Roman; font-size: small;\">Eczac\u0131lar\u0131m\u0131z\u0131n mitingdeki kararl\u0131 kitlesel duru\u015fu bu konuda ilgili kesimlerin kimler oldu\u011funun ipu\u00e7lar\u0131n\u0131 veriyor \u2026 Sn. Toka\u00e7 merak etmesin Eczac\u0131-Eczac\u0131 ortakl\u0131\u011f\u0131n\u0131n yasam\u0131za monte ederek ge\u00e7mesini sa\u011flamak isteyen eczac\u0131 milletvekillerinin , kimlere hizmet ettiklerini eczac\u0131 kamuoyu iyi bilmektedir. Ancak eczac\u0131-eczac\u0131 ortakl\u0131\u011f\u0131 kavram\u0131 mitingin yap\u0131laca\u011f\u0131 tarihten yakla\u015f\u0131k bir ay \u00f6ncesinde g\u00fcndeme d\u00fc\u015fm\u00fc\u015ft\u00fc\u2026 Biz eczac\u0131lar do\u011fal olarak gelece\u011fimizi karartacak bu de\u011fi\u015fikli\u011fe gereken tepkiyi g\u00f6sterdik. Sn. Bakanda bu konudaki duyarl\u0131l\u0131\u011f\u0131m\u0131z\u0131 g\u00f6z \u00f6n\u00fcne alarak g\u00fcnler \u00f6ncesinden \u2018\u2019 dillendirilen s\u00f6z konusu de\u011fi\u015fiklik bakanl\u0131\u011f\u0131m\u0131z\u0131n g\u00fcndeminde de\u011fildir. Bizler Bakanl\u0131k olarak TEB ile i\u015fbirli\u011fi i\u00e7inde haz\u0131rlad\u0131\u011f\u0131m\u0131z tasla\u011fa sahip \u00e7\u0131k\u0131yoruz\u2019\u2019 diyebilir ve eczac\u0131 kamuoyunda da bu tavr\u0131 takdirle kar\u015f\u0131lan\u0131rd\u0131\u2026 Gecikmi\u015fte olsa bu cevaplar\u0131 duymak eczac\u0131lar i\u00e7in \u00e7ok \u00f6nemli\u2026 Bu konudaki Sa\u011fl\u0131k Bakanl\u0131\u011f\u0131n\u0131n tavr\u0131n\u0131n takip\u00e7isi olaca\u011f\u0131z.\u00a0\u00a0<\/span><\/p>\n<p class=\"MsoNormal\" style=\"margin: 0cm 0cm 0pt\">\u00a0<\/p>\n<p class=\"MsoNormal\" style=\"margin: 0cm 0cm 0pt\"><span style=\"font-family: Times New Roman; font-size: small;\">Sosyal G\u00fcvenlik Kurumu(SGK)Genel Sa\u011fl\u0131k Sigortas\u0131 Gen.M\u00fcd\u00fcr\u00fc Sn. Sami T\u00fcrko\u011flu da , miting \u00f6ncesi \u2018\u2019eczac\u0131lar\u0131 paraya bo\u011fduk\u2026 daha ne istiyorlar?.. diyor. Bu demecini ciddiye bile alm\u0131yoruz\u2026 Paraya bo\u011fulan kesim yollara d\u00fc\u015f\u00fcp bu k\u0131\u015fta k\u0131yamette miting alanlar\u0131n\u0131 doldurur mu?.. Ancak de\u011fi\u015fik zamanlarda Sn. T\u00fcrko\u011flu bak\u0131n ba\u015fka neler diyor!.. \u2018\u2019Eczac\u0131lar raftan ilac\u0131 al\u0131p veriyor\u2026ho\u015flansalar da, ho\u015flanmasalar da yak\u0131n gelecekte beyefendiler(!) i\u00e7in daha zor g\u00fcnler olacak\u2026 yani mesle\u011fi y\u00fcceltmek ad\u0131na, orada(!) \u00e7al\u0131\u015fanlar\u0131 istihdam etmek ad\u0131na, yada vatanda\u015f sa\u011fl\u0131\u011f\u0131 ad\u0131na , bu sistemi ilelebet y\u00fcr\u00fctmeye imkan yok!.. Zincir Eczane uygulamas\u0131 mutlaka \u00fclkemizde olacakt\u0131r\u2019\u2019\u00a0 \u00a0<\/span><\/p>\n<p class=\"MsoNormal\" style=\"margin: 0cm 0cm 0pt\">\u00a0<\/p>\n<p class=\"MsoNormal\" style=\"margin: 0cm 0cm 0pt\"><span style=\"font-family: Times New Roman; font-size: small;\">G\u00f6r\u00fc\u015flerine kar\u015f\u0131 olabiliriz\u2026 \u2018\u2019yi\u011fidi \u00f6ld\u00fcr ama hakk\u0131n\u0131 teslim et.\u2019\u2019diye bir deyim vard\u0131r. Hepimiz biliriz\u2026\u00a0 \u00a0<\/span><\/p>\n<p class=\"MsoNormal\" style=\"margin: 0cm 0cm 0pt\">\u00a0<\/p>\n<p class=\"MsoNormal\" style=\"margin: 0cm 0cm 0pt\"><span style=\"font-family: Times New Roman; font-size: small;\">Sn. T\u00fcrko\u011flu , Sa\u011fl\u0131kta D\u00f6n\u00fc\u015f\u00fcm Program\u0131n\u0131n alan\u0131n her kesiminde kurum ve kurallar\u0131 ile i\u015fletilmesi gerekti\u011fini savunan bir b\u00fcrokrat\u2026 Ve olabildi\u011fince net, yal\u0131n\u2026 E\u011frilip , b\u00fck\u00fclmeden g\u00f6r\u00fc\u015flerini a\u00e7\u0131kl\u0131yor. G\u00f6r\u00fc\u015flerine kat\u0131lmasak ta bu konudaki d\u00fcr\u00fcstl\u00fc\u011f\u00fcnden dolay\u0131 kendisini kutlamam\u0131z gerek. G\u00fcn\u00fcm\u00fczde herkes bu kadar net konu\u015fmuyor \u00e7\u00fcnk\u00fc.\u00a0 <\/span><\/p>\n<p class=\"MsoNormal\" style=\"margin: 0cm 0cm 0pt\"><span style=\"font-family: Times New Roman; font-size: small;\">Sn.T\u00fcrko\u011flu\u2019nun bu g\u00f6r\u00fc\u015flerinden\u00a0 biz eczac\u0131lar, di\u011fer sa\u011fl\u0131k elemanlar\u0131, sendikalar, eme\u011fi ile ge\u00e7inen dar gelirli geni\u015f halk kitlelerinin almas\u0131 gereken \u00e7ok ders var\u2026 Sn. T\u00fcrko\u011flu net s\u00f6yl\u00fcyor!.. \u00a0<\/span><\/p>\n<p class=\"MsoNormal\" style=\"margin: 0cm 0cm 0pt\">\u00a0<\/p>\n<p class=\"MsoNormal\" style=\"margin: 0cm 0cm 0pt\"><span style=\"font-family: Times New Roman; font-size: small;\">Mesle\u011fi y\u00fcceltmek neymi\u015f ?.. Ge\u00e7 onu\u2026 \u00a0<\/span><\/p>\n<p class=\"MsoNormal\" style=\"margin: 0cm 0cm 0pt\">\u00a0<\/p>\n<p class=\"MsoNormal\" style=\"margin: 0cm 0cm 0pt\"><span style=\"font-family: Times New Roman; font-size: small;\">\u0130stihdam yaratmak !.. Bo\u015f versene\u2026 \u00a0<\/span><\/p>\n<p class=\"MsoNormal\" style=\"margin: 0cm 0cm 0pt\">\u00a0<\/p>\n<p class=\"MsoNormal\" style=\"margin: 0cm 0cm 0pt\"><span style=\"font-family: Times New Roman; font-size: small;\">Hele halk sa\u011fl\u0131\u011f\u0131n\u0131 savunmak !..\u00a0 Bu programda ama\u00e7 bunlar de\u011fil ki\u2026 Bu programda bunlar yok!.. \u00a0<\/span><\/p>\n<p class=\"MsoNormal\" style=\"margin: 0cm 0cm 0pt\">\u00a0<\/p>\n<p class=\"MsoNormal\" style=\"margin: 0cm 0cm 0pt\"><span style=\"font-family: Times New Roman; font-size: small;\">Bu program\u0131n amac\u0131\u2026 Sa\u011fl\u0131k alan\u0131n\u0131 global sermayeye a\u00e7mak ve sermayenin beklentilerini kar\u015f\u0131layacak s\u00fcrd\u00fcr\u00fclebilir bir finans sistemini yaratmak. Ama\u00e7 bu\u2026 Bir genel m\u00fcd\u00fcr daha ne desin\u2026 Sistemin ipu\u00e7lar\u0131n\u0131 veriyor. Eczaneler sermayenin olacak diyor\u2026 Anlama \u00f6z\u00fcrl\u00fcm\u00fcy\u00fcz ?.. M\u00fccadele etmezseniz , direnmezseniz eczaneleriniz elinizden gidecek diyor\u2026 Daha ne yaps\u0131n?..\u00a0<\/span><\/p>\n<p class=\"MsoNormal\" style=\"margin: 0cm 0cm 0pt\">\u00a0<\/p>\n<p class=\"MsoNormal\" style=\"margin: 0cm 0cm 0pt\"><span style=\"font-family: Times New Roman; font-size: small;\">Yaz\u0131m\u0131n ba\u015fl\u0131\u011f\u0131 asl\u0131nda her \u015feyi ifade ediyor\u2026 Buradan siyasi iktidar\u0131 uyar\u0131yoruz. Bu g\u00fcn\u00fc ve s\u00fcreci do\u011fru okumalar\u0131 gerekiyor. Ge\u00e7en 4 y\u0131ll\u0131k s\u00fcrede eczac\u0131n\u0131n ya\u015fad\u0131klar\u0131, kendinde ne sab\u0131r, ne anlay\u0131\u015f, nede ho\u015fg\u00f6r\u00fc b\u0131rakt\u0131. Bu g\u00fcne kadar \u00f6zveri ile hizmeti s\u00fcrd\u00fcrme \u00e7abas\u0131nda olan eczac\u0131lar art\u0131k omuzlar\u0131na y\u00fcklenen ve anlamakta g\u00fc\u00e7l\u00fck \u00e7ekti\u011fi y\u00fck\u00fc \u00a0kald\u0131ramaz hale geldi\u2026 sistemin b\u00fct\u00fcn olumsuzluklar\u0131n\u0131 d\u00fczelecek umudu ile bu g\u00fcne kadar \u00fcstlendi\u2026 \u0130yi niyetliyiz,\u00f6zveri g\u00f6sterdik ama aymaz de\u011filiz!.. Eczac\u0131-Eczac\u0131 ortakl\u0131\u011f\u0131 ile gelinecek son nokta ortaya konmu\u015ftur.\u00a0\u00a0<\/span><\/p>\n<p class=\"MsoNormal\" style=\"margin: 0cm 0cm 0pt\">\u00a0<\/p>\n<p class=\"MsoNormal\" style=\"margin: 0cm 0cm 0pt\"><span style=\"font-family: Times New Roman; font-size: small;\">Bu g\u00fcnden sonra bizde \u00e7ok net s\u00f6yl\u00fcyoruz. \u015eu anda elimiz g\u00fc\u00e7l\u00fc\u2026 Ve yerimize ikame edebilece\u011finiz bir yap\u0131 yok. Olu\u015fmas\u0131na da asla izin vermeyece\u011fiz. \u00c7\u00fcnk\u00fc taleplerimizde ve m\u00fccadelemizde hakl\u0131y\u0131z. 23 bin eczane a\u011f\u0131 ile halk\u0131m\u0131z\u0131n ilaca ula\u015famama gibi bir sorunu yok. Taleplerimiz \u00e7\u0131karc\u0131l\u0131kla asla ba\u011fda\u015ft\u0131r\u0131lamayacak kadar hakl\u0131 talepler. \u00d6yleyse \u00a0gelin yapay g\u00fcndemler olu\u015fturarak sermayenin \u00f6n\u00fcn\u00fc a\u00e7maya \u00e7al\u0131\u015fmay\u0131n!.. En az\u0131ndan bu alanda sermayenin pervas\u0131zl\u0131\u011f\u0131na ve a\u00e7 g\u00f6zl\u00fcl\u00fc\u011f\u00fcne siyasiler,sivil toplum \u00f6rg\u00fctleri, meslek odalar\u0131 ve emekten yana olanlar hep beraber dur diyelim.\u00a0\u00a0<\/span><\/p>\n<p class=\"MsoNormal\" style=\"margin: 0cm 0cm 0pt\">\u00a0<\/p>\n<p class=\"MsoNormal\" style=\"margin: 0cm 0cm 0pt\"><span style=\"font-family: Times New Roman; font-size: small;\">E\u011fer 6197 say\u0131l\u0131 yasam\u0131z Eczac\u0131-Eczac\u0131 ortakl\u0131\u011f\u0131n\u0131 kabul eder \u015fekilde \u00e7\u0131karsa H\u0130ZMET\u0130 DURDURURUZ\u2026 Ve bunun sorumlusu da asla bizler olmayaca\u011f\u0131z. Siyasi iktidar , ne ad\u0131na bu hizmetin durdu\u011funun cevab\u0131n\u0131 halk\u0131m\u0131za anlat\u0131r.\u00a0 \u00a0<\/span><\/p>\n<p class=\"MsoNormal\" style=\"margin: 0cm 0cm 0pt\">\u00a0<\/p>\n<p class=\"MsoNormal\" style=\"margin: 0cm 0cm 0pt\"><span style=\"font-family: Times New Roman; font-size: small;\">Biliyoruz .. bizi ayr\u0131\u015ft\u0131rmak isteyeceksiniz !.. G\u00fcc\u00fcm\u00fcz\u00fc par\u00e7alay\u0131p , b\u00f6lmek ve bizleri g\u00fc\u00e7s\u00fcz b\u0131rakmak isteyeceksiniz!.. Ba\u015fka t\u00fcrl\u00fc bu modelin hayata ge\u00e7me \u015fans\u0131 yok\u2026 Ama bunu bizlerde biliyoruz ve asla ba\u015faramayacaks\u0131n\u0131z !..\u00a0 \u00a0<\/span><\/p>\n<p class=\"MsoNormal\" style=\"margin: 0cm 0cm 0pt\">\u00a0<\/p>\n<p class=\"MsoNormal\" style=\"margin: 0cm 0cm 0pt\"><span style=\"font-family: Times New Roman; font-size: small;\">Biz \u00f6yle bir kitleyiz ki \u2026 Evet d\u00fcnyaya farkl\u0131 noktalardan bakan, farkl\u0131 siyasi g\u00f6r\u00fc\u015fleri olan meslekta\u015flar\u0131m\u0131z var , \u00e7ok da do\u011fal\u2026 Biz bu farkl\u0131l\u0131klar\u0131 zenginli\u011fimiz olarak g\u00f6r\u00fcr\u00fcz. Ama i\u015f Halk Sa\u011fl\u0131\u011f\u0131n\u0131 korumak ve eczac\u0131lar\u0131n haklar\u0131n\u0131n savunma noktas\u0131na geldi\u011finde hepimiz tek bir yumruk gibi oluruz\u2026\u00a0 \u00a0<\/span><\/p>\n<p class=\"MsoNormal\" style=\"margin: 0cm 0cm 0pt\">\u00a0<\/p>\n<p class=\"MsoNormal\" style=\"margin: 0cm 0cm 0pt\"><span style=\"font-family: Times New Roman; font-size: small;\">\u00c7\u00fcnk\u00fc varolman\u0131n dayan\u0131\u015fmadan, ortak hareket etmeden ve do\u011frular\u0131 savunmaktan ge\u00e7ti\u011fini biliyoruz.\u00a0 \u00a0<\/span><\/p>\n<p class=\"MsoNormal\" style=\"margin: 0cm 0cm 0pt\">\u00a0<\/p>\n<p class=\"MsoNormal\" style=\"margin: 0cm 0cm 0pt\"><span style=\"font-family: Times New Roman; font-size: small;\">De\u011ferli meslekta\u015flar\u0131m ;\u00a0\u00a0 \u00a0<\/span><\/p>\n<p class=\"MsoNormal\" style=\"margin: 0cm 0cm 0pt\">\u00a0<\/p>\n<p class=\"MsoNormal\" style=\"margin: 0cm 0cm 0pt\"><span style=\"font-family: Times New Roman; font-size: small;\">Bizlere y\u0131llard\u0131r dayat\u0131lan, bizleri bezdiren, mesle\u011fine yabanc\u0131la\u015ft\u0131ran, t\u00fcm bu uygulamalard\u0131r\u2026 Ama hepsi de\u011fi\u015febilir!.. Yeter ki meslek \u00f6rg\u00fct\u00fcm\u00fcz\u00fc yok sayan anlay\u0131\u015fa gerekli dersi verelim ve eczac\u0131-eczac\u0131 ortakl\u0131\u011f\u0131n\u0131 kabul etmeyece\u011fimizi hayk\u0131ral\u0131m\u2026 Bizler \u015fu anda elimiz g\u00fc\u00e7l\u00fcyken sessiz,edilgen bir tav\u0131rla olanlara seyirci kal\u0131rsak, mesle\u011fimizi kendi ellerimizle sermayeye teslim etmi\u015f olaca\u011f\u0131z\u2026 Bu ger\u00e7e\u011fi hepimizin iyi bildi\u011fini biliyorum\u2026 Mesle\u011fe ve meslekta\u015f\u0131na ihanet etmi\u015f yaftas\u0131n\u0131 hi\u00e7bir eczac\u0131 giymeyecektir. Bu m\u00fccadelenin bir emek ve ekmek m\u00fccadelesi oldu\u011funu hepimiz biliyoruz.\u00a0 <\/span><\/p>\n<p class=\"MsoNormal\" style=\"margin: 0cm 0cm 0pt\">\u00a0<\/p>\n<p class=\"MsoNormal\" style=\"margin: 0cm 0cm 0pt\"><span style=\"font-family: Times New Roman; font-size: small;\">Bizler d\u00fcn oldu\u011fu gibi bug\u00fcn ve yar\u0131nlarda da , Halk Sa\u011fl\u0131\u011f\u0131n\u0131 korumaya ve savunmaya , mesle\u011fimizi y\u00fcceltmeye , \u00fclkemize istihdam sa\u011flamaya ve halk\u0131m\u0131za nitelikli ila\u00e7 hizmeti vermeye devam edece\u011fiz.\u00a0 <\/span><\/p>\n<p class=\"MsoNormal\" style=\"margin: 0cm 0cm 0pt\">\u00a0<\/p>\n<p class=\"MsoNormal\" style=\"margin: 0cm 0cm 0pt\"><span style=\"font-family: Times New Roman; font-size: small;\">Bu ger\u00e7e\u011fi bilmeyenlere selam olsun\u2026<\/span><\/p>\n","protected":false},"excerpt":{"rendered":"<p>Halk\u0131n b\u00fcy\u00fck \u00e7o\u011funlu\u011funun serbest eczanelerden ila\u00e7 hizmeti alma s\u00fcrecine bakt\u0131\u011f\u0131m\u0131zda sistemin sa\u011fl\u0131kl\u0131 s\u00fcrd\u00fcr\u00fclmesi konusunda eczac\u0131lar\u0131m\u0131z\u0131n \u00f6nemli bir rol \u00fcstlenmi\u015f oldu\u011fu&#46;&#46;&#46;<\/p>\n","protected":false},"author":14,"featured_media":0,"comment_status":"closed","ping_status":"closed","sticky":false,"template":"","format":"standard","meta":{"_jetpack_memberships_contains_paid_content":false,"footnotes":""},"categories":[46],"tags":[],"class_list":["post-2776","post","type-post","status-publish","format-standard","hentry","category-ecz-mustafa-turunc"],"aioseo_notices":[],"jetpack_featured_media_url":"","jetpack_sharing_enabled":true,"jetpack-related-posts":[],"_links":{"self":[{"href":"http:\/\/www.ced.org.tr\/index.php?rest_route=\/wp\/v2\/posts\/2776","targetHints":{"allow":["GET"]}}],"collection":[{"href":"http:\/\/www.ced.org.tr\/index.php?rest_route=\/wp\/v2\/posts"}],"about":[{"href":"http:\/\/www.ced.org.tr\/index.php?rest_route=\/wp\/v2\/types\/post"}],"author":[{"embeddable":true,"href":"http:\/\/www.ced.org.tr\/index.php?rest_route=\/wp\/v2\/users\/14"}],"replies":[{"embeddable":true,"href":"http:\/\/www.ced.org.tr\/index.php?rest_route=%2Fwp%2Fv2%2Fcomments&post=2776"}],"version-history":[{"count":1,"href":"http:\/\/www.ced.org.tr\/index.php?rest_route=\/wp\/v2\/posts\/2776\/revisions"}],"predecessor-version":[{"id":3982,"href":"http:\/\/www.ced.org.tr\/index.php?rest_route=\/wp\/v2\/posts\/2776\/revisions\/3982"}],"wp:attachment":[{"href":"http:\/\/www.ced.org.tr\/index.php?rest_route=%2Fwp%2Fv2%2Fmedia&parent=2776"}],"wp:term":[{"taxonomy":"category","embeddable":true,"href":"http:\/\/www.ced.org.tr\/index.php?rest_route=%2Fwp%2Fv2%2Fcategories&post=2776"},{"taxonomy":"post_tag","embeddable":true,"href":"http:\/\/www.ced.org.tr\/index.php?rest_route=%2Fwp%2Fv2%2Ftags&post=2776"}],"curies":[{"name":"wp","href":"https:\/\/api.w.org\/{rel}","templated":true}]}}