{"id":2777,"date":"2009-01-26T11:37:20","date_gmt":"2009-01-26T09:37:20","guid":{"rendered":"http:\/\/www.ced.org.tr\/?p=2777"},"modified":"2014-05-21T01:33:54","modified_gmt":"2014-05-20T22:33:54","slug":"sakin-haa-2","status":"publish","type":"post","link":"http:\/\/www.ced.org.tr\/?p=2777","title":{"rendered":"SAKIN HAA !.."},"content":{"rendered":"<p><span style=\"font-family: Times New Roman; font-size: small;\">\u00a0<\/span><\/p>\n<p class=\"MsoNormal\" style=\"margin: 0cm 0cm 0pt\"><span style=\"font-size: small;\"><span style=\"font-family: Times New Roman;\"><span>\u00a0\u00a0\u00a0\u00a0 <\/span>Ge\u00e7enlerde \u00c7a\u011fda\u015f Eczac\u0131lar Derne\u011finin web sitesindeki (<\/span><\/span><a href=\"..\/\/\"><span style=\"font-family: Times New Roman; color: #800080; font-size: small;\">www.ced.org.tr<\/span><\/a><span style=\"font-family: Times New Roman; font-size: small;\">) yaz\u0131lar\u0131ma g\u00f6z at\u0131yordum. Temmuz 2007 de yazd\u0131\u011f\u0131m bir yaz\u0131m dikkatimi \u00e7ekti. Yaz\u0131m\u0131n konu ba\u015fl\u0131\u011f\u0131 \u2018\u2019Devletle Pazarl\u0131k Y\u00fcrek \u0130ster\u2019\u2019, i\u00e7eri\u011finde ise T\u00fcrk Eczac\u0131lar\u0131 Birli\u011fi (TEB) ile Sosyal G\u00fcvenlik Kurumu(SGK) aras\u0131nda yap\u0131lan bir \u00f6nceki protokolle ilgili de\u011ferlendirmem var\u2026 Bu yaz\u0131m\u0131n tarihini de\u011fi\u015ftirip yeniden yay\u0131nlasam , g\u00fcncelli\u011fini korudu\u011funu sizlerde g\u00f6receksiniz. O g\u00fcnde SGK n\u0131n bizlere dayatmalar\u0131 var, yani anlay\u0131\u015f de\u011fi\u015fmemi\u015f\u2026 bu g\u00fcnde tehditler var, bir farkla \u00e7e\u015fitti fazlala\u015fm\u0131\u015f\u2026 e-s\u00f6zle\u015fme ile TEB i devre d\u0131\u015f\u0131na \u00e7\u0131karma tehdidinin yan\u0131na eczane hizmet alan\u0131n\u0131 sermayeye a\u00e7ma tehdidi eklenmi\u015f.<\/span><\/p>\n<p><span style=\"font-family: Times New Roman; font-size: small;\">\u00a0<\/span><\/p>\n<p class=\"MsoNormal\" style=\"margin: 0cm 0cm 0pt\"><span style=\"font-size: small;\"><span style=\"font-family: Times New Roman;\"><span>\u00a0\u00a0\u00a0\u00a0 <\/span>Ben ; eczac\u0131-eczac\u0131 ortakl\u0131\u011f\u0131n\u0131n 6197 say\u0131l\u0131 yasa tasla\u011f\u0131n\u0131n i\u00e7ine yerle\u015ftirilece\u011fi s\u00f6ylemleriyle , sermayeye yeni Pazar yaratma konusunda eczac\u0131n\u0131n tepkisinin ne dozda olaca\u011f\u0131n\u0131n test edildi\u011fi kan\u0131s\u0131nday\u0131m. Bu konuda eczac\u0131 odalar\u0131n\u0131n \u00fcyelerini bilgilendirme ve bilin\u00e7lendirme \u00e7abalar\u0131n\u0131n da katk\u0131s\u0131yla meslekta\u015flar\u0131m\u0131n ilgili kesimlere gereken cevab\u0131 \u00e7ok net verdi\u011fini s\u00f6ylemeliyim.<\/span><\/span><\/p>\n<p><span style=\"font-family: Times New Roman; font-size: small;\">\u00a0<\/span><\/p>\n<p class=\"MsoNormal\" style=\"margin: 0cm 0cm 0pt\"><span style=\"font-size: small;\"><span style=\"font-family: Times New Roman;\"><span>\u00a0\u00a0\u00a0\u00a0 <\/span>Eczac\u0131lar\u0131m\u0131z, ba\u015fka hi\u00e7bir meslek grubunun tek ba\u015f\u0131na bug\u00fcne kadar toplayamad\u0131\u011f\u0131 32 bin ki\u015filik kat\u0131l\u0131m\u0131 ve 22 bin dilek\u00e7e ile eczac\u0131-eczac\u0131 ortakl\u0131\u011f\u0131na hay\u0131r demi\u015f ve TEB nin yok say\u0131lamayaca\u011f\u0131n\u0131 beyan etmi\u015ftir\u2026 Yani eczac\u0131 kamuoyu, kendine d\u00fc\u015fen g\u00f6rev ve sorumlulu\u011fu eksiksiz yerine getirmi\u015ftir.<\/span><\/span><\/p>\n<p><span style=\"font-family: Times New Roman; font-size: small;\">\u00a0<\/span><\/p>\n<p class=\"MsoNormal\" style=\"margin: 0cm 0cm 0pt\"><span style=\"font-size: small;\"><span style=\"font-family: Times New Roman;\"><span>\u00a0\u00a0\u00a0\u00a0 <\/span>Eczac\u0131 , hakl\u0131 taleplerinin yer almad\u0131\u011f\u0131 bundan \u00f6nceki iki protokol \u00f6rne\u011finden sonra, \u00f6rg\u00fct\u00fcne duydu\u011fu g\u00fcven bunal\u0131m\u0131, yabanc\u0131la\u015fma ve ba\u015fkala\u015fma duygusundan bu d\u00f6nem s\u0131yr\u0131lm\u0131\u015f ve \u00f6rg\u00fct\u00fcne verdi\u011fi ola\u011fan\u00fcst\u00fc destekle beraber do\u011fal olarak TEB y\u00f6neticilerinin taban deste\u011fini de yan\u0131na alarak SGK ile yap\u0131lacak protokol s\u00fcrecinde , eczac\u0131n\u0131n budanan haklar\u0131n\u0131n geri kazan\u0131lmas\u0131 konusunda daha cesaretli ve kararl\u0131 bir tav\u0131r sergileyeceklerini \u00fcmit etmi\u015fti!..<\/span><\/span><\/p>\n<p><span style=\"font-family: Times New Roman; font-size: small;\">\u00a0<\/span><\/p>\n<p class=\"MsoNormal\" style=\"margin: 0cm 0cm 0pt\"><span style=\"font-size: small;\"><span style=\"font-family: Times New Roman;\"><span>\u00a0\u00a0\u00a0\u00a0 <\/span>TEB, eczac\u0131lar\u0131n beklentilerinden uzak bir protokole imza at\u0131nca, \u00f6zellikle eczac\u0131n\u0131n ekonomisi ile ilgili bir \u00f6nceki protokol\u00fcn bile gerisine d\u00fc\u015f\u00fcnce, bu durum eczac\u0131lar\u0131m\u0131zda yok olmaya y\u00fcz tutan \u00f6rg\u00fct\u00fcne g\u00fcvenmeme, yabanc\u0131la\u015fma ve umudunu yitirme ruh hali yeniden ye\u015ferme ve ye\u015fertilmeye(!) ba\u015fland\u0131.<\/span><\/span><\/p>\n<p><span style=\"font-family: Times New Roman; font-size: small;\">\u00a0<\/span><\/p>\n<p class=\"MsoNormal\" style=\"margin: 0cm 0cm 0pt\"><span style=\"font-size: small;\"><span style=\"font-family: Times New Roman;\"><span>\u00a0\u00a0\u00a0\u00a0 <\/span>\u0130\u015fte!.. yaz\u0131mda \u00f6zellikle vurgu yapmak istedi\u011fim yer eczac\u0131n\u0131n bu ruh halidir. Mesle\u011fimiz ve meslekta\u015flar\u0131m\u0131z i\u00e7in en b\u00fcy\u00fck tehlike de budur\u2026<\/span><\/span><\/p>\n<p><span style=\"font-family: Times New Roman; font-size: small;\">\u00a0<\/span><\/p>\n<p class=\"MsoNormal\" style=\"margin: 0cm 0cm 0pt\"><span style=\"font-size: small;\"><span style=\"font-family: Times New Roman;\"><span>\u00a0\u00a0\u00a0\u00a0 <\/span>Sistemin as\u0131l amac\u0131da budur!.. Bireyleri, dayan\u0131\u015fma ve ortak hareket etme duygusundan uzakla\u015ft\u0131rarak, onlar\u0131 tekil yapmak\u2026 \u00f6rg\u00fctl\u00fc g\u00fcc\u00fcn bir anlama gelmedi\u011fi, gemisini kurtaran kaptan misali ki\u015fileri tek ba\u015f\u0131na \u00e7areler \u00fcretmeye ve davranmaya iterek, onlar \u00e7are ararken tek tek onlar\u0131 \u00f6\u011f\u00fctmek, bitirmek, kendince bi\u00e7imleyerek sisteme entegre olmu\u015f bir k\u00f6le haline d\u00f6n\u00fc\u015ft\u00fcrmektir. Bu tuza\u011fa asla d\u00fc\u015fmemeliyiz!!!<\/span><\/span><\/p>\n<p><span style=\"font-family: Times New Roman; font-size: small;\">\u00a0<\/span><\/p>\n<p class=\"MsoNormal\" style=\"margin: 0cm 0cm 0pt\"><span style=\"font-size: small;\"><span style=\"font-family: Times New Roman;\"><span>\u00a0\u00a0\u00a0\u00a0 <\/span>Meslekta\u015flar\u0131m\u0131 s\u00fcrece bak\u0131ld\u0131\u011f\u0131nda anlayabiliyorum\u2026 Ama<span>\u00a0 <\/span>tepkilerini ki\u015filere ve anlay\u0131\u015flar\u0131na y\u00f6neltmek yerine TEB in kurumsal kimli\u011fi ve \u00f6nemi \u00fczerinden bir tart\u0131\u015fma ba\u015flatarak, TEB in kimli\u011fi ve \u00f6nemini zedeleyecek, yok sayacak bir alg\u0131ya s\u00fcr\u00fcklenmemeleri gerekir\u2026 Esas bug\u00fcnden itibaren T\u00fcrk Eczac\u0131lar\u0131 Birli\u011fine s\u0131k\u0131 s\u0131k\u0131ya sar\u0131lmak, kurum kimli\u011fini savunmak ve birli\u011fimizi sahiplenmek durumunday\u0131z. Belki de bizler, TEB ve Eczac\u0131 Odalar\u0131n\u0131 bug\u00fcne kadar yeterince sahiplenemedi\u011fimiz i\u00e7in b\u00fct\u00fcn bunlar oluyor!.. Ka\u00e7 meslekta\u015f\u0131m s\u00f6z\u00fc edilen kurumlara g\u00f6nderdi\u011fi y\u00f6neticileri, her y\u00f6n\u00fcyle irdeleyerek(!), sorgulayarak(!) se\u00e7ti?.. Ortaya \u00e7\u0131kan bu sonu\u00e7ta biz eczac\u0131lar\u0131n pay\u0131 yok mu?..<\/span><\/span><\/p>\n<p><span style=\"font-family: Times New Roman; font-size: small;\">\u00a0<\/span><\/p>\n<p class=\"MsoNormal\" style=\"margin: 0cm 0cm 0pt\"><span style=\"font-size: small;\"><span style=\"font-family: Times New Roman;\"><span>\u00a0\u00a0\u00a0\u00a0 <\/span>\u0130ki protokol s\u00fcrecinde de ayn\u0131 anlay\u0131\u015f ve ki\u015filer a\u011f\u0131rl\u0131kl\u0131 olarak TEB y\u00f6netiminde yer ald\u0131lar. \u2018\u2019Ayn\u0131 suda iki kez y\u0131kan\u0131lmaz \u2018\u2019diye bir s\u00f6z vard\u0131r. Sonu\u00e7lar istedi\u011finiz gibi de\u011filse o zaman size d\u00fc\u015fen g\u00f6rev y\u0131kama suyunu de\u011fi\u015ftirmektir.<\/span><\/span><\/p>\n<p><span style=\"font-family: Times New Roman; font-size: small;\">\u00a0<\/span><\/p>\n<p class=\"MsoNormal\" style=\"margin: 0cm 0cm 0pt\"><span style=\"font-size: small;\"><span style=\"font-family: Times New Roman;\"><span>\u00a0\u00a0\u00a0\u00a0 <\/span>Kapitalizmin sald\u0131r\u0131lar\u0131 s\u00fcrd\u00fck\u00e7e, hak arama ve hak talep etme istemi s\u00fcrecektir. Heyecan\u0131m\u0131z\u0131 , \u00fcmidimizi yitirmeden, dayan\u0131\u015fmam\u0131z\u0131 eksiltmeden m\u00fccadelemizi kald\u0131\u011f\u0131m\u0131z yerden s\u00fcrd\u00fcrmeliyiz.<\/span><\/span><\/p>\n<p><span style=\"font-family: Times New Roman; font-size: small;\">\u00a0<\/span><\/p>\n<p class=\"MsoNormal\" style=\"margin: 0cm 0cm 0pt\"><span style=\"font-size: small;\"><span style=\"font-family: Times New Roman;\"><span>\u00a0\u00a0\u00a0\u00a0 <\/span>Bizlere d\u00fc\u015fen g\u00f6rev budur.<\/span><\/span><\/p>\n<p><span style=\"font-family: Times New Roman; font-size: small;\">\u00a0<\/span><\/p>\n<p class=\"MsoNormal\" style=\"margin: 0cm 0cm 0pt\"><span style=\"font-size: small;\"><span style=\"font-family: Times New Roman;\"><span>\u00a0\u00a0\u00a0\u00a0 <\/span>Esen kal\u0131n\u2026<\/span><\/span><\/p>\n","protected":false},"excerpt":{"rendered":"<p>\u00a0 \u00a0\u00a0\u00a0\u00a0 Ge\u00e7enlerde \u00c7a\u011fda\u015f Eczac\u0131lar Derne\u011finin web sitesindeki (www.ced.org.tr) yaz\u0131lar\u0131ma g\u00f6z at\u0131yordum. Temmuz 2007 de yazd\u0131\u011f\u0131m bir yaz\u0131m dikkatimi \u00e7ekti.&#46;&#46;&#46;<\/p>\n","protected":false},"author":14,"featured_media":0,"comment_status":"closed","ping_status":"closed","sticky":false,"template":"","format":"standard","meta":{"_jetpack_memberships_contains_paid_content":false,"footnotes":""},"categories":[46],"tags":[],"class_list":["post-2777","post","type-post","status-publish","format-standard","hentry","category-ecz-mustafa-turunc"],"aioseo_notices":[],"jetpack_featured_media_url":"","jetpack_sharing_enabled":true,"jetpack-related-posts":[],"_links":{"self":[{"href":"http:\/\/www.ced.org.tr\/index.php?rest_route=\/wp\/v2\/posts\/2777","targetHints":{"allow":["GET"]}}],"collection":[{"href":"http:\/\/www.ced.org.tr\/index.php?rest_route=\/wp\/v2\/posts"}],"about":[{"href":"http:\/\/www.ced.org.tr\/index.php?rest_route=\/wp\/v2\/types\/post"}],"author":[{"embeddable":true,"href":"http:\/\/www.ced.org.tr\/index.php?rest_route=\/wp\/v2\/users\/14"}],"replies":[{"embeddable":true,"href":"http:\/\/www.ced.org.tr\/index.php?rest_route=%2Fwp%2Fv2%2Fcomments&post=2777"}],"version-history":[{"count":1,"href":"http:\/\/www.ced.org.tr\/index.php?rest_route=\/wp\/v2\/posts\/2777\/revisions"}],"predecessor-version":[{"id":3981,"href":"http:\/\/www.ced.org.tr\/index.php?rest_route=\/wp\/v2\/posts\/2777\/revisions\/3981"}],"wp:attachment":[{"href":"http:\/\/www.ced.org.tr\/index.php?rest_route=%2Fwp%2Fv2%2Fmedia&parent=2777"}],"wp:term":[{"taxonomy":"category","embeddable":true,"href":"http:\/\/www.ced.org.tr\/index.php?rest_route=%2Fwp%2Fv2%2Fcategories&post=2777"},{"taxonomy":"post_tag","embeddable":true,"href":"http:\/\/www.ced.org.tr\/index.php?rest_route=%2Fwp%2Fv2%2Ftags&post=2777"}],"curies":[{"name":"wp","href":"https:\/\/api.w.org\/{rel}","templated":true}]}}