{"id":2778,"date":"2009-04-10T08:08:56","date_gmt":"2009-04-10T05:08:56","guid":{"rendered":"http:\/\/www.ced.org.tr\/?p=2778"},"modified":"2014-05-21T01:33:48","modified_gmt":"2014-05-20T22:33:48","slug":"yerel-secimler-ve-eczaci-adaylarimiz-2","status":"publish","type":"post","link":"http:\/\/www.ced.org.tr\/?p=2778","title":{"rendered":"YEREL SE\u00c7\u0130MLER VE ECZACI ADAYLARIMIZ!.."},"content":{"rendered":"<p class=\"MsoNormal\" style=\"margin: 0cm 0cm 0pt\"><span style=\"font-family: Times New Roman; font-size: small;\">Ge\u00e7ti\u011fimiz g\u00fcnlerde bir yerel se\u00e7imleri daha geride b\u0131rakt\u0131k\u2026 Her ne kadar belediye ba\u015fkanl\u0131\u011f\u0131, il genel meclisi ve belediye meclis \u00fcyelikleri se\u00e7imleri olsa da siyasi muhataplarca, ortam gereksizce gerdirilerek, adeta bir genel se\u00e7im havas\u0131nda ge\u00e7en bir yerel se\u00e7im ya\u015fad\u0131k.<\/span><\/p>\n<p><span style=\"font-family: Times New Roman; font-size: small;\">\u00a0<\/span><\/p>\n<p class=\"MsoNormal\" style=\"margin: 0cm 0cm 0pt\"><span style=\"font-family: Times New Roman; font-size: small;\">\u00c7\u0131kan sonu\u00e7lar ortada!.. Toplum, se\u00e7im sonu\u00e7lar\u0131 ile siyasi partilere ve en ba\u015fta liderlerine ders niteli\u011finde mesajlar verdi.<\/span><\/p>\n<p><span style=\"font-family: Times New Roman; font-size: small;\">\u00a0<\/span><\/p>\n<p class=\"MsoNormal\" style=\"margin: 0cm 0cm 0pt\"><span style=\"font-family: Times New Roman; font-size: small;\">Halk, iktidar partisine demokratik, \u00e7a\u011fda\u015f bir hukuk devleti yaratma ve toplumun \u00f6n\u00fcn\u00fc a\u00e7acak \u00f6zg\u00fcrle\u015fme hareketlerine y\u00f6nelik \u00e7aba harcamak yerine, bir yan\u0131 ile militer bir yap\u0131n\u0131n s\u0131n\u0131rlar\u0131n\u0131 \u00e7izdi\u011fi politikalar\u0131 ve klasik devlet y\u00f6netme anlay\u0131\u015f\u0131n\u0131 uygular , sosyal devlet <span>\u00a0<\/span>kavram\u0131n\u0131 sadaka k\u00fclt\u00fcr\u00fcne indirger ve insan\u0131 a\u015fa\u011f\u0131larsan seni cezaland\u0131r\u0131r\u0131m derken, ana muhalefet partisine de, baz\u0131 simgesel de\u011ferleri \u00f6ne \u00e7\u0131kartmak yerine; a\u015f, i\u015f, yoksulluk ve yolsuzlu\u011fun \u00f6n\u00fcne ge\u00e7ecek s\u00f6ylem ve programlarla kar\u015f\u0131ma gelip, kadrolar\u0131n\u0131 toplumun g\u00fcven duyaca\u011f\u0131 isimlerle bezersen benden oy alabilirsin mesaj\u0131n\u0131 verdi.<\/span><\/p>\n<p><span style=\"font-family: Times New Roman; font-size: small;\">\u00a0<\/span><\/p>\n<p class=\"MsoNormal\" style=\"margin: 0cm 0cm 0pt\"><span style=\"font-family: Times New Roman; font-size: small;\">Bu k\u0131sa de\u011ferlendirmeden sonra \u00f6ncelikli konumuz, se\u00e7imlerde eczac\u0131 adaylar\u0131m\u0131z!!!<\/span><\/p>\n<p class=\"MsoNormal\" style=\"margin: 0cm 0cm 0pt\">\u00a0<\/p>\n<p class=\"MsoNormal\" style=\"margin: 0cm 0cm 0pt\"><span style=\"font-family: Times New Roman; font-size: small;\">Eczac\u0131l\u0131k mesle\u011fi, \u00f6zellikle eczane eczac\u0131l\u0131\u011f\u0131 halkla i\u00e7 i\u00e7e s\u00fcrd\u00fcr\u00fclen, halkla diyalog un yo\u011fun ya\u015fand\u0131\u011f\u0131 bir meslektir. Meslekta\u015flar\u0131m\u0131z\u0131n b\u00f6lgelerinde hizmete aday olduklar\u0131nda \u015fanslar\u0131n\u0131n di\u011fer adaylara g\u00f6re fazla oldu\u011funa inananlardan\u0131m. Bu se\u00e7imlerde de pek \u00e7ok meslekta\u015f\u0131m\u0131n \u00e7e\u015fitli kurullara aday olmalar\u0131 da olduk\u00e7a sevindirici\u2026 Belediye Ba\u015fkanl\u0131\u011f\u0131na se\u00e7ilen meslekta\u015f\u0131m var m\u0131 bilmiyorum ama il genel meclisi ve belediye meclis \u00fcyeliklerine se\u00e7ilen meslekta\u015flar\u0131m\u0131n oldu\u011funu biliyorum ve kendilerini g\u00f6n\u00fclden kutluyorum.<\/span><\/p>\n<p class=\"MsoNormal\" style=\"margin: 0cm 0cm 0pt\">\u00a0<\/p>\n<p class=\"MsoNormal\" style=\"margin: 0cm 0cm 0pt\"><span style=\"font-family: Times New Roman; font-size: small;\">S\u00f6z konusu se\u00e7imlerde se\u00e7ilemeseler de aday aday\u0131 ve aday olan iki meslekta\u015f\u0131m var ki!.. yaz\u0131mda onlara de\u011finmeden ge\u00e7emeyece\u011fim.<\/span><\/p>\n<p><span style=\"font-family: Times New Roman; font-size: small;\">\u00a0<\/span><\/p>\n<p class=\"MsoNormal\" style=\"margin: 0cm 0cm 0pt\"><span style=\"font-family: Times New Roman; font-size: small;\">Birincisi T\u00fcrk Eczac\u0131lar\u0131 Birli\u011fi Merkez Heyetinde II. Ba\u015fkanl\u0131k g\u00f6revini s\u00fcrd\u00fcren Sn. \u015eevket Kaya\u2026 di\u011feri T\u00fcrk Eczac\u0131lar\u0131 Birli\u011fi Merkez Heyeti Sayman\u0131 Sn. \u00d6zg\u00fcr \u00d6zel.<\/span><\/p>\n<p class=\"MsoNormal\" style=\"margin: 0cm 0cm 0pt\">\u00a0<\/p>\n<p class=\"MsoNormal\" style=\"margin: 0cm 0cm 0pt\"><span style=\"font-family: Times New Roman; font-size: small;\">Ecz. Sn. \u015eevket Kaya , Ayd\u0131n Eczac\u0131 Odas\u0131 Ba\u015fkanl\u0131\u011f\u0131 yapm\u0131\u015f son TEB genel kurulunda da Merkez Heyetine se\u00e7ilerek, TEB II. Ba\u015fkanl\u0131k g\u00f6revini s\u00fcrd\u00fcren bir arkada\u015f\u0131m\u0131z\u2026 Yerel se\u00e7im s\u00fcrecinin ba\u015flar\u0131nda da iktidar partisinin Ayd\u0131n Belediye Ba\u015fkan\u0131 aday aday\u0131. Ecz. Sn. \u00d6zg\u00fcr \u00d6zel ise di\u011fer arkada\u015f\u0131m\u0131z gibi Manisa Eczac\u0131 Odas\u0131 Ba\u015fkanl\u0131\u011f\u0131 yapm\u0131\u015f ve genel kurulda Merkez Heyetine se\u00e7ilerek TEB Sayman\u0131 g\u00f6revini s\u00fcrd\u00fcr\u00fcrken ana muhalefet partisinin Manisa Belediye Ba\u015fkan aday\u0131 oluyor.<\/span><\/p>\n<p><span style=\"font-family: Times New Roman; font-size: small;\">\u00a0<\/span><\/p>\n<p class=\"MsoNormal\" style=\"margin: 0cm 0cm 0pt\"><span style=\"font-family: Times New Roman; font-size: small;\">Hemen s\u00f6yleyeyim\u2026 y\u00f6resine hizmet i\u00e7in herkes gibi s\u00f6z konusu iki arkada\u015f\u0131m\u0131z\u0131n da aday olma haklar\u0131 vard\u0131r. Ama bu arkada\u015flar\u0131n TEB se\u00e7imleri \u00f6ncesinde de b\u00f6ylesine bir niyetleri varsa , mesle\u011fimize y\u00f6nelik tehdit ve sald\u0131r\u0131lar\u0131n artt\u0131\u011f\u0131 bir d\u00f6nemde Merkez Heyeti \u00fcyeliklerine aday olmamalar\u0131 gerekiyordu\u2026 Bu konuda \u00f6n yarg\u0131l\u0131 olmayay\u0131m, belki b\u00f6yle bir beklentileri yoktu\u2026 sonraki s\u00fcre\u00e7te geli\u015fmi\u015f olabilir!.. Ve a\u00e7\u0131k\u00e7as\u0131 b\u00f6yle oldu\u011funa da<span>\u00a0 <\/span>inanmak isterim\u2026 ancak \u00e7ok net g\u00f6r\u00fclen \u015fu ki !.. siyasete at\u0131lmakla ilgili etik anlay\u0131\u015f\u0131n TEB de yerli yerine oturtulmas\u0131 gerekli.<\/span><\/p>\n<p><span style=\"font-family: Times New Roman; font-size: small;\">\u00a0<\/span><\/p>\n<p class=\"MsoNormal\" style=\"margin: 0cm 0cm 0pt\"><span style=\"font-family: Times New Roman; font-size: small;\">TEB II.Ba\u015fkan\u0131 Sn. \u015eevket Kaya n\u0131n aday aday\u0131 oldu\u011fu d\u00f6nemde biz eczac\u0131lar sorunlarla bo\u011fu\u015fuyoruz, mesle\u011fimize ciddi sald\u0131r\u0131lar var. Eczane a\u00e7ma yetkisinin sermayeye verilme \u00e7abalar\u0131 var. TEB in yok say\u0131lma giri\u015fimleri var.<span>\u00a0 <\/span>TEB II. Ba\u015fkan\u0131 bu arada ne yapmakta?.. Merkez Heyeti toplant\u0131lar\u0131na kat\u0131lmamakta, g\u00f6rev ald\u0131\u011f\u0131 konularla ilgili \u00e7al\u0131\u015fma yapmamakta!.. Peki ne yapmakta?.. genel merkezle , Ayd\u0131n aras\u0131nda mekik dokumakta, y\u00f6resinde siyasi kulis yapmakta ve aday adayl\u0131\u011f\u0131n\u0131n adayl\u0131\u011fa d\u00f6n\u00fc\u015fmesi konusunda \u00e7aba harcamakta\u2026 Bu arada eczac\u0131 feryat ediyor ve 30 bini a\u015fk\u0131n bir toplulukla Ankara da bir Miting yap\u0131l\u0131yor. T\u00fcm eczac\u0131 odalar\u0131, kat\u0131l\u0131m\u0131n fazla olmas\u0131 i\u00e7in ola\u011fan\u00fcst\u00fc gayret sarf ediyorlar ve miting ba\u015fl\u0131yor. Miting i\u00e7in kurulan platform da Sn. \u015eevket Kaya yok!!! G\u00f6zlerimiz ar\u0131yor ama kendileri yoklar\u2026 merkez heyetinin di\u011fer \u00fcyeleri orada, 51 eczac\u0131 odam\u0131z\u0131n ba\u015fkan yada temsilcisi orada\u2026 mitingi y\u00f6neten ve sunan Ecz.Atilla Erbudak dostumuz Oda Ba\u015fkanlar\u0131n\u0131 tek tek anons ederek, toplulu\u011fa tan\u0131t\u0131p motivasyonu art\u0131rmak istiyor ancak merkez heyeti \u00fcyelerini tek,tek \u00e7a\u011f\u0131r\u0131p co\u015fkuyu y\u00fckseltme giri\u015fimini yapam\u0131yor. Sebep ?.. \u00c7\u00fcnk\u00fc Sn. Kaya platforma \u00e7\u0131km\u0131yor. Merkez Heyeti de, b\u00f6yle bir ay\u0131b\u0131 , meslekta\u015flar\u0131na topluca el sallayarak \u00f6rtmeye \u00e7al\u0131\u015f\u0131yor. <\/span><\/p>\n<p><span style=\"font-family: Times New Roman; font-size: small;\">\u00a0<\/span><\/p>\n<p class=\"MsoNormal\" style=\"margin: 0cm 0cm 0pt\"><span style=\"font-family: Times New Roman; font-size: small;\">TEB II.Ba\u015fkan\u0131n\u0131n siyasi kimli\u011fi beni hi\u00e7 ilgilendirmiyor. Ama sen \u00f6rg\u00fct\u00fcn II.Ba\u015fkan\u0131ysan meslek ad\u0131na ne yapt\u0131\u011f\u0131n veya yapmad\u0131\u011f\u0131n beni ve t\u00fcm meslekta\u015flar\u0131m\u0131z\u0131 yak\u0131n ilgilendiriyor. Mesle\u011fi ve meslekta\u015flar\u0131n haklar\u0131n\u0131 savunmak ad\u0131na g\u00f6reve gelmi\u015f bir II. Ba\u015fkan siyasi ikbalini her \u015feyin \u00f6n\u00fcnde tutarak, bir meslek \u00f6rg\u00fct\u00fcn\u00fcn belki de bir daha g\u00f6remeyece\u011fi muhte\u015fem bir kalabal\u0131k kar\u015f\u0131s\u0131nda saklanamaz. T\u00fcm eczac\u0131lar\u0131n beklentisi, partisine kar\u015f\u0131 yap\u0131lm\u0131\u015f bile olsa TEB II.Ba\u015fkan\u0131n\u0131n sorumlulu\u011fu gere\u011fi dimdik platformda yer al\u0131p, kar\u015f\u0131 duru\u015funu siyasi iktidara g\u00f6stermesi gerekirdi. B\u00fct\u00fcn bu beklentilere ra\u011fmen Sn. Kaya b\u00f6yle bir<span>\u00a0 <\/span>yakla\u015f\u0131m\u0131 sergilemeyebilir, kendince sak\u0131ncal\u0131 g\u00f6rebilir. O zaman yapmas\u0131 gereken TEB Merkez Heyetinden istifa etmesidir. Bu tavr\u0131n sahibi olabilseydi, kendisine ba\u015far\u0131lar dilemekten ba\u015fka fazlaca bir s\u00f6z\u00fcm\u00fcz olmazd\u0131.<\/span><\/p>\n<p><span style=\"font-family: Times New Roman; font-size: small;\">\u00a0<\/span><\/p>\n<p class=\"MsoNormal\" style=\"margin: 0cm 0cm 0pt\"><span style=\"font-family: Times New Roman; font-size: small;\">\u00d6te yandan, se\u00e7imlerle ilgili adayl\u0131klar\u0131n kesinle\u015fmesi s\u00fcrecine girildi\u011finde de birde bakt\u0131k ki TEB Sayman\u0131 Sn. \u00d6zg\u00fcr \u00d6zel de bir ba\u015fka siyasi partiden Manisa Belediye Ba\u015fkan aday\u0131\u2026 \u00c7ok mutlu olduk ve tavr\u0131n\u0131 beklemeye koyulduk. Sn. \u00d6zel, Sn. Kaya i\u00e7in yap\u0131lan ele\u015ftirileri bildi\u011finden \u00f6nceleri farkl\u0131 bir tav\u0131r sergileyecekmi\u015f gibi bir izlenim b\u0131rakt\u0131.Merkez Heyetinden istifa edece\u011fi mesajlar\u0131 verdi. Daha sonra kendince baz\u0131 gerek\u00e7elerin ard\u0131na s\u0131\u011f\u0131narak yaln\u0131z saymanl\u0131k g\u00f6revinden ayr\u0131ld\u0131.<\/span><\/p>\n<p><span style=\"font-family: Times New Roman; font-size: small;\">\u00a0<\/span><\/p>\n<p class=\"MsoNormal\" style=\"margin: 0cm 0cm 0pt\"><span style=\"font-family: Times New Roman; font-size: small;\">Bilindi\u011fi gibi TEB se\u00e7imlerine <span>\u00a0<\/span>iki liste ile girilmi\u015f ve her iki listeden 6-5 li bir yap\u0131dan olu\u015fan bir y\u00f6netim olu\u015fmu\u015ftu. Ba\u015fkanl\u0131k divan\u0131 da 6l\u0131 yap\u0131 i\u00e7inde bulunan isimlerden oy \u00e7oklu\u011funa g\u00f6re se\u00e7ilmi\u015fti. II. Ba\u015fkan\u0131n aylard\u0131r g\u00f6revinden uzak olu\u015fu ve sayman\u0131n sonradan \u00e7\u0131kan adayl\u0131\u011f\u0131 nedeniyle yeni bir ba\u015fkanl\u0131k divan\u0131n\u0131n olu\u015fturulmas\u0131 zorunlu hale gelmi\u015fti. TEB de ba\u015fkanl\u0131k divan\u0131n\u0131n yeniden olu\u015fturulacak olan y\u00f6netim toplant\u0131s\u0131na Manisa da se\u00e7im \u00e7al\u0131\u015fmalar\u0131na yo\u011funla\u015fm\u0131\u015f Sn. \u00d6zg\u00fcr \u00d6zel de bir g\u00fcnl\u00fc\u011f\u00fcne Ankara ya gelerek Ba\u015fkanl\u0131k Divan\u0131n\u0131n yeniden 6l\u0131 yap\u0131 i\u00e7inde bulunan isimlerden se\u00e7ilmesine katk\u0131 vermi\u015f ve yine ama\u00e7 liyakat de\u011fil grup tavr\u0131 \u00f6nde tutulmu\u015ftur. <\/span><\/p>\n<p><span style=\"font-family: Times New Roman; font-size: small;\">\u00a0<\/span><\/p>\n<p class=\"MsoNormal\" style=\"margin: 0cm 0cm 0pt\"><span style=\"font-family: Times New Roman; font-size: small;\">Son d\u00f6nemlerde Sn. Doma\u00e7 la ba\u015flayan, Sn. Kaya ve Sn. \u00d6zel\u2019le devam eden siyasete at\u0131lma giri\u015fimleri, eczac\u0131 taban\u0131nda ister istemez ele\u015ftirilere neden oldu. TEB Merkez Heyeti \u00dcyeli\u011fi g\u00f6revleri siyasi ikbal u\u011fruna basamak olarak kullan\u0131l\u0131yor s\u00f6ylemi olduk\u00e7a dillendirilmeye ba\u015fland\u0131. Ben bu g\u00f6r\u00fc\u015fe bir yan\u0131 ile kat\u0131lm\u0131yorum\u2026 Do\u011fald\u0131r ki bu g\u00f6revler o ki\u015finin y\u00f6resinde hatta \u00fclkede tan\u0131nmas\u0131, bilinmesi a\u00e7\u0131s\u0131ndan \u00f6nemli g\u00f6revlerdir. \u00dclkeye veya bir y\u00f6reye hizmet g\u00f6t\u00fcrecek ve y\u00f6netecek ki\u015filerin bu beceriyi g\u00f6sterebilece\u011fi g\u00f6revlerde bulunmalar\u0131 gerekir. Yine bu g\u00f6revler halk\u0131n takdirini kazanma konusunda \u00f6nemlidir. Ke\u015fke daha \u00e7ok say\u0131da milletvekili ve belediye ba\u015fkan\u0131 meslek \u00f6rg\u00fctlerinden \u00e7\u0131kabilse\u2026 B\u00f6yle bir beklenti i\u00e7inde olan veya teklif gelen meslekta\u015flar\u0131m tercihlerini bu y\u00f6nde kullanmaya karar verdiklerinde, bulunduklar\u0131 g\u00f6revden istifa etme etik yakla\u015f\u0131m\u0131n\u0131<span>\u00a0 <\/span>g\u00f6sterebilseler bence sorun yok. Ama mevcut g\u00f6revini s\u00fcrd\u00fcr\u00fcyormu\u015f gibi yap\u0131p, sans\u0131n\u0131 siyasette de<span>\u00a0 <\/span>denemeye kalkan ve se\u00e7ilemedi\u011finde tekrar eski g\u00f6revini s\u00fcrd\u00fcrmeyi ye\u011fleyen ki\u015fi, i\u015fte o zaman bu g\u00f6revleri basamak gibi kullan\u0131yor konumuna d\u00fc\u015fecektir.<\/span><\/p>\n<p><span style=\"font-family: Times New Roman; font-size: small;\">\u00a0<\/span><\/p>\n<p class=\"MsoNormal\" style=\"margin: 0cm 0cm 0pt\"><span style=\"font-family: Times New Roman; font-size: small;\">De\u011ferli Meslekta\u015flar\u0131m;<\/span><\/p>\n<p class=\"MsoNormal\" style=\"margin: 0cm 0cm 0pt\">\u00a0<\/p>\n<p class=\"MsoNormal\" style=\"margin: 0cm 0cm 0pt\"><span style=\"font-family: Times New Roman; font-size: small;\">Baz\u0131 de\u011fer yarg\u0131lar\u0131 ve etik yakla\u015f\u0131mlar yaz\u0131l\u0131 kurallara ba\u011fl\u0131 olmayabilir. Kurallara ba\u011fl\u0131 de\u011fil diye hi\u00e7bir ki\u015finin s\u00f6z konusu de\u011ferleri g\u00f6rmezden gelme gibi bir tavr\u0131n sahibi olmas\u0131 kabul edilemez. Bu anlay\u0131\u015f\u0131n TEB ve Odalarda yerle\u015fmesi ile ilgili bir team\u00fcl olu\u015fturmak zorunday\u0131z. \u00c7\u00fcnk\u00fc meslek odalar\u0131 ve birlikleri sivil toplum \u00f6rg\u00fctleridir. Ve muhalif olmak durumundad\u0131r. T\u00fcm siyasi partilere e\u015fit uzakl\u0131kta durmal\u0131 ve yeri geldi\u011finde kar\u015f\u0131 durma refleksini g\u00f6stermelidir. Bir siyasi partiye angaje olan bir meslekta\u015f\u0131m art\u0131k bir taraft\u0131r ve g\u00f6revde bulunmas\u0131 \u00f6rg\u00fct\u00fcne zarar verir.<\/span><\/p>\n<p><span style=\"font-family: Times New Roman; font-size: small;\">\u00a0<\/span><\/p>\n<p class=\"MsoNormal\" style=\"margin: 0cm 0cm 0pt\"><span style=\"font-family: Times New Roman; font-size: small;\">Meslek \u00d6rg\u00fct\u00fcm\u00fcz de, bu etik davran\u0131\u015f modelini ortaya \u00e7\u0131kartamazsak , kendilerini meslekta\u015flar\u0131ndan gizleyen, saklayan veya mahcup bir eda ile gere\u011fini yapt\u0131m diyen daha pek \u00e7ok y\u00f6netici ile u\u011fra\u015fmak zorunda kalaca\u011f\u0131z.<\/span><\/p>\n<p><span style=\"font-family: Times New Roman; font-size: small;\">\u00a0<\/span><\/p>\n<p class=\"MsoNormal\" style=\"margin: 0cm 0cm 0pt\"><span style=\"font-family: Times New Roman; font-size: small;\">Esen kal\u0131n\u2026<\/span><\/p>\n","protected":false},"excerpt":{"rendered":"<p>Ge\u00e7ti\u011fimiz g\u00fcnlerde bir yerel se\u00e7imleri daha geride b\u0131rakt\u0131k\u2026 Her ne kadar belediye ba\u015fkanl\u0131\u011f\u0131, il genel meclisi ve belediye meclis \u00fcyelikleri&#46;&#46;&#46;<\/p>\n","protected":false},"author":14,"featured_media":0,"comment_status":"closed","ping_status":"closed","sticky":false,"template":"","format":"standard","meta":{"_jetpack_memberships_contains_paid_content":false,"footnotes":""},"categories":[46],"tags":[],"class_list":["post-2778","post","type-post","status-publish","format-standard","hentry","category-ecz-mustafa-turunc"],"aioseo_notices":[],"jetpack_featured_media_url":"","jetpack_sharing_enabled":true,"jetpack-related-posts":[],"_links":{"self":[{"href":"http:\/\/www.ced.org.tr\/index.php?rest_route=\/wp\/v2\/posts\/2778","targetHints":{"allow":["GET"]}}],"collection":[{"href":"http:\/\/www.ced.org.tr\/index.php?rest_route=\/wp\/v2\/posts"}],"about":[{"href":"http:\/\/www.ced.org.tr\/index.php?rest_route=\/wp\/v2\/types\/post"}],"author":[{"embeddable":true,"href":"http:\/\/www.ced.org.tr\/index.php?rest_route=\/wp\/v2\/users\/14"}],"replies":[{"embeddable":true,"href":"http:\/\/www.ced.org.tr\/index.php?rest_route=%2Fwp%2Fv2%2Fcomments&post=2778"}],"version-history":[{"count":1,"href":"http:\/\/www.ced.org.tr\/index.php?rest_route=\/wp\/v2\/posts\/2778\/revisions"}],"predecessor-version":[{"id":3979,"href":"http:\/\/www.ced.org.tr\/index.php?rest_route=\/wp\/v2\/posts\/2778\/revisions\/3979"}],"wp:attachment":[{"href":"http:\/\/www.ced.org.tr\/index.php?rest_route=%2Fwp%2Fv2%2Fmedia&parent=2778"}],"wp:term":[{"taxonomy":"category","embeddable":true,"href":"http:\/\/www.ced.org.tr\/index.php?rest_route=%2Fwp%2Fv2%2Fcategories&post=2778"},{"taxonomy":"post_tag","embeddable":true,"href":"http:\/\/www.ced.org.tr\/index.php?rest_route=%2Fwp%2Fv2%2Ftags&post=2778"}],"curies":[{"name":"wp","href":"https:\/\/api.w.org\/{rel}","templated":true}]}}