{"id":2779,"date":"2009-06-12T11:58:43","date_gmt":"2009-06-12T08:58:43","guid":{"rendered":"http:\/\/www.ced.org.tr\/?p=2779"},"modified":"2014-05-21T01:33:42","modified_gmt":"2014-05-20T22:33:42","slug":"demokrasi-ve-cok-sesliligi-ozumsememek-2","status":"publish","type":"post","link":"http:\/\/www.ced.org.tr\/?p=2779","title":{"rendered":"DEMOKRAS\u0130 VE \u00c7OK SESL\u0130L\u0130\u011e\u0130 \u00d6Z\u00dcMSE(ME)MEK!.."},"content":{"rendered":"<p class=\"MsoNormal\" style=\"margin: 0cm 0cm 0pt\"><span style=\"font-family: Times New Roman; font-size: small;\">Siyasi partiler iktidarda de\u011filken demokrasi, \u00f6zg\u00fcrl\u00fckler ve \u00e7ok seslili\u011fi dillerinden d\u00fc\u015f\u00fcrmezler. Zorlama, dayatma ve yasad\u0131\u015f\u0131 g\u00fc\u00e7 kullanmad\u0131ktan sonra, her d\u00fc\u015f\u00fcnceye a\u00e7\u0131k ve sayg\u0131l\u0131 olduklar\u0131n\u0131 ifade ederler.<\/span><\/p>\n<p><span style=\"font-family: Times New Roman; font-size: small;\">\u00a0<\/span><\/p>\n<p class=\"MsoNormal\" style=\"margin: 0cm 0cm 0pt\"><span style=\"font-family: Times New Roman; font-size: small;\">Her alanda, alan\u0131n muhataplar\u0131 olan sivil toplum \u00f6rg\u00fctleri ve meslek odalar\u0131 ile diyaloga girerler, onlardan bilgi al\u0131rlar, sorunlar\u0131n \u00e7\u00f6z\u00fcm\u00fc konusunda g\u00f6r\u00fc\u015f ve \u00f6nerilerini al\u0131r, \u00e7\u00f6z\u00fcm\u00fc konusunda vaatlerde bulunurlar.<\/span><\/p>\n<p><span style=\"font-family: Times New Roman; font-size: small;\">\u00a0<\/span><\/p>\n<p class=\"MsoNormal\" style=\"margin: 0cm 0cm 0pt\"><span style=\"font-family: Times New Roman; font-size: small;\">\u0130ktidara geldiklerinde ise i\u015fler de\u011fi\u015fir!.. Muhalefetteyken g\u00f6sterdikleri yakla\u015f\u0131m, yerini hasmane bir tavra b\u0131rak\u0131r. Sanki iktidarlar\u0131 i\u00e7in en b\u00fcy\u00fck tehlikedir art\u0131k STK\u2019lar ve meslek odalar\u0131\u2026 Kendilerine yak\u0131n g\u00f6rd\u00fckleri ile diyalogu s\u00fcrd\u00fcr\u00fcrler, uygulad\u0131klar\u0131 haks\u0131z politikalara kar\u015f\u0131 \u00e7\u0131kanlara, \u00fcyelerinin haklar\u0131n\u0131 savunanlara ve halk\u0131n \u00e7\u0131karlar\u0131n\u0131 dile getirenlere mesafeli dururlar, aralar\u0131na adeta duvar \u00f6rerler. Bu kapsama ald\u0131klar\u0131 kurumlarla ili\u015fkilerinde, muhataplar\u0131na g\u00f6re iki farkl\u0131 davran\u0131\u015f sergilerler. Baz\u0131lar\u0131yla m\u00fcmk\u00fcn olduk\u00e7a hi\u00e7 g\u00f6r\u00fc\u015fmezler\u2026 Zorunluluklar d\u0131\u015f\u0131nda bir araya gelmeyi bile istemezler (TTB vb. gibi \u00f6rg\u00fctler). Baz\u0131lar\u0131yla da ili\u015fkilerini s\u00fcrd\u00fcr\u00fcrler, g\u00f6r\u00fc\u015fmeler yaparlar, diyaloga a\u00e7\u0131km\u0131\u015f gibi dururlar, s\u00f6ylenenleri dikkate al\u0131rm\u0131\u015f gibi yaparlar ama asl\u0131nda kendi anlay\u0131\u015f ve politikalar\u0131n\u0131 dayat\u0131rlar ve yapt\u0131r\u0131rlar (TEB vb gibi \u00f6rg\u00fctler). Ancak \u015fu kesin ki, ne t\u00fcr bir STK veya meslek birli\u011fi, odas\u0131 olursan\u0131z olun, siyasi iktidarlar her kurulu\u015fta siyasi vesayetin olmas\u0131n\u0131 arzular ve bu ama\u00e7 noktas\u0131nda kurumlar\u0131 yetkisizle\u015ftirmek i\u00e7in \u00f6zel \u00e7aba harcarlar.<\/span><\/p>\n<p><span style=\"font-family: Times New Roman; font-size: small;\">\u00a0<\/span><\/p>\n<p class=\"MsoNormal\" style=\"margin: 0cm 0cm 0pt\"><span style=\"font-family: Times New Roman; font-size: small;\">\u0130ktidarlar\u0131n s\u00f6z konusu yakla\u015f\u0131mlar\u0131 ile ilgili son \u00f6rnek T\u00fcrk Eczac\u0131lar\u0131 Birli\u011finin 28.04.2009 tarihinde odalara g\u00f6nderdi\u011fi yaz\u0131 ekinde Sa\u011fl\u0131k Bakanl\u0131\u011f\u0131n\u0131n 2009\/27 say\u0131l\u0131 genelgesinde g\u00f6r\u00fclmektedir. Asl\u0131na bak\u0131ld\u0131\u011f\u0131nda siyasi iktidarlar\u0131 rahats\u0131z etmeyecek bir konuda bile kurumlar\u0131n yetki kullan\u0131m\u0131nda bulunmas\u0131na bir tahamm\u00fcls\u00fczl\u00fck g\u00f6rmek m\u00fcmk\u00fcn. <\/span><\/p>\n<p><span style=\"font-family: Times New Roman; font-size: small;\">\u00a0<\/span><\/p>\n<p class=\"MsoNormal\" style=\"margin: 0cm 0cm 0pt\"><span style=\"font-family: Times New Roman; font-size: small;\">Konu \u015fu; Eczane a\u00e7\u0131l\u0131\u015flar\u0131nda istenen belgeler aras\u0131nda bulunan oda uygunluk belgesi, s\u00f6z konusu genelgeye g\u00f6re kald\u0131r\u0131l\u0131yor. Hatta \u00e7e\u015fitli sorumlu m\u00fcd\u00fcr atamalar\u0131nda bile istenmeyece\u011fi belirtiliyor. Eczac\u0131n\u0131n odas\u0131na \u00fcye olmas\u0131 yeterli g\u00f6r\u00fcl\u00fcyor.<\/span><\/p>\n<p><span style=\"font-family: Times New Roman; font-size: small;\">\u00a0<\/span><\/p>\n<p class=\"MsoNormal\" style=\"margin: 0cm 0cm 0pt\"><span style=\"font-family: Times New Roman; font-size: small;\">D\u00fc\u015f\u00fcnebiliyor musunuz ?.. Mesle\u011fimizin kanayan yaras\u0131 muvazaa\u2026 Muvazaal\u0131 eczane a\u00e7\u0131lmamas\u0131 i\u00e7in k\u0131s\u0131tl\u0131 yetkilerle eczac\u0131 odalar\u0131 cansiperane m\u00fccadele etmeye \u00e7al\u0131\u015f\u0131yorlar. Devletin ba\u015fka bir kurumu olan SGK, ila\u00e7 yolsuzluklar\u0131n\u0131n \u00e7o\u011funlukla bu t\u00fcr eczanelerden kaynakland\u0131\u011f\u0131n\u0131 raporlar\u0131nda belirtiyor. Sa\u011fl\u0131k Bakanl\u0131\u011f\u0131 da, eczac\u0131 odalar\u0131n\u0131n bu k\u0131s\u0131tl\u0131 yetkisini bile kald\u0131rma giri\u015fiminde bulunuyor. A\u00e7\u0131k\u00e7as\u0131 Sa\u011fl\u0131k Bakanl\u0131\u011f\u0131, eczac\u0131 odalar\u0131na bunlarla u\u011fra\u015fma, b\u0131rak a\u00e7s\u0131nlar!.. b\u0131rak yaps\u0131nlar!.. diyor.<\/span><\/p>\n<p><span style=\"font-family: Times New Roman; font-size: small;\">\u00a0<\/span><\/p>\n<p class=\"MsoNormal\" style=\"margin: 0cm 0cm 0pt\"><span style=\"font-family: Times New Roman; font-size: small;\">Bu genelge 6197 say\u0131l\u0131 yasa ve ilgili y\u00f6netmeli\u011fe ayk\u0131r\u0131 (yasan\u0131n 8.md, y\u00f6netmeli\u011fin 5 ve 6 md.). \u0130stanbul Eczac\u0131 Odas\u0131 gerekli hukuki s\u00fcreci ba\u015flatm\u0131\u015ft\u0131r\u2026 Bu \u00fclkede hukukun \u00fcst\u00fcnl\u00fc\u011f\u00fc varsa?.. Ki var oldu\u011funa inanmak istiyoruz, bu genelge iptal edilecektir. Ama bu \u00f6rnekte g\u00f6steriyor ki!.. STK ve meslek odalar\u0131n\u0131 yok sayan, etkisizle\u015ftirmek isteyen anlay\u0131\u015f olanca h\u0131z\u0131yla devam ediyor.<\/span><\/p>\n<p><span style=\"font-family: Times New Roman; font-size: small;\">\u00a0<\/span><\/p>\n<p class=\"MsoNormal\" style=\"margin: 0cm 0cm 0pt\"><span style=\"font-family: Times New Roman; font-size: small;\">Merak eden meslekta\u015flar\u0131m<span>\u00a0 <\/span>T\u00fcrk Eczac\u0131lar\u0131 Birli\u011fi ne yap\u0131yor diye sorabilirsiniz?.. hemen s\u00f6yleyeyim\u2026 bu yaz\u0131y\u0131 yazmaya ba\u015flad\u0131\u011f\u0131m ana kadar hukuki bir s\u00fcreci ba\u015flatt\u0131klar\u0131 ile ilgili bir bilgi bana gelmedi!.. Sa\u011fl\u0131k Bakanl\u0131\u011f\u0131ndan gelen genelgeleri odalara ula\u015ft\u0131rma g\u00f6revlerini eksiksiz s\u00fcrd\u00fcr\u00fcyorlar. \u00c7ok da haks\u0131zl\u0131k etmeyelim, daha \u00fcstlerinde seyahat yorgunlu\u011fu var!.. \u00d6nlerinde FIP Kongresini \u0130stanbul da ba\u015far\u0131yla ger\u00e7ekle\u015ftirmek gibi \u00f6nemli sorumluluklar\u0131 var, b\u00f6yle basit konularla m\u0131 u\u011fra\u015facaklar? Nas\u0131lsa TEB in yapmas\u0131 gereken i\u015fleri yapan odalar, say\u0131l\u0131lar\u0131 azalsa da var!..<\/span><\/p>\n<p><span style=\"font-family: Times New Roman; font-size: small;\">\u00a0<\/span><\/p>\n<p class=\"MsoNormal\" style=\"margin: 0cm 0cm 0pt\"><span style=\"font-family: Times New Roman; font-size: small;\">Tekrar konumuza geri d\u00f6nersek, hemen her yerde Demokratikle\u015fmeden, \u00f6zg\u00fcrl\u00fcklerden, \u00e7ok ses ve \u00e7e\u015fitlilikten bahseden, hatta yeri geldi\u011finde kendinden \u00f6nceki d\u00f6nemlerde yap\u0131lan fa\u015fizan bask\u0131lardan s\u00f6z eden ve ele\u015ftiren siyasi iktidarlar\u0131n zaman, zaman kendilerine de bir bakmalar\u0131n\u0131 sa\u011fl\u0131k veririz.<\/span><\/p>\n<p><span style=\"font-family: Times New Roman; font-size: small;\">\u00a0<\/span><\/p>\n<p class=\"MsoNormal\" style=\"margin: 0cm 0cm 0pt\"><span style=\"font-family: Times New Roman; font-size: small;\">Sayg\u0131lar\u0131mla\u2026<\/span><\/p>\n","protected":false},"excerpt":{"rendered":"<p>Siyasi partiler iktidarda de\u011filken demokrasi, \u00f6zg\u00fcrl\u00fckler ve \u00e7ok seslili\u011fi dillerinden d\u00fc\u015f\u00fcrmezler. Zorlama, dayatma ve yasad\u0131\u015f\u0131 g\u00fc\u00e7 kullanmad\u0131ktan sonra, her d\u00fc\u015f\u00fcnceye&#46;&#46;&#46;<\/p>\n","protected":false},"author":14,"featured_media":0,"comment_status":"closed","ping_status":"closed","sticky":false,"template":"","format":"standard","meta":{"_jetpack_memberships_contains_paid_content":false,"footnotes":""},"categories":[46],"tags":[],"class_list":["post-2779","post","type-post","status-publish","format-standard","hentry","category-ecz-mustafa-turunc"],"aioseo_notices":[],"jetpack_featured_media_url":"","jetpack_sharing_enabled":true,"jetpack-related-posts":[],"_links":{"self":[{"href":"http:\/\/www.ced.org.tr\/index.php?rest_route=\/wp\/v2\/posts\/2779","targetHints":{"allow":["GET"]}}],"collection":[{"href":"http:\/\/www.ced.org.tr\/index.php?rest_route=\/wp\/v2\/posts"}],"about":[{"href":"http:\/\/www.ced.org.tr\/index.php?rest_route=\/wp\/v2\/types\/post"}],"author":[{"embeddable":true,"href":"http:\/\/www.ced.org.tr\/index.php?rest_route=\/wp\/v2\/users\/14"}],"replies":[{"embeddable":true,"href":"http:\/\/www.ced.org.tr\/index.php?rest_route=%2Fwp%2Fv2%2Fcomments&post=2779"}],"version-history":[{"count":1,"href":"http:\/\/www.ced.org.tr\/index.php?rest_route=\/wp\/v2\/posts\/2779\/revisions"}],"predecessor-version":[{"id":3977,"href":"http:\/\/www.ced.org.tr\/index.php?rest_route=\/wp\/v2\/posts\/2779\/revisions\/3977"}],"wp:attachment":[{"href":"http:\/\/www.ced.org.tr\/index.php?rest_route=%2Fwp%2Fv2%2Fmedia&parent=2779"}],"wp:term":[{"taxonomy":"category","embeddable":true,"href":"http:\/\/www.ced.org.tr\/index.php?rest_route=%2Fwp%2Fv2%2Fcategories&post=2779"},{"taxonomy":"post_tag","embeddable":true,"href":"http:\/\/www.ced.org.tr\/index.php?rest_route=%2Fwp%2Fv2%2Ftags&post=2779"}],"curies":[{"name":"wp","href":"https:\/\/api.w.org\/{rel}","templated":true}]}}