{"id":2780,"date":"2010-02-04T11:52:51","date_gmt":"2010-02-04T09:52:51","guid":{"rendered":"http:\/\/www.ced.org.tr\/?p=2780"},"modified":"2014-05-21T01:33:36","modified_gmt":"2014-05-20T22:33:36","slug":"ozurlu-demokrasi-2","status":"publish","type":"post","link":"http:\/\/www.ced.org.tr\/?p=2780","title":{"rendered":"\u00d6Z\u00dcRL\u00dc DEMOKRAS\u0130"},"content":{"rendered":"<p class=\"MsoNormal\" style=\"margin: 0cm 0cm 0pt;\"><span style=\"font-family: Times New Roman; font-size: small;\">Asl\u0131nda pek \u00e7ok tan\u0131m\u0131 olan bir kavramd\u0131r demokrasi, egemenlik haklar\u0131n\u0131n halka ait oldu\u011fu d\u00fc\u015f\u00fcncesine dayand\u0131r\u0131lan bir sistem diye bilinir ve k\u0131sa ifadesiyle \u00fclke halk\u0131n\u0131n kendi kendini y\u00f6netmesi diye tarif etmek m\u00fcmk\u00fcnd\u00fcr.<\/span><\/p>\n<p class=\"MsoNormal\" style=\"margin: 0cm 0cm 0pt;\"><span style=\"font-family: Times New Roman; font-size: small;\">\u00a0<\/span><\/p>\n<p class=\"MsoNormal\" style=\"margin: 0cm 0cm 0pt;\"><span style=\"font-family: Times New Roman; font-size: small;\">Demokrasinin var olabilmesi i\u00e7in belli ara\u00e7lar\u0131n\u0131n olmas\u0131 gerekir.<\/span><\/p>\n<p class=\"MsoNormal\" style=\"margin: 0cm 0cm 0pt;\"><span style=\"font-family: Times New Roman; font-size: small;\">\u00a0<\/span><\/p>\n<ul style=\"margin-top: 0cm;\" type=\"disc\">\n<li class=\"MsoNormal\" style=\"margin: 0cm 0cm 0pt; mso-list: l0 level1 lfo1; tab-stops: list 36.0pt;\"><span style=\"font-family: Times New Roman; font-size: small;\">parlamento<\/span><\/li>\n<li class=\"MsoNormal\" style=\"margin: 0cm 0cm 0pt; mso-list: l0 level1 lfo1; tab-stops: list 36.0pt;\"><span style=\"font-family: Times New Roman; font-size: small;\">siyasi partiler<\/span><\/li>\n<li class=\"MsoNormal\" style=\"margin: 0cm 0cm 0pt; mso-list: l0 level1 lfo1; tab-stops: list 36.0pt;\"><span style=\"font-family: Times New Roman; font-size: small;\">anayasa<\/span><\/li>\n<li class=\"MsoNormal\" style=\"margin: 0cm 0cm 0pt; mso-list: l0 level1 lfo1; tab-stops: list 36.0pt;\"><span style=\"font-family: Times New Roman; font-size: small;\">sivil toplum \u00f6rg\u00fctleri<\/span><\/li>\n<li class=\"MsoNormal\" style=\"margin: 0cm 0cm 0pt; mso-list: l0 level1 lfo1; tab-stops: list 36.0pt;\"><span style=\"font-family: Times New Roman; font-size: small;\">kolluk kuvvetleri\u2026<\/span><\/li>\n<\/ul>\n<p class=\"MsoNormal\" style=\"margin: 0cm 0cm 0pt 18pt;\"><span style=\"font-family: Times New Roman; font-size: small;\">\u00a0<\/span><\/p>\n<p class=\"MsoNormal\" style=\"margin: 0cm 0cm 0pt;\"><span style=\"font-family: Times New Roman; font-size: small;\">bu ara\u00e7lar\u0131n var olmalar\u0131 demek, o toplumda demokrasinin varoldu\u011fu anlam\u0131na gelir mi?&#8230;. Bence de\u011fil\u2026 demokrasinin toplumda varolmas\u0131 i\u00e7in s\u00f6z konusu ara\u00e7lar\u0131n d\u0131\u015f\u0131nda, demokrasi k\u00fclt\u00fcr\u00fcn\u00fcn, yurtta\u015fl\u0131k bilincinin toplumun t\u00fcm katmanlar\u0131nda ne kadar olgunla\u015ft\u0131\u011f\u0131na bakmak gerekiyor.<\/span><\/p>\n<p class=\"MsoNormal\" style=\"margin: 0cm 0cm 0pt;\"><span style=\"font-family: Times New Roman; font-size: small;\">\u00a0<\/span><\/p>\n<p class=\"MsoNormal\" style=\"margin: 0cm 0cm 0pt;\"><span style=\"font-family: Times New Roman; font-size: small;\">Demokrasi s\u00f6zc\u00fc\u011f\u00fc, kimileri i\u00e7in ba\u015f\u0131 s\u0131k\u0131\u015ft\u0131\u011f\u0131nda ba\u015f vurdu\u011fu t\u0131ls\u0131ml\u0131 bir s\u00f6zc\u00fcklerden biridir!!! Siyasi iktidarlar, kimi kurumlar g\u00f6r\u00fc\u015flerini hakl\u0131 \u00e7\u0131karmak ad\u0131na bu s\u00f6zc\u00fc\u011f\u00fcn arkas\u0131na s\u0131\u011f\u0131n\u0131rlar\u2026 ne kadar s\u0131kl\u0131kla kullan\u0131l\u0131rsa da o kadar bu kavram\u0131n i\u00e7ini bo\u015falt\u0131r, suyunu \u00e7\u0131kar\u0131rlar.<\/span><\/p>\n<p class=\"MsoNormal\" style=\"margin: 0cm 0cm 0pt;\"><span style=\"font-family: Times New Roman; font-size: small;\">\u00a0<\/span><\/p>\n<p class=\"MsoNormal\" style=\"margin: 0cm 0cm 0pt;\"><span style=\"font-family: Times New Roman; font-size: small;\">Demokrasiden s\u00f6z edenler, demokratik hak aray\u0131\u015flar\u0131na ne kadar tahamm\u00fcl g\u00f6sterirler?.. Demokrasinin yerle\u015fti\u011fi toplumlarda bask\u0131, dayatma ve g\u00fc\u00e7 kullanarak de\u011fil, demokratik kurallar \u00e7er\u00e7evesinde tav\u0131rlar\u0131n\u0131 ortaya koyarlar.<\/span><\/p>\n<p class=\"MsoNormal\" style=\"margin: 0cm 0cm 0pt;\"><span style=\"font-family: Times New Roman; font-size: small;\">\u00a0<\/span><\/p>\n<p class=\"MsoNormal\" style=\"margin: 0cm 0cm 0pt;\"><span style=\"font-family: Times New Roman; font-size: small;\">\u00dclkemizde son g\u00fcnlerde demokratik hak aray\u0131\u015f talepleri artt\u0131. Eczac\u0131lar, hekimler, tekel i\u015f\u00e7ileri, itfaiyeciler \u00e7e\u015fitli yol ve y\u00f6ntemlerle haklar\u0131n\u0131 ar\u0131yorlar.<\/span><\/p>\n<p class=\"MsoNormal\" style=\"margin: 0cm 0cm 0pt;\"><span style=\"font-family: Times New Roman; font-size: small;\">\u00a0<\/span><\/p>\n<p class=\"MsoNormal\" style=\"margin: 0cm 0cm 0pt;\"><span style=\"font-family: Times New Roman; font-size: small;\">Ge\u00e7enlerde bir haber g\u00f6z\u00fcme \u00e7arpt\u0131\u2026 \u0130stanbul itfaiyesinin \u00f6zelle\u015ftirme ve ta\u015feronla\u015fmas\u0131na kar\u015f\u0131 \u00e7\u0131kan ve bu nedenle de sara\u00e7hanede direni\u015fe ge\u00e7en itfaiyecilerden bir k\u0131sm\u0131na AKP il\u00e7e \u00f6rg\u00fct\u00fc \u015fu tavsiyede bulunuyor.\u2019\u2019gidin\u2026 \u0130stanbul B\u00fcy\u00fck\u015fehir Belediye Ba\u015fkan\u0131 Kadir Topba\u015f tan \u00f6z\u00fcr dileyin\u2019\u2019 b\u00f6ylece ta\u015feron firmada i\u015fe al\u0131nabilirsiniz!.. Bu haberi okuyunca akl\u0131ma biz eczac\u0131lar\u0131n hak arama m\u00fccadelesi geldi\u2026 \u0130la\u00e7 hizmetini s\u00fcrd\u00fcremeyecek noktaya geldi\u011fimiz i\u00e7in yapt\u0131\u011f\u0131m\u0131z bir g\u00fcnl\u00fck eczane kapatma uyar\u0131 eylemimizden sonra \u00c7al\u0131\u015fma Bakan\u0131n\u0131n SGK ile yapt\u0131\u011f\u0131m\u0131z protokoll\u00fc fesih etmesi ve hemen arkas\u0131ndan var olan sorunun \u00e7\u00f6z\u00fcm\u00fc konusunda arabulucular\u0131n devreye girmesi\u2026.. \u0130lgin\u00e7tir!.. arabuluculara s\u00f6ylenen lafta ayn\u0131!.. Benden \u00f6z\u00fcr dilesinler!.. \u00f6z\u00fcr dilediklerini kamuoyuna a\u00e7\u0131klarlarsa protokol g\u00f6r\u00fc\u015fmelerine ba\u015flayabiliriz\u2026<\/span><\/p>\n<p class=\"MsoNormal\" style=\"margin: 0cm 0cm 0pt;\"><span style=\"font-family: Times New Roman; font-size: small;\">\u00a0<\/span><\/p>\n<p class=\"MsoNormal\" style=\"margin: 0cm 0cm 0pt;\"><span style=\"font-family: Times New Roman; font-size: small;\">Benim can\u0131m y\u00f6neticilerimde, \u00f6zellikle yanda\u015f medyan\u0131n se\u00e7ilmi\u015f gazetelerine kibarca \u00f6z\u00fcr dilediler ve tav\u0131rlar\u0131n\u0131n siyasi olmad\u0131\u011f\u0131 ve bundan b\u00f6yle de olmayaca\u011f\u0131n\u0131n garantisini verdiler. Bu \u00f6z\u00fcr, say\u0131n bakan\u0131 tatmin etmi\u015f midir? Yoksa yeterli de\u011fil midir?.. Bilemeyiz\u2026 Ama \u00f6z\u00fcr diletme e\u011filimi bu iktidar\u0131n genel \u00f6zelli\u011fi herhalde\u2026<\/span><\/p>\n<p class=\"MsoNormal\" style=\"margin: 0cm 0cm 0pt;\"><span style=\"font-family: Times New Roman; font-size: small;\">\u00a0<\/span><\/p>\n<p class=\"MsoNormal\" style=\"margin: 0cm 0cm 0pt;\"><span style=\"font-family: Times New Roman; font-size: small;\">Bu arada Sn.Ba\u015fbakan\u0131n bir konu\u015fmas\u0131 da dikkatlerden ka\u00e7mad\u0131!.. \u2018\u2019 \u2026 biz asla otoriter, totaliter, bask\u0131c\u0131 bir y\u00f6netim olmad\u0131k!.. olmayaca\u011f\u0131z da\u2019\u2019\u2026 Maliye Bakan\u0131 ise, tekel i\u015f\u00e7ilerine y\u00f6nelik \u2018\u2019\u2026 i\u015fsiz kalacaklard\u0131!.. merhametli davrand\u0131k!!!\u2019\u2019 diye s\u00f6z etti. Tekel i\u015f\u00e7ilerini temsilen g\u00f6r\u00fc\u015fme yapan T\u00fcrk-\u0130\u015f ba\u015fkan\u0131ndan hak arayan i\u015f\u00e7ilerin \u00f6z\u00fcr dilemeleri talep edildi mi?.. bilemiyorum.<\/span><\/p>\n<p class=\"MsoNormal\" style=\"margin: 0cm 0cm 0pt;\"><span style=\"font-family: Times New Roman; font-size: small;\">\u00a0<\/span><\/p>\n<p class=\"MsoNormal\" style=\"margin: 0cm 0cm 0pt;\"><span style=\"font-family: Times New Roman; font-size: small;\">\u00d6rnekleri \u00e7o\u011faltmak m\u00fcmk\u00fcn ama gerek yok. Ancak \u00f6z\u00fcrl\u00fc bir demokrasi anlay\u0131\u015f\u0131m\u0131z\u0131n oldu\u011fu bir ger\u00e7ek!..<\/span><\/p>\n<p class=\"MsoNormal\" style=\"margin: 0cm 0cm 0pt;\"><span style=\"font-family: Times New Roman; font-size: small;\">\u00a0<\/span><\/p>\n<p class=\"MsoNormal\" style=\"margin: 0cm 0cm 0pt;\"><span style=\"font-family: Times New Roman; font-size: small;\">Evrensel bir demokrasi anlay\u0131\u015f\u0131n\u0131n bu \u00fclkede yerle\u015febilmesi i\u00e7in toplumun t\u00fcm katmanlar\u0131n\u0131n daha \u00e7ok yol kat etmeleri gerekiyor. Her kurum kendine g\u00f6re demokrasi, kendine g\u00f6re demokratik hak tarifi yapt\u0131k\u00e7a, daha uzun y\u0131llar \u00f6z\u00fcrl\u00fc demokrasilerle ya\u015famaya devam edece\u011fiz.<\/span><\/p>\n<p class=\"MsoNormal\" style=\"margin: 0cm 0cm 0pt;\"><span style=\"font-family: Times New Roman; font-size: small;\">\u00a0<\/span><\/p>\n<p class=\"MsoNormal\" style=\"margin: 0cm 0cm 0pt;\"><span style=\"font-family: Times New Roman; font-size: small;\">Sayg\u0131lar\u0131mla&#8230;<\/span><\/p>\n","protected":false},"excerpt":{"rendered":"<p>Asl\u0131nda pek \u00e7ok tan\u0131m\u0131 olan bir kavramd\u0131r demokrasi, egemenlik haklar\u0131n\u0131n halka ait oldu\u011fu d\u00fc\u015f\u00fcncesine dayand\u0131r\u0131lan bir sistem diye bilinir ve&#46;&#46;&#46;<\/p>\n","protected":false},"author":14,"featured_media":0,"comment_status":"closed","ping_status":"closed","sticky":false,"template":"","format":"standard","meta":{"_jetpack_memberships_contains_paid_content":false,"footnotes":""},"categories":[46],"tags":[],"class_list":["post-2780","post","type-post","status-publish","format-standard","hentry","category-ecz-mustafa-turunc"],"aioseo_notices":[],"jetpack_featured_media_url":"","jetpack_sharing_enabled":true,"jetpack-related-posts":[],"_links":{"self":[{"href":"http:\/\/www.ced.org.tr\/index.php?rest_route=\/wp\/v2\/posts\/2780","targetHints":{"allow":["GET"]}}],"collection":[{"href":"http:\/\/www.ced.org.tr\/index.php?rest_route=\/wp\/v2\/posts"}],"about":[{"href":"http:\/\/www.ced.org.tr\/index.php?rest_route=\/wp\/v2\/types\/post"}],"author":[{"embeddable":true,"href":"http:\/\/www.ced.org.tr\/index.php?rest_route=\/wp\/v2\/users\/14"}],"replies":[{"embeddable":true,"href":"http:\/\/www.ced.org.tr\/index.php?rest_route=%2Fwp%2Fv2%2Fcomments&post=2780"}],"version-history":[{"count":1,"href":"http:\/\/www.ced.org.tr\/index.php?rest_route=\/wp\/v2\/posts\/2780\/revisions"}],"predecessor-version":[{"id":3974,"href":"http:\/\/www.ced.org.tr\/index.php?rest_route=\/wp\/v2\/posts\/2780\/revisions\/3974"}],"wp:attachment":[{"href":"http:\/\/www.ced.org.tr\/index.php?rest_route=%2Fwp%2Fv2%2Fmedia&parent=2780"}],"wp:term":[{"taxonomy":"category","embeddable":true,"href":"http:\/\/www.ced.org.tr\/index.php?rest_route=%2Fwp%2Fv2%2Fcategories&post=2780"},{"taxonomy":"post_tag","embeddable":true,"href":"http:\/\/www.ced.org.tr\/index.php?rest_route=%2Fwp%2Fv2%2Ftags&post=2780"}],"curies":[{"name":"wp","href":"https:\/\/api.w.org\/{rel}","templated":true}]}}