{"id":2781,"date":"2010-04-13T10:22:44","date_gmt":"2010-04-13T07:22:44","guid":{"rendered":"http:\/\/www.ced.org.tr\/?p=2781"},"modified":"2014-05-21T01:33:28","modified_gmt":"2014-05-20T22:33:28","slug":"mis-gibi-2","status":"publish","type":"post","link":"http:\/\/www.ced.org.tr\/?p=2781","title":{"rendered":"(m\u0131\u015f) Gibi"},"content":{"rendered":"<p class=\"MsoNormal\" style=\"margin: 0cm 0cm 0pt;\"><span style=\"font-family: Times New Roman; font-size: small;\">Biz eczac\u0131lar, giderlerimizin art\u0131\u015f\u0131yla ters orant\u0131l\u0131, cirolar\u0131m\u0131z\u0131n ve karl\u0131l\u0131\u011f\u0131m\u0131z\u0131n d\u00fc\u015fmesi ve hizmeti s\u00fcrd\u00fcrme noktas\u0131nda Karekod, Medula, Kamu Kurum Iskontosu ve ITS kaosunu ya\u015farken, \u00fclke g\u00fcndemi de aylard\u0131r tart\u0131\u015f\u0131lan Anayasa de\u011fi\u015fikli\u011fi paketine kitlendi.<\/span><\/p>\n<p class=\"MsoNormal\" style=\"margin: 0cm 0cm 0pt;\"><span style=\"font-family: Times New Roman; font-size: small;\">\u00a0<\/span><\/p>\n<p class=\"MsoNormal\" style=\"margin: 0cm 0cm 0pt;\"><span style=\"font-family: Times New Roman; font-size: small;\">Her ne kadar y\u0131llar i\u00e7inde 30 k\u00fcsur maddesinde de\u011fi\u015fiklik yap\u0131lsa da, kabul etmek gerekir ki mevcut anayasam\u0131z bir darbe anayasas\u0131d\u0131r. 12 Eyl\u00fcl cuntas\u0131n\u0131n dayatt\u0131\u011f\u0131 anti-demokratik h\u00fck\u00fcmlerle doludur ve de\u011fi\u015fmelidir\u2026Buraya kadar herkes hemfikir. S\u0131k\u0131nt\u0131, bu de\u011fi\u015fimin nas\u0131l olmas\u0131 gerekti\u011finde ortaya \u00e7\u0131k\u0131yor.<\/span><\/p>\n<p class=\"MsoNormal\" style=\"margin: 0cm 0cm 0pt;\"><span style=\"font-family: Times New Roman; font-size: small;\">\u00a0<\/span><\/p>\n<p class=\"MsoNormal\" style=\"margin: 0cm 0cm 0pt;\"><span style=\"font-family: Times New Roman; font-size: small;\">Do\u011frusu, benim de kafam kar\u0131\u015f\u0131k\u2026 Muhalefet partilerinin ve kimi kurumlar\u0131n dile getirdi\u011fi gibi, iktidar\u0131n \u00f6nerdi\u011fi yeni anayasa bir parti anayasas\u0131 m\u0131 olacak? Ya da toplumun y\u0131llard\u0131r ihtiyac\u0131 olan bir demokratik anayasaya m\u0131 kavu\u015faca\u011f\u0131z. Bu konuda partiler aras\u0131 bir uzla\u015fma da g\u00f6z\u00fckm\u00fcyor.<\/span><\/p>\n<p class=\"MsoNormal\" style=\"margin: 0cm 0cm 0pt;\"><span style=\"font-family: Times New Roman; font-size: small;\">\u00a0<\/span><\/p>\n<p class=\"MsoNormal\" style=\"margin: 0cm 0cm 0pt;\"><span style=\"font-family: Times New Roman; font-size: small;\">De\u011fi\u015fmesi \u00f6nerilen anayasa maddelerinin ayr\u0131nt\u0131s\u0131na girmeyece\u011fim. Ancak, g\u00f6r\u00fc\u015f\u00fcm o ki, Parlamentoda gurubu bulunan t\u00fcm partiler uzla\u015fsa dahi; veya referanduma gidilip orada onaylansa da yeni anayasa, emek\u00e7i geni\u015f halk kitlelerinin bilin\u00e7li tercihleri ile olu\u015fturulan bir anayasa olmayacakt\u0131r. \u00c7\u00fcnk\u00fc, halk\u0131n se\u00e7ti\u011fi temsilcilerden olu\u015fan diye y\u0131llard\u0131r halka yutturulan Parlamento, halk\u0131n de\u011fil parti ba\u015fkanlar\u0131n\u0131n tercihlerinden olu\u015fuyorsa, o vekillerin varl\u0131k nedeni se\u00e7ildi\u011fi b\u00f6lge halk\u0131na de\u011fil, parti ba\u015fkanlar\u0131na aitse zaten demokratik bir siyasal ortamdan s\u00f6z etmek olas\u0131 de\u011fil. B\u00f6yle bir ortam ve anlay\u0131\u015ftan da demokratik bir anayasa \u00e7\u0131karma ihtimali, ham bir hayalden \u00f6teye ge\u00e7meyecektir. Hep beraber; yeni pakette Siyasi Partiler Kanunu ve Se\u00e7im Kanununda olas\u0131 de\u011fi\u015fikli\u011fe gidilmesi ile ilgili maddeler olacak m\u0131d\u0131r? <span style=\"mso-spacerun: yes;\">\u00a0<\/span>Yeni yasada parti genel ba\u015fkanlar\u0131n\u0131n milletvekilleri \u00fczerindeki vesayeti kalkacak m\u0131d\u0131r? Se\u00e7im Kanununda %10 luk baraj, %5 lerin alt\u0131na inecek midir? Meclis, olabildi\u011fince her renk ve g\u00f6r\u00fc\u015f\u00fcn dile geldi\u011fi ger\u00e7ek bir milletin meclisi olabilecek midir? Geli\u015fmeleri dikkatle takip etmek durumunday\u0131z.<\/span><\/p>\n<p class=\"MsoNormal\" style=\"margin: 0cm 0cm 0pt;\"><span style=\"font-family: Times New Roman; font-size: small;\">\u00a0<\/span><\/p>\n<p class=\"MsoNormal\" style=\"margin: 0cm 0cm 0pt;\"><span style=\"font-family: Times New Roman; font-size: small;\">Ayr\u0131ca, vars\u0131lla yoksul aras\u0131ndaki makas\u0131n bu denli a\u00e7\u0131ld\u0131\u011f\u0131, gelir adaletsizli\u011finin h\u00fck\u00fcm s\u00fcrd\u00fc\u011f\u00fc bir toplumda, Demokratikle\u015fme talepleri hangi kesimlerin talepleri do\u011frultusunda \u015fekillenecektir? Bu noktaya parmak basan pek yok gibi \u2026T\u00fcrkiye \u0130statistik Kurumu verilerine g\u00f6re i\u015fsizlik bir y\u0131l i\u00e7inde %11 den %14 e y\u00fckselmi\u015fse, yani bir y\u0131l i\u00e7inde i\u015fsiz say\u0131s\u0131 860 bin artarak 3 milyon 471 bine ula\u015ft\u0131ysa, Forbes adl\u0131 ekonomi dergisinin yay\u0131nlad\u0131\u011f\u0131 listeye g\u00f6re, ekonomik krize ra\u011fmen en zengin 100 T\u00fcrk listesinde ad\u0131 ge\u00e7enler servetlerini bir \u00f6nceki y\u0131la g\u00f6re %55 art\u0131rarak toplam, 56 milyar dolardan 87 milyar dolara y\u00fckseltebiliyorsa; \u00f6te yandan i\u015ften at\u0131lma tehdidi ile eme\u011fi ile ge\u00e7inenlere, 600 TL ayl\u0131kla \u00e7al\u0131\u015f diye dayat\u0131l\u0131yorsa, bu \u00fclkeyi kimlerin y\u00f6netti\u011fini de sorgulamam\u0131z gerekir. Kendimizden bir \u00f6rnek vermek gerekirse, ayn\u0131 durum biz eczac\u0131lar i\u00e7in de ge\u00e7erli. Y\u0131llard\u0131r kamu kurum \u0131skontolar\u0131n\u0131n haks\u0131z y\u00fck\u00fcn\u00fcn \u00fcst\u00fcm\u00fczden al\u0131nmas\u0131n\u0131 talep ediyoruz. Yap\u0131lamaz m\u0131? \u00c7ok kolay, \u00c7al\u0131\u015fma Bakanl\u0131\u011f\u0131 istese, 3 veya 6 ayl\u0131k d\u00f6nemlerde firmalar\u0131n pazar paylar\u0131na g\u00f6re Kamu Kurum Iskontolar\u0131n\u0131 ilgili firmalardan tahsil edebilir. Eczac\u0131lar\u0131n \u00fcst\u00fcndeki y\u00fckte kalkm\u0131\u015f olur. Peki neden yapm\u0131yor? Yapm\u0131yor \u00e7\u00fcnk\u00fc, kar\u015f\u0131s\u0131nda sermaye g\u00fcc\u00fc var ve kar\u015f\u0131 \u00e7\u0131k\u0131yor. \u0130ktidara, sermayenin \u00f6n\u00fcndeki t\u00fcm engelleri kald\u0131rmak i\u00e7in gelen parti veya partiler, ya da ba\u015fka bir ifade ile sermaye taraf\u0131ndan iktidara getirilen parti veya partiler bunu yapamazlar.<\/span><\/p>\n<p class=\"MsoNormal\" style=\"margin: 0cm 0cm 0pt;\"><span style=\"font-family: Times New Roman; font-size: small;\">\u00a0<\/span><\/p>\n<p class=\"MsoNormal\" style=\"margin: 0cm 0cm 0pt;\"><span style=\"font-family: Times New Roman; font-size: small;\">Konumuzun \u00f6z\u00fcne d\u00f6nersek; Oligar\u015fik bir yap\u0131n\u0131n y\u00f6netti\u011fi bir \u00fclkede, Anayasa da onlar\u0131n talepleri do\u011frultusunda olu\u015fturulacakt\u0131r. Eme\u011fi ile ge\u00e7inen kitlelerin b\u00fcy\u00fck bir \u00e7o\u011funlu\u011funun ekonomik \u00f6zg\u00fcrl\u00fc\u011f\u00fcn\u00fcn olmad\u0131\u011f\u0131, sindirilen, adeta k\u00f6lele\u015ftirilen bir toplumda yap\u0131lacak bir anayasan\u0131n bu kesimlerin \u00f6zg\u00fcr iradeleriyle \u015fekillenmeyece\u011fi a\u00e7\u0131kt\u0131r. Nas\u0131l, biz belirleyip se\u00e7(mi\u015f) gibi bir parlamento olu\u015fturuyorsak, yine biz belirleyip onayla(m\u0131\u015f) gibi bir Anayasam\u0131z olacak<\/span><\/p>\n<p class=\"MsoNormal\" style=\"margin: 0cm 0cm 0pt;\"><span style=\"font-family: Times New Roman; font-size: small;\">\u00a0<\/span><\/p>\n<p class=\"MsoNormal\" style=\"margin: 0cm 0cm 0pt;\"><span style=\"font-family: Times New Roman; font-size: small;\">Yani anlayaca\u011f\u0131n\u0131z, uyutulmaya devam edece\u011fiz.<\/span><\/p>\n","protected":false},"excerpt":{"rendered":"<p>Biz eczac\u0131lar, giderlerimizin art\u0131\u015f\u0131yla ters orant\u0131l\u0131, cirolar\u0131m\u0131z\u0131n ve karl\u0131l\u0131\u011f\u0131m\u0131z\u0131n d\u00fc\u015fmesi ve hizmeti s\u00fcrd\u00fcrme noktas\u0131nda Karekod, Medula, Kamu Kurum Iskontosu ve&#46;&#46;&#46;<\/p>\n","protected":false},"author":14,"featured_media":0,"comment_status":"closed","ping_status":"closed","sticky":false,"template":"","format":"standard","meta":{"_jetpack_memberships_contains_paid_content":false,"footnotes":""},"categories":[46],"tags":[],"class_list":["post-2781","post","type-post","status-publish","format-standard","hentry","category-ecz-mustafa-turunc"],"aioseo_notices":[],"jetpack_featured_media_url":"","jetpack_sharing_enabled":true,"jetpack-related-posts":[],"_links":{"self":[{"href":"http:\/\/www.ced.org.tr\/index.php?rest_route=\/wp\/v2\/posts\/2781","targetHints":{"allow":["GET"]}}],"collection":[{"href":"http:\/\/www.ced.org.tr\/index.php?rest_route=\/wp\/v2\/posts"}],"about":[{"href":"http:\/\/www.ced.org.tr\/index.php?rest_route=\/wp\/v2\/types\/post"}],"author":[{"embeddable":true,"href":"http:\/\/www.ced.org.tr\/index.php?rest_route=\/wp\/v2\/users\/14"}],"replies":[{"embeddable":true,"href":"http:\/\/www.ced.org.tr\/index.php?rest_route=%2Fwp%2Fv2%2Fcomments&post=2781"}],"version-history":[{"count":1,"href":"http:\/\/www.ced.org.tr\/index.php?rest_route=\/wp\/v2\/posts\/2781\/revisions"}],"predecessor-version":[{"id":3971,"href":"http:\/\/www.ced.org.tr\/index.php?rest_route=\/wp\/v2\/posts\/2781\/revisions\/3971"}],"wp:attachment":[{"href":"http:\/\/www.ced.org.tr\/index.php?rest_route=%2Fwp%2Fv2%2Fmedia&parent=2781"}],"wp:term":[{"taxonomy":"category","embeddable":true,"href":"http:\/\/www.ced.org.tr\/index.php?rest_route=%2Fwp%2Fv2%2Fcategories&post=2781"},{"taxonomy":"post_tag","embeddable":true,"href":"http:\/\/www.ced.org.tr\/index.php?rest_route=%2Fwp%2Fv2%2Ftags&post=2781"}],"curies":[{"name":"wp","href":"https:\/\/api.w.org\/{rel}","templated":true}]}}