{"id":2783,"date":"2010-09-01T13:42:33","date_gmt":"2010-09-01T10:42:33","guid":{"rendered":"http:\/\/www.ced.org.tr\/?p=2783"},"modified":"2014-05-21T01:33:16","modified_gmt":"2014-05-20T22:33:16","slug":"neden-bu-eziyet-2","status":"publish","type":"post","link":"http:\/\/www.ced.org.tr\/?p=2783","title":{"rendered":"NEDEN BU EZ\u0130YET!"},"content":{"rendered":"<p class=\"MsoNormal\" style=\"margin: 0cm 0cm 0pt;\"><span style=\"font-family: Times New Roman; font-size: small;\">Sa\u011fl\u0131k Bakanl\u0131\u011f\u0131 \u0130la\u00e7 Eczac\u0131l\u0131k Genel M\u00fcd\u00fcrl\u00fc\u011f\u00fc\u2019n\u00fcn 01 Eyl\u00fcl 2010 tarih, 2010 \/ 63 say\u0131l\u0131 genelgesi ile G2D\u2019li \u00fcr\u00fcnlerin ge\u00e7erlilik tarihi 2020 y\u0131l\u0131na kadar uzat\u0131l\u0131yor. Gerek\u00e7e olarak ta eczac\u0131lar\u0131n bu tip \u00fcr\u00fcnleri eczanelerine almamas\u0131 ve son kullanma tarihinden \u00f6nce sistem d\u0131\u015f\u0131na \u00e7\u0131kar\u0131lmas\u0131 \u00f6ng\u00f6r\u00fclen \u00fcr\u00fcnlerin mili servet de\u011ferinde oldu\u011fundan ziyan olmamas\u0131n\u0131 temin etmek. Bizlerde defalarca s\u00f6yledik kullan\u0131m s\u00fcresi 31.12.2010\u2019dan sonra olan \u00fcr\u00fcnlerin kullan\u0131m s\u00fcreleri dolana kadar G2D\u2019li olarak sistemde kabul edilmesi gerekir diye. Ayr\u0131ca milli servetin bo\u015funa heba olmamas\u0131 i\u00e7in uygulaman\u0131n bu \u015fekilde olmas\u0131 gerekirdi. Sa\u011fl\u0131k bakanl\u0131\u011f\u0131 bir yanl\u0131\u015ftan bu \u015fekilde d\u00f6nm\u00fc\u015f oldu. Ama insan sormadan edemiyor. 2020 y\u0131l\u0131 neden? 2020 y\u0131l\u0131na kadar son kullanma tarihi olan ila\u00e7 var m\u0131?<span style=\"mso-spacerun: yes;\">\u00a0 <\/span>Kim buldu 2020 y\u0131l\u0131n\u0131 !!!<\/span><\/p>\n<p class=\"MsoNormal\" style=\"margin: 0cm 0cm 0pt;\"><span style=\"font-family: Times New Roman; font-size: small;\">\u00a0<\/span><\/p>\n<p class=\"MsoNormal\" style=\"margin: 0cm 0cm 0pt;\"><span style=\"font-family: Times New Roman; font-size: small;\">Sonu\u00e7ta b\u00f6yle bir karar al\u0131nacakt\u0131 neden eczaneleri ve da\u011f\u0131t\u0131m kanallar\u0131n\u0131 i\u00e7inden \u00e7\u0131k\u0131lmaz bir k\u00f6r d\u00f6v\u00fc\u015f\u00fcn i\u00e7ine att\u0131n\u0131z? Eczac\u0131 g\u00fcnlerce \u00e7al\u0131\u015fanlar\u0131 ile birlikte olu\u015fturulan listelere karekodsuz \u00fcr\u00fcnlerini girdi. Da\u011f\u0131t\u0131m Kanallar\u0131 eczanelerde olu\u015fan ila\u00e7 kolilerinin yerine yeni \u00fcr\u00fcn g\u00f6ndermek i\u00e7in t\u00fcm personeli ile birlikte gecesini g\u00fcnd\u00fcz\u00fcne katt\u0131? <\/span><\/p>\n<p class=\"MsoNormal\" style=\"margin: 0cm 0cm 0pt;\"><span style=\"font-family: Times New Roman; font-size: small;\">Bu u\u011furda canlar gitti\u2026 Bunun hesab\u0131n\u0131 kim verecek?<\/span><\/p>\n<p class=\"MsoNormal\" style=\"margin: 0cm 0cm 0pt;\"><span style=\"font-family: Times New Roman; font-size: small;\">\u00a0<\/span><\/p>\n<p class=\"MsoNormal\" style=\"margin: 0cm 0cm 0pt;\"><span style=\"font-family: Times New Roman; font-size: small;\">\u0130la\u00e7 Eczac\u0131l\u0131k Genel M\u00fcd\u00fcrl\u00fc\u011f\u00fc\u2019n\u00fcn son genelgesinden de anla\u015f\u0131l\u0131yor ki eczanelerden da\u011f\u0131t\u0131m kanallar\u0131na g\u00f6nderilen, da\u011f\u0131t\u0131m kanallar\u0131nda da firmalara iade edilecek ila\u00e7lar, \u00f6\u011fle g\u00f6r\u00fcn\u00fcyor ki bir s\u00fcre sonra ge\u00e7ici karekod yap\u0131\u015ft\u0131r\u0131larak eczanelerimize geri gelecek. B\u00fct\u00fcn bunlar olacakt\u0131! Bu eziyeti bize nas\u0131l reva g\u00f6rd\u00fcn\u00fcz? <\/span><\/p>\n<p class=\"MsoNormal\" style=\"margin: 0cm 0cm 0pt;\"><span style=\"font-family: Times New Roman; font-size: small;\">\u00a0<\/span><\/p>\n<p class=\"MsoNormal\" style=\"margin: 0cm 0cm 0pt;\"><span style=\"font-family: Times New Roman; font-size: small;\">Dayatma yapmak yerine makul bir s\u00fcre verseydiniz zaten bu ila\u00e7lar 1- 1,5 y\u0131l i\u00e7inde eczane i\u00e7inde eriyip gidecek ve milli servet zarara u\u011framam\u0131\u015f olacakt\u0131.<\/span><\/p>\n<p class=\"MsoNormal\" style=\"margin: 0cm 0cm 0pt;\"><span style=\"font-family: Times New Roman; font-size: small;\">\u00a0<\/span><\/p>\n<p class=\"MsoNormal\" style=\"margin: 0cm 0cm 0pt;\"><span style=\"font-family: Times New Roman; font-size: small;\">Sorular? Sorular? Sorular? Sorulacak daha o kadar \u00e7ok \u015fey var ki ancak sonu\u00e7ta \u0130la\u00e7 Sanayinin \u00e7\u0131kar\u0131na dokunacak noktaya gelindi\u011finde Sanayinin dedi\u011fi yap\u0131lm\u0131\u015f oldu.<\/span><\/p>\n<p class=\"MsoNormal\" style=\"margin: 0cm 0cm 0pt;\"><span style=\"font-family: Times New Roman; font-size: small;\">\u00a0<\/span><\/p>\n<p class=\"MsoNormal\" style=\"margin: 0cm 0cm 0pt;\"><span style=\"font-family: Times New Roman; font-size: small;\">Dilerim bu durum; Sa\u011fl\u0131k Otoriteleri i\u00e7inde ders olur. Alan\u0131n prati\u011findeki i\u015fleyi\u015fi \u00f6z\u00fcmsemeden, masa ba\u015f\u0131nda karar alma al\u0131\u015fkanl\u0131klar\u0131ndan vazge\u00e7erler. <\/span><\/p>\n<p class=\"MsoNormal\" style=\"margin: 0cm 0cm 0pt;\"><span style=\"font-family: Times New Roman; font-size: small;\">\u00a0<\/span><\/p>\n<p class=\"MsoNormal\" style=\"margin: 0cm 0cm 0pt;\"><span style=\"font-family: Times New Roman; font-size: small;\">\u015euan nedense A\u011fa ile marabas\u0131 aras\u0131nda ge\u00e7en bir diyalog vard\u0131r \u00e7o\u011funuz bilir, akl\u0131ma bu diyalog geliverdi\u2026 Neden geldiyse!<\/span><\/p>\n","protected":false},"excerpt":{"rendered":"<p>Sa\u011fl\u0131k Bakanl\u0131\u011f\u0131 \u0130la\u00e7 Eczac\u0131l\u0131k Genel M\u00fcd\u00fcrl\u00fc\u011f\u00fc\u2019n\u00fcn 01 Eyl\u00fcl 2010 tarih, 2010 \/ 63 say\u0131l\u0131 genelgesi ile G2D\u2019li \u00fcr\u00fcnlerin ge\u00e7erlilik tarihi&#46;&#46;&#46;<\/p>\n","protected":false},"author":14,"featured_media":0,"comment_status":"closed","ping_status":"closed","sticky":false,"template":"","format":"standard","meta":{"_jetpack_memberships_contains_paid_content":false,"footnotes":""},"categories":[46],"tags":[],"class_list":["post-2783","post","type-post","status-publish","format-standard","hentry","category-ecz-mustafa-turunc"],"aioseo_notices":[],"jetpack_featured_media_url":"","jetpack_sharing_enabled":true,"jetpack-related-posts":[],"_links":{"self":[{"href":"http:\/\/www.ced.org.tr\/index.php?rest_route=\/wp\/v2\/posts\/2783","targetHints":{"allow":["GET"]}}],"collection":[{"href":"http:\/\/www.ced.org.tr\/index.php?rest_route=\/wp\/v2\/posts"}],"about":[{"href":"http:\/\/www.ced.org.tr\/index.php?rest_route=\/wp\/v2\/types\/post"}],"author":[{"embeddable":true,"href":"http:\/\/www.ced.org.tr\/index.php?rest_route=\/wp\/v2\/users\/14"}],"replies":[{"embeddable":true,"href":"http:\/\/www.ced.org.tr\/index.php?rest_route=%2Fwp%2Fv2%2Fcomments&post=2783"}],"version-history":[{"count":1,"href":"http:\/\/www.ced.org.tr\/index.php?rest_route=\/wp\/v2\/posts\/2783\/revisions"}],"predecessor-version":[{"id":3967,"href":"http:\/\/www.ced.org.tr\/index.php?rest_route=\/wp\/v2\/posts\/2783\/revisions\/3967"}],"wp:attachment":[{"href":"http:\/\/www.ced.org.tr\/index.php?rest_route=%2Fwp%2Fv2%2Fmedia&parent=2783"}],"wp:term":[{"taxonomy":"category","embeddable":true,"href":"http:\/\/www.ced.org.tr\/index.php?rest_route=%2Fwp%2Fv2%2Fcategories&post=2783"},{"taxonomy":"post_tag","embeddable":true,"href":"http:\/\/www.ced.org.tr\/index.php?rest_route=%2Fwp%2Fv2%2Ftags&post=2783"}],"curies":[{"name":"wp","href":"https:\/\/api.w.org\/{rel}","templated":true}]}}