{"id":2790,"date":"2007-01-09T17:32:40","date_gmt":"2007-01-09T15:32:40","guid":{"rendered":"http:\/\/www.ced.org.tr\/?p=2790"},"modified":"2014-05-21T01:30:41","modified_gmt":"2014-05-20T22:30:41","slug":"kardeslik","status":"publish","type":"post","link":"http:\/\/www.ced.org.tr\/?p=2790","title":{"rendered":"KARDE\u015eL\u0130K"},"content":{"rendered":"<p style=\"text-align: center\" class=\"MsoNormal\" align=\"center\"><strong><font face=\"Times New Roman\" size=\"3\"><span style=\"font-weight: bold; font-size: 12pt\">KARDE\u015eL\u0130K<\/span><\/font><\/strong><\/p>\n<h3><span class=\"SpellE\"><font face=\"Times New Roman\" size=\"3\"><span style=\"font-size: 12pt\">&nbsp;&nbsp;&nbsp;&nbsp;&nbsp;&nbsp;&nbsp;&nbsp;&nbsp;&nbsp; Kuvva<\/span><\/font><\/span>-i milliye nedir? Bu &uuml;lkenin  emperyalist sald\u0131r\u0131lara kar\u015f\u0131 durmas\u0131nda toplumu bi&ccedil;imlendiren, ona &ouml;nc&uuml;l&uuml;k  ederek emperyalist devletlerin vatan topraklar\u0131ndan d\u0131\u015far\u0131 at\u0131lmas\u0131n\u0131 sa\u011flayan  ve bir ulusu yok olu\u015f s&uuml;recinden egemen bir devlete ta\u015f\u0131yan s&uuml;re&ccedil;tir. <span class=\"SpellE\">Kuvva<\/span>-i milliye bir kavramd\u0131r. &ldquo;Ulus devlet bitti&rdquo; diyen  anlay\u0131\u015f\u0131n kar\u015f\u0131s\u0131nda kale gibi duran bir kavramd\u0131r. <span class=\"SpellE\">Kuvva<\/span>-i milliye ki\u015fi ya da belli bir grup de\u011fil, bir  duru\u015ftur. Kapitalizmin kar\u015f\u0131s\u0131na dikilmi\u015f ve mazlum uluslar\u0131n kurtulu\u015f umudu  olarak bi&ccedil;imlenmi\u015ftir. <span class=\"SpellE\">Kuvva<\/span>-i milliye evrensel bir  olgu, mazlum halklar\u0131n umar\u0131d\u0131r.<\/h3>\n<p><font face=\"Times New Roman\" size=\"3\"><\/font><font face=\"Times New Roman\" size=\"3\"><span style=\"font-size: 12pt\"><span>&nbsp;&nbsp;&nbsp;&nbsp;&nbsp;&nbsp;&nbsp;&nbsp;&nbsp;&nbsp;&nbsp; <\/span>Siz  &ldquo;<span class=\"SpellE\">kuvva<\/span>-i milliye d&uuml;\u015f&uuml;ncesi ile m&uuml;cadele edilme s\u0131ras\u0131  geldi&rdquo; derseniz ulus bilincinizin olmad\u0131\u011f\u0131n\u0131 alenen ilan ediyorsunuz demektir.  Siz bu d&uuml;\u015f&uuml;nceler ile sadece emperyalist u\u015fakl\u0131\u011f\u0131 eder, kendinizi ayr\u0131 bir  halk\u0131n temsilcisi gibi g&ouml;rd&uuml;\u011f&uuml;n&uuml;z&uuml; s&ouml;yleseniz dahi, o halka hi&ccedil;bir yarar\u0131n\u0131z  olamayaca\u011f\u0131n\u0131 daha en ba\u015fta a&ccedil;\u0131\u011fa vuruyorsunuz demektir.<\/span><\/font><font face=\"Times New Roman\" size=\"3\"><span style=\"font-size: 12pt\">&nbsp;<\/span><\/font><\/p>\n<p class=\"MsoNormal\"><font face=\"Times New Roman\" size=\"3\"><span style=\"font-size: 12pt\"><span>&nbsp;&nbsp;&nbsp;&nbsp;&nbsp;&nbsp;&nbsp;&nbsp;&nbsp;&nbsp;&nbsp; <\/span>Bu ne  bi&ccedil;im bir kindir ki, mazlum uluslar\u0131n kurtulu\u015f umudunda anlam\u0131n\u0131 bulan bu  kavramla bile m&uuml;cadele etme gere\u011fini pi\u015fkinlikle kongrenizde dile  getirirsiniz.&nbsp;<\/span><\/font><\/p>\n<p class=\"MsoNormal\"><font face=\"Times New Roman\" size=\"3\"><span style=\"font-size: 12pt\">T&uuml;rkiye&rsquo;nin sa\u011fduyu sahibi K&uuml;rt k&ouml;kenli vatanda\u015flar\u0131  &ouml;yle sizin s&ouml;yledi\u011finiz gibi &ldquo;demokratik yurtta\u015f&rdquo; de\u011fil, bu &uuml;lkenin has  vatanda\u015flar\u0131 ne zaman ortaya &ccedil;\u0131kacak ve seslerini duyuracaklar, sizler o zaman  ortada d\u0131md\u0131zlak kalacaks\u0131n\u0131z. O zaman babas\u0131n\u0131n ya da abisinin arkas\u0131na  saklan\u0131p rakibine yumruk sallamaya &ccedil;al\u0131\u015fan &ccedil;ocuk &ccedil;aresizli\u011finde utan&ccedil; i&ccedil;inde  ABD&rsquo;nin sizi g&ouml;t&uuml;rece\u011fi yere gitmek &uuml;zere tas\u0131 tara\u011f\u0131 toplayacaks\u0131n\u0131z.  T&uuml;rkiye&rsquo;nin insan\u0131nda T&uuml;rk-K&uuml;rt ayr\u0131m\u0131 yoktur. Ne K&uuml;rtlerin haklar\u0131 T&uuml;rklerden  &uuml;st&uuml;n, ne de T&uuml;rklerin haklar\u0131 K&uuml;rtlerden &uuml;st&uuml;nd&uuml;r. T&uuml;rk ulusu belirli bir  az\u0131nl\u0131k d\u0131\u015f\u0131nda beraber ya\u015fama arzusundad\u0131r. T&uuml;m yap\u0131lmak istenenlere ra\u011fmen,  at\u0131lan nifak tohumlar\u0131na, k\u0131\u015fk\u0131rtmalara ra\u011fmen bu beraber ya\u015fama istenci  bozulamam\u0131\u015ft\u0131r<span class=\"GramE\">.,<\/span> bozulmayacakt\u0131r. Hassasiyetlere dikkat  edilerek, itidalli bir davran\u0131\u015f sergileyen halk\u0131m\u0131z, gerekli cevab\u0131 demokrasi  i&ccedil;inde se&ccedil;imlerde, g&ouml;receksiniz verecektir. Gerginlikten yarar umanlara, etnik  milliyet&ccedil;ilik yapanlara, cevab\u0131, sa\u011fduyu sahibi ulusumuz verecektir.&nbsp;<\/span><\/font><\/p>\n<p class=\"MsoNormal\"><font face=\"Times New Roman\" size=\"3\"><span style=\"font-size: 12pt\"><span>&nbsp;&nbsp;&nbsp;&nbsp;&nbsp;&nbsp;&nbsp;&nbsp;&nbsp;&nbsp;&nbsp;  <\/span>Yunanistan&rsquo;daki, Bulgaristan&rsquo;daki az\u0131nl\u0131k durumundaki T&uuml;rklerle,  T&uuml;rkiye&rsquo;deki k&ouml;keni farkl\u0131 yurtta\u015flar\u0131m\u0131z\u0131 ayn\u0131 kefeye koymak tek kelime ile  haks\u0131zl\u0131kt\u0131r. 1920&rsquo;den bu yana K&uuml;rtlerle ilgili sorun var derseniz d&ouml;n&uuml;p size  sorarlar. Daha &ouml;nce neden sorun yoktu da T&uuml;rkiye Cumhuriyeti k&uuml;llerinden  do\u011fduktan sonra sorunlar ba\u015flad\u0131 diye&hellip; Tabii 1920&rsquo;den sonra sorun var  diyeceksiniz, zira emperyalist devletleri bozguna u\u011fratan t&uuml;m Anadolu&rsquo;yu  emperyalistler hi&ccedil;bir zaman hazmedemedi ki&hellip; Lozan&rsquo;\u0131 hazmedemedi ki, akl\u0131 hep  Sevr&rsquo;de kald\u0131. Hep Sevr&rsquo;i savunacak u\u015faklar pe\u015finde ko\u015ftu. U\u015fak bulamazsa  ekonomisini bo\u011fdu, onu yapamazsa yaln\u0131zl\u0131\u011fa itmekle tehdit etti. T&uuml;rkiye&rsquo;nin  \u0131rk&ccedil;\u0131 bir devlet oldu\u011funu iddia etti. Kendinin hi&ccedil;bir zaman ba\u015faramad\u0131\u011f\u0131,  ho\u015fg&ouml;r&uuml;y&uuml; y&ouml;netim bi&ccedil;imi olarak y\u0131llarca uygulayan Osmanl\u0131, bat\u0131n\u0131n asl\u0131nda hep  gizli <span class=\"SpellE\">gizli<\/span> k\u0131skand\u0131\u011f\u0131 ve de korktu\u011fu bir devlet oldu.  Bat\u0131, ancak bask\u0131c\u0131 bir s&ouml;m&uuml;rgeci, kanl\u0131 bir emperyalist olabildi\u011fi yerlerde,  T&uuml;rkler ho\u015fg&ouml;r&uuml;l&uuml; bir kom\u015fu oldu. <span class=\"GramE\">Bat\u0131 ise hep &ccedil;ifte  standartl\u0131, hep sahte, yapmac\u0131k, hep &ccedil;\u0131karc\u0131.<\/span> <br \/><\/span><\/font><\/p>\n<p class=\"MsoNormal\"><font face=\"Times New Roman\" size=\"3\"><span style=\"font-size: 12pt\"><span>&nbsp;&nbsp;&nbsp;&nbsp;&nbsp;&nbsp;&nbsp;&nbsp;&nbsp;&nbsp;&nbsp; <\/span>Bat\u0131  ne zaman T&uuml;rkiye ayaklar\u0131 &uuml;zerine dikilse onu &ccedil;&ouml;kertmek i&ccedil;in elinden geleni  yapt\u0131. Berlin Duvar\u0131 y\u0131k\u0131ld\u0131\u011f\u0131nda Almanya&rsquo;lar birle\u015fti, Do\u011fu&rsquo;daki Rus  askerlerinin Rusya&rsquo;ya d&ouml;nd&uuml;klerinde kalacaklar\u0131 evler i&ccedil;in a&ccedil;\u0131lan ihale ne zaman  T&uuml;rk firmalar\u0131nda kald\u0131, T&uuml;rkiye&rsquo;nin g&uuml;neydo\u011fusu o an acilen o &ccedil;\u0131kar\u0131 bozulan  ellerce kar\u0131\u015ft\u0131r\u0131l\u0131verdi. O g&uuml;nden bug&uuml;ne emperyalist bat\u0131 T&uuml;rkiye&rsquo;deki  istikrars\u0131zl\u0131\u011f\u0131n yelkenine <span class=\"GramE\">r&uuml;zgar<\/span> doldurmakla me\u015fgul.  Karde\u015fler oyuna gelmez.<\/span><\/font><\/p>\n","protected":false},"excerpt":{"rendered":"<p>KARDE\u015eL\u0130K &nbsp;&nbsp;&nbsp;&nbsp;&nbsp;&nbsp;&nbsp;&nbsp;&nbsp;&nbsp; Kuvva-i milliye nedir? Bu &uuml;lkenin emperyalist sald\u0131r\u0131lara kar\u015f\u0131 durmas\u0131nda toplumu bi&ccedil;imlendiren, ona &ouml;nc&uuml;l&uuml;k ederek emperyalist devletlerin vatan topraklar\u0131ndan&#46;&#46;&#46;<\/p>\n","protected":false},"author":10,"featured_media":0,"comment_status":"closed","ping_status":"closed","sticky":false,"template":"","format":"standard","meta":{"_jetpack_memberships_contains_paid_content":false,"footnotes":""},"categories":[47],"tags":[],"class_list":["post-2790","post","type-post","status-publish","format-standard","hentry","category-ecz-enver-olgunsoy"],"aioseo_notices":[],"jetpack_featured_media_url":"","jetpack_sharing_enabled":true,"jetpack-related-posts":[],"_links":{"self":[{"href":"http:\/\/www.ced.org.tr\/index.php?rest_route=\/wp\/v2\/posts\/2790","targetHints":{"allow":["GET"]}}],"collection":[{"href":"http:\/\/www.ced.org.tr\/index.php?rest_route=\/wp\/v2\/posts"}],"about":[{"href":"http:\/\/www.ced.org.tr\/index.php?rest_route=\/wp\/v2\/types\/post"}],"author":[{"embeddable":true,"href":"http:\/\/www.ced.org.tr\/index.php?rest_route=\/wp\/v2\/users\/10"}],"replies":[{"embeddable":true,"href":"http:\/\/www.ced.org.tr\/index.php?rest_route=%2Fwp%2Fv2%2Fcomments&post=2790"}],"version-history":[{"count":1,"href":"http:\/\/www.ced.org.tr\/index.php?rest_route=\/wp\/v2\/posts\/2790\/revisions"}],"predecessor-version":[{"id":4025,"href":"http:\/\/www.ced.org.tr\/index.php?rest_route=\/wp\/v2\/posts\/2790\/revisions\/4025"}],"wp:attachment":[{"href":"http:\/\/www.ced.org.tr\/index.php?rest_route=%2Fwp%2Fv2%2Fmedia&parent=2790"}],"wp:term":[{"taxonomy":"category","embeddable":true,"href":"http:\/\/www.ced.org.tr\/index.php?rest_route=%2Fwp%2Fv2%2Fcategories&post=2790"},{"taxonomy":"post_tag","embeddable":true,"href":"http:\/\/www.ced.org.tr\/index.php?rest_route=%2Fwp%2Fv2%2Ftags&post=2790"}],"curies":[{"name":"wp","href":"https:\/\/api.w.org\/{rel}","templated":true}]}}