{"id":2795,"date":"2006-10-17T00:00:00","date_gmt":"2006-10-16T21:00:00","guid":{"rendered":"http:\/\/www.ced.org.tr\/?p=2795"},"modified":"2014-05-21T01:30:55","modified_gmt":"2014-05-20T22:30:55","slug":"yap-boz-2","status":"publish","type":"post","link":"http:\/\/www.ced.org.tr\/?p=2795","title":{"rendered":"YAP &#8211; BOZ"},"content":{"rendered":"<h4 align=\"center\">YAP &#8211; BOZ<\/h4>\n<p>G&uuml;n ge&ccedil;miyor ki yeni bir uygulama medya g&uuml;ndemine d&uuml;\u015fmesin. G&uuml;n ge&ccedil;miyor ki y&ouml;netmelik de\u011fi\u015fmesin. Sa\u011fl\u0131k sekt&ouml;r&uuml;nde, hastanelerde, eczanelerde bu yeni uygulama vatanda\u015f\u0131n kar\u015f\u0131s\u0131na &ccedil;\u0131kt\u0131\u011f\u0131nda ne yapaca\u011f\u0131n\u0131 \u015fa\u015f\u0131r\u0131yor. Ho\u015f tabii \u015fa\u015f\u0131ran sadece vatanda\u015f de\u011fil, doktor, eczac\u0131, sa\u011fl\u0131k &ccedil;al\u0131\u015fanlar\u0131 da benzer duygular\u0131 payla\u015f\u0131yor. Hatta Say\u0131n Sa\u011fl\u0131k Bakan\u0131 dahi bu \u015fa\u015f\u0131rmadan nasibini al\u0131yor, gazetecilerin &ouml;n&uuml;nde kurmaylar\u0131 ile tart\u0131\u015f\u0131p kendi imzalad\u0131\u011f\u0131 y&ouml;netmeliklerden yeni haberi oluyormu\u015fcas\u0131na vatanda\u015fa farkl\u0131 yorumlar getiriyor; g&uuml;nde sadece bir doktora muayane olabilen vatanda\u015f, farkl\u0131 bir hastal\u0131\u011f\u0131 varsa o g&uuml;n ni&ccedil;in ba\u015fka bir doktora daha muayene olup olamayaca\u011f\u0131n\u0131 sordu\u011funda, say\u0131n Bakan &quot;olmaz &ouml;yle \u015fey&quot; diyor, ama kendi imzalad\u0131\u011f\u0131 y&ouml;netmelik &ouml;yle maalesef. <\/p>\n<p>&Ouml;zel hastanelerden herkes yararlanacak diye ba\u015flayan s&ouml;ylem, &quot;tabii paras\u0131 olursa&quot;ya d&ouml;n&uuml;\u015ft&uuml;. Zira hastal\u0131klara fix men&uuml; uygulamas\u0131, &ouml;zel hastanelerin fahi\u015f &quot; fark&quot; talepleri ile sonu&ccedil;land\u0131. Fark\u0131 &ouml;demeyene hizmet yok. \u0130zmir&#39;de ge&ccedil;ti\u011fimiz hafta fark &ouml;demeyen hastalara hizmet vermeyen 5 &ouml;zel hastane para cezas\u0131na &ccedil;arpt\u0131r\u0131ld\u0131. Ancak bu uygulama T&uuml;rkiye&#39;de sadece \u0130zmir&#39;de var. &Ouml;zel hastane y&ouml;neticileri \u015fimdi kara kara d&uuml;\u015f&uuml;n&uuml;yor ne yapaca\u011f\u0131z diye.<\/p>\n<p>Devlet taraf\u0131ndan &ouml;denmeyecek ila&ccedil; listesi herg&uuml;n kabar\u0131yor. Hani SSK&#39;l\u0131 vatanda\u015f doktorun yazd\u0131\u011f\u0131 ila&ccedil;lar\u0131, s\u0131ra beklemeden, istedi\u011fi eczaneden temin edecekti? Tabii asl\u0131nda yine temin edebilir, ama tabii paras\u0131yla. Uygulamada bir&ccedil;ok aksakl\u0131\u011f\u0131n &ccedil;\u0131kaca\u011f\u0131 \u015fimdiden belli aile hekimli\u011fi uygulamas\u0131 da ayr\u0131ca 2007&#39;de bizi bekliyor. IMF bu hafta bilmem ka&ccedil;\u0131nc\u0131 stand by i&ccedil;in T&uuml;rkiye&#39;de. Hangi sosyal yard\u0131mlara t\u0131rpan gelecek, hep beraber g&ouml;rece\u011fiz.<\/p>\n<p>&quot;Sa\u011fl\u0131kta d&ouml;n&uuml;\u015f&uuml;m&quot; projesi ad\u0131 alt\u0131nda D&uuml;nya Bankas\u0131 deste\u011finde, IMF&#39;nin yol g&ouml;stericili\u011finde devlet sa\u011fl\u0131k hizmetlerinden ka&ccedil;\u0131yor.Sosyal devlet olman\u0131n birincil \u015fart\u0131 e\u011fitim ve sa\u011fl\u0131kta devletin atanda\u015f\u0131n\u0131n yan\u0131nda olmas\u0131 de\u011fil midir? Say\u0131n Ba\u015fbakan, Maltepe &Uuml;niversitesi&#39;nin 2006-2007 a&ccedil;\u0131l\u0131\u015f t&ouml;reninde &quot;B&uuml;t&uuml;n incelikler asl\u0131nda devletimizin \u015fu d&ouml;rt &ouml;zelli\u011finde yat\u0131yor; demokratik, laik, sosyal ve hukuk devleti. Biri olmad\u0131\u011f\u0131nda bu eksik devlettir, ikisi &uuml;&ccedil;&uuml; olmazsa &ccedil;ok daha eksik, d&ouml;rd&uuml; de olmazsa zaten yok.&quot; derken &ccedil;ok do\u011fru tespitte bulunuyor. Ancak bu eksik olmamas\u0131 gereken kavramlara bakarak devlet acaba hangi inceliklerden yoksun ya\u015fam\u0131n\u0131 s&uuml;rd&uuml;rmeye &ccedil;al\u0131\u015f\u0131yor diye insan sormadan edemiyor. Yani siz &ouml;yle s&ouml;ylediniz diye devlet sosyal devlet olmuyor. O devlet sosyal mi de\u011fil mi uygulad\u0131\u011f\u0131n\u0131z politikalarla belirleniyor. Son h\u0131zla &quot;zaten yok&quot;a do\u011fru s&uuml;r&uuml;klenen devlet, daha ne kadar dayan\u0131r sizce?<\/p>\n<p>Bak\u0131yoruz, Sa\u011fl\u0131k Bakanl\u0131\u011f\u0131, sa\u011fl\u0131kta d&ouml;n&uuml;\u015f&uuml;m projesinin t&uuml;m illerdeki incelemesini yapmas\u0131 i&ccedil;in Saha Koordinat&ouml;r&uuml;&quot; kadrosu a&ccedil;\u0131yor. Bu koordinat&ouml;rler Ba\u015fbakandan, Cumhurba\u015fkan\u0131ndan daha fazla aa\u015f alarak, sa\u011fl\u0131kta d&ouml;n&uuml;\u015f&uuml;m projesinin ak\u0131betini raporlayacaklar. &quot;Aile Hekimli\u011fi , Genel Sa\u011fl\u0131k igortas\u0131&#39;na ge&ccedil;i\u015f ile ilgili koordinasyonu sa\u011flamak, hastanelerin &ouml;zerk hale getirilmesi faaliyetlerini izlemek, Bakanl\u0131\u011f\u0131n projelerinin saha de\u011ferlendirmesini yapmak, sa\u011fl\u0131kta d&ouml;n&uuml;\u015f&uuml;m projesinin idi\u015fat\u0131n\u0131 incelemek, b&ouml;lgesinde geli\u015fmelerle ilgili ba\u015f koordinat&ouml;re ve Sa\u011fl\u0131k Bakanl\u0131\u011f\u0131&#39;na ayl\u0131k rapor vermek&quot; olarak g&ouml;revleri tan\u0131mlanan bu koordinat&ouml;rler 6-7 bin dolar maa\u015fla &ccedil;al\u0131\u015facaklar, hatta bununla ilgili D&uuml;nya Bankas\u0131&#39;ndan 3,126 milyon dolar kredi al\u0131nm\u0131\u015f bile. <\/p>\n<p>Bu paralara yaz\u0131k de\u011fil mi? D&ouml;n&uuml;p, sa\u011fl\u0131kta d&ouml;n&uuml;\u015f&uuml;m projesi i&ccedil;indeki bilfiil &ccedil;al\u0131\u015fan personeline sorsan almaz m\u0131? Tabib Odalar\u0131, Eczac\u0131 Odalar\u0131, di\u011fer sa\u011fl\u0131k &ccedil;al\u0131\u015fanlar\u0131n\u0131n odalar\u0131 ve &uuml;st birlikleri, ne yapt\u0131n\u0131z da devlet size hi&ccedil; g&uuml;venmiyor? Sa\u011fl\u0131kta d&ouml;n&uuml;\u015f&uuml;m projesinin aksakl\u0131klar\u0131, yanl\u0131\u015f uygulamalar\u0131 ve T&uuml;rkiye&#39;ye uyumu konusunda hi&ccedil; mi alternatif projeniz yok? Yoksa sizler de bu projeden nemalanarak projenin bir par&ccedil;as\u0131 m\u0131 oldunuz? Ya da sessizli\u011finiz bu projeye destek verdi\u011finiz anlam\u0131na m\u0131 geliyor? Sistemden yararlanarak defolu hale geldi\u011finiz i&ccedil;in, hesap dahi soram\u0131yor musunuz? Yoksa devlet size onun i&ccedil;in mi g&uuml;venmiyor? &Uuml;lkenin se&ccedil;im sath-\u0131 mahalline girdi\u011fi \u015fu g&uuml;nlerde &uuml;lkemiz \u015fartlar\u0131na uygun bir sa\u011fl\u0131k sistemi projesi &ouml;neriniz yok mu? Sa\u011fl\u0131k &ccedil;al\u0131\u015fanlar\u0131 size sesleniyorum. Sesimi duyan var m\u0131?<\/p>\n","protected":false},"excerpt":{"rendered":"<p>YAP &#8211; BOZ G&uuml;n ge&ccedil;miyor ki yeni bir uygulama medya g&uuml;ndemine d&uuml;\u015fmesin. G&uuml;n ge&ccedil;miyor ki y&ouml;netmelik de\u011fi\u015fmesin. Sa\u011fl\u0131k sekt&ouml;r&uuml;nde, hastanelerde,&#46;&#46;&#46;<\/p>\n","protected":false},"author":10,"featured_media":0,"comment_status":"closed","ping_status":"closed","sticky":false,"template":"","format":"standard","meta":{"_jetpack_memberships_contains_paid_content":false,"footnotes":""},"categories":[47],"tags":[],"class_list":["post-2795","post","type-post","status-publish","format-standard","hentry","category-ecz-enver-olgunsoy"],"aioseo_notices":[],"jetpack_featured_media_url":"","jetpack_sharing_enabled":true,"jetpack-related-posts":[],"_links":{"self":[{"href":"http:\/\/www.ced.org.tr\/index.php?rest_route=\/wp\/v2\/posts\/2795","targetHints":{"allow":["GET"]}}],"collection":[{"href":"http:\/\/www.ced.org.tr\/index.php?rest_route=\/wp\/v2\/posts"}],"about":[{"href":"http:\/\/www.ced.org.tr\/index.php?rest_route=\/wp\/v2\/types\/post"}],"author":[{"embeddable":true,"href":"http:\/\/www.ced.org.tr\/index.php?rest_route=\/wp\/v2\/users\/10"}],"replies":[{"embeddable":true,"href":"http:\/\/www.ced.org.tr\/index.php?rest_route=%2Fwp%2Fv2%2Fcomments&post=2795"}],"version-history":[{"count":1,"href":"http:\/\/www.ced.org.tr\/index.php?rest_route=\/wp\/v2\/posts\/2795\/revisions"}],"predecessor-version":[{"id":4035,"href":"http:\/\/www.ced.org.tr\/index.php?rest_route=\/wp\/v2\/posts\/2795\/revisions\/4035"}],"wp:attachment":[{"href":"http:\/\/www.ced.org.tr\/index.php?rest_route=%2Fwp%2Fv2%2Fmedia&parent=2795"}],"wp:term":[{"taxonomy":"category","embeddable":true,"href":"http:\/\/www.ced.org.tr\/index.php?rest_route=%2Fwp%2Fv2%2Fcategories&post=2795"},{"taxonomy":"post_tag","embeddable":true,"href":"http:\/\/www.ced.org.tr\/index.php?rest_route=%2Fwp%2Fv2%2Ftags&post=2795"}],"curies":[{"name":"wp","href":"https:\/\/api.w.org\/{rel}","templated":true}]}}