{"id":2823,"date":"2006-09-04T10:38:49","date_gmt":"2006-09-04T07:38:49","guid":{"rendered":"http:\/\/www.ced.org.tr\/?p=2823"},"modified":"2014-05-21T01:31:09","modified_gmt":"2014-05-20T22:31:09","slug":"aile-hekimligi-3","status":"publish","type":"post","link":"http:\/\/www.ced.org.tr\/?p=2823","title":{"rendered":"A\u0130LE HEK\u0130ML\u0130\u011e\u0130"},"content":{"rendered":"<p><span style=\"font-size: 14pt\"><font color=\"#000000\"><font face=\"Courier New\"><span style=\"font-size: 10pt; color: black; line-height: 150%; font-family: &#39;Courier New&#39;\">Sa\u011fl\u0131k Bakanl\u0131\u011f\u0131 M&uuml;ste\u015far yard\u0131mc\u0131s\u0131 Sn. Sabahattin Ayd\u0131n&#39;\u0131 dinlerken y\u0131llar &ouml;ncesine gitti usum taa 1960&#39;li y\u0131llara. T&uuml;m T&uuml;rkiye&#39;de birinci basamak sa\u011fl\u0131k hizmetini sunmak &uuml;zere sa\u011fl\u0131k ocaklar\u0131 a&ccedil;\u0131l\u0131yordu.<\/span><\/font><\/font><\/span><\/p>\n<p><span style=\"font-size: 10pt; color: black; font-family: &#39;Courier New&#39;\">&nbsp;&nbsp;&nbsp;&nbsp;&nbsp;&nbsp;&nbsp;&nbsp;&nbsp;&nbsp;&nbsp;&nbsp;&nbsp;&nbsp;&nbsp;&nbsp; <\/span><strong><span style=\"font-size: 16pt; color: black; font-family: &#39;Courier New&#39;\">A\u0130LE HEK\u0130ML\u0130\u011e\u0130<\/span><\/strong><\/p>\n<p><span style=\"font-size: 10pt; color: black; font-family: &#39;Courier New&#39;\">&nbsp;<\/span><span style=\"font-size: 10pt; color: black; font-family: &#39;Courier New&#39;\"><span>&nbsp;<\/span><\/span><span style=\"font-size: 10pt; color: black; font-family: &#39;Courier New&#39;\">&nbsp; <\/span><span style=\"font-size: 10pt; color: black; line-height: 150%; font-family: &#39;Courier New&#39;\">Sa\u011fl\u0131k Bakanl\u0131\u011f\u0131 M&uuml;ste\u015far yard\u0131mc\u0131s\u0131 Sn. Sabahattin Ayd\u0131n&#39;\u0131 dinlerken y\u0131llar &ouml;ncesine gitti usum taa 1960&#39;li y\u0131llara. T&uuml;m T&uuml;rkiye&#39;de birinci basamak sa\u011fl\u0131k hizmetini sunmak &uuml;zere sa\u011fl\u0131k ocaklar\u0131 a&ccedil;\u0131l\u0131yordu. 224 say\u0131l\u0131 sa\u011fl\u0131k hizmetleri sosyalizasyonu yasas\u0131 uygulamas\u0131 ba\u015flanm\u0131\u015f, sa\u011fl\u0131k ocaklar\u0131na 10. maddede belirlenen asgari sa\u011fl\u0131k personeli atan\u0131yor, n&uuml;fusa g&ouml;re her il&ccedil;ede en az bir ocak olacak \u015fekilde t&uuml;m yurda yay\u0131l\u0131yordu. Birinci basamak kullanmadan daha &uuml;st sa\u011fl\u0131k merkezlerine gidilemeyecek, tedavi olana\u011f\u0131 olan basmakta sa\u011fl\u0131k hizmeti verilecek ve &uuml;st merkezler min&ouml;r sorunlarla me\u015fgul edilip, t\u0131kanmas\u0131 &ouml;nlenecekti.<\/span><\/p>\n<p><span style=\"font-size: 10pt; color: black; line-height: 150%; font-family: &#39;Courier New&#39;\">&nbsp;&nbsp;&nbsp; Say\u0131n m&uuml;ste\u015far yard\u0131mc\u0131s\u0131 \u0130zmir&#39;de 2007 y\u0131l\u0131 ba\u015f\u0131nda uygulamaya girecek &quot;aile hekimli\u011fi&quot; uygulamas\u0131n\u0131n Sa\u011fl\u0131k Bakanl\u0131\u011f\u0131 ad\u0131na y&uuml;r&uuml;t&uuml;c&uuml;s&uuml; olarak uygulamay\u0131 anlat\u0131yordu. Aile hekimli\u011fi sistemi asl\u0131nda &quot;224 say\u0131l\u0131 yasan\u0131n aksakl\u0131klar\u0131n\u0131 gideriyor, onu m&uuml;kemmel hale getiriyor&quot; derken dal\u0131p gitmi\u015fim eski g&uuml;nlere.<\/span><\/p>\n<p><span style=\"font-size: 10pt; color: black; line-height: 150%; font-family: &#39;Courier New&#39;\">&nbsp;&nbsp;&nbsp; <\/span><span style=\"font-size: 10pt; color: black; line-height: 150%; font-family: &#39;Courier New&#39;\">Aile hekimli\u011finin hi&ccedil; de anlat\u0131ld\u0131\u011f\u0131 gibi olmad\u0131\u011f\u0131 daha ilk c&uuml;mlede ortaya &ccedil;\u0131k\u0131yordu. Zira bu uygulama ile T&uuml;rkiye&#39;ye yay\u0131lm\u0131\u015f 5500 sa\u011fl\u0131k oca\u011f\u0131 iptal ediliyor, \u015fayet mevcut sa\u011fl\u0131k oca\u011f\u0131nda aile hekimi kal\u0131p &ccedil;al\u0131\u015fmak istiyorsa bina da sa\u011fl\u0131k bakanl\u0131\u011f\u0131na aitse, Bakanl\u0131\u011fa kira, elektrik, su &uuml;creti &ouml;deyerek kendine ba\u011fl\u0131 5000 hastaya hizmet edecek, s&ouml;z&uuml;m ona.<\/span><\/p>\n<p><span style=\"font-size: 10pt; color: black; line-height: 150%; font-family: &#39;Courier New&#39;\">&nbsp;&nbsp; <\/span><span style=\"font-size: 10pt; color: black; line-height: 150%; font-family: &#39;Courier New&#39;\">Bunun m&uuml;mk&uuml;n olamayaca\u011f\u0131 bug&uuml;nden belli. O aile hekiminin re&ccedil;etelerinden nemalanacaklar hemen o hekimi al\u0131p kendilerine en fazla yarar\u0131 sa\u011flayacak mekana ta\u015f\u0131rlar da kimsenin ruhu bile duymaz.<\/span><\/p>\n<p><span style=\"font-size: 10pt; color: black; line-height: 150%; font-family: &#39;Courier New&#39;\">&nbsp;&nbsp; <\/span><span style=\"font-size: 10pt; color: black; line-height: 150%; font-family: &#39;Courier New&#39;\">Say\u0131n m&uuml;ste\u015far yard\u0131mc\u0131s\u0131na g&ouml;re sosyalizasyona aile hekimli\u011fi sistemi sahip &ccedil;\u0131kacakm\u0131\u015f. duy da inanma. Zira &quot;sevk zinciri&quot; sistemi p&uuml;fnoktas\u0131, ancak yine say\u0131n m&uuml;ste\u015fara g&ouml;re uygulanmas\u0131 m&uuml;mk&uuml;n g&ouml;r&uuml;lm&uuml;yor.Zira sistem yetersiz kalacakm\u0131\u015f o zaman, ne alaka aile hekimli\u011fi sosyalizasyona sahip &ccedil;\u0131k\u0131yormu\u015f, olsa olsa mevcut sa\u011fl\u0131k ocaklar\u0131 da\u011f\u0131t\u0131l\u0131yor, devlet onlar\u0131n masraf\u0131ndan kurtuluyor, yani daha &ouml;nceyapt\u0131\u011f\u0131 gibi sosyal devlet olman\u0131n birinci \u015fart\u0131 halka sa\u011fl\u0131k hizmetini sunmaktan ka&ccedil;\u0131yor.<\/span><\/p>\n<p><span style=\"font-size: 10pt; color: black; line-height: 150%; font-family: &#39;Courier New&#39;\">&nbsp;&nbsp; <\/span><span style=\"font-size: 10pt; color: black; line-height: 150%; font-family: &#39;Courier New&#39;\">Aile hekimli\u011fi uygulamas\u0131nda birinci basamak (poliklinik) kalm\u0131yor, &ouml;zel ya da kamu hastanesi ayr\u0131m\u0131 da kalm\u0131yor. \u0130lk bak\u0131\u015fta ne g&uuml;zel aile hekiminize gidiyorsunuz o sizi tedavi ederse ediyor, edemezse sevkediyor ( o da ancak % 10 hastas\u0131n\u0131 sevk edebilir, sevk edilmesi gerekenhasta % 10&#39;u ge&ccedil;erse gelecek aya ona s\u0131ra gelecek tabii ya\u015farsa..),ancak sevk etti\u011fi hastane sizden tedavi fark\u0131, ila&ccedil; fark\u0131, ameliyat &uuml;cret fark\u0131, fark\u0131n fark\u0131n\u0131 istedi\u011fi zaman ne olacak? Bak\u0131n IMF geldi sa\u011fl\u0131k harcaman\u0131z fazla azalt\u0131n dedi gitti. Nas\u0131l azalacak? Tabii ki devlet sa\u011fl\u0131k hizmetlerinden ka&ccedil;arak azalacak. Tabii ki vatanda\u015f farklar\u0131 &ouml;derse hizmeti tam alacak aksi takdirde tedavi yok. Bunca y\u0131ld\u0131r i\u015f&ccedil;i ve i\u015fverence &ouml;denen sa\u011fl\u0131k kesintilerine g&uuml;venen, ihtiyac\u0131m oldu\u011funda devlet arkamda sa\u011fl\u0131\u011f\u0131mla ilgilenir, anlay\u0131\u015f\u0131n\u0131n iflas etti\u011fi ayan beyan ortada da nas\u0131l olup da T&uuml;rkiye Cumhuriyetinde herkes sigortal\u0131 olacak, herkes sa\u011fl\u0131k hizmetlerinden istifade edecek deniyor, anlamak m&uuml;mk&uuml;n de\u011fil. Olsa olsa bu hizmetler paran varsa yap\u0131l\u0131r, yani T&uuml;rkiye&#39;de herkes paras\u0131 ile, sigorta yapt\u0131r\u0131rsa, sa\u011fl\u0131k hizmetlerini de istedi\u011fi gibi al\u0131r, deniyor herhalde.<\/span><\/p>\n<p><span style=\"color: black\"><font size=\"3\"><font face=\"Times New Roman\">&nbsp;&nbsp;&nbsp;&nbsp;&nbsp; Sa\u011fl\u0131k hizmetlerinde de takiyye bu olsa gerek.<\/font><\/font><\/span><\/p>\n<p><font face=\"Times New Roman\"><font size=\"3\"><span style=\"color: black\">&nbsp;&nbsp;&nbsp;&nbsp;&nbsp; <\/span><span style=\"color: black\">Not: K\u0131sa bir s&uuml;re &ouml;nce Ak\u015fam gazetesinde yay\u0131nlanm\u0131\u015ft\u0131r.<\/span><\/font><\/font><\/p>\n<p>&nbsp;<\/p>\n","protected":false},"excerpt":{"rendered":"<p>Sa\u011fl\u0131k Bakanl\u0131\u011f\u0131 M&uuml;ste\u015far yard\u0131mc\u0131s\u0131 Sn. Sabahattin Ayd\u0131n&#39;\u0131 dinlerken y\u0131llar &ouml;ncesine gitti usum taa 1960&#39;li y\u0131llara. T&uuml;m T&uuml;rkiye&#39;de birinci basamak sa\u011fl\u0131k&#46;&#46;&#46;<\/p>\n","protected":false},"author":10,"featured_media":0,"comment_status":"closed","ping_status":"closed","sticky":false,"template":"","format":"standard","meta":{"_jetpack_memberships_contains_paid_content":false,"footnotes":""},"categories":[47],"tags":[],"class_list":["post-2823","post","type-post","status-publish","format-standard","hentry","category-ecz-enver-olgunsoy"],"aioseo_notices":[],"jetpack_featured_media_url":"","jetpack_sharing_enabled":true,"jetpack-related-posts":[],"_links":{"self":[{"href":"http:\/\/www.ced.org.tr\/index.php?rest_route=\/wp\/v2\/posts\/2823","targetHints":{"allow":["GET"]}}],"collection":[{"href":"http:\/\/www.ced.org.tr\/index.php?rest_route=\/wp\/v2\/posts"}],"about":[{"href":"http:\/\/www.ced.org.tr\/index.php?rest_route=\/wp\/v2\/types\/post"}],"author":[{"embeddable":true,"href":"http:\/\/www.ced.org.tr\/index.php?rest_route=\/wp\/v2\/users\/10"}],"replies":[{"embeddable":true,"href":"http:\/\/www.ced.org.tr\/index.php?rest_route=%2Fwp%2Fv2%2Fcomments&post=2823"}],"version-history":[{"count":1,"href":"http:\/\/www.ced.org.tr\/index.php?rest_route=\/wp\/v2\/posts\/2823\/revisions"}],"predecessor-version":[{"id":4048,"href":"http:\/\/www.ced.org.tr\/index.php?rest_route=\/wp\/v2\/posts\/2823\/revisions\/4048"}],"wp:attachment":[{"href":"http:\/\/www.ced.org.tr\/index.php?rest_route=%2Fwp%2Fv2%2Fmedia&parent=2823"}],"wp:term":[{"taxonomy":"category","embeddable":true,"href":"http:\/\/www.ced.org.tr\/index.php?rest_route=%2Fwp%2Fv2%2Fcategories&post=2823"},{"taxonomy":"post_tag","embeddable":true,"href":"http:\/\/www.ced.org.tr\/index.php?rest_route=%2Fwp%2Fv2%2Ftags&post=2823"}],"curies":[{"name":"wp","href":"https:\/\/api.w.org\/{rel}","templated":true}]}}