{"id":2828,"date":"2007-02-16T18:42:26","date_gmt":"2007-02-16T16:42:26","guid":{"rendered":"http:\/\/www.ced.org.tr\/?p=2828"},"modified":"2014-05-21T01:30:32","modified_gmt":"2014-05-20T22:30:32","slug":"tum-turkiye-eczacilarina-3","status":"publish","type":"post","link":"http:\/\/www.ced.org.tr\/?p=2828","title":{"rendered":"T\u00dcM T\u00dcRK\u0130YE ECZACILARINA"},"content":{"rendered":"\n<p style=\"text-align: center\" class=\"MsoNormal\" align=\"center\"><strong><font face=\"Times New Roman\" size=\"3\"><span style=\"font-weight: bold; font-size: 12pt\">T&Uuml;M  T&Uuml;RK\u0130YE ECZACILARINA&nbsp;<\/span><\/font><\/strong><\/p>\n<p class=\"MsoNormal\"><font face=\"Times New Roman\" size=\"3\"><span style=\"font-size: 12pt\"><span>&nbsp;&nbsp;&nbsp;&nbsp; <\/span>Sevgili  meslekta\u015flar\u0131m, <span class=\"SpellE\">\u0130zmir&rsquo;li<\/span> bir eczac\u0131 olarak  deste\u011finize, yard\u0131mlar\u0131n\u0131za ihtiyac\u0131m\u0131z var. Biliyorsunuz EXPO2015&rsquo;in yer se&ccedil;imi  i&ccedil;in Milano ile yar\u0131\u015f\u0131yoruz. Bu yar\u0131\u015f\u0131 \u0130zmir mutlaka kazanmal\u0131. \u0130zmir&rsquo;in  gelece\u011fi i&ccedil;in EXPO 2015&rsquo;i almas\u0131 ya\u015famsal &ouml;neme <span class=\"GramE\">sahip.Elinizden<\/span> ne gelebiliyorsa &ouml;ncelikle yer se&ccedil;imini  kazanmada, sonra da ba\u015far\u0131l\u0131 bir EXPO 2015 d&uuml;zenlemede bizlere yard\u0131mc\u0131 olman\u0131z\u0131  rica ediyoruz. Ayr\u0131ca bir T&uuml;rk eczac\u0131s\u0131 olarak bu ayn\u0131 zamanda sizin g&ouml;reviniz  de. Zira biliyorsunuz EXPO 2015&rsquo;in ana temas\u0131 k\u0131saca SA\u011eLIK uzun yaz\u0131l\u0131\u015f\u0131 ile  &ldquo;daha sa\u011fl\u0131kl\u0131 bir d&uuml;nya i&ccedil;in yeni yollar ve herkes i&ccedil;in sa\u011fl\u0131k&rdquo;. Bence ana tema  se&ccedil;imi m&uuml;kemmel. \u0130zmir&rsquo;e yer se&ccedil;iminde b&uuml;y&uuml;k avantaj sa\u011flayaca\u011f\u0131ndan eminim.  Zira bu topraklar antik &ccedil;a\u011flardan bu yana <span class=\"SpellE\">insanli\u011fa<\/span>  sa\u011fl\u0131k sunmu\u015f. Ve hala sunuyor.<\/span><\/font><\/p>\n<p> <font face=\"Times New Roman\" size=\"2\"><span style=\"font-size: 11pt\"><span>&nbsp;&nbsp;&nbsp;&nbsp;  <\/span>\u0130zmir Homeros&rsquo;un \u015fehri oldu\u011fu kadar <span class=\"SpellE\">Bergama&rsquo;l\u0131<\/span>  <span class=\"SpellE\">Claudius<\/span> <span class=\"SpellE\">Galenos&rsquo;un<\/span> da  (M.S.131) \u015fehri<span class=\"GramE\">..<\/span> Antik &ccedil;a\u011fda sa\u011fl\u0131k sunan kutsal  alanlar anlam\u0131na gelen <span class=\"SpellE\">asklepion&rsquo;lar\u0131n<\/span> en &ouml;nemli 3  tanesinden birinde, Bergama <span class=\"SpellE\">asklepion<\/span> &lsquo;un da ilac\u0131n,  eczac\u0131l\u0131\u011f\u0131n babas\u0131 <span class=\"SpellE\">Galenos<\/span> \u015fifa da\u011f\u0131t\u0131yordu. Di\u011fer iki  &ouml;nemli <span class=\"SpellE\">asklepion<\/span>&rsquo; dan <span class=\"SpellE\">\u0130stank&ouml;y<\/span> adas\u0131ndakinde hekimli\u011fin babas\u0131 Hipokrat vard\u0131.  &Uuml;&ccedil;&uuml;nc&uuml; <span class=\"SpellE\">asklepion<\/span> ise antik Yunan&rsquo;\u0131n <span class=\"SpellE\">Korinth<\/span> \u015fehrinde <span class=\"SpellE\">Epidauros<\/span>&rsquo; tayd\u0131.  <span class=\"SpellE\">\u0130zmir&rsquo;li<\/span> Homeros, uzun <span class=\"SpellE\">uzun<\/span>  sa\u011fl\u0131k veren <span class=\"SpellE\">Agamemnon<\/span> (Bal&ccedil;ova) kapl\u0131calar\u0131ndan  bahsederken, <span class=\"SpellE\">Allianoi&rsquo;de<\/span> su perisi hastalara \u015fifa  sunuyordu. Ege <span class=\"SpellE\">medeneniyetinde<\/span> t\u0131p, Mezopotamya ve  M\u0131s\u0131r medeniyetinin etkisiyle daha &ccedil;ok geli\u015fmi\u015f olup, Hipokrat&rsquo;\u0131n eserlerinde bu  <span class=\"SpellE\">a&ccedil;\u0131kca<\/span> <span class=\"GramE\">bellidir.T\u0131p<\/span>, Hipokrat  ile dini ve sihri etkilerden kurtulup ilmi yola  y&ouml;nelmi\u015ftir.<\/span><\/font> <\/p>\n<p style=\"text-align: justify\" class=\"MsoNormal\"><font face=\"Times New Roman\" size=\"2\"><span style=\"font-size: 11pt\"><span>&nbsp;&nbsp;&nbsp;&nbsp;  <\/span>\u0130\u015fte <span class=\"SpellE\">\u0130zmiri<\/span> marka yapacak, Milano&rsquo;ya kar\u015f\u0131  \u015fans\u0131n\u0131 ola\u011fan&uuml;st&uuml; artt\u0131racak sadece bir ka&ccedil; ancak &ouml;nemli olgu. Ayn\u0131 <span class=\"SpellE\">Agamemnon<\/span> kapl\u0131calar\u0131 bug&uuml;nde ba\u015fta \u0130skandinav &uuml;lkeleri  olmak &uuml;zere t&uuml;m d&uuml;nya&rsquo;ya sa\u011fl\u0131k sunuyor.<\/span><\/font><\/p>\n<p style=\"text-align: justify\" class=\"MsoNormal\"><font face=\"Times New Roman\" size=\"2\"><span style=\"font-size: 11pt\"><span>&nbsp;&nbsp;&nbsp;&nbsp;  <\/span>Neredeyse t&uuml;m Avrupa&rsquo;n\u0131n di\u015f <span class=\"GramE\">protezleri<\/span>, cerrahi  <span class=\"SpellE\">implant<\/span> ve protezleri bu g&uuml;n hala Hipokrat&rsquo;\u0131n  &ouml;\u011frencilerinden bu yana gelen <span class=\"SpellE\">\u0130zmir&rsquo;li<\/span> <span class=\"SpellE\">hem\u015fehrileri<\/span> taraf\u0131ndan yap\u0131l\u0131yor. <span class=\"GramE\">Organ  ba\u011f\u0131\u015f\u0131 ve naklinde halen T&uuml;rkiye birincisi.<\/span><\/span><\/font><\/p>\n<p style=\"text-align: justify\" class=\"MsoNormal\"><font face=\"Times New Roman\" size=\"2\"><span style=\"font-size: 11pt\"><span>&nbsp;&nbsp;&nbsp;&nbsp;  <\/span>Uzun ya\u015fam\u0131n s\u0131rr\u0131 sa\u011fl\u0131kl\u0131 beslenmede&hellip; Bu co\u011frafya, Akdeniz, Ege  mutfa\u011f\u0131n\u0131, &ccedil;e\u015fitli ot ve k&ouml;klerle yarat\u0131lan, zeytinya\u011f\u0131 ile lezzetlendirilen,  d&uuml;nyan\u0131n en sa\u011fl\u0131kl\u0131 yiyeceklerini yaratm\u0131\u015f. Sa\u011fl\u0131kl\u0131 beslenme konusunda d&uuml;nyaya  s&ouml;yleyecek &ccedil;ok \u015feyi, g&ouml;sterecek nice do\u011fan\u0131n sundu\u011fu b&ouml;lgenin s\u0131rlar\u0131 var&hellip;  <\/span><\/font><\/p>\n<p style=\"text-align: justify\" class=\"MsoNormal\"><font face=\"Times New Roman\" size=\"2\"><span style=\"font-size: 11pt\"><span>&nbsp;&nbsp;&nbsp;&nbsp;  <\/span>\u015eifal\u0131 otlar ile haz\u0131rlanan g&uuml;zellik kremleri de b&ouml;lgemizden d&uuml;nyaya  yay\u0131lm\u0131\u015f. Bunun en g&uuml;zel &ouml;rne\u011fi ilk defa Burhaniye &Ouml;ren de haz\u0131rlanan  zeytinya\u011fl\u0131 g&uuml;zellik kremidir. Benzer krem <span class=\"SpellE\">Galenos<\/span>  taraf\u0131ndan <span class=\"GramE\">zeytin ya\u011f\u0131<\/span>, g&uuml;l ya\u011f\u0131, beyaz balmumu ile  Bergama&rsquo;da yap\u0131lm\u0131\u015ft\u0131r. Bu form&uuml;l bu g&uuml;n bile bir&ccedil;ok kozmetik merheminin esas\u0131  olan &ldquo;Sera&rdquo; ismi ile an\u0131l\u0131p, kullan\u0131lmaktad\u0131r. <span class=\"SpellE\">Tari\u015f<\/span>  Zeytinya\u011f\u0131 Birli\u011finin tekrar bu antik g&uuml;zellik kremini EXPO 2015 i&ccedil;in haz\u0131rlay\u0131p  d&uuml;nyaya sunmas\u0131 ne kadar ho\u015f olur, de\u011fil mi<span class=\"GramE\">?.<\/span><\/span><\/font><\/p>\n<p style=\"text-align: justify\" class=\"MsoNormal\"><font face=\"Times New Roman\" size=\"2\"><span style=\"font-size: 11pt\"><span>&nbsp;&nbsp;&nbsp;&nbsp;  <\/span>\u0130stanbul ve Ankara&rsquo;n\u0131n sahip oldu\u011fu, \u0130zmir&rsquo;imizde ise &ouml;n &ccedil;al\u0131\u015fmalar\u0131  yap\u0131lan bir <span class=\"GramE\">eczac\u0131l\u0131k<span>&nbsp;  <\/span>m&uuml;zesi&rsquo;nin<\/span> EXPO 2015 etkinli\u011fi &ccedil;er&ccedil;evesinde kurulmas\u0131 da EXPO  2015&rsquo;in kentimize arma\u011fan\u0131 alacakt\u0131r.<\/span><\/font><\/p>\n<p class=\"MsoNormal\"><font face=\"Times New Roman\" size=\"3\"><span style=\"font-size: 12pt\"><span>&nbsp;&nbsp;&nbsp;&nbsp; <\/span>Bu arada t&uuml;m  T&uuml;rkiye eczac\u0131lar\u0131na ve T&uuml;rk Sa\u011fl\u0131k Meslek Odalar\u0131na b&uuml;y&uuml;k g&ouml;rev d&uuml;\u015f&uuml;yor. EXPO  2015&rsquo;in ana temas\u0131 SA\u011eLIK konusunda y&ouml;remizin zenginliklerini bulup &ccedil;\u0131karmal\u0131,  t&uuml;m d&uuml;nyaya sa\u011fl\u0131kl\u0131 ya\u015fam <span class=\"SpellE\">san&rsquo;at\u0131n\u0131<\/span> yepyeni <span class=\"SpellE\">asklepion&rsquo;lardan<\/span> sunma ba\u015far\u0131s\u0131n\u0131 g&ouml;stermelidirler.  Deste\u011finizi bekliyoruz.<\/span><\/font><\/p>\n","protected":false},"excerpt":{"rendered":"<p>T&Uuml;M T&Uuml;RK\u0130YE ECZACILARINA&nbsp; &nbsp;&nbsp;&nbsp;&nbsp; Sevgili meslekta\u015flar\u0131m, \u0130zmir&rsquo;li bir eczac\u0131 olarak deste\u011finize, yard\u0131mlar\u0131n\u0131za ihtiyac\u0131m\u0131z var. Biliyorsunuz EXPO2015&rsquo;in yer se&ccedil;imi i&ccedil;in Milano&#46;&#46;&#46;<\/p>\n","protected":false},"author":10,"featured_media":0,"comment_status":"closed","ping_status":"closed","sticky":false,"template":"","format":"standard","meta":{"_jetpack_memberships_contains_paid_content":false,"footnotes":""},"categories":[47],"tags":[],"class_list":["post-2828","post","type-post","status-publish","format-standard","hentry","category-ecz-enver-olgunsoy"],"aioseo_notices":[],"jetpack_featured_media_url":"","jetpack_sharing_enabled":true,"jetpack-related-posts":[],"_links":{"self":[{"href":"http:\/\/www.ced.org.tr\/index.php?rest_route=\/wp\/v2\/posts\/2828","targetHints":{"allow":["GET"]}}],"collection":[{"href":"http:\/\/www.ced.org.tr\/index.php?rest_route=\/wp\/v2\/posts"}],"about":[{"href":"http:\/\/www.ced.org.tr\/index.php?rest_route=\/wp\/v2\/types\/post"}],"author":[{"embeddable":true,"href":"http:\/\/www.ced.org.tr\/index.php?rest_route=\/wp\/v2\/users\/10"}],"replies":[{"embeddable":true,"href":"http:\/\/www.ced.org.tr\/index.php?rest_route=%2Fwp%2Fv2%2Fcomments&post=2828"}],"version-history":[{"count":1,"href":"http:\/\/www.ced.org.tr\/index.php?rest_route=\/wp\/v2\/posts\/2828\/revisions"}],"predecessor-version":[{"id":4020,"href":"http:\/\/www.ced.org.tr\/index.php?rest_route=\/wp\/v2\/posts\/2828\/revisions\/4020"}],"wp:attachment":[{"href":"http:\/\/www.ced.org.tr\/index.php?rest_route=%2Fwp%2Fv2%2Fmedia&parent=2828"}],"wp:term":[{"taxonomy":"category","embeddable":true,"href":"http:\/\/www.ced.org.tr\/index.php?rest_route=%2Fwp%2Fv2%2Fcategories&post=2828"},{"taxonomy":"post_tag","embeddable":true,"href":"http:\/\/www.ced.org.tr\/index.php?rest_route=%2Fwp%2Fv2%2Ftags&post=2828"}],"curies":[{"name":"wp","href":"https:\/\/api.w.org\/{rel}","templated":true}]}}