{"id":2829,"date":"2007-08-15T16:56:16","date_gmt":"2007-08-15T13:56:16","guid":{"rendered":"http:\/\/www.ced.org.tr\/?p=2829"},"modified":"2014-05-21T01:30:26","modified_gmt":"2014-05-20T22:30:26","slug":"turanj-devrim-3","status":"publish","type":"post","link":"http:\/\/www.ced.org.tr\/?p=2829","title":{"rendered":"TURANJ DEVR\u0130M"},"content":{"rendered":"<p class=\"MsoNormal\"><font face=\"Times New Roman\" size=\"3\"><span style=\"font-size: 12pt\">&nbsp;&nbsp;&nbsp;&nbsp;&nbsp;&nbsp;&nbsp;&nbsp;&nbsp;&nbsp;&nbsp;&nbsp;M&uuml;jde T&uuml;rkiye&rsquo;nin de bir turuncu devrimi oldu. <span class=\"GramE\">Herkesin turuncusu farkl\u0131. <\/span>Ukrayna turuncusu var. G&uuml;rcistan turuncusu var. T&uuml;rkiye&rsquo;ninkine biraz da ye\u015fil kar\u0131\u015ft\u0131\u011f\u0131 varsay\u0131l\u0131rsa hani &uuml;nl&uuml; komedyen <span class=\"SpellE\">M.Ali<\/span> <span class=\"SpellE\">Erbil&rsquo;in<\/span> dedi\u011fi gibi bizimki &ldquo;<span class=\"SpellE\">turanj<\/span>&rdquo; devrim olabilir. Herkesin turuncusu farkl\u0131 planlan\u0131yor. Kimisinde parlamento &ouml;n&uuml;ne &ccedil;ad\u0131rlar kuruluyor, parlamenterler i&ccedil;eri sokulmuyor, kiminin parlamentosu <span class=\"GramE\">bas\u0131l\u0131yor,kimisine<\/span> de d&uuml;\u015f&uuml;nemez insanc\u0131klar<span>&nbsp; <\/span>-yoksa &ccedil;ok iyi d&uuml;\u015f&uuml;nen, ama sadece kendi &ccedil;\u0131kar\u0131n\u0131 &ccedil;ok iyi d&uuml;\u015f&uuml;nen mi demeliydim-<span>&nbsp; <\/span>arac\u0131l\u0131\u011f\u0131 ile demokrasi ad\u0131na yapt\u0131r\u0131l\u0131yor. Yaln\u0131z hepsi geri tepiyor, zira emperyalizmin azg\u0131n i\u015ftah\u0131 insanlar\u0131 soluksuz b\u0131rak\u0131yor, hemen uyan\u0131yorlar ama i\u015f i\u015ften ge&ccedil;mi\u015f oluyor. Psikolojide bu y&ouml;nteme s\u0131nama yan\u0131lma y&ouml;ntemi ile &ouml;\u011frenme deniyor. Yap\u0131lan toplum m&uuml;hendisli\u011fi sonucu gen&ccedil;ler ezberci y&ouml;ntemlere bo\u011fulup, kutu <span class=\"SpellE\">kutu<\/span> bilmece gibi test &ccedil;&ouml;zme ile analitik d&uuml;\u015f&uuml;nme yetenekleri yok edilerek, yar\u0131n\u0131n d&uuml;\u015f&uuml;nemez insanc\u0131klar\u0131 haline getiriliyor. Medya arac\u0131l\u0131\u011f\u0131 ile d&uuml;\u015f&uuml;nemez beyinler, konular\u0131 hemen <span class=\"SpellE\">hemen<\/span> birbirinin ayn\u0131 diziler ile besleniyor, dedikodu programlar\u0131 ile vakitleri &ouml;ld&uuml;r&uuml;l&uuml;yor ki geri getirilemeyecek tek \u015feyin &ldquo; zaman&rdquo; oldu\u011fu fark edilmesin isteniyor. &Uuml;lkemizde bu tam 27 y\u0131ldan bu yana ya\u015fan\u0131yor. D&uuml;\u015f&uuml;nemez insanc\u0131klar ancak s\u0131nama yan\u0131lma y&ouml;ntemi ile &ouml;\u011frenebiliyorlar. B&ouml;ylece hal\u0131, &uuml;lkenin insanlar\u0131n\u0131n alt\u0131ndan &ccedil;ekiliyor, ancak oturacak yerinizin &uuml;st&uuml;ne <span class=\"GramE\">d&uuml;\u015f&uuml;nce<span>&nbsp; <\/span>ay\u0131yorsunuz<\/span>, ama ge&ccedil;mi\u015f ola, at\u0131 alan &Uuml;sk&uuml;dar&rsquo;\u0131 ge&ccedil;mi\u015f oluyor, siz <span class=\"SpellE\">biryerlerden<\/span> d&uuml;\u015fm&uuml;\u015f karpuz misali da\u011f\u0131l\u0131yorsunuz. \u015eimdi s\u0131ra <span class=\"SpellE\">Saros&rsquo;un<\/span> &ccedil;ocuklar\u0131n\u0131n de\u011fer yarg\u0131lar\u0131n\u0131 &ouml;\u011frenme, onlar\u0131n lisan\u0131 , beden dili, ile ileti\u015fim kurma zaman\u0131 oluyor<span class=\"GramE\">..<\/span><font face=\"Times New Roman\" size=\"3\"><span style=\"font-size: 12pt\">\u0130leti\u015fim kurup, onlara g&ouml;re davran\u0131\u015f geli\u015ftireceksiniz ki, yanl\u0131\u015f yapt\u0131klar\u0131n\u0131, k\u0131sa erimli, ki\u015fisel &ccedil;\u0131karlar\u0131 i&ccedil;in &uuml;lkeyi tehlikeye att\u0131klar\u0131n\u0131 anlatabilesiniz. Yoksa &ldquo;acaba bizler mi yanl\u0131\u015f d&uuml;\u015f&uuml;n&uuml;yoruz&rdquo; gibi &ccedil;ok tehlikeli bir s&uuml;rece girersiniz ki ondan kurtulu\u015f ta yoktur.<\/span><\/font><\/span><\/font><\/p>\n<p class=\"MsoNormal\"><font face=\"Times New Roman\" size=\"3\"><span style=\"font-size: 12pt\"><span>&nbsp;&nbsp;&nbsp;&nbsp;&nbsp;&nbsp;&nbsp;&nbsp;&nbsp;&nbsp;&nbsp; <\/span>12 Eyl&uuml;l Evren anayasas\u0131-ki hala o anayasan\u0131n s\u0131k\u0131nt\u0131lar\u0131n\u0131 &ccedil;ekiyoruz-oylamas\u0131 akl\u0131ma geliyor, bilmeyenler i&ccedil;in sonucunun %92 ile &ldquo;evet&rdquo; oldu\u011funu an\u0131msatmak <span class=\"GramE\">isterim.Referandum<\/span> sonras\u0131 82 anayasas\u0131na evet dedi\u011fini itiraf eden hi&ccedil; kimse ile kar\u015f\u0131la\u015fmad\u0131\u011f\u0131m\u0131 hat\u0131rl\u0131yorum. Kime sorsam ben hay\u0131r oyu verdim diyordu, da \u015fu %92 evet diyenlerden hi&ccedil; kimseye rastlayamam\u0131\u015ft\u0131m. Bu 92&rsquo; <span class=\"SpellE\"><span class=\"GramE\">likler<\/span><\/span><span class=\"GramE\"><span>&nbsp; <\/span>su&ccedil;luluk<\/span> duygusunun mahcubiyeti i&ccedil;inde hi&ccedil;bir zaman ortaya &ccedil;\u0131kmad\u0131lar. 22 Temmuz se&ccedil;imlerin sonras\u0131nda da ayn\u0131 hava var. Se&ccedil;imden bu yana herkese soruyorum, telefonla konu\u015ftu\u011fumda \u0130zmir d\u0131\u015f\u0131ndaki ki\u015filere soruyorum daha \u015fimdiye dek oyumu AKP&rsquo;ye verdim diyene rastlamad\u0131m. Ancak bak\u0131yorsunuz &uuml;lkedeki iki ki\u015fiden birinin oyunu AKP&rsquo;ye verdi\u011fi ger&ccedil;e\u011fi mi ger&ccedil;ek, &ldquo;vermedim&rdquo; diyenlere mi inanacaks\u0131n\u0131z, \u015fa\u015ft\u0131m kald\u0131m. Herhalde &uuml;lkemizde bu \u015fa\u015fk\u0131nl\u0131\u011f\u0131 ya\u015fayan sadece ben de\u011filim.<\/span><\/font><\/p>\n<p class=\"MsoNormal\"><font face=\"Times New Roman\" size=\"3\"><span style=\"font-size: 12pt\"><span>&nbsp;&nbsp;&nbsp;&nbsp;&nbsp;&nbsp;&nbsp;&nbsp;&nbsp;&nbsp;&nbsp; <\/span>Bu mahcubiyet, ileriye d&ouml;n&uuml;k olumsuzluklara, her ihtimale kar\u015f\u0131 al\u0131nm\u0131\u015f bir vaziyet gibi g&ouml;r&uuml;n&uuml;yor. S\u0131nama yan\u0131lma ile de &ouml;\u011frenilirse de <span>&nbsp;<\/span>vaziyetin vahameti ile ba\u015f ba\u015fa kal\u0131n\u0131nca, kendi vicdan\u0131n\u0131 rahatlatacak bir pozisyon alma gibi bir \u015fey<span class=\"GramE\">..<\/span><\/span><\/font><\/p>\n<p class=\"MsoNormal\"><font face=\"Times New Roman\" size=\"3\"><span style=\"font-size: 12pt\"><span>&nbsp;&nbsp;&nbsp;&nbsp;&nbsp;&nbsp;&nbsp;&nbsp;&nbsp;&nbsp;&nbsp; <\/span>22 <span class=\"GramE\">temmuz<\/span> se&ccedil;imlerinin bir &ldquo;de\u011fi\u015fim&rdquo; sonucu oldu\u011fu hele <span class=\"SpellE\">hele<\/span> &ldquo;ilerici bir de\u011fi\u015fim&rdquo; oldu\u011funu savunmak, amiyane tabiri ile &ldquo;akl\u0131n\u0131 peynir ekmekle yemek&rdquo; <span class=\"SpellE\">le<\/span> e\u015f anlaml\u0131d\u0131r. Halk dalkavuklu\u011fu yapmak &ldquo;gizli ajandan\u0131z&rdquo; yoksa <span>&nbsp;<\/span>abeste i\u015ftigal&rsquo;den ba\u015fka bir \u015fey <span>&nbsp;&nbsp;&nbsp;<\/span><span class=\"GramE\">de\u011fildir.R&uuml;zgar\u0131n<\/span> y&ouml;n&uuml;ne g&ouml;re pozisyon almak, ilkesizlerin <span>&nbsp;<\/span>turnusol ka\u011f\u0131d\u0131d\u0131r. Yel de\u011firmenli\u011fine soyunman\u0131z bile d&ouml;ne <span class=\"SpellE\">d&ouml;ne<\/span> <span class=\"GramE\">r&uuml;zgar<\/span> g&uuml;l&uuml; olman\u0131zdan ba\u015fka sonu&ccedil; getirmez.<\/span><\/font><\/p>\n<p class=\"MsoNormal\"><font face=\"Times New Roman\" size=\"3\"><span style=\"font-size: 12pt\"><span>&nbsp;&nbsp;&nbsp;&nbsp;&nbsp;&nbsp;&nbsp;&nbsp;&nbsp;&nbsp;&nbsp; <\/span>Her \u015feyin ilac\u0131 olan zaman\u0131n, g&uuml;ne\u015fin bal&ccedil;\u0131kla s\u0131vanamayaca\u011f\u0131 ger&ccedil;e\u011fini, hi&ccedil; \u015fa\u015f\u0131rmadan, her zaman ve mutlaka g&ouml;sterdi\u011fi insanl\u0131\u011f\u0131n ya\u015f\u0131 kadar eskidir.<\/span><\/font><\/p>\n<p class=\"MsoNormal\"><font face=\"Times New Roman\" size=\"3\"><span style=\"font-size: 12pt\"><span>&nbsp;&nbsp;&nbsp;&nbsp;&nbsp;&nbsp;&nbsp;&nbsp;&nbsp;&nbsp;&nbsp; <\/span>22 <span class=\"GramE\">temmuz<\/span> se&ccedil;imlerinde turuncu rengi hangi parti kulland\u0131 dersiniz?<\/span><\/font><\/p>\n","protected":false},"excerpt":{"rendered":"<p>&nbsp;&nbsp;&nbsp;&nbsp;&nbsp;&nbsp;&nbsp;&nbsp;&nbsp;&nbsp;&nbsp;&nbsp;M&uuml;jde T&uuml;rkiye&rsquo;nin de bir turuncu devrimi oldu. Herkesin turuncusu farkl\u0131. Ukrayna turuncusu var. G&uuml;rcistan turuncusu var. T&uuml;rkiye&rsquo;ninkine biraz da ye\u015fil&#46;&#46;&#46;<\/p>\n","protected":false},"author":10,"featured_media":0,"comment_status":"closed","ping_status":"closed","sticky":false,"template":"","format":"standard","meta":{"_jetpack_memberships_contains_paid_content":false,"footnotes":""},"categories":[47],"tags":[],"class_list":["post-2829","post","type-post","status-publish","format-standard","hentry","category-ecz-enver-olgunsoy"],"aioseo_notices":[],"jetpack_featured_media_url":"","jetpack_sharing_enabled":true,"jetpack-related-posts":[],"_links":{"self":[{"href":"http:\/\/www.ced.org.tr\/index.php?rest_route=\/wp\/v2\/posts\/2829","targetHints":{"allow":["GET"]}}],"collection":[{"href":"http:\/\/www.ced.org.tr\/index.php?rest_route=\/wp\/v2\/posts"}],"about":[{"href":"http:\/\/www.ced.org.tr\/index.php?rest_route=\/wp\/v2\/types\/post"}],"author":[{"embeddable":true,"href":"http:\/\/www.ced.org.tr\/index.php?rest_route=\/wp\/v2\/users\/10"}],"replies":[{"embeddable":true,"href":"http:\/\/www.ced.org.tr\/index.php?rest_route=%2Fwp%2Fv2%2Fcomments&post=2829"}],"version-history":[{"count":1,"href":"http:\/\/www.ced.org.tr\/index.php?rest_route=\/wp\/v2\/posts\/2829\/revisions"}],"predecessor-version":[{"id":4011,"href":"http:\/\/www.ced.org.tr\/index.php?rest_route=\/wp\/v2\/posts\/2829\/revisions\/4011"}],"wp:attachment":[{"href":"http:\/\/www.ced.org.tr\/index.php?rest_route=%2Fwp%2Fv2%2Fmedia&parent=2829"}],"wp:term":[{"taxonomy":"category","embeddable":true,"href":"http:\/\/www.ced.org.tr\/index.php?rest_route=%2Fwp%2Fv2%2Fcategories&post=2829"},{"taxonomy":"post_tag","embeddable":true,"href":"http:\/\/www.ced.org.tr\/index.php?rest_route=%2Fwp%2Fv2%2Ftags&post=2829"}],"curies":[{"name":"wp","href":"https:\/\/api.w.org\/{rel}","templated":true}]}}