{"id":2851,"date":"2007-01-26T13:52:07","date_gmt":"2007-01-26T11:52:07","guid":{"rendered":"http:\/\/www.ced.org.tr\/?p=2851"},"modified":"2014-05-21T01:41:27","modified_gmt":"2014-05-20T22:41:27","slug":"okumayanlar-okusun-4","status":"publish","type":"post","link":"http:\/\/www.ced.org.tr\/?p=2851","title":{"rendered":"OKUMAYANLAR OKUSUN!"},"content":{"rendered":"<p class=\"MsoNormal\" align=\"center\"><strong>OKUMAYANLAR OKUSUN! (*)<\/strong><\/p>\n<p class=\"MsoNormal\"><span>&nbsp;&nbsp;&nbsp;&nbsp;&nbsp;&nbsp;&nbsp;&nbsp;&nbsp;&nbsp;&nbsp; <\/span>Say\u0131n Prof. Dr. Suat &Ccedil;A\u011eLAYAN? \u0131n<span>&nbsp; <\/span>17 Ocak 2007 tarihinde Yeni As\u0131r gazetesinde &ccedil;\u0131kan makalesini siz de\u011ferli meslekta\u015flar\u0131ma a\u015fa\u011f\u0131da aynen sunuyorum.  <\/p>\n<p class=\"MsoNormal\">Eczac\u0131 olmayan bir ki\u015finin, eczac\u0131l\u0131k mesle\u011fi ad\u0131na g&ouml;stermi\u015f oldu\u011fu ilgi ve hassasiyetin, isterdik ki meslek &ouml;rg&uuml;t&uuml;m&uuml;z&uuml;n ba\u015fkan\u0131 ve y&ouml;netim kurulu &uuml;yelerinin en az say\u0131n &Ccedil;A\u011eLAYAN? \u0131n g&ouml;stermi\u015f oldu\u011fu hassasiyet ve ilgiyi g&ouml;stermesi ve g&uuml;ndeme getirmesi idi. Ama nerede? <\/p>\n<p class=\"MsoNormal\"><span>&nbsp;&nbsp;&nbsp;&nbsp;&nbsp;&nbsp;&nbsp;&nbsp;&nbsp;&nbsp;&nbsp; <\/span>\u0130\u015fte bu nedenle Say\u0131n &Ccedil;a\u011flayan?\u0131n yaz\u0131s\u0131n\u0131 aynen ( Yeni As\u0131r gazetesini okuyamayan ) siz de\u011ferli meslekta\u015flar\u0131m da okumas\u0131 dile\u011fiyle, g&ouml;r&uuml;\u015f ve de\u011ferlendirmelerinize sunuyorum.  <\/p>\n<p class=\"MsoNormal\"><span>&nbsp;&nbsp;&nbsp;&nbsp;&nbsp;&nbsp;&nbsp;&nbsp;&nbsp;&nbsp;&nbsp; <\/span>TEB ba\u015fkan ve y&ouml;netim kurulu &uuml;yelerinin de de\u011ferlendireceklerini umar\u0131m.<\/p>\n<p class=\"MsoNormal\">&nbsp;<\/p>\n<p class=\"MsoNormal\">(*) \u0130zmir &Ccedil;a\u011fda\u015f Eczac\u0131lar Derne\u011fi Genel Sekreteri<\/p>\n<h4><span style=\"font-family: Arial\">Eczaneler can &ccedil;eki\u015fiyor, TEB duyars\u0131z?<\/span><\/h4>\n<h4><span style=\"font-family: Arial\">Bir b&uuml;y&uuml;k meslek birli\u011fi, mesle\u011finin ve meslekta\u015flar\u0131n\u0131n sorunlar\u0131na duyars\u0131z kalabilir mi?<\/span><\/h4>\n<h4><span style=\"font-family: Arial\">T&uuml;rk Eczac\u0131lar Birli\u011fi&#39;nin (TEB) y&ouml;netiminden bahsediyorum. Hani, Say\u0131n Mehmet Doma&ccedil;&#39;\u0131n Ba\u015fkan oldu\u011fu meslek kurulu\u015fundan&#8230;<\/span><\/h4>\n<h4><span style=\"font-family: Arial\">Eczac\u0131lar &quot;B\u0131&ccedil;ak kemi\u011fe dayand\u0131. \u0130flas\u0131n e\u015fi\u011findeyiz&quot; diye soka\u011fa d&ouml;k&uuml;l&uuml;yor.<\/span><\/h4>\n<h4><span style=\"font-family: Arial\">T\u0131p Kurumu Genel Sekreteri Ali R\u0131za &Uuml;&ccedil;er 2 y\u0131ld\u0131r ba\u011f\u0131r\u0131yor ve &quot;Sa\u011fl\u0131kta D&ouml;n&uuml;\u015f&uuml;m Projesi&#39;nin amac\u0131, eczac\u0131lar\u0131 ve eczac\u0131l\u0131\u011f\u0131 &ccedil;&ouml;kertmektir&#8230; Bat\u0131 t&uuml;r&uuml; yap\u0131lanma ile ila&ccedil;lar eczanelerde de\u011fil zincir marketlerde sat\u0131lmaya ba\u015flanacak. \u0130la&ccedil; harcamalar\u0131 katlanacak. &Ccedil;okuluslu ila&ccedil; firmalar\u0131 karlar\u0131na kar katacak&quot; diyor.<\/span><\/h4>\n<h4><span style=\"font-family: Arial\">SESLER\u0130 &Ccedil;IKMIYOR<\/span><\/h4>\n<h4><span style=\"font-family: Arial\">CHP Denizli Milletvekili Prof. Dr. Mehmet Ne\u015f\u015far, &quot;Bu h&uuml;k&uuml;met, Sa\u011fl\u0131kta D&ouml;n&uuml;\u015f&uuml;m Program\u0131 ile eczac\u0131lar\u0131 cezaland\u0131r\u0131yor ve &ccedil;&ouml;k&uuml;\u015fe s&uuml;r&uuml;kl&uuml;yor. Bu proje ile T&uuml;rkiye&#39;nin ila&ccedil; sekt&ouml;r&uuml;, &#39;Drugstore Market&#39;ler zincirine pe\u015fke\u015f &ccedil;ekiliyor. Drugstore Market&#39;lerin T&uuml;rkiye temsilcili\u011fi ise &ccedil;oktan, Ba\u015fbakan&#39;\u0131n Dan\u0131\u015fman\u0131 C&uuml;neyt Zapsu taraf\u0131ndan kapat\u0131lm\u0131\u015ft\u0131r&quot; diye kamuoyunu ayd\u0131nlatmaya &ccedil;al\u0131\u015f\u0131yor.<\/span><\/h4>\n<h4><span style=\"font-family: Arial\">T&uuml;rkiye&#39;de, neredeyse t&uuml;m eczac\u0131 odalar\u0131 &quot;yand\u0131k&quot; diye &ccedil;\u0131\u011fl\u0131k at\u0131yor.<\/span><\/h4>\n<h4><span style=\"font-family: Arial\">Ama, TEB&#39;den &ccedil;\u0131t &ccedil;\u0131km\u0131yor.<\/span><\/h4>\n<h4><span style=\"font-family: Arial\">Eczac\u0131lar, kamu alacaklar\u0131 olan yakla\u015f\u0131k 300 milyon YTL&#39;yi bu h&uuml;k&uuml;metten alamazken (ya da 7-8 ay gecikmeli alabilirken) TEB&#39;den ses &ccedil;\u0131kmamas\u0131 eczac\u0131 odalar\u0131n\u0131 &ccedil;\u0131lg\u0131na &ccedil;eviriyor.<\/span><\/h4>\n<h4><span style=\"font-family: Arial\">Say\u0131n Doma&ccedil;, Say\u0131n Sa\u011fl\u0131k Bakan\u0131 ile &quot;&ccedil;ok uyumlu &ccedil;al\u0131\u015fmalar!&quot; yap\u0131yor olabilir. Ama bu, ara s\u0131ra da olsa &quot;Bakan\u0131&#39;n\u0131 &uuml;zmeden&quot; baz\u0131 uyar\u0131lar yapmas\u0131na engel de\u011fil. S\u0131k s\u0131k yapt\u0131\u011f\u0131n\u0131 bildi\u011fimiz g&ouml;r&uuml;\u015fmeleri s\u0131ras\u0131nda, ne bileyim, belki Sa\u011fl\u0131k Bakan\u0131&#39;na d&ouml;n&uuml;p, &quot;Say\u0131n Bakan\u0131m, \u015fu bizim eczac\u0131lar paralar\u0131n\u0131 alamad\u0131klar\u0131 i&ccedil;in durmadan s&ouml;ylenir oldular. Size kar\u015f\u0131 &ccedil;\u0131kmad\u0131\u011f\u0131m i&ccedil;in beni de su&ccedil;luyorlar. Onlar\u0131n gaz\u0131n\u0131 al\u0131rsam hem benim ve hem de sizin i&ccedil;in iyi olur&quot; diyerek, bir \u015feyler s&ouml;yleyebilir.<\/span><\/h4>\n<h4><span style=\"font-family: Arial\">HER SE&Ccedil;\u0130M\u0130 KAZANIR<\/span><\/h4>\n<h4><span style=\"font-family: Arial\">Say\u0131n Doma&ccedil; TEB Ba\u015fkanl\u0131\u011f\u0131n\u0131 y\u0131llard\u0131r y&uuml;r&uuml;tmektedir. Her se&ccedil;imi kazan\u0131r. Bunda etkili olan bir fakt&ouml;r de sesinin &ccedil;ok g&uuml;r olmas\u0131d\u0131r!. Se&ccedil;imlerde sonuna kadar kullanmakta oldu\u011fu bu sesi &#8211; hi&ccedil; olmazsa k&uuml;&ccedil;&uuml;k bir b&ouml;l&uuml;m&uuml;yle &#8211; meslekta\u015flar\u0131n\u0131n sorunlar\u0131 i&ccedil;in de kullanabilse&#8230; <br \/><\/span><\/h4>\n<h4><span style=\"font-family: Arial\">Bir f\u0131kra: Kad\u0131n hamamda y\u0131kan\u0131yormu\u015f. Kocas\u0131n\u0131n da\u011fda dondu\u011funun haberini getirmi\u015fler. Verdi\u011fi yan\u0131t; &quot;Bu s\u0131cakta donan kocaya benim ihtiyac\u0131m yok&quot; olmu\u015f.<\/span> <br \/><\/h4>\n","protected":false},"excerpt":{"rendered":"<p>OKUMAYANLAR OKUSUN! (*) &nbsp;&nbsp;&nbsp;&nbsp;&nbsp;&nbsp;&nbsp;&nbsp;&nbsp;&nbsp;&nbsp; Say\u0131n Prof. Dr. Suat &Ccedil;A\u011eLAYAN? \u0131n&nbsp; 17 Ocak 2007 tarihinde Yeni As\u0131r gazetesinde &ccedil;\u0131kan makalesini siz&#46;&#46;&#46;<\/p>\n","protected":false},"author":19,"featured_media":0,"comment_status":"closed","ping_status":"closed","sticky":false,"template":"","format":"standard","meta":{"_jetpack_memberships_contains_paid_content":false,"footnotes":""},"categories":[48],"tags":[],"class_list":["post-2851","post","type-post","status-publish","format-standard","hentry","category-ecz-senol-utku"],"aioseo_notices":[],"jetpack_featured_media_url":"","jetpack_sharing_enabled":true,"jetpack-related-posts":[],"_links":{"self":[{"href":"http:\/\/www.ced.org.tr\/index.php?rest_route=\/wp\/v2\/posts\/2851","targetHints":{"allow":["GET"]}}],"collection":[{"href":"http:\/\/www.ced.org.tr\/index.php?rest_route=\/wp\/v2\/posts"}],"about":[{"href":"http:\/\/www.ced.org.tr\/index.php?rest_route=\/wp\/v2\/types\/post"}],"author":[{"embeddable":true,"href":"http:\/\/www.ced.org.tr\/index.php?rest_route=\/wp\/v2\/users\/19"}],"replies":[{"embeddable":true,"href":"http:\/\/www.ced.org.tr\/index.php?rest_route=%2Fwp%2Fv2%2Fcomments&post=2851"}],"version-history":[{"count":1,"href":"http:\/\/www.ced.org.tr\/index.php?rest_route=\/wp\/v2\/posts\/2851\/revisions"}],"predecessor-version":[{"id":4022,"href":"http:\/\/www.ced.org.tr\/index.php?rest_route=\/wp\/v2\/posts\/2851\/revisions\/4022"}],"wp:attachment":[{"href":"http:\/\/www.ced.org.tr\/index.php?rest_route=%2Fwp%2Fv2%2Fmedia&parent=2851"}],"wp:term":[{"taxonomy":"category","embeddable":true,"href":"http:\/\/www.ced.org.tr\/index.php?rest_route=%2Fwp%2Fv2%2Fcategories&post=2851"},{"taxonomy":"post_tag","embeddable":true,"href":"http:\/\/www.ced.org.tr\/index.php?rest_route=%2Fwp%2Fv2%2Ftags&post=2851"}],"curies":[{"name":"wp","href":"https:\/\/api.w.org\/{rel}","templated":true}]}}