{"id":2856,"date":"2006-10-10T16:39:14","date_gmt":"2006-10-10T13:39:14","guid":{"rendered":"http:\/\/www.ced.org.tr\/?p=2856"},"modified":"2014-05-21T01:40:51","modified_gmt":"2014-05-20T22:40:51","slug":"bulent-ecevit-topraga-veriliyor","status":"publish","type":"post","link":"http:\/\/www.ced.org.tr\/?p=2856","title":{"rendered":"B\u00dcLENT ECEV\u0130T TOPRA\u011eA VER\u0130L\u0130YOR"},"content":{"rendered":"<p>1963 y\u0131l\u0131nda \u00c7al\u0131\u015fma Bakanl\u0131\u011f\u0131 d\u00f6neminde sendikalar yasas\u0131n\u0131n ve toplu i\u015f s\u00f6zle\u015fmesi, grev ve lokavt yasas\u0131n\u0131n \u00e7\u0131kmas\u0131nda b\u00fcy\u00fck katk\u0131s\u0131 olan. 12 Mart ve 12 Eyl\u00fcl d\u00f6neminde darbelere kar\u015f\u0131 net tav\u0131r koyan demokrat insan. &#8220;Emek en y\u00fcde de\u011ferdir&#8221;, &#8220;s\u00f6m\u00fcr\u00fcye son&#8221;, &#8220;toprak i\u015fleyenin su kullanan\u0131n&#8221;, &#8220;ne ezen ne ezilen insanca hak\u00e7a bir d\u00fczen&#8221; sloganlar\u0131yla halk\u0131n g\u00f6nl\u00fcn\u00fc fetheden, T\u00fcrkiye&#8217;de sol oylar\u0131 %40 rekor seviyeye ta\u015f\u0131yan demokrat, laik, ayd\u0131n \u015fair eski ba\u015fbakanlardan B\u00fclent ECEV\u0130T&#8217;in vefat\u0131 nedeniyle ulusumuza, ailesi ve sevenlerine ba\u015fsa\u011fl\u0131\u011f\u0131 diliyoruz.<\/p>\n","protected":false},"excerpt":{"rendered":"<p>1963 y\u0131l\u0131nda \u00c7al\u0131\u015fma Bakanl\u0131\u011f\u0131 d\u00f6neminde sendikalar yasas\u0131n\u0131n ve toplu i\u015f s\u00f6zle\u015fmesi, grev ve lokavt yasas\u0131n\u0131n \u00e7\u0131kmas\u0131nda b\u00fcy\u00fck katk\u0131s\u0131 olan. 12&#46;&#46;&#46;<\/p>\n","protected":false},"author":18,"featured_media":0,"comment_status":"closed","ping_status":"closed","sticky":false,"template":"","format":"standard","meta":{"_jetpack_memberships_contains_paid_content":false,"footnotes":""},"categories":[50],"tags":[],"class_list":["post-2856","post","type-post","status-publish","format-standard","hentry","category-ecz-sedat-guclu"],"aioseo_notices":[],"jetpack_featured_media_url":"","jetpack_sharing_enabled":true,"jetpack-related-posts":[],"_links":{"self":[{"href":"http:\/\/www.ced.org.tr\/index.php?rest_route=\/wp\/v2\/posts\/2856","targetHints":{"allow":["GET"]}}],"collection":[{"href":"http:\/\/www.ced.org.tr\/index.php?rest_route=\/wp\/v2\/posts"}],"about":[{"href":"http:\/\/www.ced.org.tr\/index.php?rest_route=\/wp\/v2\/types\/post"}],"author":[{"embeddable":true,"href":"http:\/\/www.ced.org.tr\/index.php?rest_route=\/wp\/v2\/users\/18"}],"replies":[{"embeddable":true,"href":"http:\/\/www.ced.org.tr\/index.php?rest_route=%2Fwp%2Fv2%2Fcomments&post=2856"}],"version-history":[{"count":1,"href":"http:\/\/www.ced.org.tr\/index.php?rest_route=\/wp\/v2\/posts\/2856\/revisions"}],"predecessor-version":[{"id":4036,"href":"http:\/\/www.ced.org.tr\/index.php?rest_route=\/wp\/v2\/posts\/2856\/revisions\/4036"}],"wp:attachment":[{"href":"http:\/\/www.ced.org.tr\/index.php?rest_route=%2Fwp%2Fv2%2Fmedia&parent=2856"}],"wp:term":[{"taxonomy":"category","embeddable":true,"href":"http:\/\/www.ced.org.tr\/index.php?rest_route=%2Fwp%2Fv2%2Fcategories&post=2856"},{"taxonomy":"post_tag","embeddable":true,"href":"http:\/\/www.ced.org.tr\/index.php?rest_route=%2Fwp%2Fv2%2Ftags&post=2856"}],"curies":[{"name":"wp","href":"https:\/\/api.w.org\/{rel}","templated":true}]}}