{"id":2858,"date":"2007-04-10T14:59:24","date_gmt":"2007-04-10T11:59:24","guid":{"rendered":"http:\/\/www.ced.org.tr\/?p=2858"},"modified":"2014-05-21T01:40:36","modified_gmt":"2014-05-20T22:40:36","slug":"isik-boyacigiller-ve-kooperatifcilik","status":"publish","type":"post","link":"http:\/\/www.ced.org.tr\/?p=2858","title":{"rendered":"I\u015eIK BOYACIG\u0130LLER VE KOOPERAT\u0130F\u00c7\u0130L\u0130K"},"content":{"rendered":"<h3 class=\"MsoNormal\" style=\"margin: 0cm 0cm 0pt\">I\u015eIK BOYACIG\u0130LLER VE KOOPERAT\u0130F\u00c7\u0130L\u0130K<\/h3>\n<p class=\"MsoNormal\" style=\"margin: 0cm 0cm 0pt\" align=\"center\">\u00a0<\/p>\n<p class=\"MsoNormal\" style=\"margin: 0cm 0cm 0pt\"><strong><span style=\"font-size: small;\"><span style=\"color: #000000;\"><span style=\"font-family: Times New Roman;\">I\u015f\u0131k\u2019\u0131 30 Aral\u0131k 1999 y\u0131l\u0131nda kaybettik. O \u00f6mr\u00fcn\u00fc daha g\u00fczel bir d\u00fcnya, daha sa\u011fl\u0131kl\u0131 bir toplum ve demokratik, kat\u0131l\u0131mc\u0131 bir kooperatif hareketinin olu\u015fmas\u0131 i\u00e7in eczac\u0131l\u0131k mesle\u011fine adad\u0131. Onu anmak sadece mezar ziyareti ve dinleti yapmak de\u011fil, onun \u00e7al\u0131\u015fma y\u00f6ntemlerini ve \u00e7a\u011fda\u015f d\u00fc\u015f\u00fcncelerini hayata ge\u00e7irmektir.<\/span><\/span><\/span><\/strong><\/p>\n<p class=\"MsoNormal\" style=\"margin: 0cm 0cm 0pt\">\u00a0<\/p>\n<p class=\"MsoNormal\" style=\"margin: 0cm 0cm 0pt\">\u00a0<\/p>\n<div style=\"text-align: center\"><img loading=\"lazy\" decoding=\"async\" src=\"..\/images\/stories\/dernek\/isik_boyacigiller.jpg\" border=\"0\" alt=\"\u0131\u015f\u0131k boyacigiller\" title=\"\u0131\u015f\u0131k boyacigiller\" vspace=\"4\" width=\"459\" height=\"345\" \/><\/div>\n<p class=\"MsoNormal\" style=\"margin: 0cm 0cm 0pt\"><span style=\"font-family: Times New Roman; color: #000000; font-size: small;\">T\u00fcrkiye\u2019de ilk Eczac\u0131 Kooperatifi 1978 y\u0131l\u0131nda \u0130zmir \u00c7a\u011fda\u015f Eczac\u0131lar grubundan Ecz. Ne\u015fe G\u00fclersoy taraf\u0131ndan 30 eczac\u0131 arkada\u015f\u0131yla birlikte Manisa\u2019da (MEDAK) kuruldu. O tarihte Ecz. Ne\u015fe G\u00fclersoy \u0130zmir Eczac\u0131 Odas\u0131 Genel Sekreteriydi ve Ecz. I\u015f\u0131k Boyac\u0131giller de \u0130zmir Eczac\u0131 Odas\u0131 Ba\u015fkan\u0131yd\u0131. Bu proje \u0130zmir \u00e7a\u011fda\u015f eczac\u0131 kadrolar\u0131yla birlikte geli\u015ftirildi. Pilot b\u00f6lge olarak ba\u015flat\u0131lan bu kooperatif Manisa b\u00f6lgesine uzun y\u0131llar hizmet etti<\/span><\/p>\n<p><span style=\"font-family: Times New Roman; color: #000000; font-size: small;\">\u00a0<\/span><\/p>\n<p class=\"MsoNormal\" style=\"margin: 0cm 0cm 0pt\"><span style=\"font-family: Times New Roman; color: #000000; font-size: small;\">\u00c7a\u011fda\u015f, demokrat, kalbi insan sevgisi ile dolu olan Ne\u015fe G\u00fclersoy, o d\u00f6nemde bir MHP\u2019linin \u00f6ld\u00fcr\u00fclmesinden duydu\u011fu \u00fcz\u00fcnt\u00fcy\u00fc, bir yerel gazetede yay\u0131nlanmak \u00fczere kaleme al\u0131rken 1979 y\u0131l\u0131nda eczanesinde vurularak \u00f6ld\u00fcr\u00fcld\u00fc. <\/span><\/p>\n<p><span style=\"font-family: Times New Roman; color: #000000; font-size: small;\">\u00a0<\/span><\/p>\n<p class=\"MsoNormal\" style=\"margin: 0cm 0cm 0pt\"><span style=\"font-family: Times New Roman; color: #000000; font-size: small;\">1979 y\u0131l\u0131nda \u0130zmir\u2019de \u00e7a\u011fda\u015f eczac\u0131lar taraf\u0131ndan (EDAK) Ecza Kooperatifi kuruldu. 1980 darbesi ve sonras\u0131nda bir s\u00fcre daha (1978-1983 y\u0131llar\u0131 aras\u0131nda) Oda Ba\u015fkanl\u0131\u011f\u0131 g\u00f6revini s\u00fcrd\u00fcren I\u015f\u0131k Boyac\u0131giller daha sonra bu g\u00f6revinden EDAK\u2019\u0131n kurumsalla\u015fmas\u0131 \u00e7al\u0131\u015fmalar\u0131na yo\u011funla\u015fmak amac\u0131yla ayr\u0131ld\u0131, EDAK\u2019\u0131n y\u00f6netim kurulu ba\u015fkanl\u0131\u011f\u0131n\u0131 y\u00fcr\u00fctt\u00fc ve ya\u015fad\u0131\u011f\u0131 s\u00fcrece bu do\u011frultuda \u00e7al\u0131\u015ft\u0131. Kooperatif\u00e7ili\u011fin kurumsalla\u015fmas\u0131nda b\u00fcy\u00fck katk\u0131lar\u0131 oldu, k\u0131saca \u00f6mr\u00fcn\u00fc eczac\u0131 kooperatifleri i\u00e7in t\u00fcketti. 1988\u2019de TEKB (T\u00fcm Eczac\u0131 Kooperatifleri Birli\u011fi) kurulu\u015funa kat\u0131ld\u0131. 1989-1990 y\u0131llar\u0131 aras\u0131nda ba\u015fkanl\u0131\u011f\u0131n\u0131 yapt\u0131.<\/span><\/p>\n<p><span style=\"font-family: Times New Roman; color: #000000; font-size: small;\">\u00a0<\/span><\/p>\n<p class=\"MsoNormal\" style=\"margin: 0cm 0cm 0pt\"><span style=\"font-family: Times New Roman; color: #000000; font-size: small;\">Kooperatif\u00e7ili\u011fi mesle\u011fi ve ya\u015fam bi\u00e7imi olarak benimseyen I\u015f\u0131k, May\u0131s 1999 tarihli EDAK HABERLER dergisindeki bir yaz\u0131s\u0131nda \u015f\u00f6yle demektedir:<\/span><\/p>\n<p><span style=\"font-family: Times New Roman; color: #000000; font-size: small;\">\u00a0<\/span><\/p>\n<p class=\"MsoNormal\" style=\"margin: 0cm 0cm 0pt\"><span style=\"font-family: Times New Roman; color: #000000; font-size: small;\">\u201c\u2026 EDAK 24 saatlik bir i\u015ftir. EDAK\u2019\u0131n \u00e7at\u0131s\u0131 alt\u0131nda olman\u0131z hi\u00e7 \u00f6nemli de\u011fildir. Bu yirmi y\u0131ld\u0131r s\u00fcren bir tutku, bir sevda belki. Bir ya\u015fam bi\u00e7imi, benim ya\u015fam\u0131m\u0131n diyebilirim ki 24 saatini EDAK almaktad\u0131r. Bundan dolay\u0131 da \u015fikayet etti\u011fim gibi bir anlam \u00e7\u0131kar\u0131lmamal\u0131, bundan mutluyum. \u00c7\u00fcnk\u00fc somut olarak ortada bir \u015fey var. Bir olgu var. EDAK diye bir olgu var. ECZACI KOOPERAT\u0130FLER\u0130 diye bir olgu var. Bu i\u015fi yapmaktan b\u00fcy\u00fck zevk ve keyif al\u0131yorum\u2026\u201d<\/span><\/p>\n<p><span style=\"font-family: Times New Roman; color: #000000; font-size: small;\">\u00a0<\/span><\/p>\n<p class=\"MsoNormal\" style=\"margin: 0cm 0cm 0pt\"><span style=\"font-family: Times New Roman; color: #000000; font-size: small;\">\u201c\u2026 Yirmi y\u0131l \u00f6nce eczac\u0131 kooperatifleri ilk kez \u0130zmir Eczac\u0131 Odas\u0131nda g\u00f6reve gelen \u00c7A\u011eDA\u015e ECZACILAR GURUBU i\u00e7inden ortaya \u00e7\u0131kt\u0131. Bunu tevazu g\u00f6stermeden s\u00f6yleyebilirim ki, en \u00f6nemli, en \u00f6nde gelen savunucular\u0131ndan biriydim. Bundan \u015feref duyuyorum onur duyuyorum\u2026\u201d<\/span><\/p>\n<p><span style=\"font-family: Times New Roman; color: #000000; font-size: small;\">\u00a0<\/span><\/p>\n<p class=\"MsoNormal\" style=\"margin: 0cm 0cm 0pt\"><span style=\"font-family: Times New Roman; color: #000000; font-size: small;\">\u201c\u2026 O d\u00f6nemde eczac\u0131 kooperatiflerinin kurucular\u0131n\u0131n 25-30 ya\u015flar\u0131nda oldu\u011funu ve bunlar\u0131n da y\u00f6netim anlam\u0131nda \u00f6nemli deneyimlere sahip olmad\u0131klar\u0131n\u0131 d\u00fc\u015f\u00fcnd\u00fc\u011f\u00fcm\u00fczde, bu anlamda \u00e7ok \u00f6nemli bir ba\u015far\u0131 oldu\u011funu teslim etmek gerekiyor.\u201d<\/span><\/p>\n<p><span style=\"font-family: Times New Roman; color: #000000; font-size: small;\">\u00a0<\/span><\/p>\n<p class=\"MsoNormal\" style=\"margin: 0cm 0cm 0pt\"><span style=\"font-family: Times New Roman; color: #000000; font-size: small;\">\u201c\u2026 \u0130zmir\u2019de EDAK\u2019\u0131n kurulu\u015fundan sonra b\u00fcy\u00fck \u00f6l\u00e7\u00fcde yine eczac\u0131 odalar\u0131n\u0131n \u00f6rg\u00fctl\u00fc oldu\u011fu, \u00f6zellikle \u00c7A\u011eDA\u015e ECZACILAR gruplar\u0131n\u0131n y\u00f6netimde oldu\u011fu b\u00f6lgelerde eczac\u0131 kooperatifleri h\u0131zla a\u00e7\u0131ld\u0131lar.\u201d<\/span><\/p>\n<p><span style=\"font-family: Times New Roman; color: #000000; font-size: small;\">\u00a0<\/span><\/p>\n<p class=\"MsoNormal\" style=\"margin: 0cm 0cm 0pt\"><span style=\"font-family: Times New Roman; color: #000000; font-size: small;\">\u201c\u2026 Dikkat edildi\u011finde eczac\u0131 kooperatiflerinin 1978-1980 d\u00f6neminde kurulu\u015f yapt\u0131klar\u0131n\u0131 g\u00f6r\u00fcyoruz. Sonra bir dalga daha gelecektir. 1987-1988\u2019lerde ikinci bir d\u00f6nem ve h\u0131zla eczac\u0131 kooperatiflerinin kuruldu\u011fu bir d\u00f6nemdir. Bu ilk d\u00f6nemde olsun ikinci d\u00f6nemde olsun, ama daha \u00e7ok ilk d\u00f6nemde, bu kurulu\u015flarda g\u00f6rev alan ki\u015filerin b\u00fcy\u00fck \u00f6l\u00e7\u00fcde bu \u00c7A\u011eDA\u015e ECZACILAR GRUBU HAREKET\u0130 diye bahsetti\u011fimiz hareket i\u00e7indeki eczac\u0131 odalar\u0131nda, T\u00fcrk Eczac\u0131lar Birli\u011finde g\u00f6rev alan, onu y\u00f6nlendiren ki\u015filerden olu\u015ftuklar\u0131n\u0131 g\u00f6r\u00fcyoruz. Bu ki\u015filerin de ortak y\u00f6nleri 1961 Anayasas\u0131n\u0131n sa\u011flad\u0131\u011f\u0131 \u00f6zg\u00fcrl\u00fck ko\u015fullar\u0131nda \u00fcniversite e\u011fitimi g\u00f6ren ve bu anayasan\u0131n sa\u011flad\u0131\u011f\u0131 \u00f6zg\u00fcrl\u00fck ko\u015fullar\u0131n\u0131n da d\u00fcnyaya bak\u0131\u015flar\u0131 toplumcu d\u00fcnya g\u00f6r\u00fc\u015f\u00fcne yatk\u0131n olan ki\u015filer olduklar\u0131n\u0131, dayan\u0131\u015fmac\u0131 niteliklerinin bireysel niteliklerine \u00fcst\u00fcn geldi\u011fini, bilimsel yakla\u015f\u0131mlar\u0131n\u0131n ya\u015fam\u0131n de\u011ferlendirilmesinde temel yakla\u015f\u0131m bi\u00e7imi oldu\u011funu g\u00f6r\u00fcyoruz.\u201d<\/span><\/p>\n<p><span style=\"font-family: Times New Roman; color: #000000; font-size: small;\">\u00a0<\/span><\/p>\n<p class=\"MsoNormal\" style=\"margin: 0cm 0cm 0pt\"><span style=\"font-family: Times New Roman; color: #000000; font-size: small;\">1978 y\u0131l\u0131nda kurulan Eczac\u0131 Kooperatifleri 1996 y\u0131l\u0131na gelindi\u011finde I\u015f\u0131k Boyac\u0131giller\u2019in de b\u00fcy\u00fck katk\u0131lar\u0131yla a\u00e7\u0131lan ve kapanan kooperatiflerle da\u011f\u0131t\u0131m alan\u0131nda a\u011f\u0131rl\u0131\u011f\u0131n\u0131 koymu\u015flard\u0131r. Bu s\u00fcre\u00e7 i\u00e7erisinde \u00fclke genelinde ecza kooperatifleri say\u0131lar\u0131n\u0131 13\u2019lere \u00e7\u0131kararak ila\u00e7 pazar\u0131n\u0131n %30\u2019unu yakalama ba\u015far\u0131s\u0131n\u0131 g\u00f6stermi\u015flerdir.<\/span><\/p>\n<p><span style=\"font-family: Times New Roman; color: #000000; font-size: small;\">\u00a0<\/span><\/p>\n<p class=\"MsoNormal\" style=\"margin: 0cm 0cm 0pt\"><span style=\"font-family: Times New Roman; color: #000000; font-size: small;\">1996 y\u0131l\u0131 sonu\u00e7lar\u0131na g\u00f6re 300 ecza deposunun ciro s\u0131ralamas\u0131nda en y\u00fcksek cirolu ilk 5 ecza deposu aras\u0131nda 3 kooperatif, ilk 10 s\u0131ras\u0131nda 4, ilk 20 aras\u0131nda 6 ve ilk otuz aras\u0131ndan 9 ecza kooperatifi yer almaktad\u0131r. \u0130lk 30 ecza deposu b\u00fct\u00fcn depolar\u0131n yapt\u0131\u011f\u0131 cironun %68\u2019ini yaparken, 9 kooperatif bu oran i\u00e7inde 1\/3 paya sahiptir. G\u00f6r\u00fcld\u00fc\u011f\u00fc gibi ortada \u00e7ok b\u00fcy\u00fck bir g\u00fc\u00e7 vard\u0131r. Bu g\u00fcc\u00fcn temelinde dayan\u0131\u015fma bilinci, sorumluluk duygusu, inan\u00e7 ve kararl\u0131l\u0131k yatmaktad\u0131r.<\/span><\/p>\n<p><span style=\"font-family: Times New Roman; color: #000000; font-size: small;\">\u00a0<\/span><\/p>\n<p class=\"MsoNormal\" style=\"margin: 0cm 0cm 0pt\"><span style=\"font-family: Times New Roman; color: #000000; font-size: small;\">Bug\u00fcn ise y\u00fcr\u00fct\u00fclen yo\u011fun tekelle\u015fme \u00e7abalar\u0131 sonucu da\u011f\u0131t\u0131m alan\u0131nda 2 b\u00fcy\u00fck grup (Hedef ve Sel\u00e7uk) pazardaki t\u00fcm sat\u0131\u015flar\u0131n %80\u2019ini al\u0131rken, kooperatiflerimiz de pazarda %12 ciroya sahiptirler.<\/span><\/p>\n<p><span style=\"font-family: Times New Roman; color: #000000; font-size: small;\">\u00a0<\/span><\/p>\n<p class=\"MsoNormal\" style=\"margin: 0cm 0cm 0pt\"><span style=\"font-family: Times New Roman; color: #000000; font-size: small;\">1988 y\u0131l\u0131nda ecza kooperatiflerinin birle\u015fmesiyle, T\u00fcm Ecza Kooperatifleri Birli\u011fi (TEKB) kurulur. I\u015f\u0131k Boyac\u0131giller, 1989-1990 y\u0131llar\u0131 aras\u0131nda birli\u011fin ba\u015fkanl\u0131\u011f\u0131n\u0131 yapar. 25 Kas\u0131m 1989 tarihinde EDAK Birlik delegesi olarak kat\u0131ld\u0131\u011f\u0131 kongreye sundu\u011fu raporda I\u015f\u0131k \u015fu g\u00f6r\u00fc\u015flere yer verir:<\/span><\/p>\n<p><span style=\"font-family: Times New Roman; color: #000000; font-size: small;\">\u00a0<\/span><\/p>\n<p class=\"MsoNormal\" style=\"margin: 0cm 0cm 0pt\"><span style=\"font-family: Times New Roman; color: #000000; font-size: small;\">\u201c\u2026 Birlik varl\u0131\u011f\u0131n\u0131 s\u00fcrd\u00fcrebilmek ve geli\u015ftirebilmek \u00fczere mutlaka ekonomik faaliyette bulunmal\u0131d\u0131r. Birlik zamanla kendi ekonomik kayna\u011f\u0131n\u0131 kendisi yaratmak ve uzun erimdeki hedeflerine bu kaynak ile ula\u015fmak amac\u0131n\u0131 g\u00fctmelidir. Ekonomik \u00e7al\u0131\u015fmalar kapsam\u0131ndaki ila\u00e7 temin ve da\u011f\u0131t\u0131m\u0131n\u0131n merkezile\u015ftirilmesi ve ila\u00e7 \u00fcretimi, \u00e7ok \u00f6nemli ekonomik kaynak, \u00f6rg\u00fctlenme d\u00fczeyi, alt yap\u0131 yat\u0131r\u0131mlar\u0131, istihdam ve planlamay\u0131 gerektiren yak\u0131n erimde ula\u015f\u0131lmas\u0131 d\u00fc\u015f\u00fcn\u00fclemeyecek faaliyet alanlar\u0131d\u0131r\u2026\u201d<\/span><\/p>\n<p><span style=\"font-family: Times New Roman; color: #000000; font-size: small;\">\u00a0<\/span><\/p>\n<p class=\"MsoNormal\" style=\"margin: 0cm 0cm 0pt\"><span style=\"font-family: Times New Roman; color: #000000; font-size: small;\">Maalesef kooperatifler birli\u011fi g\u00fcn\u00fcm\u00fczde kendi ekonomik alt yap\u0131s\u0131n\u0131 tamamlamadan ortak sat\u0131n almaya girmi\u015ftir ve halen ba\u015far\u0131l\u0131 olamam\u0131\u015ft\u0131r.<\/span><\/p>\n<p><span style=\"font-family: Times New Roman; color: #000000; font-size: small;\">\u00a0<\/span><\/p>\n<p class=\"MsoNormal\" style=\"margin: 0cm 0cm 0pt\"><span style=\"font-family: Times New Roman; color: #000000; font-size: small;\">Yine ayn\u0131 raporda I\u015f\u0131k, T\u00fcm Ecza Kooperatifleri Birli\u011finin (TEKB) ya\u015fat\u0131lmas\u0131 i\u00e7in \u015funlar\u0131 s\u00f6ylemektedir:<\/span><\/p>\n<p><span style=\"font-family: Times New Roman; color: #000000; font-size: small;\">\u00a0<\/span><\/p>\n<p class=\"MsoNormal\" style=\"margin: 0cm 0cm 0pt\"><span style=\"font-family: Times New Roman; color: #000000; font-size: small;\">\u201c\u2026 Kurmu\u015f oldu\u011fumuz birlik ya\u015fat\u0131lmak ve g\u00fc\u00e7l\u00fc k\u0131l\u0131nmak zorundad\u0131r. Bu ancak birli\u011fin \u00fcyesi kooperatiflerin ya\u015famas\u0131 ve g\u00fc\u00e7l\u00fc olmas\u0131 ile m\u00fcmk\u00fcnd\u00fcr. Ayn\u0131 kooperatiflerimize oldu\u011fu gibi, Birli\u011fimize de heyecan ve \u00f6zveriyle sahip \u00e7\u0131kmal\u0131y\u0131z. Kooperatifler Birli\u011fi i\u00e7in de ge\u00e7erli olan, Kooperatif\u00e7ili\u011fin temel ilkeleri aras\u0131nda en \u00f6nemlisi say\u0131labilecek DEMOKRAT\u0130KL\u0130K ger\u00e7ek anlamda ya\u015fama ge\u00e7irilmeli ve titizlikle korunmal\u0131d\u0131r&#8230;\u201d<\/span><\/p>\n<p><span style=\"font-family: Times New Roman; color: #000000; font-size: small;\">\u00a0<\/span><\/p>\n<p class=\"MsoNormal\" style=\"margin: 0cm 0cm 0pt\"><span style=\"font-family: Times New Roman; color: #000000; font-size: small;\">Bug\u00fcn TEKB\u2019nin ana s\u00f6zle\u015fmesi \u00fcyeleri taraf\u0131ndan tam olarak bilinmemektedir. Bunca deneyimden sonra se\u00e7im ve demokrasi s\u00f6zde kavramlar olmaktan \u00e7\u0131kar\u0131lamam\u0131\u015ft\u0131r. TEKB, 5-6 ki\u015finin tercihlerine g\u00f6re y\u00f6nlendirilen, demokrasiyi i\u00e7selle\u015ftiremeyen bir kurum olarak varl\u0131\u011f\u0131n\u0131 s\u00fcrd\u00fcrmemelidir.<\/span><\/p>\n<p><span style=\"font-family: Times New Roman; color: #000000; font-size: small;\">\u00a0<\/span><\/p>\n<p class=\"MsoNormal\" style=\"margin: 0cm 0cm 0pt\"><span style=\"font-family: Times New Roman; color: #000000; font-size: small;\">Ne\u015fe G\u00fclersoy \u00fclkemizde Eczac\u0131 Kooperatiflerinin ilk kurucusudur. K\u0131sac\u0131k ya\u015fam\u0131 boyunca toplumcu d\u00fc\u015f\u00fcnceyi \u00f6ne \u00e7\u0131karan, demokratik, \u00f6zg\u00fcr, karde\u015f\u00e7e ya\u015fanabilir bir d\u00fcnya yaratmak i\u00e7in \u00e7al\u0131\u015ft\u0131. Eczac\u0131 \u00f6rg\u00fctleri onun an\u0131s\u0131na sahip \u00e7\u0131kmal\u0131, hak etti\u011fi de\u011feri vermelidir.<\/span><\/p>\n<p><span style=\"font-family: Times New Roman; color: #000000; font-size: small;\">\u00a0<\/span><\/p>\n<p class=\"MsoNormal\" style=\"margin: 0cm 0cm 0pt\"><span style=\"font-family: Times New Roman; color: #000000; font-size: small;\">I\u015f\u0131k\u2019\u0131 30 Aral\u0131k 1999 y\u0131l\u0131nda kaybettik. O \u00f6mr\u00fcn\u00fc daha g\u00fczel bir d\u00fcnya, daha sa\u011fl\u0131kl\u0131 bir toplum ve demokratik, kat\u0131l\u0131mc\u0131 bir kooperatif hareketinin olu\u015fmas\u0131 i\u00e7in eczac\u0131l\u0131k mesle\u011fine adam\u0131\u015ft\u0131r. Onu anmak sadece mezar ziyareti ve dinleti yapmak de\u011fildir. Onun \u00e7al\u0131\u015fma y\u00f6ntemlerini \u00e7a\u011fda\u015f uygulama ve d\u00fc\u015f\u00fcncelerini hayata ge\u00e7irmektir.<\/span><\/p>\n<p class=\"MsoNormal\" style=\"margin: 0cm 0cm 0pt\"><span style=\"font-family: Times New Roman; color: #000000; font-size: small;\">\u00d6l\u00fcm\u00fcn\u00fcn yedinci y\u0131l\u0131nda t\u00fcm \u00e7a\u011fda\u015f eczac\u0131lar olarak sayg\u0131, sevgi, minnet ve \u00f6zlemle an\u0131yoruz.<\/span><\/p>\n","protected":false},"excerpt":{"rendered":"<p>I\u015eIK BOYACIG\u0130LLER VE KOOPERAT\u0130F\u00c7\u0130L\u0130K \u00a0 I\u015f\u0131k\u2019\u0131 30 Aral\u0131k 1999 y\u0131l\u0131nda kaybettik. O \u00f6mr\u00fcn\u00fc daha g\u00fczel bir d\u00fcnya, daha sa\u011fl\u0131kl\u0131 bir&#46;&#46;&#46;<\/p>\n","protected":false},"author":18,"featured_media":0,"comment_status":"closed","ping_status":"closed","sticky":false,"template":"","format":"standard","meta":{"_jetpack_memberships_contains_paid_content":false,"footnotes":""},"categories":[50],"tags":[],"class_list":["post-2858","post","type-post","status-publish","format-standard","hentry","category-ecz-sedat-guclu"],"aioseo_notices":[],"jetpack_featured_media_url":"","jetpack_sharing_enabled":true,"jetpack-related-posts":[],"_links":{"self":[{"href":"http:\/\/www.ced.org.tr\/index.php?rest_route=\/wp\/v2\/posts\/2858","targetHints":{"allow":["GET"]}}],"collection":[{"href":"http:\/\/www.ced.org.tr\/index.php?rest_route=\/wp\/v2\/posts"}],"about":[{"href":"http:\/\/www.ced.org.tr\/index.php?rest_route=\/wp\/v2\/types\/post"}],"author":[{"embeddable":true,"href":"http:\/\/www.ced.org.tr\/index.php?rest_route=\/wp\/v2\/users\/18"}],"replies":[{"embeddable":true,"href":"http:\/\/www.ced.org.tr\/index.php?rest_route=%2Fwp%2Fv2%2Fcomments&post=2858"}],"version-history":[{"count":1,"href":"http:\/\/www.ced.org.tr\/index.php?rest_route=\/wp\/v2\/posts\/2858\/revisions"}],"predecessor-version":[{"id":4017,"href":"http:\/\/www.ced.org.tr\/index.php?rest_route=\/wp\/v2\/posts\/2858\/revisions\/4017"}],"wp:attachment":[{"href":"http:\/\/www.ced.org.tr\/index.php?rest_route=%2Fwp%2Fv2%2Fmedia&parent=2858"}],"wp:term":[{"taxonomy":"category","embeddable":true,"href":"http:\/\/www.ced.org.tr\/index.php?rest_route=%2Fwp%2Fv2%2Fcategories&post=2858"},{"taxonomy":"post_tag","embeddable":true,"href":"http:\/\/www.ced.org.tr\/index.php?rest_route=%2Fwp%2Fv2%2Ftags&post=2858"}],"curies":[{"name":"wp","href":"https:\/\/api.w.org\/{rel}","templated":true}]}}