{"id":2863,"date":"2008-05-07T09:51:49","date_gmt":"2008-05-07T06:51:49","guid":{"rendered":"http:\/\/www.ced.org.tr\/?p=2863"},"modified":"2014-05-21T01:40:06","modified_gmt":"2014-05-20T22:40:06","slug":"prim-yuzsuzlerine-yaptirim-yok-eziyet-eczaciya","status":"publish","type":"post","link":"http:\/\/www.ced.org.tr\/?p=2863","title":{"rendered":"Prim y\u00fczs\u00fczlerine yapt\u0131r\u0131m yok, eziyet eczac\u0131ya!"},"content":{"rendered":"<p><span style=\"font-size: 14pt\"><span style=\"color: #000000;\"><span style=\"font-family: Times New Roman;\">Sosyal G\u00fcvenlik Kurumu (SGK); \u0130stanbul\u2019da eczanelerin re\u00e7ete kolilerinin teslimi s\u0131ras\u0131nda, yak\u0131n zamana kadar eczac\u0131lar\u0131n yanlar\u0131nda \u00e7al\u0131\u015ft\u0131rd\u0131klar\u0131 elemanlara ait sigorta prim borcu olup olmad\u0131\u011f\u0131na dair, SSK M\u00fcd\u00fcrl\u00fcklerinden alacaklar\u0131 bir belgeyi de yanlar\u0131nda getirmelerini istemekte idi. Sonralar\u0131 istemediler, herhalde eczac\u0131lar\u0131n tamam\u0131na yak\u0131n\u0131n\u0131n d\u00fczg\u00fcn \u00f6deme yapt\u0131\u011f\u0131n\u0131 g\u00f6r\u00fcnce vazge\u00e7tiler sand\u0131m. Ancak yak\u0131n zamanda baz\u0131 eczac\u0131 Odalar\u0131n\u0131n internet sitelerine bak\u0131nca, SSK ve Ba\u011f-kur\u2019a prim borcu yoktur \u00e7ilesinin devam etti\u011fini g\u00f6rd\u00fcm.<\/span><\/span><\/span><span style=\"font-size: 14pt\"><span style=\"font-family: Times New Roman; color: #000000;\">\u00a0<\/span><\/span><span style=\"font-size: 14pt\"><span style=\"font-family: Times New Roman; color: #000000;\">\u00a0<\/span><\/span><span style=\"font-size: 14pt\"><span style=\"color: #000000;\"><span style=\"font-family: Times New Roman;\">Bundan ama\u00e7, herhalde SGK\u2019n\u0131n kurumun emeklilerine verdi\u011fi maa\u015f ve t\u00fcm sigortal\u0131lar ve hak sahiplerine ait sa\u011fl\u0131k giderlerini kar\u015f\u0131lamak i\u00e7in temel girdi olan bu kayna\u011f\u0131n ka\u00e7aklar\u0131n\u0131 \u00f6nlemek olmal\u0131d\u0131r.<\/span><\/span><\/span><span style=\"font-size: 14pt\"><span style=\"font-family: Times New Roman; color: #000000;\">\u00a0<\/span><\/span><span style=\"font-size: 14pt\"><span style=\"font-family: Times New Roman; color: #000000;\">\u00a0<\/span><\/span><span style=\"font-size: 14pt\"><span style=\"color: #000000;\"><span style=\"font-family: Times New Roman;\">Bilindi\u011fi gibi, sosyal g\u00fcvenlik kurumlar\u0131 son y\u0131llarda sa\u011fl\u0131k harcamalar\u0131ndan kaynaklanan, h\u00fck\u00fcmet\u00e7e kar\u015f\u0131lanan ve yetkili ve ilgililerin hi\u00e7 de ho\u015f olmayan bir \u015fekilde <strong><em>karadelik<\/em><\/strong> diye tabir etti\u011fi parasal a\u00e7\u0131klar\u0131 vermekte idi.<\/span><\/span><\/span><span style=\"font-size: 14pt\"><span style=\"font-family: Times New Roman; color: #000000;\">\u00a0<\/span><\/span><span style=\"font-size: 14pt\"><span style=\"font-family: Times New Roman; color: #000000;\">\u00a0<\/span><\/span><span style=\"font-size: 14pt\"><span style=\"color: #000000;\"><span style=\"font-family: Times New Roman;\">Halbuki 1949\u2019da i\u015f\u00e7i sendikalar\u0131 ve i\u015fverenlerin katk\u0131lar\u0131yla kurulan Sosyal Sigortalar Kurumu \u00fclkemizin gen\u00e7 n\u00fcfusa sahip olmas\u0131 ve hen\u00fcz emeklisinin olmamas\u0131 nedeniyle prim fazlas\u0131 vermekte idi. Bu fazla paralar kurum yarar\u0131na fonlarda de\u011ferlendirilmek yerine, zaman\u0131n iktidarlar\u0131 taraf\u0131ndan yanda\u015flar\u0131na d\u00fc\u015f\u00fck faizli krediler olarak kulland\u0131r\u0131ld\u0131\u011f\u0131ndan, bir k\u0131sm\u0131 da geri d\u00f6nmeyen bu paralar kurumun \u00f6deme dengelerinin bozulmas\u0131na ve giderek kurumun giderlerini kar\u015f\u0131layamaz hale gelmesine sebep olmu\u015ftur. <span style=\"text-decoration: underline;\">Ayr\u0131ca se\u00e7im kazanma ad\u0131na hayata ge\u00e7irilen erken emeklilik yasalar\u0131yla da kurumun k\u0131t kaynaklar\u0131 yok edilmi\u015f ve akt\u00fceryal dengeleri bozulmu\u015ftur.<\/span><\/span><\/span><\/span><span style=\"text-decoration: underline;\"><span style=\"font-size: 14pt\"><span style=\"text-decoration: none\"><span style=\"font-family: Times New Roman; color: #000000;\">\u00a0<\/span><\/span><\/span><\/span><span style=\"text-decoration: underline;\"><span style=\"font-size: 14pt\"><span style=\"text-decoration: none\"><span style=\"font-family: Times New Roman; color: #000000;\">\u00a0<\/span><\/span><\/span><\/span><span style=\"font-size: 14pt\"><span style=\"color: #000000;\"><span style=\"font-family: Times New Roman;\">Zaman\u0131nda kurum kaynaklar\u0131n\u0131 t\u00fcketen h\u00fck\u00fcmetler, kurumun ihtiyac\u0131 oldu\u011funda bu kaynaklar\u0131 geri vermediler. Bunlar da yetmezmi\u015f gibi, senelerdir hi\u00e7 yat\u0131r\u0131m yapmad\u0131klar\u0131, artan ihtiyac\u0131 kar\u015f\u0131layacak eleman kadrolar\u0131n\u0131 da yaratmayarak Kamu hastanelerini hizmet veremez, rekabet edemez hale getirdiler. SS kurumlar\u0131na ait hastanelerin k\u00f6t\u00fc sa\u011fl\u0131k hizmeti vermesinin su\u00e7unu iyi i\u015fletilemedi\u011fine ba\u011flay\u0131p, hastaneleri ve t\u00fcm mal varl\u0131klar\u0131n\u0131 bedelsiz olarak Sa\u011fl\u0131k Bakanl\u0131\u011f\u0131\u2019na devrettiler. \u00d6zel hastanelerin \u00f6n\u00fc a\u00e7\u0131l\u0131p, halk\u0131n buralara y\u00f6nlenmesi sa\u011flan\u0131rken, \u00fcniversitelerin ve devlet hastanelerinin SGK \u2019dan olan alacaklar\u0131 bir kalemde silinmekteydi.<\/span><\/span><\/span><span style=\"font-size: 14pt\"><span style=\"font-family: Times New Roman; color: #000000;\">\u00a0<\/span><\/span><span style=\"font-size: 14pt\"><span style=\"font-family: Times New Roman; color: #000000;\">\u00a0<\/span><\/span><span style=\"font-size: 14pt\"><span style=\"color: #000000;\"><span style=\"font-family: Times New Roman;\">Sa\u011fl\u0131kta ve e\u011fitimde bu de\u011fi\u015fimleri savunanlar\u0131n, bizlere \u00f6rnek g\u00f6sterdikleri \u00fclkelerden \u015eili, Yunanistan ve eski sosyalist do\u011fu blok\u2019u \u00fclkeleri de bu politikalardan vazge\u00e7mektedirler. En son <span style=\"text-decoration: underline;\">Macaristan\u2019da ekonomik reform diye dayat\u0131lan y\u00fcksek\u00f6\u011fretimin paral\u0131 olmas\u0131, muayene ve hastaneye yatan hastalardan g\u00fcnl\u00fck \u00fccret al\u0131nmas\u0131n\u0131 \u00f6ng\u00f6ren d\u00fczenlemeler i\u00e7in, \u00fclkede 300 bin ki\u015finin imzas\u0131 ile istenen halk oylamas\u0131 sonucu, kat\u0131lanlar\u0131n y\u00fczde 83\u2019\u00fcn\u00fcn oyuyla yasalar iptal edilmi\u015ftir.<\/span><\/span><\/span><\/span><span style=\"text-decoration: underline;\"><span style=\"font-size: 14pt\"><span style=\"text-decoration: none\"><span style=\"font-family: Times New Roman; color: #000000;\">\u00a0<\/span><\/span><\/span><\/span><span style=\"text-decoration: underline;\"><span style=\"font-size: 14pt\"><span style=\"text-decoration: none\"><span style=\"font-family: Times New Roman; color: #000000;\">\u00a0<\/span><\/span><\/span><\/span><span style=\"text-decoration: underline;\"><span style=\"font-size: 14pt\"><span style=\"text-decoration: none\"><span style=\"font-family: Times New Roman; color: #000000;\">\u00a0<\/span><\/span><\/span><\/span><span style=\"font-size: 14pt\"><span style=\"color: #000000;\"><span style=\"font-family: Times New Roman;\">Peki, \u00fclkemizde \u00c7al\u0131\u015fma ve Sosyal G\u00fcvenlik Bakanl\u0131\u011f\u0131\u2019na ba\u011fl\u0131 olan Sosyal G\u00fcvenlik Kurumu prim alacaklar\u0131n\u0131 tahsilde eczac\u0131lara uygulad\u0131\u011f\u0131 titizli\u011fi t\u00fcm prim alacaklar\u0131 i\u00e7in g\u00f6stermekte miydi? Buna evet demek imkans\u0131zd\u0131r. Haziran ay\u0131 sonunda yasa gere\u011fi 50 bin YTL \u2019den fazla ve alt\u0131 aydan fazla gecikmi\u015f prim borcu olan y\u00fczs\u00fczler a\u00e7\u0131kland\u0131. Bu tabloya bakt\u0131\u011f\u0131m\u0131zda bu kapsamda SSK\u2019ya prim borcu olan toplam 9 bin 445 \u015firket vard\u0131r. Bunlar\u0131n toplam prim borcu da 2 milyar 115 milyon YTL\u2019dir. Bu listenin en ba\u015f\u0131nda da 52 milyon YTL ile eski bir bakana ait olan Ye\u015fim Tekstil gelmektedir. Ayn\u0131 eski bakana ait Nergis Tekstil\u2019in de 23 milyon 54 bin YTL gecikmi\u015f prim borcu vard\u0131r. \u0130kinci s\u0131ray\u0131 ise \u0130stanbul Belediyesi\u2019ne ba\u011fl\u0131 \u0130ETT Genel M\u00fcd\u00fcrl\u00fc\u011f\u00fc alm\u0131\u015f<span style=\"text-decoration: underline;\">. \u0130stanbul Belediyesi \u00e7ok az taraftar\u0131 olan Belediye Spor\u2019a milyarlarca para buluyor ama prim borcu i\u00e7in para bulam\u0131yor. <\/span>Ayn\u0131 \u015fekilde Kocaeli, Batman, \u015eanl\u0131urfa, Zonguldak, Adana B\u00fcy\u00fck\u015fehir, K\u0131r\u0131kkale, Mardin, Ordu, Ayd\u0131n ve Ba\u011flar belediyeleri milyonlarca YTL\u2019 l\u0131k prim borcu olan kurumlard\u0131r. Bir\u00e7o\u011fu da AKP\u2019li ba\u015fkanlara sahiptir. 8 milyon 838 bin YTL prim borcu olan Y\u0130MPA\u015e Ma\u011faza Sanayi, yurtd\u0131\u015f\u0131nda dini alet edip T\u00fcrk vatanda\u015flar\u0131n paralar\u0131n\u0131 i\u00e7 ettikleri yetmezmi\u015f gibi burada da AKP korumas\u0131nda prim y\u00fczs\u00fczl\u00fc\u011f\u00fcn\u00fc s\u00fcrd\u00fcrmektedir. \u0130lk 50 \u015firketin 32\u2019si belediyelerden olu\u015fmaktad\u0131r. (<em>H\u00fcrriyet<\/em>, 26 Haziran 2007)<\/span><\/span><\/span><span style=\"font-size: 14pt\"><span style=\"font-family: Times New Roman; color: #000000;\">\u00a0<\/span><\/span><span style=\"font-size: 14pt\"><span style=\"font-family: Times New Roman; color: #000000;\">\u00a0<\/span><\/span><span style=\"font-size: 14pt\"><span style=\"color: #000000;\"><span style=\"font-family: Times New Roman;\">Bu bahsettiklerimiz 50 bin YTL\u2019nin \u00fczeri miktarda ve alt\u0131 ay\u0131 a\u015fm\u0131\u015f prim bor\u00e7lar\u0131d\u0131r, geneline bakt\u0131\u011f\u0131m\u0131zda tablo daha karamsard\u0131r.<\/span><\/span><\/span><span style=\"font-size: 14pt\"><span style=\"font-family: Times New Roman; color: #000000;\">\u00a0<\/span><\/span><span style=\"font-size: 14pt\"><span style=\"color: #000000;\"><span style=\"font-family: Times New Roman;\"><span>\u00a0<\/span><\/span><\/span><\/span><span style=\"font-size: 14pt\"><span style=\"color: #000000;\"><span style=\"font-family: Times New Roman;\">Devletin toplam vergi ve sigorta alacaklar\u0131, faiz ve cezas\u0131yla 75 milyar YTL\u2019ye yakla\u015fm\u0131\u015ft\u0131r. \u0130\u015fverenlerin SSK\u2019ya 6.4 milyar YTL\u2019si prim asl\u0131, 5.1 milyar YTL\u2019si gecikme zamm\u0131 olmak \u00fczere toplam 11.5 milyar YTL borcu vard\u0131r. S\u00f6z konusu alacaklar\u0131n 32.9 milyar YTL\u2019sini Ba\u011f-Kur\u2019lular\u0131n prim borcu olu\u015fturmaktad\u0131r. Ayr\u0131ca Ba\u011f-Kur\u2019lular\u0131n zaman\u0131nda tahsil edilemeyen vergi borcu da 16 milyar YTL\u2019dir. Ayr\u0131ca bu kesimin tahsil edilememi\u015f vergi cezalar\u0131 ve gecikme faizleri tutar\u0131 da 13 milyar YTL\u2019dir. \u00dclke ekonomisinin iyi oldu\u011funu s\u00f6yleyen kesimlere esnaf\u0131n bu hali ne ifade ediyor merak ediyoruz. (ATO; <em>Cumhuriyet<\/em>, 3 Mart 2008)<\/span><\/span><\/span><span style=\"font-size: 14pt\"><span style=\"font-family: Times New Roman; color: #000000;\">\u00a0<\/span><\/span><span style=\"font-size: 14pt\"><span style=\"font-family: Times New Roman; color: #000000;\">\u00a0<\/span><\/span><span style=\"font-size: 14pt\"><span style=\"color: #000000;\"><span style=\"font-family: Times New Roman;\">SGK\u2019n\u0131n a\u00e7\u0131klar\u0131na \u201ckaradelik\u201d diyenler \u00f6ncelikle bu prim tahsilatlar\u0131n\u0131 yaps\u0131nlar.<\/span><\/span><\/span><span style=\"font-size: 14pt\"><span style=\"font-family: Times New Roman; color: #000000;\">\u00a0<\/span><\/span><span style=\"font-size: 14pt\"><span style=\"font-family: Times New Roman; color: #000000;\">\u00a0<\/span><\/span><span style=\"font-size: 14pt\"><span style=\"color: #000000;\"><span style=\"font-family: Times New Roman;\">Bu i\u015fin g\u00f6r\u00fcnen y\u00fcz\u00fc. Bir de g\u00f6r\u00fcnmeyen y\u00fcz\u00fc var. O da kay\u0131t d\u0131\u015f\u0131 ekonomi. Bug\u00fcn 69 milyona yakla\u015fan n\u00fcfusumuzun, 49 milyondan fazla ki\u015fisi \u00e7al\u0131\u015fma \u00e7a\u011f\u0131ndad\u0131r. <span style=\"text-decoration: underline;\">\u0130stihdam edilen 21 milyon ki\u015finin sadece 13.5 milyonu sosyal g\u00fcvenli\u011fe sahiptir, geri kalan \u00e7al\u0131\u015fanlar\u0131n y\u00fczde 46\u2019s\u0131 olan 10 milyon ki\u015fi sosyal g\u00fcvenlikten yoksundur. Kay\u0131t d\u0131\u015f\u0131ndaki kay\u0131p vergi ve prim miktar\u0131 26 milyar YTL olarak hesaplanmaktad\u0131r. <\/span>\u00dclkemizde i\u015fsiz say\u0131s\u0131 2 milyon 350 bindir, bunlar\u0131n y\u00fczde 40\u2019\u0131 lise ve \u00fcniversite mezunu e\u011fitimli gen\u00e7 insanlard\u0131r. (<em>H\u00fcrriyet<\/em>, 7 Mart 2008) Ayr\u0131ca iki milyon insan da i\u015f bulmaktan umudunu kesmi\u015f, i\u015f aramayanlarla bu say\u0131 d\u00f6rt milyonun \u00fcst\u00fcne \u00e7\u0131kmaktad\u0131r. \u00dclke \u00f6yle bir hale getirildi ki, milyonlarca i\u015fsiz var. Bunun \u00f6nemli bir k\u0131sm\u0131 da okumu\u015f i\u015fsizler, bu \u015fartlarda insanlar i\u015f olsun da nas\u0131l olursa olsun diyerek kay\u0131ts\u0131z ve can g\u00fcvenli\u011finden yoksun \u00e7al\u0131\u015fmaya raz\u0131 olmaktad\u0131rlar.<\/span><\/span><\/span><span style=\"font-size: 14pt\"><span style=\"font-family: Times New Roman; color: #000000;\">\u00a0<\/span><\/span><span style=\"font-size: 14pt\"><span style=\"font-family: Times New Roman; color: #000000;\">\u00a0<\/span><\/span><span style=\"font-size: 14pt\"><span style=\"color: #000000;\"><span style=\"font-family: Times New Roman;\">Davutpa\u015fa\u2019da onlarca insan\u0131n \u00f6l\u00fcm\u00fcne ve yaralanmas\u0131na sebep olan maytaplar\u0131n patlamas\u0131 sonucu ortaya \u00e7\u0131kan tablo \u00e7ok ac\u0131kl\u0131d\u0131r<span style=\"text-decoration: underline;\">. Hem i\u015fyerlerinin g\u00fcvenli\u011fi yoktur, hem de \u00e7al\u0131\u015fanlar\u0131n sosyal g\u00fcvenli\u011fi bulunmamaktad\u0131r.<\/span> Tuzla tersanesindeki \u00f6l\u00fcmlerin de ortaya \u00e7\u0131kard\u0131\u011f\u0131, ayn\u0131 tablonun bir kez daha g\u00f6zler \u00f6n\u00fcne serilmesidir. \u00dclkede insanlar kelle koltukta, sosyal g\u00fcvenlikten yoksun, kar\u0131n toklu\u011funa \u00e7al\u0131\u015fmak zorunda b\u0131rak\u0131lm\u0131\u015flard\u0131r.<\/span><\/span><\/span><span style=\"font-size: 14pt\"><span style=\"font-family: Times New Roman; color: #000000;\">\u00a0<\/span><\/span><span style=\"font-size: 14pt\"><span style=\"font-family: Times New Roman; color: #000000;\">\u00a0<\/span><\/span><span style=\"font-size: 14pt\"><span style=\"color: #000000;\"><span style=\"font-family: Times New Roman;\">Siz yeni i\u015f sahalar\u0131 a\u00e7may\u0131p ailelerinin b\u00fcy\u00fck s\u0131k\u0131nt\u0131lar i\u00e7inde okuttuklar\u0131 p\u0131r\u0131l p\u0131r\u0131l gen\u00e7leri i\u015fsiz b\u0131rakarak sorunlu hale getireceksiniz, var olan devlet kurumlar\u0131n\u0131 satacak veya kapatacaks\u0131n\u0131z \u0130\u015fsiz ordusuna yenilerini katacaks\u0131n\u0131z. Bu i\u015fsiz b\u0131rakt\u0131\u011f\u0131n\u0131z insanlara se\u00e7im zaman\u0131 ye\u015fil kartlar da\u011f\u0131t\u0131p \u00fccretsiz sa\u011fl\u0131k hizmeti vereceksiniz, kay\u0131t d\u0131\u015f\u0131 ekonomiyi kay\u0131t alt\u0131na almayacaks\u0131n\u0131z, <span style=\"background: yellow\">kay\u0131t i\u00e7inde olanlar\u0131ndan size yak\u0131n belediyeler ve kurulu\u015flar\u0131n en az alt\u0131 ay gecikmi\u015f 50 bin YTL\u2019nin \u00fcst\u00fcndekiler sadece 2.1 milyar olan primi tahsil etmeyeceksiniz.<\/span> Sonra ortaya \u00e7\u0131k\u0131p IMF ve D\u00fcnya Bankas\u0131 bask\u0131s\u0131yla \u201cSGK\u2019da karadelik var\u201d deyip -ki o sa\u011fl\u0131k hizmetini verdi\u011finiz insanlardan toplad\u0131\u011f\u0131n\u0131z dolayl\u0131 veya dolays\u0131z vergilerden ald\u0131\u011f\u0131n\u0131z paralard\u0131r bunlar-, SSGSS tasar\u0131s\u0131n\u0131 t\u00fcm taraflar\u0131n feryatlar\u0131na kulak t\u0131kayarak yasala\u015ft\u0131racaks\u0131n\u0131z.<\/span><\/span><\/span><span style=\"font-size: 14pt\"><span style=\"font-family: Times New Roman; color: #000000;\">\u00a0<\/span><\/span><span style=\"font-size: 14pt\"><span style=\"font-family: Times New Roman; color: #000000;\">\u00a0<\/span><\/span><span style=\"font-size: 14pt\"><span style=\"color: #000000;\"><span style=\"font-family: Times New Roman;\"><span>\u00a0\u00a0\u00a0\u00a0\u00a0\u00a0 <\/span><span>\u00a0<\/span><span style=\"text-decoration: underline;\">Emeklilere sefaleti, \u00e7al\u0131\u015fanlara da mezarda emeklili\u011fi g\u00f6sterip, insan sa\u011fl\u0131\u011f\u0131n\u0131 paran kadar sa\u011fl\u0131\u011fa indirgeyerek sa\u011fl\u0131k kurulu\u015flar\u0131n\u0131 ve \u00fcniversiteleri k\u00f6hnele\u015ftirip, yanda\u015flar\u0131na ait \u00f6zel hastanelere her t\u00fcr kolayl\u0131\u011f\u0131 g\u00f6stereceksiniz. Sonra da eczac\u0131lara -ki vergi vermede olduklar\u0131 gibi prim \u00f6demede de en \u00f6nde olduklar\u0131 a\u00e7\u0131kt\u0131r- eziyet olsun diye, \u201cprim borcu yoktur\u201d yaz\u0131s\u0131 getirmesini s\u00f6yleyeceksiniz.<\/span><\/span><\/span><\/span><span style=\"text-decoration: underline;\"><span style=\"font-size: 14pt\"><span style=\"text-decoration: none\"><span style=\"font-family: Times New Roman; color: #000000;\">\u00a0<\/span><\/span><\/span><\/span><span style=\"text-decoration: underline;\"><span style=\"font-size: 14pt\"><span style=\"color: #000000;\"><span style=\"font-family: Times New Roman;\"><span>\u00a0<\/span><\/span><\/span><\/span><\/span><span style=\"font-size: 14pt\"><span style=\"color: #000000;\"><span style=\"font-family: Times New Roman;\">Buna kargalar bile g\u00fclmez, a\u011flarlar.<\/span><\/span><\/span><\/p>\n<p>\u00a0<\/p>\n","protected":false},"excerpt":{"rendered":"<p>Sosyal G\u00fcvenlik Kurumu (SGK); \u0130stanbul\u2019da eczanelerin re\u00e7ete kolilerinin teslimi s\u0131ras\u0131nda, yak\u0131n zamana kadar eczac\u0131lar\u0131n yanlar\u0131nda \u00e7al\u0131\u015ft\u0131rd\u0131klar\u0131 elemanlara ait sigorta prim&#46;&#46;&#46;<\/p>\n","protected":false},"author":18,"featured_media":0,"comment_status":"closed","ping_status":"closed","sticky":false,"template":"","format":"standard","meta":{"_jetpack_memberships_contains_paid_content":false,"footnotes":""},"categories":[50],"tags":[],"class_list":["post-2863","post","type-post","status-publish","format-standard","hentry","category-ecz-sedat-guclu"],"aioseo_notices":[],"jetpack_featured_media_url":"","jetpack_sharing_enabled":true,"jetpack-related-posts":[],"_links":{"self":[{"href":"http:\/\/www.ced.org.tr\/index.php?rest_route=\/wp\/v2\/posts\/2863","targetHints":{"allow":["GET"]}}],"collection":[{"href":"http:\/\/www.ced.org.tr\/index.php?rest_route=\/wp\/v2\/posts"}],"about":[{"href":"http:\/\/www.ced.org.tr\/index.php?rest_route=\/wp\/v2\/types\/post"}],"author":[{"embeddable":true,"href":"http:\/\/www.ced.org.tr\/index.php?rest_route=\/wp\/v2\/users\/18"}],"replies":[{"embeddable":true,"href":"http:\/\/www.ced.org.tr\/index.php?rest_route=%2Fwp%2Fv2%2Fcomments&post=2863"}],"version-history":[{"count":1,"href":"http:\/\/www.ced.org.tr\/index.php?rest_route=\/wp\/v2\/posts\/2863\/revisions"}],"predecessor-version":[{"id":3989,"href":"http:\/\/www.ced.org.tr\/index.php?rest_route=\/wp\/v2\/posts\/2863\/revisions\/3989"}],"wp:attachment":[{"href":"http:\/\/www.ced.org.tr\/index.php?rest_route=%2Fwp%2Fv2%2Fmedia&parent=2863"}],"wp:term":[{"taxonomy":"category","embeddable":true,"href":"http:\/\/www.ced.org.tr\/index.php?rest_route=%2Fwp%2Fv2%2Fcategories&post=2863"},{"taxonomy":"post_tag","embeddable":true,"href":"http:\/\/www.ced.org.tr\/index.php?rest_route=%2Fwp%2Fv2%2Ftags&post=2863"}],"curies":[{"name":"wp","href":"https:\/\/api.w.org\/{rel}","templated":true}]}}