{"id":2864,"date":"2010-05-13T14:04:20","date_gmt":"2010-05-13T11:04:20","guid":{"rendered":"http:\/\/www.ced.org.tr\/?p=2864"},"modified":"2014-05-21T01:40:01","modified_gmt":"2014-05-20T22:40:01","slug":"denizler-olmez","status":"publish","type":"post","link":"http:\/\/www.ced.org.tr\/?p=2864","title":{"rendered":"DEN\u0130ZLER \u00d6LMEZ"},"content":{"rendered":"<p class=\"MsoNormal\" style=\"margin: 0cm 0cm 0pt;\"><span style=\"font-family: Times New Roman; font-size: small;\">6 MAYIS 1972 &#8211; 2010 38 YIL<\/span><\/p>\n<p class=\"MsoNormal\" style=\"margin: 0cm 0cm 0pt;\"><span style=\"font-family: Times New Roman; font-size: small;\">\u00a0<\/span><\/p>\n<p class=\"MsoNormal\" style=\"margin: 0cm 0cm 0pt;\"><span style=\"font-family: Times New Roman; font-size: small;\">6 May\u0131s 2010 Deniz Gezmi\u015f, H\u00fcseyin \u0130nan, Yusuf Aslan&#8217;\u0131n idam edili\u015flerinin 38. y\u0131ld\u00f6n\u00fcm\u00fcyd\u00fc.<\/span><\/p>\n<p class=\"MsoNormal\" style=\"margin: 0cm 0cm 0pt;\"><span style=\"font-family: Times New Roman; font-size: small;\">Onlar 68 ku\u015fa\u011f\u0131n\u0131n yi\u011fit yurtsever \u00f6\u011frencileriydiler. 68 ku\u015fa\u011f\u0131 t\u00fcm d\u00fcnyada hukukun \u00fcst\u00fcnl\u00fc\u011f\u00fcnden, sosyal adaletten, tam ba\u011f\u0131ms\u0131zl\u0131ktan yana olan, emperyalizme ve s\u00f6m\u00fcr\u00fcye kar\u015f\u0131 \u00e7\u0131kan, antifa\u015fist bir simge ku\u015fak olmu\u015ftur.<\/span><\/p>\n<p class=\"MsoNormal\" style=\"margin: 0cm 0cm 0pt;\"><span style=\"font-family: Times New Roman; font-size: small;\">Bu hareket Fransa merkezli Avrupa&#8217;dan \u00e7\u0131km\u0131\u015f ve t\u00fcm d\u00fcnyay\u0131 oldu\u011fu gibi \u00fclkemizi de etkilemi\u015ftir. \u00dclkemizde 61 Anayasas\u0131&#8217;n\u0131n da sa\u011flad\u0131\u011f\u0131 demokratik ortam\u0131n da etkisiyle t\u00fcm yurda yay\u0131lm\u0131\u015ft\u0131r.<\/span><\/p>\n<p class=\"MsoNormal\" style=\"margin: 0cm 0cm 0pt;\"><span style=\"font-family: Times New Roman; font-size: small;\">Avrupa&#8217;da 68 ku\u015fa\u011f\u0131n\u0131n \u00f6nderleri demokratik ho\u015fg\u00f6r\u00fc ortam\u0131 i\u00e7inde bug\u00fcn \u00fclke y\u00f6netimlerinde s\u00f6z sahibidirler.<\/span><\/p>\n<p class=\"MsoNormal\" style=\"margin: 0cm 0cm 0pt;\"><span style=\"font-family: Times New Roman; font-size: small;\">\u00a0<\/span><\/p>\n<p class=\"MsoNormal\" style=\"margin: 0cm 0cm 0pt;\"><span style=\"font-family: Times New Roman; font-size: small;\">Denizler o tarihlerde emperyalizmin, kurulu d\u00fczen i\u00e7inde partisel m\u00fccadele ile alt edilemeyece\u011fi d\u00fc\u015f\u00fcncesinde idiler. Onlar\u0131n ikinci bir kurtulu\u015f sava\u015f\u0131yla emperyalizmin yok edilece\u011fine inan\u00e7lar\u0131 vard\u0131.<\/span><\/p>\n<p class=\"MsoNormal\" style=\"margin: 0cm 0cm 0pt;\"><span style=\"font-family: Times New Roman; font-size: small;\">Ba\u011f\u0131ms\u0131zl\u0131k sava\u015flar\u0131n\u0131 durduracak hi\u00e7bir silah\u0131n olamayaca\u011f\u0131n\u0131, en g\u00fc\u00e7l\u00fc silah\u0131n halk\u0131n ba\u011f\u0131ms\u0131zl\u0131k ve kurtulu\u015f sava\u015flar\u0131 oldu\u011funu s\u00f6ylemekteydiler. Onlar bu \u00fclk\u00fc u\u011fruna gencecik ya\u015fta hayatlar\u0131n\u0131 verdiler, onlar saf, temiz ve p\u0131r\u0131l p\u0131r\u0131ld\u0131lar.<\/span><\/p>\n<p class=\"MsoNormal\" style=\"margin: 0cm 0cm 0pt;\"><span style=\"font-family: Times New Roman; font-size: small;\">\u00a0<\/span><\/p>\n<p class=\"MsoNormal\" style=\"margin: 0cm 0cm 0pt;\"><span style=\"font-family: Times New Roman; font-size: small;\">6 May\u0131s 2010 tarihi ayn\u0131 zamanda AKP&#8217;nin anayasa de\u011fi\u015fikli\u011fi paketinin TBMM&#8217;de kabul edildi\u011fi g\u00fcnd\u00fcr.<\/span><\/p>\n<p class=\"MsoNormal\" style=\"margin: 0cm 0cm 0pt;\"><span style=\"font-family: Times New Roman; font-size: small;\">Mecliste sabahlara kadar yap\u0131lan anayasa tart\u0131\u015fmalar\u0131nda, toplumun hi\u00e7bir kesimiyle uzla\u015fmadan tek ba\u015f\u0131na anayasay\u0131 de\u011fi\u015ftirmek isteyen AKP iktidar\u0131 ki onlar kendilerini olas\u0131 y\u00fcce divana g\u00f6t\u00fcrecek s\u00fcre\u00e7te kendilerinin se\u00e7ti\u011fi bir anayasa mahkemesi olu\u015fturmak istemektedirler.<\/span><\/p>\n<p class=\"MsoNormal\" style=\"margin: 0cm 0cm 0pt;\"><span style=\"font-family: Times New Roman; font-size: small;\">Bu g\u00f6r\u00fc\u015fmelerde Denizlerin adlar\u0131n\u0131 kullanarak onlar\u0131n toplumdaki sempatilerini de s\u00f6m\u00fcrmek istemektedirler.<\/span><\/p>\n<p class=\"MsoNormal\" style=\"margin: 0cm 0cm 0pt;\"><span style=\"font-family: Times New Roman; font-size: small;\">Denizler o d\u00f6nemde anayasa sayg\u0131 y\u00fcr\u00fcy\u00fc\u015flerinde sopalarla dayak yemi\u015f insanlar olmas\u0131na ra\u011fmen; mahkemece T.C. Kanununun 146\/1 maddesi gere\u011fi Anayasal d\u00fczeni zorla de\u011fi\u015ftirmekten idam edilmi\u015flerdir.<\/span><\/p>\n<p class=\"MsoNormal\" style=\"margin: 0cm 0cm 0pt;\"><span style=\"font-family: Times New Roman; font-size: small;\">Onlar ki emperyalizme kar\u015f\u0131 m\u00fccadelelerinde Amerikan 6. filosunu Dolmabah\u00e7e&#8217;de denize d\u00f6km\u00fc\u015f insanlard\u0131r.<\/span><\/p>\n<p class=\"MsoNormal\" style=\"margin: 0cm 0cm 0pt;\"><span style=\"font-family: Times New Roman; font-size: small;\">Bug\u00fcnk\u00fc h\u00fck\u00fcmet ise Amerikan emperyalizmiyle i\u00e7 i\u00e7edir.<\/span><\/p>\n<p class=\"MsoNormal\" style=\"margin: 0cm 0cm 0pt;\"><span style=\"font-family: Times New Roman; font-size: small;\">\u00dclke y\u00f6netirken emirleri oradan almaktad\u0131rlar.<\/span><\/p>\n<p class=\"MsoNormal\" style=\"margin: 0cm 0cm 0pt;\"><span style=\"font-family: Times New Roman; font-size: small;\">Ba\u015fbakan Amerikan emperyalizminin Ortado\u011fu&#8217;daki e\u015f ba\u015fkan\u0131d\u0131r.<\/span><\/p>\n<p class=\"MsoNormal\" style=\"margin: 0cm 0cm 0pt;\"><span style=\"font-family: Times New Roman; font-size: small;\">Ba\u015fbakan ve di\u011fer AKP milletvekilleri Denizlerin ve o d\u00f6nem devrimci gen\u00e7lik kadrolar\u0131n\u0131n d\u00fc\u015f\u00fcnce ve eylemlerini bilmezmi\u015f gibi yalandan timsah g\u00f6zya\u015flar\u0131 d\u00f6kmektedirler.<\/span><\/p>\n<p class=\"MsoNormal\" style=\"margin: 0cm 0cm 0pt;\"><span style=\"font-family: Times New Roman; font-size: small;\">Onlar; bug\u00fcn AKP&#8217;nin i\u015fbirli\u011fi yapt\u0131\u011f\u0131 emperyalist \u00fclkelere kar\u015f\u0131 m\u00fccadele etmi\u015f ve o u\u011furda hayatlar\u0131n\u0131 kaybetmi\u015flerdir.<\/span><\/p>\n<p class=\"MsoNormal\" style=\"margin: 0cm 0cm 0pt;\"><span style=\"font-family: Times New Roman; font-size: small;\">Ba\u015fbakan ve iktidar milletvekilleri \u00f6yle konu\u015fuyorlar ama; devri iktidar\u0131nda bu devrimcileri anmak isteyen insanlar, kanunsuz g\u00f6steri yapt\u0131klar\u0131 ve &#8220;ter\u00f6ristleri&#8221; \u00f6vd\u00fckleri gerek\u00e7esiyle, kolluk g\u00fc\u00e7leri taraf\u0131ndan engelleniyor ve tutuklat\u0131l\u0131yorlar.<\/span><\/p>\n<p class=\"MsoNormal\" style=\"margin: 0cm 0cm 0pt;\"><span style=\"font-family: Times New Roman; font-size: small;\">H\u00fck\u00fcmet e\u011fer bir \u015fey yapacaksa anma toplant\u0131lar\u0131n\u0131 engellemesin ve di\u011fer idam edilen DP&#8217;liler gibi itibarlar\u0131n\u0131 iade edecek yasalar\u0131 \u00e7\u0131kars\u0131n.<\/span><\/p>\n<p class=\"MsoNormal\" style=\"margin: 0cm 0cm 0pt;\"><span style=\"font-family: Times New Roman; font-size: small;\">\u00dclkesinin halk\u0131n\u0131 sevmenin ve emperyalizme kar\u015f\u0131 \u00e7\u0131kman\u0131n d\u0131\u015f\u0131nda hi\u00e7bir su\u00e7u olmayan Denizlerin sevgisi toplumda giderek artarken, onu idam eden mahkemenin h\u00fck\u00fcmetin ve meclis \u00fcyelerinin bug\u00fcn esamesi bile okunmamaktad\u0131r. \u00dc\u00e7 fidan\u0131n ruhlar\u0131 \u015fad olsun.<\/span><\/p>\n<p class=\"MsoNormal\" style=\"margin: 0cm 0cm 0pt;\"><span style=\"font-family: Times New Roman; font-size: small;\">68 Ku\u015fa\u011f\u0131 d\u00f6neminde ve devam\u0131nda e\u011fitim g\u00f6ren eczac\u0131l\u0131k \u00f6\u011frencileri de; emperyalizme kar\u015f\u0131 \u00e7\u0131km\u0131\u015f o d\u00f6nemde ila\u00e7 tekellerine kar\u015f\u0131 \u00e7\u0131karak \u0130LA\u00c7 S\u00d6M\u00dcR\u00dcS\u00dcNE HAYIR y\u00fcr\u00fcy\u00fc\u015fleri d\u00fczenlemi\u015ftir. \u0130\u015fte o g\u00fcnlerde \u00f6\u011frenci olan ilerici eczac\u0131lar, meslek hayat\u0131na at\u0131ld\u0131klar\u0131nda, \u00e7a\u011fda\u015f eczac\u0131 kadrolar\u0131n\u0131 olu\u015fturdular. \u0130lac\u0131 ve sa\u011fl\u0131\u011f\u0131 sorgulayarak, bu alandaki soygunlar\u0131 g\u00f6zler \u00f6n\u00fcne sermi\u015flerdir.<\/span><\/p>\n<p class=\"MsoNormal\" style=\"margin: 0cm 0cm 0pt;\"><span style=\"font-family: Times New Roman; font-size: small;\">\u00a0<\/span><\/p>\n<p class=\"MsoNormal\" style=\"margin: 0cm 0cm 0pt;\"><span style=\"font-family: Times New Roman; font-size: small;\">Daha sonra meslek hayat\u0131na at\u0131ld\u0131klar\u0131nda ise, 70&#8217;li y\u0131llarda ila\u00e7 tekellerince hayata ge\u00e7irilen, bug\u00fcn\u00fcn benzeri, yok edilmek istenen eczac\u0131l\u0131k mesle\u011fini ya\u015fatmak ad\u0131na, 68 hareketlerinin etkisi ile kazand\u0131klar\u0131 sadece kendini de\u011fil toplumsal yarar\u0131 g\u00f6zeten, insan\u0131 \u00f6ne \u00e7\u0131karan d\u00fcnya g\u00f6r\u00fc\u015fleriyle ve o d\u00f6nem birtak\u0131m \u00e7evrelerin \u015firket depolar\u0131 a\u00e7mak istemelerine kar\u015f\u0131, demokratik kat\u0131l\u0131mc\u0131, b\u00f6l\u00fc\u015f\u00fcmc\u00fc, e\u015fitlik\u00e7i ecza kooperatif\u00e7ili\u011fini hayata ge\u00e7irmi\u015flerdir. Bu vesile ile ba\u015fta ecza kooperatiflerini ilk kuran Ne\u015fe G\u00fclersoy&#8217;u ve ecza kooperatiflerinin kurumla\u015fmas\u0131n\u0131 sa\u011flayan I\u015f\u0131k Boyac\u0131giller&#8217;i ve toplumcu d\u00fc\u015f\u00fcnceleri nedeniyle \u00f6ld\u00fcr\u00fclen Naci Do\u011fan&#8217;\u0131 sayg\u0131, minnet ve rahmetle an\u0131yorum. Her \u00fc\u00e7\u00fc de bu \u00fclk\u00fc ad\u0131na hayatlar\u0131n\u0131 kaybettiler.<\/span><\/p>\n<p class=\"MsoNormal\" style=\"margin: 0cm 0cm 0pt;\"><span style=\"font-family: Times New Roman; font-size: small;\">\u00a0<\/span><\/p>\n<p class=\"MsoNormal\" style=\"margin: 0cm 0cm 0pt;\"><span style=\"font-family: Times New Roman; font-size: small;\">Bug\u00fcn ecza kooperatiflerinin eczac\u0131l\u0131k mesle\u011finin bug\u00fcnlere gelmesinde olumlu katk\u0131s\u0131 oldu\u011funa inan\u0131yorsak -ki ben b\u00fct\u00fcn kalbimle inan\u0131yorum- bunda 68 ku\u015fa\u011f\u0131n\u0131n ve bu d\u00f6nemde yeti\u015fen toplumsal fayday\u0131 \u00f6nde tutan eczac\u0131lar\u0131n ve bu harekete \u00f6nc\u00fcl\u00fck eden ve bu u\u011furda hayatlar\u0131n\u0131 feda eden Deniz Gezmi\u015f ve t\u00fcm dava arkada\u015flar\u0131n\u0131n b\u00fcy\u00fck katk\u0131s\u0131 vard\u0131r.<\/span><\/p>\n<p class=\"MsoNormal\" style=\"margin: 0cm 0cm 0pt;\"><span style=\"font-family: Times New Roman; font-size: small;\">Unutmad\u0131k, unutmayaca\u011f\u0131z, unutturmayaca\u011f\u0131z.<\/span><\/p>\n","protected":false},"excerpt":{"rendered":"<p>6 MAYIS 1972 &#8211; 2010 38 YIL \u00a0 6 May\u0131s 2010 Deniz Gezmi\u015f, H\u00fcseyin \u0130nan, Yusuf Aslan&#8217;\u0131n idam edili\u015flerinin 38.&#46;&#46;&#46;<\/p>\n","protected":false},"author":18,"featured_media":0,"comment_status":"closed","ping_status":"closed","sticky":false,"template":"","format":"standard","meta":{"_jetpack_memberships_contains_paid_content":false,"footnotes":""},"categories":[50],"tags":[],"class_list":["post-2864","post","type-post","status-publish","format-standard","hentry","category-ecz-sedat-guclu"],"aioseo_notices":[],"jetpack_featured_media_url":"","jetpack_sharing_enabled":true,"jetpack-related-posts":[],"_links":{"self":[{"href":"http:\/\/www.ced.org.tr\/index.php?rest_route=\/wp\/v2\/posts\/2864","targetHints":{"allow":["GET"]}}],"collection":[{"href":"http:\/\/www.ced.org.tr\/index.php?rest_route=\/wp\/v2\/posts"}],"about":[{"href":"http:\/\/www.ced.org.tr\/index.php?rest_route=\/wp\/v2\/types\/post"}],"author":[{"embeddable":true,"href":"http:\/\/www.ced.org.tr\/index.php?rest_route=\/wp\/v2\/users\/18"}],"replies":[{"embeddable":true,"href":"http:\/\/www.ced.org.tr\/index.php?rest_route=%2Fwp%2Fv2%2Fcomments&post=2864"}],"version-history":[{"count":1,"href":"http:\/\/www.ced.org.tr\/index.php?rest_route=\/wp\/v2\/posts\/2864\/revisions"}],"predecessor-version":[{"id":3968,"href":"http:\/\/www.ced.org.tr\/index.php?rest_route=\/wp\/v2\/posts\/2864\/revisions\/3968"}],"wp:attachment":[{"href":"http:\/\/www.ced.org.tr\/index.php?rest_route=%2Fwp%2Fv2%2Fmedia&parent=2864"}],"wp:term":[{"taxonomy":"category","embeddable":true,"href":"http:\/\/www.ced.org.tr\/index.php?rest_route=%2Fwp%2Fv2%2Fcategories&post=2864"},{"taxonomy":"post_tag","embeddable":true,"href":"http:\/\/www.ced.org.tr\/index.php?rest_route=%2Fwp%2Fv2%2Ftags&post=2864"}],"curies":[{"name":"wp","href":"https:\/\/api.w.org\/{rel}","templated":true}]}}