{"id":2866,"date":"2006-09-12T17:46:17","date_gmt":"2006-09-12T14:46:17","guid":{"rendered":"http:\/\/www.ced.org.tr\/?p=2866"},"modified":"2014-05-21T01:39:34","modified_gmt":"2014-05-20T22:39:34","slug":"yargilanmayi-bekleyen-donem","status":"publish","type":"post","link":"http:\/\/www.ced.org.tr\/?p=2866","title":{"rendered":"Yarg\u0131lanmay\u0131 bekleyen d\u00f6nem"},"content":{"rendered":"<p class=\"MsoNormal\" style=\"margin: 0cm 0cm 0pt\"><span style=\"font-family: Times New Roman; color: #000000; font-size: small;\"><strong>YARGILANMAYI BEKLEYEN B\u0130R D\u00d6NEM&#8230;<\/strong><\/span><\/p>\n<p class=\"MsoNormal\" style=\"margin: 0cm 0cm 0pt\">\u00a0<\/p>\n<p class=\"MsoNormal\" style=\"margin: 0cm 0cm 0pt\"><span style=\"font-family: Times New Roman; color: #000000; font-size: small;\">Bug\u00fcn 12 Eyl\u00fcl darbesinin 26.y\u0131ld\u00f6n\u00fcm\u00fc.\u00dclkenin toplumsal ve siyasal ya\u015fam\u0131nda derin izler b\u0131rakan ,etkisini bug\u00fcnde hala devam ettiren bir siyasal d\u00f6nemin ad\u0131<\/span><\/p>\n<p class=\"MsoNormal\" style=\"margin: 0cm 0cm 0pt\">\u00a0<\/p>\n<p class=\"MsoNormal\" style=\"margin: 0cm 0cm 0pt\"><span style=\"font-family: Times New Roman; color: #000000; font-size: small;\">T\u00fcrkiye\u2019yi 12 Eyl\u00fcl\u2019e g\u00f6t\u00fcren s\u00fcrecin hikayesi bu k\u0131sa yaz\u0131ya s\u0131\u011fmayacak kadar uzun. Emperyalizm\u2019e ba\u011f\u0131ml\u0131 bir \u00fclke. S\u0131n\u0131rl\u0131 toplumsal haklar bile egemen \u00e7evreleri rahats\u0131z ediyor.Ne y\u00f6netilenler nede y\u00f6netenler memnun sistemden.Ekonomik darbo\u011faz geni\u015f kitleleri her g\u00fcn daha \u00e7ok yoksulla\u015ft\u0131r\u0131yor.Kitleselle\u015fen sivil muhalefet sistemi tehdit ediyor.\u0130\u015fte tamda bu noktada 24 ocak kararlar\u0131 devreye sokuluyor.Toplumsal faturas\u0131 olduk\u00e7a a\u011f\u0131r yeni bir ekonomi politika ile emek\u00e7iler bak\u0131m\u0131ndan kemerlerin s\u0131k\u0131ld\u0131\u011f\u0131 bir d\u00f6nem ba\u015fl\u0131yor.Ancak bu ekonomi politikan\u0131n uygulanabilirli\u011fi s\u0131n\u0131rl\u0131da olsa demokrasinin kurallar\u0131n\u0131n i\u015fledi\u011fi anayasal bir d\u00fczende olanakl\u0131 de\u011fil . Otoriter bir sistemde ancak <span>\u00a0<\/span>b\u00f6ylesi bir ekonomi politika s\u00fcrd\u00fcrebilirdi..Nitekim 24 ocak kararlar\u0131n\u0131n \u00fczerinden 6 ay ge\u00e7meden 12 Eyl\u00fcl askeri darbesi ger\u00e7ekle\u015ftirildi.12 Eyl\u00fcl rejimini me\u015frula\u015ft\u0131rmaya d\u00f6n\u00fck \u00f6ne s\u00fcr\u00fclen t\u00fcm gerek\u00e7eler ne hakl\u0131yd\u0131 nede ger\u00e7e\u011fi yans\u0131t\u0131yordu.Darbenin toplumsal sonu\u00e7lar\u0131 bunu t\u00fcm \u00e7\u0131plakl\u0131\u011f\u0131yla ortaya koyuyor.<\/span><\/p>\n<p><span style=\"font-family: Times New Roman; color: #000000; font-size: small;\">\u00a0<\/span><\/p>\n<p class=\"MsoNormal\" style=\"margin: 0cm 0cm 0pt\"><span style=\"font-size: small;\"><span style=\"color: #000000;\"><span style=\"font-family: Times New Roman;\"><span>\u00a0<\/span>Darbeyle birlikte t\u00fcm toplumsal haklar ask\u0131ya al\u0131nd\u0131.Temel hak ve \u00f6zg\u00fcrl\u00fckler rafa kald\u0131r\u0131ld\u0131.Yarg\u0131 ba\u011f\u0131ms\u0131zl\u0131\u011f\u0131,yarg\u0131 g\u00fcvencesi yok edildi, edebiyata, m\u00fczi\u011fe, resme, mizaha, sinemaya, bas\u0131na \u00f6zetle ya\u015fam\u0131n her alan\u0131na yasaklar egemen oldu.Devlet otoritesinin egemen oldu\u011fu,bu uygulamalara muhalefet eden herkesin devlet otoritesiyle kar\u015f\u0131 kar\u015f\u0131ya kald\u0131\u011f\u0131 koyu bir bask\u0131 ve gericilik d\u00f6nemi ba\u015flad\u0131\u2026.<\/span><\/span><\/span><\/p>\n<p><span style=\"font-family: Times New Roman; color: #000000; font-size: small;\">\u00a0<\/span><\/p>\n<p class=\"MsoNormal\" style=\"margin: 0cm 0cm 0pt\"><span style=\"font-family: Times New Roman; color: #000000; font-size: small;\">12 Eyl\u00fcl\u2019\u00fcn 26.y\u0131ld\u00f6n\u00fcm\u00fc nedeniyle 78\u2019liler derne\u011finin yay\u0131nlad\u0131\u011f\u0131 rapor<span>\u00a0 <\/span>bu ger\u00e7e\u011fi yans\u0131tan \u00e7arp\u0131c\u0131 \u00f6rneklerle dolu.<\/span><\/p>\n<p class=\"MsoNormal\" style=\"margin: 0cm 0cm 0pt\"><span style=\"font-family: Times New Roman; color: #000000; font-size: small;\">Rapor 12 eyl\u00fcl d\u00f6neminde;<\/span><\/p>\n<p class=\"MsoNormal\" style=\"margin: 0cm 0cm 0pt\"><span style=\"font-family: Times New Roman; color: #000000; font-size: small;\">650 bin ki\u015finin g\u00f6zalt\u0131na al\u0131nd\u0131\u011f\u0131,1 milyon 683 bin ki\u015finin fi\u015flendi\u011fi,230 bin ki\u015finin yarg\u0131land\u0131\u011f\u0131,7 bin ki\u015fi hakk\u0131nda idam istemiyle dava a\u00e7\u0131ld\u0131\u011f\u0131,517 ki\u015fiye idam karar\u0131 verildi\u011fi,49 ki\u015finin idam edildi\u011fi,14 bin ki\u015finin vatanda\u015fl\u0131ktan at\u0131ld\u0131\u011f\u0131 ve 30 bin ki\u015finin \u00fclkeyi terk etmek zorunda kalarak siyasi m\u00fclteci konumuna d\u00fc\u015ft\u00fc\u011f\u00fc<\/span><\/p>\n<p><span style=\"font-family: Times New Roman; color: #000000; font-size: small;\">\u00a0<\/span><\/p>\n<p class=\"MsoNormal\" style=\"margin: 0cm 0cm 0pt\"><span style=\"font-family: Times New Roman; color: #000000; font-size: small;\">Ayr\u0131ca ayn\u0131 d\u00f6nemde,<\/span><\/p>\n<p class=\"MsoNormal\" style=\"margin: 0cm 0cm 0pt\"><span style=\"font-family: Times New Roman; color: #000000; font-size: small;\">937 filmin yasakland\u0131\u011f\u0131, 23bin 667 derne\u011fin kapat\u0131ld\u0131\u011f\u0131,3 bin 854 \u00f6\u011fretmenin,120 \u00fcniversite \u00f6\u011fretim g\u00f6revlisinin ve 47 yarg\u0131 mensubunun g\u00f6revine son verildi\u011fi,7 bin 233 devlet memurunun s\u00fcrg\u00fcne g\u00f6nderildi\u011fi de yer al\u0131yor.<\/span><\/p>\n<p><span style=\"font-family: Times New Roman; color: #000000; font-size: small;\">\u00a0<\/span><\/p>\n<p class=\"MsoNormal\" style=\"margin: 0cm 0cm 0pt\"><span style=\"font-family: Times New Roman; color: #000000; font-size: small;\">\u0130\u015fte darbenin a\u011f\u0131r faturas\u0131\u2026..<\/span><\/p>\n<p class=\"MsoNormal\" style=\"margin: 0cm 0cm 0pt\"><span style=\"font-family: Times New Roman; color: #000000; font-size: small;\">Bunca a\u011f\u0131r faturay\u0131 topluma \u00f6dettiren darbeciler ise ad\u0131 ge\u00e7ici ama kendisi kal\u0131c\u0131 olan ge\u00e7ici 15. madde marifetiyle kendilerini g\u00fcvenceye almay\u0131 da<span>\u00a0 <\/span>unutmuyorlar.Bu nedenle \u00fczerinden 26 y\u0131l ge\u00e7mi\u015f olmas\u0131na kar\u015f\u0131n darbeciler hala yarg\u0131 \u00f6n\u00fcne \u00e7\u0131kar\u0131lamad\u0131.\u015eu bir ger\u00e7ek ki<\/span><\/p>\n<p class=\"MsoNormal\" style=\"margin: 0cm 0cm 0pt\"><span style=\"font-family: Times New Roman; color: #000000; font-size: small;\">12 Eyl\u00fcl Rejimi ile y\u00fczle\u015fmeden ne siyasetin normalle\u015fmesi nede demokrasinin yerli yerine oturmas\u0131 olanakl\u0131d\u0131r.<\/span><\/p>\n","protected":false},"excerpt":{"rendered":"<p>YARGILANMAYI BEKLEYEN B\u0130R D\u00d6NEM&#8230; \u00a0 Bug\u00fcn 12 Eyl\u00fcl darbesinin 26.y\u0131ld\u00f6n\u00fcm\u00fc.\u00dclkenin toplumsal ve siyasal ya\u015fam\u0131nda derin izler b\u0131rakan ,etkisini bug\u00fcnde hala&#46;&#46;&#46;<\/p>\n","protected":false},"author":17,"featured_media":0,"comment_status":"closed","ping_status":"closed","sticky":false,"template":"","format":"standard","meta":{"_jetpack_memberships_contains_paid_content":false,"footnotes":""},"categories":[51],"tags":[],"class_list":["post-2866","post","type-post","status-publish","format-standard","hentry","category-ecz-rafet-sahin"],"aioseo_notices":[],"jetpack_featured_media_url":"","jetpack_sharing_enabled":true,"jetpack-related-posts":[],"_links":{"self":[{"href":"http:\/\/www.ced.org.tr\/index.php?rest_route=\/wp\/v2\/posts\/2866","targetHints":{"allow":["GET"]}}],"collection":[{"href":"http:\/\/www.ced.org.tr\/index.php?rest_route=\/wp\/v2\/posts"}],"about":[{"href":"http:\/\/www.ced.org.tr\/index.php?rest_route=\/wp\/v2\/types\/post"}],"author":[{"embeddable":true,"href":"http:\/\/www.ced.org.tr\/index.php?rest_route=\/wp\/v2\/users\/17"}],"replies":[{"embeddable":true,"href":"http:\/\/www.ced.org.tr\/index.php?rest_route=%2Fwp%2Fv2%2Fcomments&post=2866"}],"version-history":[{"count":1,"href":"http:\/\/www.ced.org.tr\/index.php?rest_route=\/wp\/v2\/posts\/2866\/revisions"}],"predecessor-version":[{"id":4039,"href":"http:\/\/www.ced.org.tr\/index.php?rest_route=\/wp\/v2\/posts\/2866\/revisions\/4039"}],"wp:attachment":[{"href":"http:\/\/www.ced.org.tr\/index.php?rest_route=%2Fwp%2Fv2%2Fmedia&parent=2866"}],"wp:term":[{"taxonomy":"category","embeddable":true,"href":"http:\/\/www.ced.org.tr\/index.php?rest_route=%2Fwp%2Fv2%2Fcategories&post=2866"},{"taxonomy":"post_tag","embeddable":true,"href":"http:\/\/www.ced.org.tr\/index.php?rest_route=%2Fwp%2Fv2%2Ftags&post=2866"}],"curies":[{"name":"wp","href":"https:\/\/api.w.org\/{rel}","templated":true}]}}