{"id":2868,"date":"2006-11-01T16:13:29","date_gmt":"2006-11-01T14:13:29","guid":{"rendered":"http:\/\/www.ced.org.tr\/?p=2868"},"modified":"2014-05-21T01:39:19","modified_gmt":"2014-05-20T22:39:19","slug":"ilac-kurumu-yasa-tasarisi","status":"publish","type":"post","link":"http:\/\/www.ced.org.tr\/?p=2868","title":{"rendered":"\u0130LA\u00c7 KURUMU YASA TASARISI"},"content":{"rendered":"<div>\n<h3>\u0130LA\u00c7 KURUMU YASA TASARISI<\/h3>\n<\/div>\n<p>Son d\u00f6nemde AKP iktidar\u0131 eliyle ila\u00e7 ve sa\u011fl\u0131k sistemini \u00f6nemli \u00f6l\u00e7\u00fcde de\u011fi\u015ftiren yasa, kararname ve y\u00f6netmelik de\u011fi\u015flikleri g\u00fcndeme geliyor. K\u00fcresel sermayenin istemlerine uygun ve serbest piyasa ekonomisinin kurallar\u0131na g\u00f6re bi\u00e7imlendirilmi\u015f pek \u00e7ok d\u00fczenleme yap\u0131l\u0131yor.Ad\u0131m ad\u0131m \u00fclkenin ila\u00e7,eczac\u0131l\u0131k ve sa\u011fl\u0131k sistemi de\u011fi\u015ftiriliyor.Kamusal hizmet alanlar\u0131n\u0131n alt\u0131 bo\u015falt\u0131l\u0131yor.Temel ama\u00e7; toplumsal ihtiya\u00e7lara g\u00f6re de\u011fil, t\u00fcm\u00fcyle kar ve zarar hesab\u0131 \u00fczerinden s\u00fcrd\u00fcr\u00fclecek olan ila\u00e7 ve sa\u011fl\u0131k politikalar\u0131d\u0131r.\u0130lac\u0131n ve sa\u011fl\u0131\u011f\u0131n piyasala\u015fmas\u0131d\u0131r. Neo liberal politikalar\u0131n ila\u00e7 ve sa\u011fl\u0131k alan\u0131na yerle\u015fmesidir.<\/p>\n<p>G\u00fcndem de \u015fimdi de \u0130la\u00e7 Kurumu Yasa Tasar\u0131s\u0131 var. Sa\u011fl\u0131k Bakanl\u0131\u011f\u0131\u2019na ba\u011fl\u0131 olarak kurulacak olan \u2018\u00f6zerk!\u2019 ve \u00f6zel b\u00fct\u00e7eli \u2018T\u00fcrkiye \u0130la\u00e7 ve T\u0131bbi Cihaz Kurumu\u2019 eczanelerin sevk ve idaresi d\u0131\u015f\u0131nda (eczaneler Sa\u011fl\u0131k Bakanl\u0131\u011f\u0131\u2019n\u0131n yetkisinde kal\u0131yor) ila\u00e7la ilgili t\u00fcm d\u00fczenlemelerde, ila\u00e7 \u00fcretim ve da\u011f\u0131t\u0131m alan\u0131 da i\u00e7inde olmak \u00fczere, her t\u00fcrl\u00fc ruhsatland\u0131rma, varyasyon i\u015flemleri,\u00fcr\u00fcn \u00fcretim ve sat\u0131\u015f izin belgeleri,mesul m\u00fcd\u00fcrl\u00fck belgesi ve benzeri pek \u00e7ok i\u015flemde yetki sahibi olacak.2006 y\u0131l\u0131 fiyat tarifesine g\u00f6re; bir ila\u00e7 ruhsat\u0131ndan 12 bin 200 YTL , ruhsat ba\u015fvurusundan bin 100 YTL, ecza deposu ruhsat\u0131ndan bin 200 YTL ,varyasyon i\u015flemlerinden ise 100-500 YTL aras\u0131nda \u00fccret al\u0131n\u0131yor.Yeni tasar\u0131 ile bu gibi i\u015flemlerde fiyatland\u0131rma yetkisi \u0130la\u00e7 Kurumun da olacak.Ayr\u0131ca \u0130la\u00e7 Kurumu\u2019nun gelirleri aras\u0131nda ba\u011f\u0131\u015f, aidat ve benzeri gelirlerde olacak.<\/p>\n<p>B\u00fct\u00e7esi, g\u00f6rev ve sorumluluk alanlar\u0131yla dikkatleri \u00fczerinde toplayacak \u00f6zel b\u00fct\u00e7eli bir kurum olu\u015fturuluyor.\u2019\u00d6zerk!\u2019 oldu\u011fu ifade edilen bu kurum asl\u0131nda siyasi iktidar\u0131n denetiminde kuruluyor. \u0130la\u00e7 Kurumu siyasi iktidar\u0131n atayaca\u011f\u0131 bir m\u00fctevelli heyet taraf\u0131ndan idare edilecek.\u0130\u00e7inde sivil toplum \u00f6rg\u00fctlerine yer verilmeyen b\u00f6ylesi bir olu\u015fum, kendisini atayan siyasi iktidara, ba\u011fl\u0131 oldu\u011fu Sa\u011fl\u0131k Bakan\u0131\u2019na, b\u00fct\u00e7e gelirlerinin kayna\u011f\u0131n\u0131 olu\u015fturacak ila\u00e7 sekt\u00f6r\u00fcne kar\u015f\u0131 nas\u0131l \u00f6zerk! Olacak?<\/p>\n<p>\u0130la\u00e7 ve sa\u011fl\u0131k alan\u0131yla ilgili yasalarla verilmi\u015f yetkilerini, \u00f6zel b\u00fct\u00e7eli bir kuruma devretmekte en ufak bir teredd\u00fct dahi ge\u00e7irmeyen Sa\u011fl\u0131k Bakan\u0131\u2019n\u0131n, 6197 say\u0131l\u0131 Eczac\u0131lar ve Eczaneler Hakk\u0131nda ki Yasa Tasar\u0131s\u0131n\u0131 haz\u0131rlarken 47 Eczac\u0131 Odas\u0131\u2019n\u0131n muvazaa ile ilgili yetki ve sorumluluk taleplerine \u00fcstelikte s\u00f6z verdi\u011fi halde eski yasada yok gerek\u00e7esinin arkas\u0131na s\u0131\u011f\u0131narak yer vermemesini nas\u0131l yorumlamal\u0131y\u0131z.Bu tutum Sa\u011fl\u0131k Bakan\u0131\u2019n\u0131n ve AKP iktidar\u0131n\u0131n demokrasiyi hazmetme kapasitesini g\u00f6steren pek \u00e7ok \u00f6rnekten biridir!<\/p>\n<p>\u0130la\u00e7 Kurumu Yasa Tasar\u0131s\u0131\u2019n\u0131n yasala\u015fmas\u0131 ile birlikte;<br \/>-1262 Say\u0131l\u0131 \u0130spen\u00e7iyari ve T\u0131bbi M\u00fcstahzarlar Yasas\u0131<br \/>-767 Say\u0131l\u0131 T\u00fcrk Kodeks Yasas\u0131<br \/>-5324 Say\u0131l\u0131 Kozmetik Yasas\u0131<br \/>-984 Say\u0131l\u0131 Ecza Ticarethaneleri Yasas\u0131<br \/>-3359 Say\u0131l\u0131 Sa\u011fl\u0131k Hizmetleri Temel Yasas\u0131\u2019n\u0131n 3 \u00fcnc\u00fc maddesinin \u2018k\u2019 bendi y\u00fcr\u00fcrl\u00fckten kalkacak.<\/p>\n<p>Sa\u011fl\u0131k Hizmetleri Temel Yasas\u0131\u2019n\u0131n 3 \u00fcnc\u00fc maddesinin \u2018k\u2019 bendi \u2018koruyucu, te\u015fhis, tedavi ve rehabilite edici hizmetlerde kullan\u0131lan ila\u00e7,a\u015f\u0131,serum ve benzeri biyolojik maddelerin, kozmetiklerin ve bunlar\u0131n \u00fcretiminde kullan\u0131lan ham ve yard\u0131mc\u0131 maddelerin ithal,ihra\u00e7,\u00fcretim,da\u011f\u0131t\u0131m ve t\u00fcketimini d\u00fczenleme yetkisini Sa\u011fl\u0131k Bakanl\u0131\u011f\u0131\u2019na veriyordu.Tasar\u0131yla bu yetki \u0130la\u00e7 Kurumu\u2019na devredilecek.Daha da \u00f6nemlisi; kamu sa\u011fl\u0131\u011f\u0131n\u0131 koruyan ve \u2018Be\u015feri t\u0131bbi \u00fcr\u00fcnlerin t\u00fcketiciye uygun ko\u015fullarda ula\u015fmas\u0131n\u0131 sa\u011flayan \u2018 1262 Say\u0131l\u0131 Yasan\u0131n y\u00fcr\u00fcrl\u00fckten kalkacak olmas\u0131d\u0131r.<\/p>\n<p>1262 Say\u0131l\u0131 Yasa;<br \/>\u0130la\u00e7lar\u0131n eczaneler ve ecza depolar\u0131 d\u0131\u015f\u0131nda sat\u0131lmas\u0131n\u0131 ve ila\u00e7ta reklam\u0131 yasaklayan, ila\u00e7 fiyatlar\u0131n\u0131n kamu sa\u011fl\u0131\u011f\u0131 bak\u0131m\u0131ndan uygunlu\u011funu d\u00fczenleyen, Sa\u011fl\u0131k Bakan\u0131\u2019na ila\u00e7 fiyatlar\u0131n\u0131 tadil etme yetkisi veren ve bu nedenlerle y\u0131llarca ila\u00e7 sermaye \u00e7evrelerinin fiyat ve reklam serbestli\u011fi istemlerine engel olu\u015fturan bir yasad\u0131r. Zincir eczaneler, re\u00e7etesiz ila\u00e7lar\u0131n eczane d\u0131\u015f\u0131na \u00e7\u0131kar\u0131lmas\u0131, OTC\u2019nin tart\u0131\u015f\u0131ld\u0131\u011f\u0131 bir d\u00f6nemde 1262 Say\u0131l\u0131 Yasan\u0131n kald\u0131r\u0131lacak olmas\u0131 pek hayra alamet bir geli\u015fme de\u011fil!<\/p>\n<p>\u0130la\u00e7 ve sa\u011fl\u0131k alan\u0131 yeniden tan\u0131mlan\u0131yor. \u0130la\u00e7ta ve sa\u011fl\u0131kta serbest ticaretin \u00f6n\u00fcn\u00fc t\u00fcm\u00fcyle a\u00e7an \u2018Yeni bir ila\u00e7 ve sa\u011fl\u0131k d\u00fczeni\u2019 kuruluyor! Sermayenin hayr\u0131na, emek\u00e7ilerin,dar gelirlilerin, eme\u011fi ile ge\u00e7inen serbest meslek erbab\u0131n\u0131n ise pek hayr\u0131na olmayacak bir d\u00fczen!<br \/>\u00d6yle g\u00f6r\u00fcn\u00fcyor ki; \u0130la\u00e7 Kurumu da bu d\u00fczenin di\u015flilerinden biri olacak.<\/p>\n","protected":false},"excerpt":{"rendered":"<p>\u0130LA\u00c7 KURUMU YASA TASARISI Son d\u00f6nemde AKP iktidar\u0131 eliyle ila\u00e7 ve sa\u011fl\u0131k sistemini \u00f6nemli \u00f6l\u00e7\u00fcde de\u011fi\u015ftiren yasa, kararname ve y\u00f6netmelik&#46;&#46;&#46;<\/p>\n","protected":false},"author":17,"featured_media":0,"comment_status":"closed","ping_status":"closed","sticky":false,"template":"","format":"standard","meta":{"_jetpack_memberships_contains_paid_content":false,"footnotes":""},"categories":[51],"tags":[],"class_list":["post-2868","post","type-post","status-publish","format-standard","hentry","category-ecz-rafet-sahin"],"aioseo_notices":[],"jetpack_featured_media_url":"","jetpack_sharing_enabled":true,"jetpack-related-posts":[],"_links":{"self":[{"href":"http:\/\/www.ced.org.tr\/index.php?rest_route=\/wp\/v2\/posts\/2868","targetHints":{"allow":["GET"]}}],"collection":[{"href":"http:\/\/www.ced.org.tr\/index.php?rest_route=\/wp\/v2\/posts"}],"about":[{"href":"http:\/\/www.ced.org.tr\/index.php?rest_route=\/wp\/v2\/types\/post"}],"author":[{"embeddable":true,"href":"http:\/\/www.ced.org.tr\/index.php?rest_route=\/wp\/v2\/users\/17"}],"replies":[{"embeddable":true,"href":"http:\/\/www.ced.org.tr\/index.php?rest_route=%2Fwp%2Fv2%2Fcomments&post=2868"}],"version-history":[{"count":1,"href":"http:\/\/www.ced.org.tr\/index.php?rest_route=\/wp\/v2\/posts\/2868\/revisions"}],"predecessor-version":[{"id":4033,"href":"http:\/\/www.ced.org.tr\/index.php?rest_route=\/wp\/v2\/posts\/2868\/revisions\/4033"}],"wp:attachment":[{"href":"http:\/\/www.ced.org.tr\/index.php?rest_route=%2Fwp%2Fv2%2Fmedia&parent=2868"}],"wp:term":[{"taxonomy":"category","embeddable":true,"href":"http:\/\/www.ced.org.tr\/index.php?rest_route=%2Fwp%2Fv2%2Fcategories&post=2868"},{"taxonomy":"post_tag","embeddable":true,"href":"http:\/\/www.ced.org.tr\/index.php?rest_route=%2Fwp%2Fv2%2Ftags&post=2868"}],"curies":[{"name":"wp","href":"https:\/\/api.w.org\/{rel}","templated":true}]}}