{"id":2869,"date":"2006-12-07T15:20:31","date_gmt":"2006-12-07T13:20:31","guid":{"rendered":"http:\/\/www.ced.org.tr\/?p=2869"},"modified":"2014-05-21T01:39:12","modified_gmt":"2014-05-20T22:39:12","slug":"6197nin-kirilan-ayaklari","status":"publish","type":"post","link":"http:\/\/www.ced.org.tr\/?p=2869","title":{"rendered":"6197&#8217;nin KIRILAN AYAKLARI"},"content":{"rendered":"<h3><strong>6197\u2019nin KIRILAN AYAKLARI<span> <\/span><\/strong><\/h3>\n<p>27- 28 Temmuz 2006 tarihinde Ankara\u2019da toplanan Geni\u015fletilmi\u015f Ba\u015fkanlar Dan\u0131\u015fma Kurulu Toplant\u0131s\u0131\u2019nda, eczan\u0131 odalar\u0131 ba\u015fkan ve y\u00f6neticileri, 6197 say\u0131l\u0131 Eczac\u0131lar ve Eczaneleri hakk\u0131ndaki Yasa Tasars\u0131 ile ilgili g\u00f6r\u00fc\u015flerini ortak bir bildirgeyle imza alt\u0131na alm\u0131\u015flard\u0131.<\/p>\n<p><span>\u00a0\u00a0\u00a0 <\/span>47 oda ba\u015fkan\u0131 ve y\u00f6neticilerinin, TEB Merkez Heyeti Ba\u015fkan ve \u00fcyelerinin imzas\u0131n\u0131 ta\u015f\u0131yan bir bildirge \u00fc\u00e7 temel ayak \u00fczerine oturuyordu.<\/p>\n<p class=\"MsoNormal\"><span>\u00a0 <\/span>Eczac\u0131 odalar\u0131 ve temsil etti\u011fi 22 bin eczac\u0131 ad\u0131na olmazsa olmazlar\u0131m\u0131z\u0131 olu\u015fturan bu temel kurallar bir bak\u0131ma eczac\u0131lar\u0131n k\u0131rm\u0131z\u0131 \u00e7izgileriydi.<\/p>\n<p class=\"MsoNormal\" style=\"margin-left: 36pt; text-indent: -18pt\">Ortak delegasyonda alt\u0131 \u00e7izilen bu <span>\u00a0<\/span>k\u0131rm\u0131z\u0131 \u00e7izgiler :<span><br \/><\/span><\/p>\n<p class=\"MsoNormal\" style=\"margin-left: 36pt; text-indent: -18pt\"><span><strong>&#8211;<\/strong><\/span><strong>Serbest eczaneler, eczac\u0131l\u0131k yapma hakk\u0131na sahip bir eczac\u0131n\u0131n sahip sorumlu m\u00fcd\u00fcrl\u00fc\u011f\u00fcnde ancak a\u00e7\u0131labilir.<\/strong><\/p>\n<p class=\"MsoNormal\" style=\"margin-left: 36pt; text-indent: -18pt\"><span><strong>&#8211;<\/strong><\/span><strong>Ortakl\u0131k gerek\u00e7e g\u00f6stererek tek ya da \u00e7ok ortakl\u0131 muvazaal\u0131 eczanelere, \u015firket eczanelere ve zincir eczanelere izin verilemez.<\/strong><\/p>\n<p class=\"MsoNormal\" style=\"margin-left: 36pt; text-indent: -18pt\"><span><strong>&#8211;<\/strong><\/span><strong>Serbest eczanelerin a\u00e7\u0131lmas\u0131 ve denetimiyle ilgili eczac\u0131 odalar\u0131na yetki ve sorumluluk verilmelidir.<\/strong><\/p>\n<p class=\"MsoNormal\">\u00dczerinde antak kal\u0131nan bu g\u00f6r\u00fc\u015fler, 15 A\u011fustos 2006 tarihinde oda ba\u015fkanlar\u0131n\u0131n Sa\u011fl\u0131k Bakanl\u0131\u011f\u0131n\u0131 ziyaretinde, Sa\u011fl\u0131k Bakan\u0131\u2019yla da payla\u015f\u0131lm\u0131\u015f, yasa tasar\u0131s\u0131n\u0131n bu ilkeler do\u011frultusunda \u00e7\u0131kar\u0131laca\u011f\u0131na dair s\u00f6z al\u0131nm\u0131\u015ft\u0131. Ve biz \u00c7a\u011fda\u015f Eczac\u0131 b\u00fcltenin de bu \u201ctarihi an\u0131n\u201d resmini yay\u0131nlam\u0131\u015f ve toplant\u0131 sonucunu siz de\u011ferli meslekta\u015flar\u0131m\u0131zla payla\u015fm\u0131\u015ft\u0131k.<\/p>\n<p class=\"MsoNormal\"><span>\u00a0\u00a0 <\/span>O g\u00fcnden bug\u00fcne, 6197 say\u0131l\u0131 Yasa Tasar\u0131s\u0131 ile ilgili hangi \u00f6nemli geli\u015fmeler ya\u015fand\u0131, onu bilmiyoruz. Bildi\u011fimiz tek \u015fey, Bakanlar Kurulu\u2019nun \u00f6n\u00fcne gelen Sa\u011fl\u0131k Bakanl\u0131\u011f\u0131 tasla\u011f\u0131nda verilen s\u00f6zlerin tutulmad\u0131\u011f\u0131d\u0131r.<\/p>\n<p class=\"MsoNormal\"><span>\u00a0\u00a0 <\/span><span>\u00a0<\/span>Bakanlar Kurulu\u2019nun g\u00fcndemine ta\u015f\u0131nan taslak iki \u00f6nemli aya\u011f\u0131 eksik bir yasa tasar\u0131s\u0131d\u0131r.<span>\u00a0\u00a0\u00a0 <\/span>Yeni yasa tasar\u0131s\u0131nda eczane a\u00e7\u0131lma s\u00fcrecinde eczac\u0131 odalar\u0131 devre d\u0131\u015f\u0131 b\u0131rak\u0131lm\u0131\u015ft\u0131r. Bunun anlam\u0131; muvazaal\u0131 eczanelerin a\u00e7\u0131lmas\u0131 ve denetimi s\u00fcrecinde eczac\u0131 odalar\u0131n\u0131n bay pas edilmesidir.<\/p>\n<p class=\"MsoNormal\"><span>\u00a0<\/span><span>\u00a0 <\/span>\u015eimdi 6197 say\u0131l\u0131 Yasa Tasar\u0131s\u0131 k\u0131r\u0131lan ayaklar\u0131 \u00fczerinde duruyor! Tasar\u0131 bu \u015fekli ile yasala\u015ft\u0131\u011f\u0131nda eczac\u0131lar bak\u0131m\u0131ndan olas\u0131 tehlike devam edecektir.<\/p>\n<p class=\"MsoNormal\"><span>\u00a0<\/span><span>\u00a0<\/span>\u00c7a\u011fda\u015f Eczac\u0131 dergisi\u2019nin 2. say\u0131s\u0131nda olas\u0131 bir senaryodan da s\u00f6z etmi\u015f: Serbest eczane pazar\u0131nda etkinlik kurmak isteyen Sermaye \u00c7evrelerinin, muvazaal\u0131 eczane sahibi \u00e7evrelerin, 6197 say\u0131l\u0131 yasa tasar\u0131s\u0131 \u00fczerinden me\u015fruiyet \u00e7abas\u0131 i\u00e7inde olacaklar\u0131n\u0131 ve buna ba\u011fl\u0131 olarak:<\/p>\n<p class=\"MsoNormal\">&#8211; <strong>Ko\u015fullar\u0131n\u0131 olgunla\u015ft\u0131rabilirlerse sahipli\u011fini bir sermaye sahibinin ya da grubunun yapt\u0131\u011f\u0131 eczac\u0131n\u0131n ise sadece sorumluluk sahibi oldu\u011fu bir serbest eczane modeline yasal zemin haz\u0131rlamak bu yolla tek yada \u00e7ok ortakl\u0131 muvazaal\u0131 eczane modelini yasalla\u015ft\u0131rmak.<\/strong><\/p>\n<p class=\"MsoNormal\"><strong>-Ba\u015faramad\u0131klar\u0131nda ise; eczac\u0131 odalar\u0131n\u0131n devre d\u0131\u015f\u0131 b\u0131rak\u0131ld\u0131\u011f\u0131, eczane a\u00e7\u0131lma s\u00fcrecinin sadece Sa\u011fl\u0131k Bakanl\u0131\u011f\u0131 ve b\u00fcrokratlar\u0131n kontrol\u00fcnde, y\u00fcr\u00fcyen bir modeli ger\u00e7ekle\u015ftirmek \u00fczere, 6197 Say\u0131l\u0131 Yasa Tasar\u0131s\u0131n\u0131n yasalla\u015fma s\u00fcrecinde etkin olmak i\u00e7in \u00e7aba g\u00f6stereceklerinin alt\u0131n\u0131 \u00e7izmi\u015ftik.<\/strong><\/p>\n<p class=\"MsoNormal\"><span>\u00a0<\/span><span>\u00a0<\/span>Bakanlar Kurulu\u2019nun \u00f6n\u00fcne gelen tasar\u0131 bu y\u00f6nde ki kayg\u0131lar\u0131m\u0131z\u0131 art\u0131ran bir tasar\u0131d\u0131r. Sa\u011fl\u0131k Bakan\u0131 verdi\u011fi s\u00f6ze ra\u011fmen eczac\u0131 odalar\u0131n\u0131n baypas edilmesini \u201ceczac\u0131 odalar\u0131n\u0131n yetkisi eski yasada da yoktu\u201d diyerek sorunu ge\u00e7i\u015ftirmek istiyor. \u00c7\u0131kar\u0131lacak bir y\u00f6netmelikle bu durumun d\u00fczeltilebilece\u011fini s\u00f6yl\u00fcyor.<\/p>\n<p class=\"MsoNormal\">\u0130lgin\u00e7 olan iktidarla ayn\u0131 dili konu\u015fmay\u0131 ve uyumu temel bir politika haline getiren TEB Merkez Heyetinin de bu s\u00f6yleme ortak olmas\u0131d\u0131r!<\/p>\n<p class=\"MsoNormal\"><span>\u00a0<\/span>Eski yasan\u0131n arkas\u0131na s\u0131\u011f\u0131n\u0131larak eczac\u0131 odalar\u0131n\u0131n yetki talebinin g\u00f6z ard\u0131 edilmesi do\u011fru bir tutum de\u011fil. Kald\u0131 ki bug\u00fcnk\u00fc iktidar ge\u00e7mi\u015fin t\u00fcm eksikliklerini ve hatalar\u0131n\u0131 eski siyasi iktidarlara fatura ederek, toplumun g\u00fcvenini bu yolla sa\u011flayarak iktidara geldi. Demokrat ve payla\u015f\u0131mc\u0131 bir iktidar oldu\u011funu s\u00f6yledi.<\/p>\n<p class=\"MsoNormal\"><span>\u00a0<\/span><span>\u00a0\u00a0 <\/span>Sivil toplum \u00f6rg\u00fctleri ile yetki payla\u015f\u0131m\u0131 demokrasinin bir gere\u011fi de\u011fil mi?<\/p>\n<p class=\"MsoNormal\">Gelinen noktada biz eczac\u0131lara bizi temsil eden eczac\u0131 odalar\u0131na b\u00fcy\u00fck sorumluluklar d\u00fc\u015f\u00fcyor. Bu \u00fclkede y\u00f6netmeliklerle sa\u011flanan haklar\u0131n hi\u00e7bir g\u00fcvencesinin olmad\u0131\u011f\u0131n\u0131 biliyoruz.<\/p>\n<p class=\"MsoNormal\">Eczane a\u00e7\u0131lma s\u00fcrecinde ve muvazaa ile m\u00fccadele de \u201ceczac\u0131 odalar\u0131na yetki ve sorumluluk verilmesi\u201d ve bu hakk\u0131n yasa ile sa\u011flanmas\u0131 y\u00f6n\u00fcndeki talebimizi \u0131srarla ve \u0131srarla savunmal\u0131, demokratik m\u00fccadele ara\u00e7lar\u0131n\u0131 kullanarak bu s\u00fcrece \u00f6rg\u00fctl\u00fc bir \u015fekilde m\u00fcdahale etmeliyiz. .<\/p>\n<p class=\"MsoNormal\"><span>\u00a0 <\/span>Yar\u0131n \u00e7ok ge\u00e7 olabilir\u2026<\/p>\n","protected":false},"excerpt":{"rendered":"<p>6197\u2019nin KIRILAN AYAKLARI 27- 28 Temmuz 2006 tarihinde Ankara\u2019da toplanan Geni\u015fletilmi\u015f Ba\u015fkanlar Dan\u0131\u015fma Kurulu Toplant\u0131s\u0131\u2019nda, eczan\u0131 odalar\u0131 ba\u015fkan ve y\u00f6neticileri,&#46;&#46;&#46;<\/p>\n","protected":false},"author":17,"featured_media":0,"comment_status":"closed","ping_status":"closed","sticky":false,"template":"","format":"standard","meta":{"_jetpack_memberships_contains_paid_content":false,"footnotes":""},"categories":[51],"tags":[],"class_list":["post-2869","post","type-post","status-publish","format-standard","hentry","category-ecz-rafet-sahin"],"aioseo_notices":[],"jetpack_featured_media_url":"","jetpack_sharing_enabled":true,"jetpack-related-posts":[],"_links":{"self":[{"href":"http:\/\/www.ced.org.tr\/index.php?rest_route=\/wp\/v2\/posts\/2869","targetHints":{"allow":["GET"]}}],"collection":[{"href":"http:\/\/www.ced.org.tr\/index.php?rest_route=\/wp\/v2\/posts"}],"about":[{"href":"http:\/\/www.ced.org.tr\/index.php?rest_route=\/wp\/v2\/types\/post"}],"author":[{"embeddable":true,"href":"http:\/\/www.ced.org.tr\/index.php?rest_route=\/wp\/v2\/users\/17"}],"replies":[{"embeddable":true,"href":"http:\/\/www.ced.org.tr\/index.php?rest_route=%2Fwp%2Fv2%2Fcomments&post=2869"}],"version-history":[{"count":1,"href":"http:\/\/www.ced.org.tr\/index.php?rest_route=\/wp\/v2\/posts\/2869\/revisions"}],"predecessor-version":[{"id":4030,"href":"http:\/\/www.ced.org.tr\/index.php?rest_route=\/wp\/v2\/posts\/2869\/revisions\/4030"}],"wp:attachment":[{"href":"http:\/\/www.ced.org.tr\/index.php?rest_route=%2Fwp%2Fv2%2Fmedia&parent=2869"}],"wp:term":[{"taxonomy":"category","embeddable":true,"href":"http:\/\/www.ced.org.tr\/index.php?rest_route=%2Fwp%2Fv2%2Fcategories&post=2869"},{"taxonomy":"post_tag","embeddable":true,"href":"http:\/\/www.ced.org.tr\/index.php?rest_route=%2Fwp%2Fv2%2Ftags&post=2869"}],"curies":[{"name":"wp","href":"https:\/\/api.w.org\/{rel}","templated":true}]}}