{"id":2870,"date":"2006-12-21T12:00:37","date_gmt":"2006-12-21T10:00:37","guid":{"rendered":"http:\/\/www.ced.org.tr\/?p=2870"},"modified":"2014-05-21T01:39:07","modified_gmt":"2014-05-20T22:39:07","slug":"daha-adil-bir-protokol","status":"publish","type":"post","link":"http:\/\/www.ced.org.tr\/?p=2870","title":{"rendered":"DAHA AD\u0130L B\u0130R PROTOKOL"},"content":{"rendered":"<p class=\"MsoNormal\" style=\"margin: 0cm 0cm 0pt\"><span style=\"font-size: small;\"><span style=\"color: #000000;\"><span style=\"font-family: Times New Roman;\"><span>\u00a0<\/span><\/span><\/span><\/span><\/p>\n<p class=\"MsoNormal\" align=\"center\"><strong><span style=\"font-size: 11pt\">DAHA AD\u0130L B\u0130R PROTOKOL<\/span><\/strong><\/p>\n<p class=\"MsoNormal\"><strong><span style=\"font-size: 11pt\">\u00a0<span>\u00a0\u00a0\u00a0\u00a0\u00a0\u00a0\u00a0\u00a0\u00a0\u00a0\u00a0 <\/span><\/span><\/strong><span style=\"font-size: 11pt\">Her y\u0131l kamu kurumlar\u0131n\u0131n ila\u00e7 al\u0131m ko\u015fullar\u0131 TEB ile Maliye Bakanl\u0131\u011f\u0131 aras\u0131nda imzalanan bir protokol marifetiyle d\u00fczenlenir. 2005 y\u0131l\u0131na kadar yap\u0131lan s\u00f6zle\u015fmeler hep bilinen i\u00e7erik ve ko\u015fullarda ger\u00e7ekle\u015fti.<\/span><\/p>\n<p class=\"MsoNormal\"><span style=\"font-size: 11pt\"><span>\u00a0\u00a0\u00a0\u00a0\u00a0\u00a0\u00a0\u00a0\u00a0\u00a0\u00a0 <\/span>2005 y\u0131l\u0131 \u201cyeni bir protokol\u201d imzalanmas\u0131 bak\u0131m\u0131ndan bir ba\u015flang\u0131\u00e7 SSK\u2019n\u0131n Sa\u011fl\u0131k Bakanl\u0131\u011f\u0131na devri ve SSK\u2019l\u0131 hastalar\u0131n ila\u00e7lar\u0131n\u0131n serbest eczanelerden kar\u015f\u0131lanmas\u0131n\u0131n g\u00fcndeme gelmesi imzalanan protokol\u00fcn rutin bir protokol olmaktan \u00e7\u0131kard\u0131. SSK\u2019n\u0131n ihale sistemi ile ila\u00e7 almas\u0131 ila\u00e7 \u015firketlerinden % 30-40\u2019lara varan iskontolar\u0131n al\u0131nmas\u0131 ve benzeri uygulamalar Maliye Bakanl\u0131\u011f\u0131 ile TEB aras\u0131nda yap\u0131lan protokol\u00fcn taraflar\u0131n\u0131 bir anda de\u011fi\u015ftirdi. \u00c7ok tarafl\u0131 yeni bir protokol ger\u00e7e\u011fi ortaya \u00e7\u0131kt\u0131.<\/span><\/p>\n<p class=\"MsoNormal\"><span style=\"font-size: 11pt\"><span>\u00a0\u00a0\u00a0\u00a0\u00a0\u00a0\u00a0\u00a0\u00a0\u00a0\u00a0 <\/span>Maliye Bakanl\u0131\u011f\u0131 yeni s\u00f6zle\u015fme d\u00f6neminde ila\u00e7 sekt\u00f6r\u00fcn\u00fc olu\u015fturan t\u00fcm taraflardan kamu kurumlar\u0131na iskonto yap\u0131lmas\u0131n\u0131 istiyordu. Kimdi bu taraflar; \u0130la\u00e7 firmalar\u0131, ila\u00e7 da\u011f\u0131t\u0131m kanallar\u0131 ve eczaneler.<\/span><\/p>\n<p class=\"MsoNormal\"><span style=\"font-size: 11pt\"><span>\u00a0\u00a0\u00a0\u00a0\u00a0\u00a0\u00a0\u00a0\u00a0\u00a0\u00a0 <\/span>Taraflar\u0131n yapaca\u011f\u0131 iskonto oranlar\u0131 \u00fczerinde aylarca s\u00fcren tart\u0131\u015fmalar yap\u0131ld\u0131. Bu tart\u0131\u015fmalar s\u00fcrecinde protokol tasla\u011f\u0131ndaki iskonto oranlar\u0131nda gelgitler ya\u015fand\u0131. Y\u00fczde 1 iskonto yapmas\u0131 \u00f6ng\u00f6r\u00fclen ila\u00e7 da\u011f\u0131t\u0131m kanallar\u0131 iktidar\u0131n deste\u011fine mazhar olup, otomatik olarak devre d\u0131\u015f\u0131 kal\u0131nca geriye taraf olarak ila\u00e7 firmalar\u0131 ve eczaneler kal\u0131yordu!<\/span><\/p>\n<p class=\"MsoNormal\"><span style=\"font-size: 11pt\"><span>\u00a0\u00a0\u00a0\u00a0\u00a0\u00a0\u00a0\u00a0\u00a0\u00a0\u00a0 <\/span>Birbirini kovalayan pazarl\u0131klar sonucunda eczac\u0131lar i\u00e7in 3,5 iskonto, ila\u00e7 firmalar\u0131 i\u00e7inse y\u00fczde 4 ile 11 aras\u0131nda de\u011fi\u015fen iskonto oran\u0131nda uzla\u015f\u0131ld\u0131.\u00a0<\/span><\/p>\n<p class=\"MsoNormal\" style=\"margin-left: 36pt; text-indent: -18pt\"><strong><span style=\"font-size: 11pt\">\u0130skonto Oranlar\u0131<\/span><\/strong><\/p>\n<p class=\"MsoNormal\" style=\"margin-left: 36pt; text-indent: -18pt\"><span style=\"font-size: 11pt\"><span><strong>&#8211; <\/strong><\/span><\/span><strong><span style=\"font-size: 11pt\">T\u00fcm jenerik ila\u00e7larda % 11<\/span><\/strong><\/p>\n<p class=\"MsoNormal\" style=\"margin-left: 36pt; text-indent: -18pt\"><span style=\"font-size: 11pt\"><span><strong>&#8211; <\/strong><\/span><\/span><strong><span style=\"font-size: 11pt\">6 tam y\u0131l\u0131n\u0131 doldurmam\u0131\u015f orijinal ila\u00e7larda % 4<\/span><\/strong><\/p>\n<p class=\"MsoNormal\" style=\"margin-left: 18pt\"><span style=\"font-size: 11pt\"><span><strong>&#8211; <\/strong><\/span><\/span><strong><span style=\"font-size: 11pt\">6 ya\u015f\u0131ndan b\u00fcy\u00fck orijinal ila\u00e7larda %11<\/span><\/strong><\/p>\n<p class=\"MsoNormal\" style=\"margin-left: 18pt\"><span style=\"font-size: 11pt\"><span><strong>&#8211; <\/strong><\/span><\/span><strong><span style=\"font-size: 11pt\">Perakende sat\u0131\u015f fiyat\u0131 3,24 YTL ve daha az olanlarda ise %4 olarak kararla\u015ft\u0131r\u0131ld\u0131.<\/span><\/strong><br \/><span style=\"font-size: 11pt\">\u00a0<\/span><\/p>\n<p class=\"MsoNormal\"><span style=\"font-size: 11pt\"><span>\u00a0\u00a0\u00a0\u00a0\u00a0\u00a0\u00a0\u00a0\u00a0\u00a0\u00a0 <\/span>Bu uygulama ile aktif 4550 ilac\u0131n y\u00fczde 93,54\u2019d\u00fc yani 3906 ila\u00e7 iskonto kapsam\u0131na al\u0131n\u0131yordu.<\/span><\/p>\n<p class=\"MsoNormal\"><span style=\"font-size: 11pt\"><span>\u00a0\u00a0\u00a0\u00a0\u00a0\u00a0\u00a0\u00a0\u00a0\u00a0\u00a0 <\/span>\u0130la\u00e7 firmalar\u0131n\u0131n yapaca\u011f\u0131 iskonto\u2019nun kimin taraf\u0131ndan denetlenece\u011fi, protokol ko\u015fullar\u0131nda iskonto yapmayan ila\u00e7 firmalar\u0131na ne gibi yapt\u0131r\u0131mlar\u0131n uygulanaca\u011f\u0131na ili\u015fkin bir h\u00fck\u00fcm yer almad\u0131\u011f\u0131 i\u00e7in fatura eczac\u0131lar\u0131n s\u0131rt\u0131nda kald\u0131. Yap\u0131lan t\u00fcm uyar\u0131lara ra\u011fmen ne TEB ne de Maliye Bakanl\u0131\u011f\u0131 bu sorunu \u00e7\u00f6zecek iradeyi g\u00f6steremedi!<\/span><\/p>\n<p class=\"MsoNormal\"><span style=\"font-size: 11pt\"><span>\u00a0\u00a0\u00a0\u00a0\u00a0\u00a0\u00a0\u00a0\u00a0\u00a0\u00a0 <\/span>Uygulama ile birlikte sorunlarda ba\u015flad\u0131. \u0130\u015fler planland\u0131\u011f\u0131 gibi y\u00fcr\u00fcmedi. \u0130la\u00e7 firmalar\u0131 s\u00f6z verdikleri gibi iskonto oranlar\u0131n\u0131 01.01.2005 tarihinden itibaren uygulamad\u0131lar. Her biri farkl\u0131 zamanda uygulad\u0131. Bir k\u0131s\u0131m ila\u00e7 firmalar\u0131 ise protokol kurallar\u0131n\u0131 ihlal ederek iskonto oranlar\u0131 ya hi\u00e7 yans\u0131tmad\u0131lar ya da d\u00fc\u015f\u00fck oranda yans\u0131tt\u0131lar \u00f6yle ki; y\u00fczde 11 iskonto yap\u0131lmas\u0131 gereken ila\u00e7lar 0 iskonto ile eczanelere g\u00f6nderildi. Uygulamada 0 ile 11 iskonto aral\u0131\u011f\u0131nda 57 \u00e7e\u015fit iskonto olu\u015ftu. Alt\u0131 ya\u015f grubu ila\u00e7larda haz\u0131rlanm\u0131\u015f bir liste olmad\u0131\u011f\u0131 i\u00e7in her firma bildi\u011fini okudu. En az 300-500 kalem ila\u00e7ta iskontolar ya hi\u00e7 yap\u0131lmad\u0131 ya da eksik yap\u0131ld\u0131. Ortaya \u00e7\u0131kan kaos\u2019un faturas\u0131n\u0131 da yine eczac\u0131lar \u00f6dedi.<\/span><\/p>\n<p class=\"MsoNormal\"><span style=\"font-size: 11pt\"><span>\u00a0\u00a0\u00a0\u00a0\u00a0\u00a0\u00a0\u00a0\u00a0\u00a0\u00a0 <\/span>Pazar\u0131n y\u00fcze 42\u2019ni olu\u015fturan ila\u00e7larda eczac\u0131lar Kamu kurumlar\u0131na ila\u00e7 firmalar\u0131ndan daha \u00e7ok iskonto yapmak zorunda kald\u0131lar.<\/span><\/p>\n<p class=\"MsoNormal\"><span style=\"font-size: 11pt\"><span>\u00a0\u00a0\u00a0\u00a0\u00a0\u00a0\u00a0\u00a0\u00a0\u00a0\u00a0 <\/span>SSK\u2019dan trilyonlarca liral\u0131k alaca\u011f\u0131n\u0131 tahsil edemeyen ila\u00e7 \u015firketleri 2005 y\u0131l\u0131 protokol\u00fc ile d\u00fcze \u00e7\u0131karken, kabak eczac\u0131lar\u0131n ba\u015f\u0131na patlad\u0131. 2005 y\u0131l\u0131 protokol\u00fc eczac\u0131lar i\u00e7in tam bir fiyasko oldu. Ayr\u0131ca kazan\u0131lm\u0131\u015f haklara d\u00f6n\u00fck ciddi hak kay\u0131plar\u0131 da g\u00fcndeme geldi.<\/span><\/p>\n<p class=\"MsoNormal\"><span style=\"font-size: 11pt\"><span>\u00a0\u00a0\u00a0\u00a0\u00a0\u00a0\u00a0\u00a0\u00a0\u00a0\u00a0 <\/span>\u0130la\u00e7 fiyatlar\u0131 geri \u00e7ekilerek bu sorun \u00e7\u00f6z\u00fclebilirdi ve onca karma\u015fa ya\u015fanmazd\u0131.<\/span><br \/>\u00a0<\/p>\n<p class=\"MsoNormal\" align=\"center\"><span style=\"font-size: 11pt\"><strong>2006 YILI PROTOKOL\u00dc<\/strong><\/span><strong><span style=\"font-size: 11pt\">\u00a0<\/span><\/strong><\/p>\n<p class=\"MsoNormal\"><span style=\"font-size: 11pt\"><span>\u00a0\u00a0\u00a0\u00a0\u00a0\u00a0\u00a0\u00a0\u00a0\u00a0\u00a0 <\/span>2006 y\u0131l\u0131nda bu kez kademeli iskonto oran\u0131 protokol g\u00f6r\u00fc\u015fmelerine damgas\u0131n\u0131 vurdu.<\/span><\/p>\n<p class=\"MsoNormal\"><span style=\"font-size: 11pt\"><span>\u00a0\u00a0\u00a0\u00a0\u00a0\u00a0\u00a0\u00a0\u00a0\u00a0\u00a0 <\/span>Eczaneler Cumhuriyet tarihinde ilk kez cirolar\u0131na g\u00f6re kategorize edildiler. Yine aylarca s\u00fcren pazarl\u0131klar sonucunda eczaneler cirolar\u0131na g\u00f6re 4 grupta kategorize edildi.<\/span><\/p>\n<p class=\"MsoNormal\"><span style=\"font-size: 11pt\"><span>\u00a0\u00a0\u00a0\u00a0\u00a0\u00a0\u00a0\u00a0\u00a0\u00a0\u00a0 <\/span>Yap\u0131lan yeni d\u00fczenleme gere\u011fi eczane iskonto oranlar\u0131, 2005 y\u0131l\u0131 sat\u0131\u015f has\u0131lat\u0131 (KDV hari\u00e7) baz al\u0131narak; <\/span><\/p>\n<p class=\"MsoNormal\"><strong><span style=\"font-size: 11pt\">&#8211; 220.000 YTL.\u2019ye kadar olan eczaneler % 3<\/span><\/strong><\/p>\n<p class=\"MsoNormal\"><strong><span style=\"font-size: 11pt\">&#8211; 220.000 YTL. \u0130le 440.000 YTL. aral\u0131\u011f\u0131nda olan eczaneler % 3,5<\/span><\/strong><\/p>\n<p class=\"MsoNormal\"><strong><span style=\"font-size: 11pt\">&#8211; 440.000 YTL. ile 550.000 YTL. Aral\u0131\u011f\u0131nda olan eczaneler % 4<\/span><\/strong><\/p>\n<p class=\"MsoNormal\"><strong><span style=\"font-size: 11pt\">&#8211; 550.000 YTL. \u00dczerinde olan eczaneler ise % 4,5 olarak belirlendi<\/span><\/strong><\/p>\n<p class=\"MsoNormal\"><span style=\"font-size: 11pt\"><span>\u00a0 <\/span><span>\u00a0\u00a0\u00a0<\/span><span>\u00a0\u00a0\u00a0\u00a0\u00a0\u00a0 <\/span>Ve 2006 y\u0131l\u0131 protokol\u00fc imzaland\u0131; Ama s\u00f6zle\u015fme kurallar\u0131n\u0131 uygulamada, b\u00fct\u00e7e uygulama talimat\u0131n\u0131 yorumlamada yine her kurum kendi bildi\u011fini okudu. Emekli Sand\u0131\u011f\u0131 ayr\u0131, Ba\u011f-Kur ayr\u0131, SSK ise apayr\u0131 bir telden \u00e7almaya ba\u015flad\u0131.<\/span><\/p>\n<p class=\"MsoNormal\"><span style=\"font-size: 11pt\"><span>\u00a0\u00a0\u00a0\u00a0\u00a0\u00a0\u00a0\u00a0\u00a0\u00a0\u00a0 <\/span>Geri \u00f6deme sorunu b\u00fcy\u00fcyerek devam etti. Ye\u015fil kart uygulamas\u0131 serbest eczanelerin finanse etti\u011fi bir hizmete d\u00f6n\u00fc\u015ft\u00fc. Eczaneler Hilal-\u0131 Ahmer Cemiyeti gibi \u00e7al\u0131\u015fmaya ba\u015flad\u0131.<\/span><\/p>\n<p class=\"MsoNormal\"><span style=\"font-size: 11pt\"><span>\u00a0\u00a0\u00a0\u00a0\u00a0\u00a0\u00a0\u00a0\u00a0\u00a0\u00a0 <\/span>Serbest eczanelerden kar\u015f\u0131lanan SSK hizmeti ekonomik ve sosyal a\u00e7\u0131dan bir y\u0131k\u0131ma d\u00f6n\u00fc\u015ft\u00fc. <\/span><\/p>\n<p class=\"MsoNormal\" style=\"margin-left: 36pt; text-align: justify; text-indent: -18pt\"><span style=\"font-size: 11pt\"><span>\u00a0\u00a0\u00a0 <\/span>K\u00fc\u00e7\u00fck \u00f6l\u00e7ekli eczaneler i\u00e7in tam bir y\u0131k\u0131m oldu. Eczac\u0131 mesle\u011fini, ya\u015fam kalitesini daha da \u00f6nemlisi sa\u011fl\u0131\u011f\u0131n\u0131 kaybeder hale geldi.<\/span><br \/><span style=\"font-size: 11pt\"><\/span><\/p>\n<p class=\"MsoNormal\" style=\"margin-left: 36pt; text-align: justify; text-indent: -18pt\"><span style=\"font-size: 11pt\"><span><strong>&#8211;\u00a0 <\/strong><\/span><\/span><strong><span style=\"font-size: 11pt\">\u0130la\u00e7 te\u015fhisi yedi bela bir sorun haline geldi<\/span><\/strong><\/p>\n<p class=\"MsoNormal\" style=\"margin-left: 36pt; text-align: justify; text-indent: -18pt\"><span style=\"font-size: 11pt\"><span><strong>&#8211; <\/strong><\/span><\/span><strong><span style=\"font-size: 11pt\">Te\u015fhis uygulamas\u0131nda b\u0131rak\u0131n eczay\u0131, hekimleri bile \u00e7ileden \u00e7\u0131karan uygulamalar ve haks\u0131z kesintiler yap\u0131ld\u0131.<\/span><\/strong><\/p>\n<p class=\"MsoNormal\" style=\"margin-left: 36pt; text-align: justify; text-indent: -18pt\"><span style=\"font-size: 11pt\"><span><strong>&#8211;\u00a0 <\/strong><\/span><\/span><strong><span style=\"font-size: 11pt\">Re\u00e7ete te\u015fhisleri uygulamada tam bir trajediye d\u00f6n\u00fc\u015ft\u00fc<\/span><\/strong><\/p>\n<p class=\"MsoNormal\" style=\"margin-left: 36pt; text-align: justify; text-indent: -18pt\"><span style=\"font-size: 11pt\"><span><strong>&#8211;\u00a0 <\/strong><\/span><\/span><strong><span style=\"font-size: 11pt\">Sorunlu provizyon sistemi bir ba\u015fka trajedi..<\/span><\/strong><\/p>\n<p class=\"MsoNormal\" style=\"margin-left: 36pt; text-align: justify; text-indent: -18pt\"><span style=\"font-size: 11pt\"><span><strong>&#8211; <\/strong><\/span><\/span><strong><span style=\"font-size: 11pt\">\u00d6demeler, kesintiler neyin hangi d\u00f6neme ait oldu\u011funu bilmek deveye hendek atlatmaktan daha zor hale geldi.<\/span><\/strong><\/p>\n<p class=\"MsoNormal\" style=\"margin-left: 36pt; text-align: justify; text-indent: -18pt\"><strong><\/strong><span style=\"font-size: 11pt\"><span><strong>&#8211; <\/strong><\/span><\/span><strong><span style=\"font-size: 11pt\">Bir y\u0131l geriden gelen re\u00e7ete kontrolleri, kesintiler bundan kaynaklanan gecikmeli faiz uygulamalar\u0131n\u0131n faturalar\u0131n\u0131 da yine eczac\u0131lar \u00f6dedi.<\/span><\/strong><span style=\"font-size: 11pt\"><\/span><\/p>\n<p class=\"MsoNormal\" style=\"margin-left: 36pt; text-align: justify; text-indent: -18pt\"><span style=\"font-size: 11pt\"><span><strong>&#8211; <\/strong><\/span><\/span><strong><span style=\"font-size: 11pt\">Re\u00e7ete ve rapor eksiklikleri, al\u0131namayan ila\u00e7lar ise hasta ve hasta yak\u0131nlar\u0131n\u0131n pay\u0131na d\u00fc\u015fen uygulamalard\u0131<\/span><\/strong><span style=\"font-size: 11pt\">. <\/span><\/p>\n<p class=\"MsoNormal\"><span style=\"font-size: 11pt\">Geri \u00f6demeler ise sorun olmaya devam eti.<br \/>\u00a0<\/span><\/p>\n<p class=\"MsoNormal\" align=\"center\"><strong><span style=\"font-size: 11pt\">2007 YILI PROTOKOL\u00dc VE SORUNLAR\u00a0<\/span><\/strong><\/p>\n<p class=\"MsoNormal\"><span style=\"font-size: 11pt\"><span>\u00a0\u00a0\u00a0\u00a0\u00a0\u00a0\u00a0\u00a0\u00a0\u00a0\u00a0 <\/span>\u015eimdi. Sosyal G\u00fcvenlik Kurumu\u2019nun nal\u0131nc\u0131 keseri gibi her \u015feyi kendine yontu\u011fu bir mant\u0131k kurgusu \u00fczerine in\u015fa edilmi\u015f protokol tasla\u011f\u0131 var \u00f6n\u00fcm\u00fczde.<\/span><\/p>\n<p class=\"MsoNormal\"><span style=\"font-size: 11pt\"><span>\u00a0\u00a0\u00a0\u00a0\u00a0\u00a0\u00a0\u00a0\u00a0\u00a0\u00a0 <\/span>\u0130la\u00e7ta tasarrufu temel ama\u00e7 olarak hedefleyen, sa\u011fl\u0131\u011f\u0131 ikinci planda tutan bir anlay\u0131\u015f\u0131n \u00fcr\u00fcn\u00fc olarak g\u00fcndeme gelen bu protokol hem eczac\u0131n\u0131n sa\u011fl\u0131kl\u0131 bir ila\u00e7 hizmeti \u00fcretmesini, hem de vatanda\u015f\u0131n sa\u011fl\u0131kl\u0131 bir ila\u00e7 hizmeti almas\u0131n\u0131 engelleyecek bir protokol tasla\u011f\u0131d\u0131r.<\/span><\/p>\n<p class=\"MsoNormal\"><span style=\"font-size: 11pt\"><span>\u00a0\u00a0\u00a0\u00a0\u00a0\u00a0\u00a0\u00a0\u00a0\u00a0\u00a0 <\/span>2007 protokol tasla\u011f\u0131 hukuk devleti anlay\u0131\u015f\u0131na ters h\u00fck\u00fcmler ta\u015f\u0131maktad\u0131r. Protokol\u00fcn pek \u00e7ok maddesi s\u00f6zle\u015fme hukukuna ayk\u0131r\u0131l\u0131klar i\u00e7ermektedir.<\/span><\/p>\n<p class=\"MsoNormal\"><span style=\"font-size: 11pt\"><span>\u00a0\u00a0\u00a0\u00a0\u00a0\u00a0\u00a0\u00a0\u00a0\u00a0\u00a0 <\/span>Eczac\u0131 odalar\u0131nda bilgiye ve belgeye dayal\u0131 yaz\u0131l\u0131 belge isteyen, haks\u0131z karar veren eczac\u0131 odalar\u0131n\u0131 ve TEB\u2019ni yasal sorumluluklar alt\u0131na sokan bu protokol Sosyal G\u00fcvenlik Kurumu\u2019nun haks\u0131z ve hukuka ayk\u0131r\u0131 tasarruflar\u0131n\u0131 ise g\u00f6rmezden gelmektedir. <\/span><\/p>\n<p class=\"MsoNormal\" style=\"margin-left: 36pt; text-indent: -18pt\"><span style=\"font-size: 11pt\">Kurumun;<\/span><\/p>\n<p class=\"MsoNormal\" style=\"margin-left: 36pt; text-indent: -18pt\"><span style=\"font-size: 11pt\"><span><strong>&#8211;<\/strong> <\/span><\/span><strong><span style=\"font-size: 11pt\">Protokol h\u00fck\u00fcmlerine ayk\u0131r\u0131 davran\u0131\u015flar tespit etti\u011finde, yaz\u0131l\u0131 ihbarda bulunarak inceleme ve soru\u015fturma nedeni ile eczanenin \u00f6demelerini durdurabilmesi,<\/span><\/strong><\/p>\n<p class=\"MsoNormal\" style=\"margin-left: 36pt; text-indent: -18pt\"><span style=\"font-size: 11pt\"><span><strong>&#8211; <\/strong><\/span><\/span><strong><span style=\"font-size: 11pt\">Genel Sa\u011fl\u0131k sigortas\u0131 h\u00fck\u00fcmlerinin uygulanmas\u0131n\u0131 gerek\u00e7e g\u00f6stererek, eczanenin y\u00fcr\u00fctt\u00fc\u011f\u00fc hizmet ve i\u015flemler ile ilgili olarak defter, belge ve bilgileri inceleyebilmesi, ibraz\u0131n\u0131 isteyebilmesi,<\/span><\/strong><\/p>\n<p class=\"MsoNormal\" style=\"margin-left: 36pt; text-indent: -18pt\"><span style=\"font-size: 11pt\"><span><strong>&#8211;<\/strong> <\/span><\/span><strong><span style=\"font-size: 11pt\">Geciken re\u00e7ete kontrolleri nedeniyle ortaya \u00e7\u0131kacak kurum alacaklar\u0131n\u0131 eczaneye \u00f6deme yap\u0131ld\u0131\u011f\u0131 tarihten itibaren yasal faizi ile birlikte mahsup edilmesi,<\/span><\/strong><\/p>\n<p class=\"MsoNormal\" style=\"margin-left: 36pt; text-indent: -18pt\"><span style=\"font-size: 11pt\"><span><strong>&#8211;<\/strong> <\/span><\/span><strong><span style=\"font-size: 11pt\">Geciken re\u00e7ete kontrolleri nedeniyle tek kuru\u015f faiz \u00f6demeyen bir kurumun, kendi kurumsal eksikli\u011finin faturas\u0131n\u0131 faiz y\u00fck\u00fc olarak eczac\u0131ya ciro edilmesi,<\/span><\/strong><\/p>\n<p class=\"MsoNormal\" style=\"margin-left: 36pt; text-indent: -18pt\"><span style=\"font-size: 11pt\"><span><strong>&#8211; <\/strong><\/span><\/span><strong><span style=\"font-size: 11pt\">Eczac\u0131 odalar\u0131n\u0131n Sosyal G\u00fcvenlik Kurumu\u2019nun emir komutas\u0131 alt\u0131nda \u00e7al\u0131\u015fan \u00f6rg\u00fctler olarak g\u00f6r\u00fclmesi,<\/span><\/strong><span style=\"font-size: 11pt\"><span><strong><br \/><\/strong><\/span><\/span><\/p>\n<p class=\"MsoNormal\" style=\"margin-left: 36pt; text-indent: -18pt\"><span style=\"font-size: 11pt\"><span><strong>&#8211; <\/strong><\/span><\/span><strong><span style=\"font-size: 11pt\">Kurum a\u00e7\u0131s\u0131ndan giderilmesi g\u00fc\u00e7 kay\u0131plar\u0131n do\u011fma olas\u0131l\u0131\u011f\u0131n\u0131n bulunmas\u0131 durumunda protokol\u00fcn herhangi bir bildirimde bulunulmadan tek tarafl\u0131 olarak fesih edilmesinin,<\/span><\/strong><\/p>\n<p class=\"MsoNormal\" style=\"margin-left: 18pt\"><span style=\"font-size: 11pt\"><span>\u00a0\u00a0\u00a0\u00a0\u00a0 <\/span>\u0130ki tarafl\u0131 bir s\u00f6zle\u015fme hukuku i\u00e7inde yer almas\u0131 hukukla, demokrasiyle, hukuk devleti kavramlar\u0131yla a\u00e7\u0131klanabilir mi?<\/span><\/p>\n<p class=\"MsoNormal\" style=\"margin-left: 9pt; text-indent: 15pt\"><span style=\"font-size: 11pt\"><span>\u00a0\u00a0\u00a0 <\/span>Yarg\u0131s\u0131z infaz yap\u0131larak, hen\u00fcz inceleme a\u015famas\u0131nda eczane \u00f6demelerinin durdurulmas\u0131, Kurum a\u00e7\u0131s\u0131ndan giderilmesi g\u00fc\u00e7 kay\u0131plar\u0131n do\u011fma olas\u0131l\u0131\u011f\u0131 \u00fczerine protokol\u00fcn tek tarafl\u0131 olarak fesih edilmesi\u2026<\/span><\/p>\n<p class=\"MsoNormal\" style=\"margin-left: -9pt\"><span style=\"font-size: 11pt\"><span>\u00a0\u00a0\u00a0\u00a0\u00a0\u00a0\u00a0\u00a0\u00a0\u00a0\u00a0\u00a0\u00a0\u00a0 <\/span>Demokrasi ile y\u00f6netilen d\u00fcnyan\u0131n ka\u00e7 \u00fclkesinde yurtta\u015f\u0131na b\u00f6yle bir s\u00f6zle\u015fme metni <span>\u00a0\u00a0<\/span>dayat\u0131labilir ?<\/span><\/p>\n<p class=\"MsoNormal\"><span style=\"font-size: 11pt\"><span>\u00a0\u00a0\u00a0\u00a0\u00a0\u00a0\u00a0\u00a0\u00a0\u00a0\u00a0 <\/span>\u0130la\u00e7ta tasarrufun faturas\u0131n\u0131 eczac\u0131ya \u00f6detmek isteyen, s\u00f6zle\u015fme hukukuna, hukukun genel kurallar\u0131na ayk\u0131r\u0131 pek \u00e7ok h\u00fckm\u00fc i\u00e7eren ve eczac\u0131ya tek tarafl\u0131 olarak dayat\u0131lmak istenen bu protokol kabul edilemez.<\/span><\/p>\n<p class=\"MsoNormal\"><span style=\"font-size: 11pt\"><span>\u00a0\u00a0\u00a0\u00a0\u00a0\u00a0\u00a0\u00a0\u00a0\u00a0\u00a0 <\/span>Taraflar bak\u0131m\u0131ndan e\u015fit ve daha adil bir protokole ihtiya\u00e7 var. Eczac\u0131 taban\u0131n\u0131n beklentisi de bu y\u00f6ndedir.<\/span><\/p>\n<p class=\"MsoNormal\"><span style=\"font-size: 11pt\"><span>\u00a0\u00a0\u00a0\u00a0\u00a0\u00a0\u00a0\u00a0\u00a0\u00a0\u00a0 <\/span>TEB ve <span>\u00a0<\/span>eczac\u0131 odalar\u0131na d\u00fc\u015fen sorumluluk, bu beklentileri kar\u015f\u0131layacak politikalar \u00fcretmek ve eczan\u0131n hukukuna sahip \u00e7\u0131kmakt\u0131r. Buna uygun \u00f6rg\u00fctsel tutum ve davran\u0131\u015f i\u00e7inde olmakt\u0131r. <\/span><\/p>\n<p class=\"MsoNormal\"><span style=\"font-size: 11pt\"><span>\u00a0\u00a0\u00a0\u00a0\u00a0\u00a0\u00a0\u00a0\u00a0\u00a0\u00a0 <\/span>Umar\u0131z bu beklentilerimiz kar\u015f\u0131l\u0131\u011f\u0131n\u0131 bulur.<\/span><\/p>\n","protected":false},"excerpt":{"rendered":"<p>\u00a0 DAHA AD\u0130L B\u0130R PROTOKOL \u00a0\u00a0\u00a0\u00a0\u00a0\u00a0\u00a0\u00a0\u00a0\u00a0\u00a0\u00a0 Her y\u0131l kamu kurumlar\u0131n\u0131n ila\u00e7 al\u0131m ko\u015fullar\u0131 TEB ile Maliye Bakanl\u0131\u011f\u0131 aras\u0131nda imzalanan bir&#46;&#46;&#46;<\/p>\n","protected":false},"author":17,"featured_media":0,"comment_status":"closed","ping_status":"closed","sticky":false,"template":"","format":"standard","meta":{"_jetpack_memberships_contains_paid_content":false,"footnotes":""},"categories":[51],"tags":[],"class_list":["post-2870","post","type-post","status-publish","format-standard","hentry","category-ecz-rafet-sahin"],"aioseo_notices":[],"jetpack_featured_media_url":"","jetpack_sharing_enabled":true,"jetpack-related-posts":[],"_links":{"self":[{"href":"http:\/\/www.ced.org.tr\/index.php?rest_route=\/wp\/v2\/posts\/2870","targetHints":{"allow":["GET"]}}],"collection":[{"href":"http:\/\/www.ced.org.tr\/index.php?rest_route=\/wp\/v2\/posts"}],"about":[{"href":"http:\/\/www.ced.org.tr\/index.php?rest_route=\/wp\/v2\/types\/post"}],"author":[{"embeddable":true,"href":"http:\/\/www.ced.org.tr\/index.php?rest_route=\/wp\/v2\/users\/17"}],"replies":[{"embeddable":true,"href":"http:\/\/www.ced.org.tr\/index.php?rest_route=%2Fwp%2Fv2%2Fcomments&post=2870"}],"version-history":[{"count":1,"href":"http:\/\/www.ced.org.tr\/index.php?rest_route=\/wp\/v2\/posts\/2870\/revisions"}],"predecessor-version":[{"id":4026,"href":"http:\/\/www.ced.org.tr\/index.php?rest_route=\/wp\/v2\/posts\/2870\/revisions\/4026"}],"wp:attachment":[{"href":"http:\/\/www.ced.org.tr\/index.php?rest_route=%2Fwp%2Fv2%2Fmedia&parent=2870"}],"wp:term":[{"taxonomy":"category","embeddable":true,"href":"http:\/\/www.ced.org.tr\/index.php?rest_route=%2Fwp%2Fv2%2Fcategories&post=2870"},{"taxonomy":"post_tag","embeddable":true,"href":"http:\/\/www.ced.org.tr\/index.php?rest_route=%2Fwp%2Fv2%2Ftags&post=2870"}],"curies":[{"name":"wp","href":"https:\/\/api.w.org\/{rel}","templated":true}]}}