{"id":2871,"date":"2007-01-16T17:57:26","date_gmt":"2007-01-16T15:57:26","guid":{"rendered":"http:\/\/www.ced.org.tr\/?p=2871"},"modified":"2014-05-21T01:39:00","modified_gmt":"2014-05-20T22:39:00","slug":"duyacaklar-sesimizi","status":"publish","type":"post","link":"http:\/\/www.ced.org.tr\/?p=2871","title":{"rendered":"DUYACAKLAR SES\u0130M\u0130Z\u0130&#8230;"},"content":{"rendered":"<h3>\u00a0DUYACAKLAR SES\u0130M\u0130Z\u0130<\/h3>\n<p>Son \u00fc\u00e7 y\u0131ld\u0131r, AKP H\u00fck\u00fcmeti eliyle uygulanan ila\u00e7 ve sa\u011fl\u0131k politikalar\u0131n\u0131n sonucunda olduk\u00e7a sanc\u0131l\u0131 bir s\u00fcre\u00e7 ya\u015fad\u0131k. IMF talimatlar\u0131yla hayata ge\u00e7irilen ila\u00e7 ve sa\u011fl\u0131k politikalar\u0131 nedeniyle yurtta\u015f olarak, eczac\u0131 ve hekim olarak daha \u00e7ok \u00f6zveri istendi bizden.<span> <\/span><\/p>\n<p class=\"MsoNormal\" style=\"text-align: justify\">Ali Dibo\u2019lar deveyi havuduyla yutarken faturas\u0131n\u0131 biz \u00f6demek zorunda kald\u0131k. Ad\u0131na sa\u011fl\u0131kta d\u00f6n\u00fc\u015f\u00fcm diyorlard\u0131 ama elleri s\u00fcrekli cebimizdeydi. sosyal g\u00fcvenlik kurumlar\u0131n\u0131n a\u00e7\u0131klar\u0131n\u0131 bizden ald\u0131klar\u0131 katk\u0131larla sa\u011fl\u0131yorlar, sonra da bunu sosyal g\u00fcvenlik diye tarif ediyorlard\u0131. \u201cSosyal Devleti\u201d Genel Sa\u011fl\u0131k Sigortas\u0131 Yasas\u0131 ile, sa\u011fl\u0131kta \u00f6zelle\u015ftirmeler ile her g\u00fcn biraz daha t\u00fcketiyorlard\u0131.<span>\u00a0\u00a0 <\/span><\/p>\n<p class=\"MsoNormal\" style=\"text-align: justify\">A\u015f\u0131m\u0131zdan, ekme\u011fimizden tasarruf yapmam\u0131z\u0131 isteyenler, \u015fimdi de sa\u011fl\u0131\u011f\u0131m\u0131zdan tasarruf yapmam\u0131z\u0131 istiyorlard\u0131. Sa\u011fl\u0131kl\u0131 ya\u015fam hakk\u0131n\u0131n anayasal bir hak oldu\u011funu bize unutturmaya \u00e7al\u0131\u015f\u0131yorlard\u0131. Yeni ila\u00e7 ve sa\u011fl\u0131k politikalar\u0131 ate\u015ften g\u00f6mlekti,<span>\u00a0 <\/span>onu giymemizi istiyorlard\u0131. Yurtta\u015f olarak sorunlar\u0131m\u0131z vard\u0131. Tasarruf yapmak ad\u0131na ila\u00e7 al\u0131mlar\u0131na yeni s\u0131n\u0131rlamalar getiriliyordu. Eczac\u0131lar olarak sorunlar\u0131m\u0131z vard\u0131 ve sorunlara her g\u00fcn bir yenisi ekleniyordu.<span>\u00a0 <\/span><\/p>\n<p class=\"MsoNormal\" style=\"text-align: justify\">Dayat\u0131lan ila\u00e7 al\u0131m protokolleri, k\u00f6lelik anla\u015fmas\u0131 metinlerine benziyordu. Anti demokratik ve kat\u0131 kurallarla donat\u0131lm\u0131\u015f; nefes almam\u0131za bile izin vermiyorlard\u0131.\u00a0<\/p>\n<p class=\"MsoNormal\" style=\"text-align: justify\">\u00d6n\u00fcm\u00fczde buldu\u011fumuz yasa, y\u00f6netmelik, kararnamelerle ciddi hak kay\u0131plar\u0131na u\u011frad\u0131k. B\u00fcrokrasi, k\u0131rtasiye,<span>\u00a0 <\/span>s\u00fcrekli de\u011fi\u015fen kurallar, provizyon sistemleri mesle\u011fi ve ya\u015fam\u0131 i\u015fkenceye d\u00f6n\u00fc\u015ft\u00fcrd\u00fc. G\u00fcn\u00fcbirlik politikalar ile sorunlara \u00e7\u00f6z\u00fcm \u00fcretemeyen iktidar, \u00e7\u00f6z\u00fcm\u00fc emrivaki uygulamalarda ve kurallarda aray\u0131nca ortaya kaostan ba\u015fka bir \u015fey \u00e7\u0131kmad\u0131.<span>\u00a0\u00a0 <\/span><\/p>\n<p class=\"MsoNormal\" style=\"text-align: justify\">\u0130\u015fte 14 Ocak 2007 B\u00fcy\u00fck Eczac\u0131 Mitingi, bu \u015fartlarda ortaya \u00e7\u0131kt\u0131.\u00a0<\/p>\n<p class=\"MsoNormal\" style=\"text-align: justify\">Eczac\u0131lara yeni bir tarih yazd\u0131ran miting; uygulanan bu yanl\u0131\u015f politikalara bilenmi\u015fli\u011fin, \u00f6fkenin patlamas\u0131yd\u0131.<span>\u00a0\u00a0 <\/span><\/p>\n<p class=\"MsoNormal\" style=\"text-align: justify\">15 \u2013 16 Ocak 2001 tarihinde yap\u0131lan kepenk kapatma eyleminin be\u015finci y\u0131l d\u00f6n\u00fcm\u00fcnde bu \u00f6fke sel olup dalga dalga yay\u0131ld\u0131 Kad\u0131k\u00f6y \u0130skele Meydan\u0131\u2019na. Eczac\u0131l\u0131k mesle\u011fi sahipsiz de\u011fildir diyerek, sahip \u00e7\u0131kt\u0131k mesle\u011fimize.Y\u00fcr\u00fcd\u00fck; \u0130stanbul, \u0130zmir, Bursa, Kocaeli, Trabzon, Mersin, Kastamonu, Zonguldak, Eski\u015fehir\u2026 18 Eczac\u0131 Odas\u0131 ve \u00fclkenin d\u00f6rt bir yan\u0131nda gelen eczac\u0131lar el ele, kol kola.<span>\u00a0\u00a0 <\/span><\/p>\n<p class=\"MsoNormal\" style=\"text-align: justify\">Saflar\u0131 s\u0131kla\u015ft\u0131rd\u0131k AKP\u2019nin sa\u011fl\u0131k politikalar\u0131na hay\u0131r; ba\u015fka bir sa\u011fl\u0131k sistemi m\u00fcmk\u00fcn diyerek.<span>\u00a0 <\/span><\/p>\n<p class=\"MsoNormal\" style=\"text-align: justify\">AKP sa\u011fl\u0131\u011fa zararl\u0131d\u0131r, Eczac\u0131y\u0131m meslek hakk\u0131m\u0131 istiyorum, IMF sa\u011fl\u0131\u011f\u0131mdan elini \u00e7ek\u2026yaz\u0131l\u0131 pankartlar ve d\u00f6vizler e\u015fli\u011finde binlerce eczac\u0131 mesleki ve toplumsal haklar\u0131m\u0131z i\u00e7in inad\u0131na y\u00fcr\u00fcd\u00fck Haydarpa\u015fa\u2019dan Kad\u0131k\u00f6y Meydan\u0131\u2019na.<span>\u00a0 <\/span><\/p>\n<p class=\"MsoNormal\" style=\"text-align: justify\">Sa\u011fl\u0131kta IMF politikalar\u0131na hay\u0131r diye hayk\u0131rd\u0131k. \u00c7\u0131\u011fl\u0131klar\u0131m\u0131z, mart\u0131lar\u0131n \u00e7\u0131\u011fl\u0131klar\u0131na kar\u0131\u015f\u0131p yank\u0131land\u0131 Kad\u0131k\u00f6y Meydan\u0131\u2019nda, Haydarpa\u015fa Gar\u0131\u2019nda\u2026<span>\u00a0 <\/span><\/p>\n<p class=\"MsoNormal\" style=\"text-align: justify\">AKP iktidar\u0131 duy sesimizi diye hayk\u0131rd\u0131k. Kad\u0131k\u00f6y \u0130skele Meydan\u0131\u2019n\u0131, demokrasi meydan\u0131na d\u00f6n\u00fc\u015ft\u00fcrd\u00fck Kar demeden k\u0131\u015f demeden yollara d\u00fc\u015ft\u00fck Sivas\u2019tan, Edirne\u2019den sa\u011fl\u0131kl\u0131 ve insanca ya\u015fam hakk\u0131 i\u00e7in.<span>\u00a0\u00a0 <\/span><\/p>\n<p class=\"MsoNormal\" style=\"text-align: justify\">Y\u00fcr\u00fcd\u00fck, davulla zurnayla, d\u00fcd\u00fckle, halayla, beyaz \u00f6nl\u00fcklerimizle hak verilmez al\u0131n\u0131r diyerek. Kendimize, birlik ve dayan\u0131\u015fman\u0131n g\u00fcc\u00fcne ve \u00f6rg\u00fctl\u00fc g\u00fcc\u00fcm\u00fcze inanarak umuda uzanan yolculu\u011fa g\u00fczel bir ba\u015flang\u0131\u00e7 yapt\u0131k.<span>\u00a0 <\/span><\/p>\n<p class=\"MsoNormal\" style=\"text-align: justify\">Karars\u0131zl\u0131\u011fa yer yok. Daha yolun ba\u015flang\u0131c\u0131nday\u0131z. Kararl\u0131k ve diren\u00e7le yola devam edece\u011fiz;\u00a0<\/p>\n<p><span style=\"font-size: 12pt; font-family: &quot;Times New Roman&quot;\">yolumuz a\u00e7\u0131k olsun\u2026<\/span><\/p>\n","protected":false},"excerpt":{"rendered":"<p>\u00a0DUYACAKLAR SES\u0130M\u0130Z\u0130 Son \u00fc\u00e7 y\u0131ld\u0131r, AKP H\u00fck\u00fcmeti eliyle uygulanan ila\u00e7 ve sa\u011fl\u0131k politikalar\u0131n\u0131n sonucunda olduk\u00e7a sanc\u0131l\u0131 bir s\u00fcre\u00e7 ya\u015fad\u0131k. IMF&#46;&#46;&#46;<\/p>\n","protected":false},"author":17,"featured_media":0,"comment_status":"closed","ping_status":"closed","sticky":false,"template":"","format":"standard","meta":{"_jetpack_memberships_contains_paid_content":false,"footnotes":""},"categories":[51],"tags":[],"class_list":["post-2871","post","type-post","status-publish","format-standard","hentry","category-ecz-rafet-sahin"],"aioseo_notices":[],"jetpack_featured_media_url":"","jetpack_sharing_enabled":true,"jetpack-related-posts":[],"_links":{"self":[{"href":"http:\/\/www.ced.org.tr\/index.php?rest_route=\/wp\/v2\/posts\/2871","targetHints":{"allow":["GET"]}}],"collection":[{"href":"http:\/\/www.ced.org.tr\/index.php?rest_route=\/wp\/v2\/posts"}],"about":[{"href":"http:\/\/www.ced.org.tr\/index.php?rest_route=\/wp\/v2\/types\/post"}],"author":[{"embeddable":true,"href":"http:\/\/www.ced.org.tr\/index.php?rest_route=\/wp\/v2\/users\/17"}],"replies":[{"embeddable":true,"href":"http:\/\/www.ced.org.tr\/index.php?rest_route=%2Fwp%2Fv2%2Fcomments&post=2871"}],"version-history":[{"count":1,"href":"http:\/\/www.ced.org.tr\/index.php?rest_route=\/wp\/v2\/posts\/2871\/revisions"}],"predecessor-version":[{"id":4024,"href":"http:\/\/www.ced.org.tr\/index.php?rest_route=\/wp\/v2\/posts\/2871\/revisions\/4024"}],"wp:attachment":[{"href":"http:\/\/www.ced.org.tr\/index.php?rest_route=%2Fwp%2Fv2%2Fmedia&parent=2871"}],"wp:term":[{"taxonomy":"category","embeddable":true,"href":"http:\/\/www.ced.org.tr\/index.php?rest_route=%2Fwp%2Fv2%2Fcategories&post=2871"},{"taxonomy":"post_tag","embeddable":true,"href":"http:\/\/www.ced.org.tr\/index.php?rest_route=%2Fwp%2Fv2%2Ftags&post=2871"}],"curies":[{"name":"wp","href":"https:\/\/api.w.org\/{rel}","templated":true}]}}