{"id":2872,"date":"2007-01-26T12:47:37","date_gmt":"2007-01-26T10:47:37","guid":{"rendered":"http:\/\/www.ced.org.tr\/?p=2872"},"modified":"2014-05-21T01:38:54","modified_gmt":"2014-05-20T22:38:54","slug":"hranti-ugurladik","status":"publish","type":"post","link":"http:\/\/www.ced.org.tr\/?p=2872","title":{"rendered":"HRANT&#8217;I U\u011eURLADIK!"},"content":{"rendered":"<p align=\"center\"><strong><span style=\"font-size: small;\"><span style=\"color: #000000;\"><span style=\"font-family: Times New Roman;\">HRANT\u2019I BU TOPRA\u011eIN DER\u0130NL\u0130\u011e\u0130NE U\u011eURLADIK!<\/span><\/span><\/span><\/strong><\/p>\n<p><span style=\"font-family: Times New Roman; color: #000000; font-size: small;\">Hrant Dink bu \u00fclkenin vicdan\u0131 olan ayd\u0131nlardan biriydi. Bar\u0131\u015f\u0131n, dostlu\u011fun, karde\u015fli\u011fin, <\/span><span style=\"font-family: Times New Roman; color: #000000; font-size: small;\">ayd\u0131nl\u0131\u011f\u0131n sesiydi. \u00d6zg\u00fcr d\u00fc\u015f\u00fcncenin sesiydi. Birlikte ya\u015fama, g\u00fczel g\u00fcnlere kanat \u00e7\u0131rpan g\u00fcverciniydi \u00fclkemizin. Bu \u00fclke halklar\u0131n\u0131n ortak gelece\u011finin sesiydi.<\/span><\/p>\n<p class=\"MsoNormal\" style=\"margin: 0cm 0cm 0pt\">\u00a0<\/p>\n<p class=\"MsoNormal\" style=\"margin: 0cm 0cm 0pt\"><span style=\"font-family: Times New Roman; color: #000000; font-size: small;\">Stat\u00fckonun de\u011fi\u015fmesinden korkanlar, halklar aras\u0131 d\u00fc\u015fmanl\u0131ktan yarar umanlar, yalan ve talan \u00fczerine kurulmu\u015f, koku\u015fmu\u015f d\u00fczenlerinin de\u011fi\u015fmesinden korkanlar bu karanl\u0131k s\u00fcreci bilerek ve planlayarak haz\u0131rlad\u0131lar. \u00c7areyi bu y\u00fcrekli ve ayd\u0131nl\u0131k sesi susturmakta buldular. Hrant\u2019\u0131 kahpe kur\u015funlara hedef g\u00f6steren yolun ta\u015flar\u0131n\u0131 birer birer d\u00f6\u015fediler. Bas\u0131n\u0131, politikac\u0131s\u0131, yazar\u0131 ile<\/span><span style=\"font-size: small;\"><span style=\"color: #000000;\"><span style=\"font-family: Times New Roman;\"><span>\u00a0<\/span>av mevsimini hep birlikte a\u00e7\u0131p onu avlanacak bir av gibi orta yerde b\u0131rakt\u0131lar.<\/span><\/span><\/span><\/p>\n<p class=\"MsoNormal\" style=\"margin: 0cm -14.4pt 0pt 0cm\"><span style=\"font-family: Times New Roman; color: #000000; font-size: small;\">Yaln\u0131z. Bir ba\u015f\u0131na\u2026<\/span><\/p>\n<p><span style=\"font-family: Times New Roman; color: #000000; font-size: small;\">\u00a0<\/span><\/p>\n<p class=\"MsoNormal\" style=\"margin: 0cm 0cm 0pt\"><span style=\"font-family: Times New Roman; color: #000000; font-size: small;\">O \u00e7ok ele\u015ftirdi\u011fimiz Fransa\u2019n\u0131n ge\u00e7mi\u015fine bir bak\u0131n nas\u0131l sahip \u00e7\u0131km\u0131\u015f ayd\u0131n\u0131na, d\u00fc\u015f\u00fcn\u00fcr\u00fcne. <\/span><span style=\"font-family: Times New Roman; color: #000000; font-size: small;\">Cezayir sava\u015f\u0131na kar\u015f\u0131 \u00e7\u0131kt\u0131 diye \u0131rk\u00e7\u0131-\u015foven \u00e7evrelerin h\u0131\u015fm\u0131na u\u011frayan, susturulmak istenen <\/span><span style=\"font-family: Times New Roman; color: #000000; font-size: small;\">Jean Paul Sartre\u2019a sahip \u00e7\u0131km\u0131\u015ft\u0131 Fransa, sahip \u00e7\u0131km\u0131\u015ft\u0131 De Gaulle, J.Paul Sartre Fransa\u2019n\u0131n vic-<\/span><span style=\"font-family: Times New Roman; color: #000000; font-size: small;\">dan\u0131d\u0131r diyerek ve tarihe ge\u00e7mi\u015fti bu \u00fcnl\u00fc s\u00f6z\u00fcyle\u2026<\/span><\/p>\n<p><span style=\"font-family: Times New Roman; color: #000000; font-size: small;\">\u00a0<\/span><\/p>\n<p class=\"MsoNormal\" style=\"margin: 0cm 0cm 0pt\"><span style=\"font-family: Times New Roman; color: #000000; font-size: small;\">Biz ne yapt\u0131k. \u00dclkemizin vicdan\u0131 olan ayd\u0131nl\u0131k bir sesi daha susturduk. Ona sahip \u00e7\u0131kma cesaretini g\u00f6steremedik. \u015eimdi ise timsah g\u00f6zya\u015flar\u0131 d\u00f6k\u00fcyoruz utanmadan, s\u0131k\u0131lmadan.<\/span><\/p>\n<p><span style=\"font-family: Times New Roman; color: #000000; font-size: small;\">\u00a0<\/span><\/p>\n<p class=\"MsoNormal\" style=\"margin: 0cm 0cm 0pt\"><span style=\"font-family: Times New Roman; color: #000000; font-size: small;\">\u00dcrkek ama \u00f6zg\u00fcr g\u00fcvercinimizi susturdular. K\u0131yd\u0131lar ona, ay\u0131rd\u0131lar dostlar\u0131ndan ve sevenlerinden. Bu lanetli cinayeti k\u0131namak i\u00e7in Hrant\u2019\u0131n Genel Yay\u0131n Y\u00f6netmenli\u011fini yapt\u0131\u011f\u0131 AGOS gazetesinin \u00f6n\u00fcnde topland\u0131k y\u00fcz binlerce insan, kendili\u011finden\u2026<\/span><\/p>\n<p class=\"MsoNormal\" style=\"margin: 0cm 0cm 0pt\"><span style=\"font-family: Times New Roman; color: #000000; font-size: small;\">Sessizli\u011fe bir \u00e7\u0131\u011f gibi <span>\u00a0<\/span>patlayarak.<\/span><\/p>\n<p><span style=\"font-family: Times New Roman; color: #000000; font-size: small;\">\u00a0<\/span><\/p>\n<p class=\"MsoNormal\" style=\"margin: 0cm 0cm 0pt\"><span style=\"font-family: Times New Roman; color: #000000; font-size: small;\">Y\u00fcr\u00fcd\u00fck, T\u00fcrk\u2019\u00fc, K\u00fcrt\u2019\u00fc, Laz\u2019\u0131, Ermeni\u2019si, M\u00fcsl\u00fcman\u2019\u0131, Hristiyan\u2019\u0131 inanc\u0131, dili, k\u00fclt\u00fcr\u00fc farkl\u0131 ama y\u00fcrekleri bir y\u00fcz binleri a\u015fan insan; biri di\u011ferini \u00f6tekile\u015ftirmeden, y\u00fcr\u00fcd\u00fck kol kola insani de\u011ferler ad\u0131na, inad\u0131na, halklar\u0131n karde\u015fli\u011fi ad\u0131na\u2026<\/span><\/p>\n<p><span style=\"font-family: Times New Roman; color: #000000; font-size: small;\">\u00a0<\/span><\/p>\n<p class=\"MsoNormal\" style=\"margin: 0cm 0cm 0pt\"><span style=\"font-family: Times New Roman; color: #000000; font-size: small;\">\u201c Evet g\u00f6z\u00fcm\u00fcz var topra\u011f\u0131nda bu vatan\u0131n. G\u00f6z\u00fcm\u00fcz var ama kopar\u0131p g\u00f6t\u00fcrmek i\u00e7in de\u011fil, en derinliklerine g\u00f6m\u00fclmek i\u00e7in\u2026\u201d diyordu Hrant Dink T\u00fcrk ve Ermeni d\u00fc\u015fmanl\u0131\u011f\u0131na kar\u015f\u0131 \u00e7\u0131karak, karde\u015fli\u011fin dili, bar\u0131\u015f\u0131n sesi olarak. O\u2019nu y\u00fcz binlerce ortak y\u00fcrek \u201chepimiz Hrant\u2019\u0131z, hepimiz Ermeniyiz\u201d diyerek ba\u011fr\u0131m\u0131za bas\u0131p, \u00e7ok sevdi\u011fi bu topra\u011f\u0131n derinli\u011fine u\u011furlad\u0131k.<\/span><\/p>\n<p><span style=\"font-family: Times New Roman; color: #000000; font-size: small;\">\u00a0<\/span><\/p>\n<p class=\"MsoNormal\" style=\"margin: 0cm 0cm 0pt\"><span style=\"font-family: Times New Roman; color: #000000; font-size: small;\">\u201cBeraber ya\u015fad\u0131\u011f\u0131m insanlar\u0131 a\u015fa\u011f\u0131lamakla su\u00e7lanmak, benim i\u00e7in katlan\u0131r i\u015fkence de\u011fildir\u201d diyen bu y\u00fcrekli insan\u0131 \u015fovenizme kurban verdik. Hrant Dink i\u00e7in yalan ve iftira kampanyalar\u0131yla ya\u015fam her g\u00fcn bir i\u015fkenceye d\u00f6n\u00fc\u015ft\u00fcr\u00fcld\u00fc. Derin devlet destekli \u00e7eteler ve onlar\u0131n yanda\u015flar\u0131 sokakta ve mahkeme kap\u0131lar\u0131nda lin\u00e7 k\u00fclt\u00fcr\u00fcn\u00fc geli\u015ftirerek bu s\u00fcre\u00e7te etkin bir rol \u00fcstlendiler. <\/span><span style=\"font-family: Times New Roman; color: #000000; font-size: small;\">\u015eovenizm bu \u00e7evrelerin bilin\u00e7li \u00e7abalar\u0131yla toplumsal bir histeriye d\u00f6n\u00fc\u015ft\u00fcr\u00fcld\u00fc.<\/span><\/p>\n<p><span style=\"font-family: Times New Roman; color: #000000; font-size: small;\">\u00a0<\/span><\/p>\n<p class=\"MsoNormal\" style=\"margin: 0cm 0cm 0pt\"><span style=\"font-family: Times New Roman; color: #000000; font-size: small;\">Irk\u00e7\u0131l\u0131\u011f\u0131 ve \u015fovenizmi siyasi rant kap\u0131s\u0131na d\u00f6n\u00fc\u015ft\u00fcren siyaset\u00e7ilerin de, 301\u2019nci maddeyi bu \u00fclkenin ayd\u0131n\u0131n, d\u00fc\u015f\u00fcn\u00fcr\u00fcn\u00fcn ba\u015f\u0131nda Demoklesin K\u0131l\u0131c\u0131 gibi salland\u0131ranlar da, bu maddeyi de\u011fi\u015ftirme cesareti g\u00f6steremeyenlerin de bu karanl\u0131k s\u00fcrecin haz\u0131rlanmas\u0131nda ciddi sorumluluklar\u0131 oldu.. \u00d6zetle; \u0131rk\u00e7\u0131-\u015foven iklimin yarat\u0131lmas\u0131nda pay\u0131 olan herkesin bu cinayetin i\u015flenmesinde sorumlulu\u011fu var.. 17 ya\u015f\u0131nda eline silah tutu\u015fturulmu\u015f bir katil, i\u015fte b\u00f6ylesine akt\u00f6rleri olan karanl\u0131k bir s\u00fcrecin ortaya \u00e7\u0131kard\u0131\u011f\u0131 bir sonu\u00e7tur.<\/span><\/p>\n<p><span style=\"font-family: Times New Roman; color: #000000; font-size: small;\">\u00a0<\/span><\/p>\n<p class=\"MsoNormal\" style=\"margin: 0cm 0cm 0pt\"><span style=\"font-family: Times New Roman; color: #000000; font-size: small;\">Birey olarak, toplum olarak bizlerin de sorumluluklar\u0131 var elbette; Hrant\u2019lara sahip \u00e7\u0131kma cesareti g\u00f6steremedi\u011fimiz i\u00e7in\u2026<\/span><\/p>\n<p><span style=\"font-family: Times New Roman; color: #000000; font-size: small;\">\u00a0<\/span><\/p>\n<p class=\"MsoNormal\" style=\"margin: 0cm 0cm 0pt\"><span style=\"font-family: Times New Roman; color: #000000; font-size: small;\">Katilin yakalanm\u0131\u015f olmas\u0131 \u00f6nemli ama yeterli de\u011fil. Binlerce y\u0131ld\u0131r bu topraklarda bir arada ve karde\u015f\u00e7esine ya\u015famay\u0131 ba\u015farabilmi\u015f halklar\u0131n birli\u011fine ve karde\u015fli\u011fine s\u0131k\u0131lm\u0131\u015f bu k\u00f6r kur\u015funlar\u0131n arkas\u0131ndaki g\u00fc\u00e7lerin t\u00fcm\u00fcyle ortaya \u00e7\u0131kar\u0131lmas\u0131 gerekiyor.<\/span><\/p>\n<p><span style=\"font-family: Times New Roman; color: #000000; font-size: small;\">\u00a0<\/span><\/p>\n<p class=\"MsoNormal\" style=\"margin: 0cm 0cm 0pt\"><span style=\"font-family: Times New Roman; color: #000000; font-size: small;\">Rakel Dink , \u201d bir bebekten, bir katil yaratan karanl\u0131\u011f\u0131 sorgulamadan hi\u00e7bir \u015fey yap\u0131lamaz karde\u015flerim\u201d diyerek, tarihe olduk\u00e7a anlaml\u0131 bir not d\u00fc\u015ft\u00fc.<\/span><\/p>\n<p><span style=\"font-family: Times New Roman; color: #000000; font-size: small;\">\u00a0<\/span><\/p>\n<p class=\"MsoNormal\" style=\"margin: 0cm 0cm 0pt\"><span style=\"font-family: Times New Roman; color: #000000; font-size: small;\">\u015eimdi, Rakel Dink\u2019in y\u00fcre\u011fimizin derinliklerine i\u015fleyen h\u00fcz\u00fcnl\u00fc ama bir o kadar da y\u00fcrekli ve uyar\u0131c\u0131 sesine kulak vermenin zaman\u0131d\u0131r.<\/span><\/p>\n<p><span style=\"font-family: Times New Roman; color: #000000; font-size: small;\">\u00a0<\/span><\/p>\n<p class=\"MsoNormal\" style=\"margin: 0cm 0cm 0pt\"><span style=\"font-family: Times New Roman; color: #000000; font-size: small;\">\u015eimdi, tek tek bireyler olarak, toplum olarak kendimizle, ge\u00e7mi\u015fimizle ve tarihimizle y\u00fczle\u015fmenin tam zaman\u0131d\u0131r.<\/span><\/p>\n<p><span style=\"font-family: Times New Roman; color: #000000; font-size: small;\">\u00a0<\/span><\/p>\n<p class=\"MsoNormal\" style=\"margin: 0cm 0cm 0pt\"><span style=\"font-family: Times New Roman; color: #000000; font-size: small;\">Karanl\u0131\u011f\u0131 ayd\u0131nlatman\u0131n ba\u015fka da bir yolu yok. Haydi\u2026<\/span><\/p>\n","protected":false},"excerpt":{"rendered":"<p>HRANT\u2019I BU TOPRA\u011eIN DER\u0130NL\u0130\u011e\u0130NE U\u011eURLADIK! Hrant Dink bu \u00fclkenin vicdan\u0131 olan ayd\u0131nlardan biriydi. Bar\u0131\u015f\u0131n, dostlu\u011fun, karde\u015fli\u011fin, ayd\u0131nl\u0131\u011f\u0131n sesiydi. \u00d6zg\u00fcr d\u00fc\u015f\u00fcncenin&#46;&#46;&#46;<\/p>\n","protected":false},"author":17,"featured_media":0,"comment_status":"closed","ping_status":"closed","sticky":false,"template":"","format":"standard","meta":{"_jetpack_memberships_contains_paid_content":false,"footnotes":""},"categories":[51],"tags":[],"class_list":["post-2872","post","type-post","status-publish","format-standard","hentry","category-ecz-rafet-sahin"],"aioseo_notices":[],"jetpack_featured_media_url":"","jetpack_sharing_enabled":true,"jetpack-related-posts":[],"_links":{"self":[{"href":"http:\/\/www.ced.org.tr\/index.php?rest_route=\/wp\/v2\/posts\/2872","targetHints":{"allow":["GET"]}}],"collection":[{"href":"http:\/\/www.ced.org.tr\/index.php?rest_route=\/wp\/v2\/posts"}],"about":[{"href":"http:\/\/www.ced.org.tr\/index.php?rest_route=\/wp\/v2\/types\/post"}],"author":[{"embeddable":true,"href":"http:\/\/www.ced.org.tr\/index.php?rest_route=\/wp\/v2\/users\/17"}],"replies":[{"embeddable":true,"href":"http:\/\/www.ced.org.tr\/index.php?rest_route=%2Fwp%2Fv2%2Fcomments&post=2872"}],"version-history":[{"count":1,"href":"http:\/\/www.ced.org.tr\/index.php?rest_route=\/wp\/v2\/posts\/2872\/revisions"}],"predecessor-version":[{"id":4023,"href":"http:\/\/www.ced.org.tr\/index.php?rest_route=\/wp\/v2\/posts\/2872\/revisions\/4023"}],"wp:attachment":[{"href":"http:\/\/www.ced.org.tr\/index.php?rest_route=%2Fwp%2Fv2%2Fmedia&parent=2872"}],"wp:term":[{"taxonomy":"category","embeddable":true,"href":"http:\/\/www.ced.org.tr\/index.php?rest_route=%2Fwp%2Fv2%2Fcategories&post=2872"},{"taxonomy":"post_tag","embeddable":true,"href":"http:\/\/www.ced.org.tr\/index.php?rest_route=%2Fwp%2Fv2%2Ftags&post=2872"}],"curies":[{"name":"wp","href":"https:\/\/api.w.org\/{rel}","templated":true}]}}