{"id":2873,"date":"2007-02-22T15:43:47","date_gmt":"2007-02-22T13:43:47","guid":{"rendered":"http:\/\/www.ced.org.tr\/?p=2873"},"modified":"2014-05-21T01:38:47","modified_gmt":"2014-05-20T22:38:47","slug":"mitingden-cikarilacak-dersler","status":"publish","type":"post","link":"http:\/\/www.ced.org.tr\/?p=2873","title":{"rendered":"M\u0130T\u0130NGDEN \u00c7IKARILACAK DERSLER"},"content":{"rendered":"<h3>M\u0130T\u0130NGDEN \u00c7IKARILACAK DERSLER<\/h3>\n<p class=\"MsoNormal\" style=\"text-align: justify\">Ba\u015far\u0131l\u0131 bir organizasyon ve do\u011fru bir zamanlama sonucu ger\u00e7ekle\u015ftirdi\u011fimiz B\u00fcy\u00fck Eczac\u0131 Mitingi ad\u0131 gibi ger\u00e7ekten de b\u00fcy\u00fck bir eylem oldu.<\/p>\n<p class=\"MsoNormal\" style=\"text-align: justify\">\u00dclkedeki eczac\u0131lar\u0131n \u00fc\u00e7te birini b\u00f6ylesi bir eylem etkinli\u011fi i\u00e7inde bir araya getirmek kolayl\u0131kla \u00fcstesinden gelinecek bir i\u015f de\u011fil. Ba\u015fta \u0130stanbul Eczac\u0131 Odas\u0131 olmak \u00fczere mitingin koordinasyonunda g\u00f6rev alan, destek olan eczac\u0131 odalar\u0131n\u0131, eylemin isimsiz neferleri t\u00fcm eczac\u0131 meslekta\u015flar\u0131m\u0131, dayan\u0131\u015fma g\u00f6steren sivil toplum \u00f6rg\u00fct\u00fc temsilcilerini, eme\u011fi ge\u00e7en herkesi y\u00fcrekten kutluyorum.<\/p>\n<p>Meslek alan\u0131m\u0131zla ilgili pek \u00e7ok sorunun ya\u015fand\u0131\u011f\u0131, yasa, y\u00f6netmelik, kararname de\u011fi\u015fikliklerinin, tasar\u0131lar\u0131n birbiri pe\u015fis\u0131ra g\u00fcndeme geldi\u011fi, ila\u00e7 al\u0131m protokol\u00fcn\u00fcn s\u00f6zle\u015fmelerin g\u00fcndemde oldu\u011fu olduk\u00e7a kritik bir s\u00fcre\u00e7te b\u00f6ylesine kitlesel, ses getiren bir eylemin ba\u015far\u0131lm\u0131\u015f olmas\u0131n\u0131n \u00e7ok ama \u00e7ok b\u00fcy\u00fck \u00f6nemi var.<\/p>\n<p class=\"MsoNormal\" style=\"text-align: justify\">14 Ocak\u2019la birlikte Sa\u011fl\u0131k Bakanl\u0131\u011f\u0131\u2019ndan, TEB\u2019ne, \u0130la\u00e7 sermaye \u00e7evrelerinden, da\u011f\u0131t\u0131m kanallar\u0131na kadar herkesin politikalar\u0131n\u0131 yeniden g\u00f6zden ge\u00e7irmesi gereken yeni bir s\u00fcre\u00e7 ba\u015flam\u0131\u015ft\u0131r. Bundan hi\u00e7 kimsenin \u015f\u00fcphesi olmas\u0131n.<\/p>\n<p class=\"MsoNormal\" style=\"text-align: justify\">Ne oldu, ne de\u011fi\u015fti diye soran meslekta\u015flar\u0131m \u00f6n\u00fcm\u00fczdeki s\u00fcre\u00e7te bunun olumlu etkilerini g\u00f6receklerdir. Biraz sab\u0131rl\u0131 olmaya ihtiya\u00e7 var.<\/p>\n<p class=\"MsoNormal\" style=\"text-align: justify\">AKP\u2019nin \u0130MF patentli ila\u00e7 ve sa\u011fl\u0131k politikalar\u0131na hay\u0131r diyen binlerce eczac\u0131n\u0131n bir araya geldi\u011fi mesleki, sosyal ve toplumsal i\u00e7erikli bir eylemin ger\u00e7ekle\u015ftirilmi\u015f olmas\u0131 bile tek ba\u015f\u0131na bir ba\u015far\u0131d\u0131r. Tek ba\u015f\u0131na \u00e7ok \u015feyleri ifade ediyor.<\/p>\n<p class=\"MsoNormal\" style=\"text-align: justify\">Asl\u0131nda bu eylemin kazan\u0131mlar\u0131 kendi i\u00e7inde sakl\u0131d\u0131r. Yeter ki g\u00f6rmesini bilelim. Do\u011fru politikalar \u00fcreterek bu m\u00fccadeleye sahip \u00e7\u0131kabilelim.<\/p>\n<p class=\"MsoNormal\" style=\"text-align: justify\">Eczac\u0131l\u0131k meslek alan\u0131nda hesaplar\u0131 olan, 6197 say\u0131l\u0131 Eczac\u0131lar ve Eczaneler hakk\u0131ndaki yasa tasar\u0131s\u0131 ile kendilerine bir me\u015frutiyet zemini arayan \u00e7evrelerin de hesaplar\u0131n\u0131 bo\u015fa \u00e7\u0131karacak, bu hesaplar\u0131n \u00f6n\u00fcnde barikat olu\u015fturacak bir eylem yapt\u0131k. Mesle\u011fimizi ve gelece\u011fimizi sahiplendik. Bu da ba\u015fl\u0131 ba\u015f\u0131na bir kazan\u0131md\u0131r.<\/p>\n<p class=\"MsoNormal\" style=\"text-align: justify\">Eczac\u0131lar\u0131n mitingle ortaya \u00e7\u0131kan ortak iradesini art\u0131k herkes hesaba katmak zorundad\u0131r.<\/p>\n<p class=\"MsoNormal\" style=\"text-align: justify\">Bu miting Sa\u011fl\u0131k Bakan\u0131\u2019n\u0131n ve TEB\u2019nin do\u011frudan yada dolayl\u0131 engellemelerine kar\u015f\u0131n ba\u015far\u0131lm\u0131\u015ft\u0131r. Hat\u0131rlay\u0131n Sa\u011fl\u0131k Bakan\u0131 Akda\u011f\u2019\u0131n gazete muhabirlerinin mitingle ilgili sorular\u0131na verdi\u011fi yan\u0131t\u0131. Sa\u011fl\u0131k Bakan\u0131 \u201cBu miting Y\u00f6netim kar\u015f\u0131t\u0131 3-5 eczac\u0131n\u0131n i\u015fidir\u201d diyordu. Ama mitingden bir g\u00fcn \u00f6nce bu kez do\u011fru istihbarat alm\u0131\u015f olacak ki t\u00fcm toplant\u0131lar\u0131n\u0131 iptal ederek mitingi d\u00fczenleyen eczac\u0131 oda ba\u015fkanlar\u0131yla acil bir toplant\u0131 yapmak zorunda kald\u0131.<\/p>\n<p class=\"MsoNormal\" style=\"text-align: justify\">7-8 bin eczac\u0131n\u0131n Kad\u0131k\u00f6y Meydan\u0131n\u0131 doldurmas\u0131 Sa\u011fl\u0131k Bakan\u0131 gibi AKP iktidar\u0131 \u00fczerinde de \u015fok etkisi yaratt\u0131. AKP iktidar\u0131n\u0131n ve Sa\u011fl\u0131k Bakan\u0131\u2019n\u0131n bu mitingden \u00e7\u0131karaca\u011f\u0131 dersler olmal\u0131d\u0131r\u2026<\/p>\n<p class=\"MsoNormal\" style=\"text-align: justify\">\u0130stanbul Eczac\u0131 Odas\u0131 se\u00e7imlerinde de benzer m\u00fcdahaleleri ya\u015fad\u0131k. Sivil Toplum \u00d6rg\u00fctleri \u00fczerinde etkin olma, bu \u00f6rg\u00fctlerin i\u00e7 i\u015flerine kar\u0131\u015fma siyaseti neredeyse AKP\u2019nin temel politikas\u0131 haline geldi. Sivil toplum \u00d6rg\u00fctleri ne AKP iktidar\u0131n\u0131n ne de bir ba\u015fka siyasi iktidar\u0131n arka bah\u00e7esidir.<\/p>\n<p class=\"MsoNormal\" style=\"text-align: justify\">Bu b\u00f6yle bilinmelidir.<\/p>\n<p class=\"MsoNormal\" style=\"text-align: justify\">Bu mitingden TEB Merkez Heyeti\u2019nin de \u00e7\u0131karaca\u011f\u0131 dersler var.<\/p>\n<p class=\"MsoNormal\" style=\"text-align: justify\">TEB\u2019nin kurumsal ve ba\u011f\u0131ms\u0131z kimli\u011fini korumak y\u00f6neticilerinin temel g\u00f6revi olmal\u0131d\u0131r. Pragmatik bir yakla\u015f\u0131mla AKP iktidar\u0131n\u0131n politikalar\u0131na entegre olmu\u015f bir siyaset anlay\u0131\u015f\u0131n\u0131n s\u00fcrd\u00fcr\u00fclmesinin ne TEB\u2019ne ne de eczac\u0131l\u0131k mesle\u011fine bir yarar\u0131 olmayaca\u011f\u0131 a\u00e7\u0131kt\u0131r.<\/p>\n<p class=\"MsoNormal\" style=\"text-align: justify\">AKP\u2019nin ila\u00e7 ve sa\u011fl\u0131k politikalar\u0131 ile \u00f6rt\u00fc\u015fen siyaseti TEB\u2019ni meslek taban\u0131ndan h\u0131zla yaln\u0131zla\u015ft\u0131rd\u0131. TEB y\u00f6netimi de bu mitingten pay\u0131na d\u00fc\u015feni ald\u0131.<\/p>\n<p class=\"MsoNormal\" style=\"text-align: justify\">Eczac\u0131lar, g\u00f6lge etmeyin ba\u015fka ihsan istemeyiz diyorlard\u0131 TEB y\u00f6netimine. Binlerce eczac\u0131n\u0131n hi\u00e7bir y\u00f6nlendirme olmadan kendili\u011finden \u201cDoma\u00e7 istifa\u201d diye ba\u011f\u0131rmas\u0131ndan \u00e7\u0131kar\u0131lacak dersler olmal\u0131\u2026<\/p>\n<p class=\"MsoNormal\" style=\"text-align: justify\">TEB\u2019nin politikalar\u0131na ciddi bir itiraz var. Eczac\u0131 taban\u0131 bu y\u00f6netim anlay\u0131\u015f\u0131n\u0131n s\u00fcrd\u00fcr\u00fclmesinden yana de\u011fil. Bu y\u00f6netimin de\u011fi\u015fmesini istiyor. Mitingde i\u015faret edilen yeni bir iradenin ortaya \u00e7\u0131kar\u0131lmas\u0131d\u0131r.<\/p>\n<p class=\"MsoNormal\" style=\"text-align: justify\">Bu mesaj\u0131n herkes taraf\u0131ndan do\u011fru alg\u0131lanmas\u0131 i\u00e7in ciddi bir \u00e7abaya, sab\u0131rl\u0131 bir \u00e7al\u0131\u015fmaya ve biraz daha zamana ihtiya\u00e7 var.<\/p>\n<p class=\"MsoNormal\" style=\"text-align: justify\">Zamans\u0131z ve aceleci tav\u0131rlardan \u00f6zenle ka\u00e7\u0131nmam\u0131z gereken bir s\u00fcre\u00e7te yanl\u0131\u015f bir ad\u0131m olgunla\u015fan bu s\u00fcrece zarar verebilir.<\/p>\n<p class=\"MsoNormal\" style=\"text-align: justify\">Bug\u00fcnden sonra olu\u015fan bu olumlu s\u00fcreci bo\u015fa \u00e7\u0131karmayacak bir tutum ve davran\u0131\u015f i\u00e7inde olmal\u0131y\u0131z.<\/p>\n<p class=\"MsoNormal\" style=\"text-align: justify\">\u0130stanbul Eczac\u0131 Odas\u0131\u2019n\u0131n bir b\u00f6l\u00fcm delegesinin yetkili organlarda tart\u0131\u015f\u0131lmadan kendi ba\u015flar\u0131na ald\u0131klar\u0131 Se\u00e7imli TEB Ola\u011fan\u00fcst\u00fc B\u00fcy\u00fck Kongre karar\u0131n\u0131 bu nedenle bug\u00fcn i\u00e7in zamans\u0131z ve yanl\u0131\u015f bir ad\u0131m olarak de\u011ferlendiriyorum. Kendi delegeleriyle bile payla\u015f\u0131lmayan bir karar\u0131n B\u00fcy\u00fck Kongre Delegelerinden onay g\u00f6rmesi pek olas\u0131 de\u011fil\u2026 Bu konuyla ilgili d\u00fc\u015f\u00fcncelerimi bir ba\u015fka yaz\u0131mda sizlerle payla\u015fmak istiyorum&#8230;<\/p>\n<p class=\"MsoNormal\" style=\"text-align: justify\">Miting bizim taraf\u0131m\u0131zdan da do\u011fru alg\u0131lanmal\u0131d\u0131r. Bir mitingle t\u00fcm sorunlar\u0131 \u00e7\u00f6zmek, ila\u00e7 ve sa\u011fl\u0131k politikalar\u0131nda k\u00f6kl\u00fc de\u011fi\u015fiklikler yapmak, taleplerimizi t\u00fcm\u00fcyle kar\u015f\u0131lamak m\u00fcmk\u00fcn olmayabilir.<\/p>\n<p class=\"MsoNormal\" style=\"text-align: justify\">B\u00fcy\u00fck Eczac\u0131 Mitingi ile ciddi bir mevzi kazand\u0131\u011f\u0131m\u0131z\u0131 d\u00fc\u015f\u00fcn\u00fcyorum.<\/p>\n<p class=\"MsoNormal\" style=\"text-align: justify\">Bug\u00fcn i\u00e7in biz eczac\u0131lara d\u00fc\u015fen g\u00f6rev mitingi sorgulamak yerine ba\u015fard\u0131\u011f\u0131m\u0131z eylemin pozitif kazan\u0131mlar\u0131n\u0131 \u00f6ne \u00e7\u0131kar\u0131p, onu hep birlikte sahiplenmek olmal\u0131d\u0131r.<\/p>\n<p class=\"MsoNormal\" style=\"text-align: justify\">Bug\u00fcn elimiz d\u00fcne g\u00f6re \u00e7ok daha g\u00fc\u00e7l\u00fc. Elimizi daha da g\u00fc\u00e7lendirecek politikalar \u00fcretmeliyiz.<\/p>\n<p class=\"MsoNormal\" style=\"text-align: justify\">Bunun zeminini yaratt\u0131\u011f\u0131m\u0131z\u0131 d\u00fc\u015f\u00fcn\u00fcyorum.<\/p>\n","protected":false},"excerpt":{"rendered":"<p>M\u0130T\u0130NGDEN \u00c7IKARILACAK DERSLER Ba\u015far\u0131l\u0131 bir organizasyon ve do\u011fru bir zamanlama sonucu ger\u00e7ekle\u015ftirdi\u011fimiz B\u00fcy\u00fck Eczac\u0131 Mitingi ad\u0131 gibi ger\u00e7ekten de b\u00fcy\u00fck&#46;&#46;&#46;<\/p>\n","protected":false},"author":17,"featured_media":0,"comment_status":"closed","ping_status":"closed","sticky":false,"template":"","format":"standard","meta":{"_jetpack_memberships_contains_paid_content":false,"footnotes":""},"categories":[51],"tags":[],"class_list":["post-2873","post","type-post","status-publish","format-standard","hentry","category-ecz-rafet-sahin"],"aioseo_notices":[],"jetpack_featured_media_url":"","jetpack_sharing_enabled":true,"jetpack-related-posts":[],"_links":{"self":[{"href":"http:\/\/www.ced.org.tr\/index.php?rest_route=\/wp\/v2\/posts\/2873","targetHints":{"allow":["GET"]}}],"collection":[{"href":"http:\/\/www.ced.org.tr\/index.php?rest_route=\/wp\/v2\/posts"}],"about":[{"href":"http:\/\/www.ced.org.tr\/index.php?rest_route=\/wp\/v2\/types\/post"}],"author":[{"embeddable":true,"href":"http:\/\/www.ced.org.tr\/index.php?rest_route=\/wp\/v2\/users\/17"}],"replies":[{"embeddable":true,"href":"http:\/\/www.ced.org.tr\/index.php?rest_route=%2Fwp%2Fv2%2Fcomments&post=2873"}],"version-history":[{"count":1,"href":"http:\/\/www.ced.org.tr\/index.php?rest_route=\/wp\/v2\/posts\/2873\/revisions"}],"predecessor-version":[{"id":4019,"href":"http:\/\/www.ced.org.tr\/index.php?rest_route=\/wp\/v2\/posts\/2873\/revisions\/4019"}],"wp:attachment":[{"href":"http:\/\/www.ced.org.tr\/index.php?rest_route=%2Fwp%2Fv2%2Fmedia&parent=2873"}],"wp:term":[{"taxonomy":"category","embeddable":true,"href":"http:\/\/www.ced.org.tr\/index.php?rest_route=%2Fwp%2Fv2%2Fcategories&post=2873"},{"taxonomy":"post_tag","embeddable":true,"href":"http:\/\/www.ced.org.tr\/index.php?rest_route=%2Fwp%2Fv2%2Ftags&post=2873"}],"curies":[{"name":"wp","href":"https:\/\/api.w.org\/{rel}","templated":true}]}}