{"id":2876,"date":"2007-08-06T14:13:14","date_gmt":"2007-08-06T11:13:14","guid":{"rendered":"http:\/\/www.ced.org.tr\/?p=2876"},"modified":"2014-05-21T01:38:27","modified_gmt":"2014-05-20T22:38:27","slug":"hayati-ve-degisimi-kavrayabilmek","status":"publish","type":"post","link":"http:\/\/www.ced.org.tr\/?p=2876","title":{"rendered":"HAYATI VE DE\u011e\u0130\u015e\u0130M\u0130 KAVRAYAB\u0130LMEK"},"content":{"rendered":"<p class=\"MsoNormal\" style=\"margin: 0cm 0cm 0pt; text-align: justify\"><span style=\"font-family: Times New Roman; color: #000000; font-size: small;\">\u00a0\u00a0\u00a0\u00a0\u00a0\u00a0\u00a0\u00a0\u00a0\u00a0\u00a0\u00a022 Temmuz se\u00e7imleri AKP\u2019yi yeniden iktidara ta\u015f\u0131d\u0131. T\u00fcrkiye\u2019nin toplumsal ger\u00e7ekleri ile y\u00fczle\u015fmekten korkan, onun fark\u0131nda olmayan siyaset \u00e7evreleri ve medyan\u0131n \u201ca\u011f\u0131r\u201d kalemleri i\u00e7in sonu\u00e7 s\u00fcrpriz oldu. Hatta siyaset \u00e7evrelerinden kimileri ve medyadan kimi k\u00f6\u015fe yazarlar\u0131 bu sonuca bakarak faturay\u0131 halka \u00e7\u0131karman\u0131n tela\u015f\u0131 i\u00e7inde kendi yurtta\u015flar\u0131na \u201ccahil\u201d, \u201cyalanc\u0131\u201d ve \u201csat\u0131lm\u0131\u015f\u201d diyecek kadar k\u00fc\u00e7\u00fcld\u00fcler. Halka tepeden bakan, onu hor g\u00f6ren bu se\u00e7kinci anlay\u0131\u015ftan ba\u015fka bir refleks beklemek \u015fa\u015f\u0131rt\u0131c\u0131 olurdu. Oysaki \u00fclke ger\u00e7ekleri ile y\u00fcz y\u00fcze ya\u015fayanlar, uzayda de\u011fil de \u00fclkede siyaset yapanlar, hayat\u0131 ve de\u011fi\u015fimi do\u011fru alg\u0131layanlar i\u00e7in sonu\u00e7 hi\u00e7 de \u015fa\u015f\u0131rt\u0131c\u0131 de\u011fildi.<\/span><\/p>\n<p class=\"MsoNormal\" style=\"margin: 0cm 0cm 0pt; text-align: justify\">\u00a0<\/p>\n<p class=\"MsoNormal\" style=\"margin: 0cm 0cm 0pt; text-align: justify\"><span style=\"font-size: small;\"><span style=\"color: #000000;\"><span style=\"font-family: Times New Roman;\"><span>\u00a0\u00a0\u00a0\u00a0\u00a0\u00a0\u00a0\u00a0\u00a0\u00a0\u00a0 <\/span>G\u00f6kku\u015fa\u011f\u0131n\u0131n renkleri gibi birbirinden farkl\u0131 ama birbirini tamamlayan farkl\u0131l\u0131klar\u0131n ya\u015fand\u0131\u011f\u0131, toplumsal ve sosyal dokunun zenginlikler i\u00e7erdi\u011fi bir \u00fclkede siyaset bu renklilik i\u00e7inde \u00fcretilebilse, ekonomik, sosyal ve siyasal sorunlara do\u011fru bir zeminde yan\u0131t aranabilseydi sonu\u00e7 hi\u00e7 ku\u015fkusuz bu tablodan \u00e7ok farkl\u0131 olurdu.<\/span><\/span><\/span><\/p>\n<p class=\"MsoNormal\" style=\"margin: 0cm 0cm 0pt; text-align: justify\">\u00a0<\/p>\n<p class=\"MsoNormal\" style=\"margin: 0cm 0cm 0pt; text-align: justify\"><span style=\"font-size: small;\"><span style=\"color: #000000;\"><span style=\"font-family: Times New Roman;\"><span>\u00a0\u00a0\u00a0\u00a0\u00a0\u00a0\u00a0\u00a0\u00a0\u00a0\u00a0 <\/span>AKP neden yeniden iktidar oldu?<\/span><\/span><\/span><\/p>\n<p class=\"MsoNormal\" style=\"margin: 0cm 0cm 0pt; text-align: justify\">\u00a0<\/p>\n<p class=\"MsoNormal\" style=\"margin: 0cm 0cm 0pt; text-align: justify\"><span style=\"font-size: small;\"><span style=\"color: #000000;\"><span style=\"font-family: Times New Roman;\"><span>\u00a0\u00a0\u00a0\u00a0\u00a0\u00a0\u00a0\u00a0\u00a0\u00a0\u00a0 <\/span>AKP\u2019nin iktidar\u0131n\u0131 tek bir nedene ba\u011flamak do\u011fru olmaz. Pek \u00e7ok farkl\u0131 nedenin bu s\u00fcre\u00e7te etkili oldu\u011funu d\u00fc\u015f\u00fcn\u00fcyorum. Temel fakt\u00f6rlerden biri 27 Nisan e-muht\u0131ras\u0131 ve cumhurba\u015fkan\u0131 se\u00e7imi s\u00fcrecinde ya\u015fanan geli\u015fmelerdir. 27 Nisan Muht\u0131ras\u0131 ile ba\u015flayan ve cumhurba\u015fkan\u0131 se\u00e7imine kadar uzanan, sonu\u00e7ta da se\u00e7im kriziyle noktalanan s\u00fcre\u00e7, ortaya \u00e7\u0131kan bu tabloyu yaratan fakt\u00f6rlerin ba\u015f\u0131nda geliyor.<\/span><\/span><\/span><\/p>\n<p class=\"MsoNormal\" style=\"margin: 0cm 0cm 0pt; text-align: justify\">\u00a0<\/p>\n<p class=\"MsoNormal\" style=\"margin: 0cm 0cm 0pt; text-align: justify\"><span style=\"font-size: small;\"><span style=\"color: #000000;\"><span style=\"font-family: Times New Roman;\"><span>\u00a0\u00a0\u00a0\u00a0\u00a0\u00a0\u00a0\u00a0\u00a0\u00a0\u00a0 <\/span>27 Nisan Muht\u0131ras\u0131 ve cumhurba\u015fkanl\u0131\u011f\u0131 krizi AKP iktidar\u0131na m\u00fcthi\u015f bir politika zemini sa\u011flad\u0131 ve bu alan\u0131 alabildi\u011fine geni\u015fletti. Se\u00e7imlerden aylar \u00f6nce yazd\u0131\u011f\u0131m \u201cDemokrasiyi Esas Duru\u015f Halinden Kurtarmak\u201d ba\u015fl\u0131kl\u0131 yaz\u0131mda toplumun laik, anti-laik eksende polarize edilmesinin ne topluma ne de bu siyaseten bundan sonu\u00e7 almak isteyenlere bir \u015fey sa\u011flamayaca\u011f\u0131n\u0131n alt\u0131n\u0131 \u00e7izmi\u015ftim. Toplumsal ger\u00e7eklere oturmayan, ekonomik ve sosyal sorunlar yerine tamam\u0131yla korku ve paranoyalar \u00fczerinden \u00fcretilen bir siyaset anlay\u0131\u015f\u0131 ile bir yere var\u0131lamayaca\u011f\u0131 a\u00e7\u0131kt\u0131.<\/span><\/span><\/span><\/p>\n<p><span style=\"font-family: Times New Roman; color: #000000; font-size: small;\">\u00a0<\/span><\/p>\n<p class=\"MsoNormal\" style=\"margin: 0cm 0cm 0pt; text-align: justify\"><span style=\"font-size: small;\"><span style=\"color: #000000;\"><span style=\"font-family: Times New Roman;\"><span>\u00a0\u00a0\u00a0\u00a0\u00a0\u00a0\u00a0\u00a0\u00a0\u00a0\u00a0 <\/span>22 Temmuz se\u00e7imleri \u00f6ncesi oligar\u015fik asker-sivil b\u00fcrokrasi eliyle pompalanan sanal rejim tehdidi, devletin bekas\u0131 ve milliyet\u00e7ilik \u00fczerine oturan s\u0131\u011f siyaset anlay\u0131\u015f\u0131 bu sonu\u00e7lar\u0131n olu\u015fmas\u0131na yol a\u00e7an bir di\u011fer temel siyaset yan\u0131lg\u0131s\u0131yd\u0131.<\/span><\/span><\/span><\/p>\n<p class=\"MsoNormal\" style=\"margin: 0cm 0cm 0pt; text-align: justify\">\u00a0<\/p>\n<p class=\"MsoNormal\" style=\"margin: 0cm 0cm 0pt; text-align: justify\"><span style=\"font-size: small;\"><span style=\"color: #000000;\"><span style=\"font-family: Times New Roman;\"><span>\u00a0\u00a0\u00a0\u00a0\u00a0\u00a0\u00a0\u00a0\u00a0\u00a0\u00a0 <\/span>Toplumun \u00f6n\u00fcnde y\u00fcr\u00fcyece\u011fine, devletin arkas\u0131na s\u0131\u011f\u0131nan, devletin bekas\u0131n\u0131 \u00f6zg\u00fcrl\u00fck, e\u015fitlik, demokrasi, bireysel haklar, temel insan haklar\u0131na tercih eden bir siyaset anlay\u0131\u015f\u0131n\u0131n toplumsal sa\u011fduyunun duvar\u0131na toslayaca\u011f\u0131 belliydi. Ayr\u0131ca milliyet\u00e7ilik ve \u015feriat alg\u0131s\u0131 tehdidi \u00fczerinden siyaset yapan \u00e7evrelerin bir ba\u015fka zaaf\u0131 da topluma s\u00f6yleyecekleri ba\u015fka bir \u015feylerinin olmamas\u0131yd\u0131. \u0130\u015f\u00e7ilere, yoksullara, a\u00e7l\u0131k s\u0131n\u0131r\u0131nda ya\u015fayan milyonlarca yurtta\u015fa, Do\u011fu ve G\u00fcneydo\u011fu\u2019da ya\u015fayan b\u00f6lge insanlar\u0131na \u201cHaydi T\u00fcrk Milleti, aya\u011fa kalk!\u201d hamasetinden \u00f6te ne s\u00f6ylendi, ne \u00fcretilebildi?<\/span><\/span><\/span><\/p>\n<p class=\"MsoNormal\" style=\"margin: 0cm 0cm 0pt; text-align: justify\"><span><span style=\"font-family: Times New Roman; color: #000000; font-size: small;\">\u00a0\u00a0 <\/span><\/span><\/p>\n<p class=\"MsoNormal\" style=\"margin: 0cm 0cm 0pt; text-align: justify\"><span style=\"font-size: small;\"><span style=\"color: #000000;\"><span style=\"font-family: Times New Roman;\"><span>\u00a0\u00a0\u00a0\u00a0\u00a0\u00a0\u00a0\u00a0\u00a0\u00a0\u00a0 <\/span>AKP yeniden iktidar oldu \u00e7\u00fcnk\u00fc do\u011fru ya da yanl\u0131\u015f bir ekonomik program\u0131 vard\u0131. Bu program a\u011f\u0131rl\u0131kl\u0131 olarak IMF\u2019nin ekonomi program\u0131 da olsa AKP taraf\u0131ndan savunuldu. \u00dcstelik yarat\u0131lan bu milliyet\u00e7ilik atmosferi i\u00e7inde AB s\u00fcrecine en yak\u0131n duran tek parti olmas\u0131 da AKP i\u00e7in \u00f6nemli bir art\u0131 olarak \u00f6ne \u00e7\u0131kt\u0131. Gerilim istemeyen toplum, bu s\u00fcreci olumlad\u0131.<\/span><\/span><\/span><\/p>\n<p class=\"MsoNormal\" style=\"margin: 0cm 0cm 0pt; text-align: justify\">\u00a0<\/p>\n<p class=\"MsoNormal\" style=\"margin: 0cm 0cm 0pt; text-align: justify\"><span style=\"font-size: small;\"><span style=\"color: #000000;\"><span style=\"font-family: Times New Roman;\"><span>\u00a0\u00a0\u00a0\u00a0\u00a0\u00a0\u00a0\u00a0\u00a0\u00a0\u00a0 <\/span>22 Temmuz se\u00e7imlerinde \u00f6ne \u00e7\u0131kart\u0131lmas\u0131 gereken bir di\u011fer \u00f6nemli sonu\u00e7 da ba\u011f\u0131ms\u0131z adaylar\u0131n sa\u011flad\u0131\u011f\u0131 ba\u015far\u0131d\u0131r. <span>\u00a0<\/span>12 Eyl\u00fcl rejimi ile T\u00fcrkiye toplumunun \u00f6n\u00fcne konan ve halk\u0131n \u00f6zg\u00fcr iradesinin parlamentoya yans\u0131mas\u0131n\u0131 engelleyen %10 baraj sistemi bu se\u00e7imle yerle bir oldu. 12 Eyl\u00fcl hukuku \u00fczerine in\u015fa edilen siyaset anlay\u0131\u015f\u0131 ve bunun en \u00f6nemli ayaklar\u0131ndan biri olan baraj sistemi 22 Temmuz se\u00e7imleri ile iflas etmi\u015ftir.\u00a0<\/span><\/span><\/span><\/p>\n<p><span style=\"font-family: Times New Roman; color: #000000; font-size: small;\">\u00a0<\/span><\/p>\n<p class=\"MsoNormal\" style=\"margin: 0cm 0cm 0pt; text-align: justify\"><span style=\"font-size: small;\"><span style=\"color: #000000;\"><span style=\"font-family: Times New Roman;\"><span>\u00a0\u00a0\u00a0\u00a0\u00a0\u00a0\u00a0\u00a0\u00a0\u00a0\u00a0 <\/span>Ba\u011f\u0131ms\u0131z adaylar\u0131n siyasetin ezberini bozmaya d\u00f6n\u00fck s\u00f6ylemleri toplumda ciddi bir yank\u0131 bulmu\u015ftur. \u00d6n\u00fcm\u00fczdeki s\u00fcre\u00e7, bu temel s\u00f6ylemler \u00fczerinden geli\u015ftirilecek yeni bir siyaset anlay\u0131\u015f\u0131n\u0131 daha s\u0131cak bir \u015fekilde hissettirecektir.<\/span><\/span><\/span><\/p>\n<p class=\"MsoNormal\" style=\"margin: 0cm 0cm 0pt; text-align: justify\"><span style=\"font-size: small;\"><span style=\"color: #000000;\"><span style=\"font-family: Times New Roman;\"><span>\u00a0<\/span><span>\u00a0<\/span><\/span><\/span><\/span><\/p>\n<p class=\"MsoNormal\" style=\"margin: 0cm 0cm 0pt; text-align: justify\"><span style=\"font-size: small;\"><span style=\"color: #000000;\"><span style=\"font-family: Times New Roman;\"><span>\u00a0\u00a0\u00a0\u00a0\u00a0\u00a0\u00a0\u00a0\u00a0\u00a0\u00a0 <\/span>Toplumsal sa\u011fduyuyu k\u00fc\u00e7\u00fcmseyenler, toplumu hor g\u00f6renler faturay\u0131 \u00f6nce kendilerine \u00e7\u0131karma ve toplumsal sorunlarla y\u00fczle\u015fme cesaretini g\u00f6sterebilmelidirler. \u00c7\u00f6z\u00fcm ve yenilik \u00fcretmeyen, de\u011fi\u015fimi \u00f6n g\u00f6rmeyen, iflas etmi\u015f paradigmalar\u0131 topluma \u201cyeni\u201d bir umut olarak sunan bir siyaset anlay\u0131\u015f\u0131ndan ba\u015far\u0131 beklemek as\u0131l sa\u011fduyusuzluktur.<\/span><\/span><\/span><\/p>\n<p class=\"MsoNormal\" style=\"margin: 0cm 0cm 0pt; text-align: justify\">\u00a0<\/p>\n<p class=\"MsoNormal\" style=\"margin: 0cm 0cm 0pt; text-align: justify\"><span style=\"font-size: small;\"><span style=\"color: #000000;\"><span style=\"font-family: Times New Roman;\"><span>\u00a0\u00a0\u00a0\u00a0\u00a0\u00a0\u00a0\u00a0\u00a0\u00a0\u00a0 <\/span>\u00dcnl\u00fc bir \u00c7in atas\u00f6z\u00fc \u201cDe\u011fi\u015fim r\u00fczgar\u0131 esmeye ba\u015flad\u0131\u011f\u0131nda ak\u0131ll\u0131 olmayanlar duvar \u00f6rer, ak\u0131ll\u0131 olanlar ise yel de\u011firmeni in\u015fa eder.\u201d<span>\u00a0 <\/span>der.<\/span><\/span><\/span><\/p>\n<p><span style=\"font-family: Times New Roman; color: #000000; font-size: small;\">\u00a0<\/span><\/p>\n<p class=\"MsoNormal\" style=\"margin: 0cm 0cm 0pt; text-align: justify\"><span style=\"font-size: small;\"><span style=\"color: #000000;\"><span style=\"font-family: Times New Roman;\"><span>\u00a0\u00a0\u00a0\u00a0\u00a0\u00a0\u00a0\u00a0\u00a0\u00a0\u00a0 <\/span>Siyaset, hayat\u0131 ve de\u011fi\u015fimi do\u011fru alg\u0131lamakla do\u011frulan\u0131r.<span>\u00a0 <\/span><\/span><\/span><\/span><\/p>\n","protected":false},"excerpt":{"rendered":"<p>\u00a0\u00a0\u00a0\u00a0\u00a0\u00a0\u00a0\u00a0\u00a0\u00a0\u00a0\u00a022 Temmuz se\u00e7imleri AKP\u2019yi yeniden iktidara ta\u015f\u0131d\u0131. T\u00fcrkiye\u2019nin toplumsal ger\u00e7ekleri ile y\u00fczle\u015fmekten korkan, onun fark\u0131nda olmayan siyaset \u00e7evreleri ve medyan\u0131n&#46;&#46;&#46;<\/p>\n","protected":false},"author":17,"featured_media":0,"comment_status":"closed","ping_status":"closed","sticky":false,"template":"","format":"standard","meta":{"_jetpack_memberships_contains_paid_content":false,"footnotes":""},"categories":[51],"tags":[],"class_list":["post-2876","post","type-post","status-publish","format-standard","hentry","category-ecz-rafet-sahin"],"aioseo_notices":[],"jetpack_featured_media_url":"","jetpack_sharing_enabled":true,"jetpack-related-posts":[],"_links":{"self":[{"href":"http:\/\/www.ced.org.tr\/index.php?rest_route=\/wp\/v2\/posts\/2876","targetHints":{"allow":["GET"]}}],"collection":[{"href":"http:\/\/www.ced.org.tr\/index.php?rest_route=\/wp\/v2\/posts"}],"about":[{"href":"http:\/\/www.ced.org.tr\/index.php?rest_route=\/wp\/v2\/types\/post"}],"author":[{"embeddable":true,"href":"http:\/\/www.ced.org.tr\/index.php?rest_route=\/wp\/v2\/users\/17"}],"replies":[{"embeddable":true,"href":"http:\/\/www.ced.org.tr\/index.php?rest_route=%2Fwp%2Fv2%2Fcomments&post=2876"}],"version-history":[{"count":1,"href":"http:\/\/www.ced.org.tr\/index.php?rest_route=\/wp\/v2\/posts\/2876\/revisions"}],"predecessor-version":[{"id":4012,"href":"http:\/\/www.ced.org.tr\/index.php?rest_route=\/wp\/v2\/posts\/2876\/revisions\/4012"}],"wp:attachment":[{"href":"http:\/\/www.ced.org.tr\/index.php?rest_route=%2Fwp%2Fv2%2Fmedia&parent=2876"}],"wp:term":[{"taxonomy":"category","embeddable":true,"href":"http:\/\/www.ced.org.tr\/index.php?rest_route=%2Fwp%2Fv2%2Fcategories&post=2876"},{"taxonomy":"post_tag","embeddable":true,"href":"http:\/\/www.ced.org.tr\/index.php?rest_route=%2Fwp%2Fv2%2Ftags&post=2876"}],"curies":[{"name":"wp","href":"https:\/\/api.w.org\/{rel}","templated":true}]}}