{"id":2877,"date":"2007-08-16T13:08:57","date_gmt":"2007-08-16T10:08:57","guid":{"rendered":"http:\/\/www.ced.org.tr\/?p=2877"},"modified":"2014-05-21T01:38:21","modified_gmt":"2014-05-20T22:38:21","slug":"hayati-ve-degisimi-kavrayabilmek-2","status":"publish","type":"post","link":"http:\/\/www.ced.org.tr\/?p=2877","title":{"rendered":"HAYATI VE DE\u011e\u0130\u015e\u0130M\u0130 KAVRAYAB\u0130LMEK -2"},"content":{"rendered":"<p class=\"MsoNormal\" style=\"margin: 0cm 0cm 0pt; line-height: 150%; text-align: justify\"><span style=\"font-family: Times New Roman; color: #000000; font-size: small;\">\u00a0\u00a0\u00a0\u00a0\u00a0\u00a0\u00a0\u00a0\u00a0\u00a0 \u201cHayat\u0131 ve De\u011fi\u015fimi Kavrayabilmek\u201d ba\u015fl\u0131kl\u0131 yaz\u0131m meslek alan\u0131nda \u201cpolitika\u201d \u00fcreten baz\u0131 se\u00e7kinci meslekta\u015flar\u0131m\u0131 belli ki rahats\u0131z etmi\u015f. Polemik yapmak istedikleri belli ama benim polemik yapmaya ne zaman\u0131m ne de niyetim var. Yapmak istedi\u011fimiz \u015fey meslek alan\u0131m\u0131zda ya\u015fanan geli\u015fmeleri ve bizi ilgilendiren toplumsal geli\u015fmeleri alabildi\u011fine yans\u0131z, \u00f6n yarg\u0131lardan uzak, \u00f6zg\u00fcrce ve objektif olarak de\u011ferlendirmektir.<\/span><\/p>\n<p class=\"MsoNormal\" style=\"margin: 0cm 0cm 0pt; line-height: 150%; text-align: justify\">\u00a0<\/p>\n<p class=\"MsoNormal\" style=\"margin: 0cm 0cm 0pt; line-height: 150%; text-align: justify\"><span style=\"font-size: small;\"><span style=\"color: #000000;\"><span style=\"font-family: Times New Roman;\"><span>\u00a0\u00a0\u00a0\u00a0\u00a0\u00a0\u00a0\u00a0\u00a0\u00a0\u00a0 <\/span>Toplumdaki de\u011fi\u015fim niyetlerini okuyamayacak kadar ufuklar\u0131 dar, ak\u0131l ve siyaset fukaras\u0131 olanlar\u0131n, siyasetin ezberini bozmak yerine bu ezberde ayak diretenlerin s\u00f6ylediklerimizi tarif etmek \u00fczerine \u201csiyaset \u00fcretme\u201d becerileri devam edecektir. <\/span><\/span><\/span><\/p>\n<p class=\"MsoNormal\" style=\"margin: 0cm 0cm 0pt; line-height: 150%; text-align: justify\">\u00a0<\/p>\n<p class=\"MsoNormal\" style=\"margin: 0cm 0cm 0pt; line-height: 150%; text-align: justify\"><span style=\"font-size: small;\"><span style=\"color: #000000;\"><span style=\"font-family: Times New Roman;\"><span>\u00a0\u00a0\u00a0\u00a0\u00a0\u00a0\u00a0\u00a0\u00a0\u00a0\u00a0 <\/span>Yollar\u0131 a\u00e7\u0131k olsun!<\/span><\/span><\/span><\/p>\n<p class=\"MsoNormal\" style=\"margin: 0cm 0cm 0pt; line-height: 150%; text-align: justify\">\u00a0<\/p>\n<p class=\"MsoNormal\" style=\"margin: 0cm 0cm 0pt; line-height: 150%; text-align: justify\"><span style=\"font-size: small;\"><span style=\"color: #000000;\"><span style=\"font-family: Times New Roman;\"><span>\u00a0\u00a0\u00a0\u00a0\u00a0\u00a0\u00a0\u00a0\u00a0\u00a0\u00a0 <\/span>22 Temmuz se\u00e7imlerine ili\u015fkin faturay\u0131 \u201ccahil\u201d halka \u00e7\u0131karan s\u0131\u011f siyaset anlay\u0131\u015f\u0131 \u00fczerine in\u015fa edilen siyasal analizler zevahiri kurtarma \u00e7abalar\u0131ndan \u00f6te bir anlam ifade etmez. 22 Temmuz se\u00e7imleri 12 Eyl\u00fcl Anayasas\u0131\u2019n\u0131n \u00f6ng\u00f6rd\u00fc\u011f\u00fc siyasal \u00e7er\u00e7eve i\u00e7inde yap\u0131ld\u0131. Bu \u00e7er\u00e7eve solun, sosyalistlerin ve ger\u00e7ek sosyal demokratlar\u0131n halkla b\u00fct\u00fcnle\u015fmesinin \u00f6n\u00fcnde barikat olu\u015fturan yasaklarla doluydu. 2002 se\u00e7imlerinde ger\u00e7ek halk iradesi bu nedenle sand\u0131\u011fa yans\u0131mad\u0131. 22 Temmuz se\u00e7imlerinde de bu yasaklar devam etti. Bunun en b\u00fcy\u00fck sorumlular\u0131 da AKP ile birlikte CHP\u2019ydi. Bu yasaklar\u0131n devam etmesine birlikte destek verdiler. <\/span><\/span><\/span><\/p>\n<p class=\"MsoNormal\" style=\"margin: 0cm 0cm 0pt; line-height: 150%; text-align: justify\">\u00a0<\/p>\n<p class=\"MsoNormal\" style=\"margin: 0cm 0cm 0pt; line-height: 150%; text-align: justify\"><span style=\"font-size: small;\"><span style=\"color: #000000;\"><span style=\"font-family: Times New Roman;\"><span>\u00a0\u00a0\u00a0\u00a0\u00a0\u00a0\u00a0\u00a0\u00a0\u00a0\u00a0 <\/span>12 Eyl\u00fcl hukukunun arkas\u0131na s\u0131\u011f\u0131narak faturay\u0131 halka \u00e7\u0131karanlar \u00f6nce kendilerine \u00e7\u0131karmal\u0131d\u0131rlar bu faturay\u0131. Toplumun \u00f6n\u00fcnde y\u00fcr\u00fcyeceklerine devletin arkas\u0131na s\u0131\u011f\u0131narak politika \u00fcretmeyi marifet sayanlar\u0131n ve bu politikalardan medet uman \u201csiyaset dalkavuklar\u0131\u201dn\u0131n hayat\u0131n ger\u00e7ekleriyle y\u00fczle\u015fmeleri i\u00e7in daha \u00e7ok kafalar\u0131n\u0131 duvara toslamalar\u0131 gerekecek. <\/span><\/span><\/span><\/p>\n<p class=\"MsoNormal\" style=\"margin: 0cm 0cm 0pt; line-height: 150%; text-align: justify\">\u00a0<\/p>\n<p class=\"MsoNormal\" style=\"margin: 0cm 0cm 0pt; line-height: 150%; text-align: justify\"><span style=\"font-size: small;\"><span style=\"color: #000000;\"><span style=\"font-family: Times New Roman;\"><span>\u00a0\u00a0\u00a0\u00a0\u00a0\u00a0\u00a0\u00a0\u00a0\u00a0\u00a0 <\/span>12 Eyl\u00fcl Anayasas\u0131\u2019n\u0131n oylanmas\u0131 ile 22 Temmuz se\u00e7imlerini yan yana koyup \u201cHer ikisini de ayn\u0131 halk ger\u00e7ekle\u015ftirdi\u201d demek tam bir ak\u0131l fukaral\u0131\u011f\u0131 de\u011filse nedir? 12 Eyl\u00fcl\u2019e hangi ko\u015fullarda gelindi\u011fini, darbenin psikolojik alt yap\u0131s\u0131n\u0131n haz\u0131rlanmas\u0131 i\u00e7in anar\u015fi ve ter\u00f6r\u00fcn hangi \u00e7evreler eliyle beslendi\u011fini bug\u00fcn herkes biliyor. 12 Eyl\u00fcl anayasa oylamas\u0131 darbeci generallerin g\u00f6lgesinde yap\u0131lan bir oylamayd\u0131. Halka \u201cevet\u201d demekten ba\u015fka bir se\u00e7enek b\u0131rak\u0131lmam\u0131\u015ft\u0131. 22 Temmuz se\u00e7imleri ise e-muht\u0131raya ra\u011fmen ger\u00e7ekle\u015ftirildi. Ger\u00e7i 82 Anayasas\u0131\u2019n\u0131n yol a\u00e7t\u0131\u011f\u0131 anti-demokratik ko\u015fullar devam etti ancak iki farkl\u0131 d\u00f6nemde, iki farkl\u0131 atmosferde yap\u0131lan se\u00e7imleri ortak bir analize tabi tutmak ancak ak\u0131l fukaras\u0131 se\u00e7kinci \u201cdemokrat\u201dlar\u0131n becerisi ile m\u00fcmk\u00fcn olabilir. <\/span><\/span><\/span><\/p>\n<p class=\"MsoNormal\" style=\"margin: 0cm 0cm 0pt; line-height: 150%; text-align: justify\">\u00a0<\/p>\n<p class=\"MsoNormal\" style=\"margin: 0cm 0cm 0pt; line-height: 150%; text-align: justify\"><span style=\"font-size: small;\"><span style=\"color: #000000;\"><span style=\"font-family: Times New Roman;\"><span>\u00a0\u00a0\u00a0\u00a0\u00a0\u00a0\u00a0\u00a0\u00a0\u00a0\u00a0 <\/span>12 Eyl\u00fcl Rejimi, CHP\u2019nin de\u011fil solun \u00fczerinden buldozer gibi ge\u00e7ti. Bug\u00fcn sol cenahta sa\u011fl\u0131kl\u0131 bir alternatif yoksa bunun nedeni darbelerle sola \u00e7\u0131kar\u0131lan a\u011f\u0131r faturada gizlidir. <\/span><\/span><\/span><\/p>\n<p class=\"MsoNormal\" style=\"margin: 0cm 0cm 0pt; line-height: 150%; text-align: justify\">\u00a0<\/p>\n<p class=\"MsoNormal\" style=\"margin: 0cm 0cm 0pt; line-height: 150%; text-align: justify\"><span style=\"font-size: small;\"><span style=\"color: #000000;\"><span style=\"font-family: Times New Roman;\"><span>\u00a0\u00a0\u00a0\u00a0\u00a0\u00a0\u00a0\u00a0\u00a0\u00a0\u00a0 <\/span>Siyasetin ezberini bozmak isteyen sol, 22 Temmuz se\u00e7imleri ile yeniden toplumsal bir umuda d\u00f6n\u00fc\u015fm\u00fc\u015ft\u00fcr. Buna kar\u015f\u0131n devlet\u00e7i siyaset anlay\u0131\u015f\u0131 ise halk\u0131n barikat\u0131na tak\u0131lm\u0131\u015ft\u0131r. Bu da halk\u0131n balans ayar\u0131d\u0131r! 50 y\u0131l\u0131 a\u015fk\u0131nd\u0131r asker-sivil b\u00fcrokrasi eliyle \u00fcretilen jakoben ve se\u00e7kinci, darbelerle ve e-muht\u0131ralarla beslenen siyaset anlay\u0131\u015f\u0131n\u0131n \u00fclkeyi getirdi\u011fi yer tam bir iflas noktas\u0131d\u0131r. 22 Temmuz se\u00e7imleri de bu sonu\u00e7lardan biridir. <\/span><\/span><\/span><\/p>\n<p class=\"MsoNormal\" style=\"margin: 0cm 0cm 0pt; line-height: 150%; text-align: justify\">\u00a0<\/p>\n<p class=\"MsoNormal\" style=\"margin: 0cm 0cm 0pt; line-height: 150%; text-align: justify\"><span style=\"font-size: small;\"><span style=\"color: #000000;\"><span style=\"font-family: Times New Roman;\"><span>\u00a0\u00a0\u00a0\u00a0\u00a0\u00a0\u00a0\u00a0\u00a0\u00a0\u00a0 <\/span>Demokrasi ve de\u011fi\u015fim istemleri d\u00fcn oldu\u011fu gibi bug\u00fcn de toplumsal bir ihtiya\u00e7t\u0131r. Toplumun a\u00e7l\u0131\u011fa, yoksullu\u011fa, i\u015fsizli\u011fe ve insanca ya\u015fama dair taleplerine yan\u0131t verecek politikalar \u00fcretmek, bu talepleri do\u011fru okumakla ancak m\u00fcmk\u00fcn olabilir. Bunun i\u00e7in de halka tepeden bakan se\u00e7kinci ve devlet\u00e7i siyaset anlay\u0131\u015f\u0131 yerine \u00f6zg\u00fcrl\u00fck\u00e7\u00fc, demokrat yeni bir sol anlay\u0131\u015f\u0131n konulmas\u0131 gerekir. Meslek alan\u0131m\u0131zda da bu politikalara ihtiya\u00e7 var. <\/span><\/span><\/span><\/p>\n<p class=\"MsoNormal\" style=\"margin: 0cm 0cm 0pt; line-height: 150%; text-align: justify\">\u00a0<\/p>\n<p class=\"MsoNormal\" style=\"margin: 0cm 0cm 0pt; line-height: 150%; text-align: justify\"><span style=\"font-size: small;\"><span style=\"color: #000000;\"><span style=\"font-family: Times New Roman;\"><span>\u00a0\u00a0\u00a0\u00a0\u00a0\u00a0\u00a0\u00a0\u00a0\u00a0\u00a0 <\/span>Toplumdaki de\u011fi\u015fim ve d\u00f6n\u00fc\u015f\u00fcm taleplerine yan\u0131t verebilmek i\u00e7in \u00f6nce adam gibi solda durmas\u0131n\u0131 bilmek laz\u0131m. Solda i\u011freti duranlar\u0131n, yazd\u0131klar\u0131 her yaz\u0131y\u0131, her \u201canaliz\u201di k\u00fcf\u00fcr nameye d\u00f6n\u00fc\u015ft\u00fcrenlerin hi\u00e7 i\u015fi de\u011fil bu. <\/span><\/span><\/span><\/p>\n<p class=\"MsoNormal\" style=\"margin: 0cm 0cm 0pt; line-height: 150%; text-align: justify\">\u00a0<\/p>\n<p class=\"MsoNormal\" style=\"margin: 0cm 0cm 0pt; line-height: 150%; text-align: justify\"><span style=\"font-size: small;\"><span style=\"color: #000000;\"><span style=\"font-family: Times New Roman;\"><span>\u00a0\u00a0\u00a0\u00a0\u00a0\u00a0\u00a0\u00a0\u00a0\u00a0\u00a0 <\/span>22 Temmuz se\u00e7imleri ile siyasetin ezberini bozacak yeni bir sol siyaset anlay\u0131\u015f\u0131n\u0131n \u0131\u015f\u0131\u011f\u0131 yak\u0131ld\u0131. \u015eimdi bu eksende siyaset \u00fcretmenin zaman\u0131d\u0131r.<\/span><\/span><\/span><\/p>\n<p class=\"MsoNormal\" style=\"margin: 0cm 0cm 0pt; line-height: 150%; text-align: justify\">\u00a0<\/p>\n<p><span style=\"font-size: 12pt; font-family: 'Times New Roman'\"><span style=\"color: #000000;\"><span>\u00a0\u00a0\u00a0\u00a0\u00a0\u00a0\u00a0\u00a0\u00a0\u00a0\u00a0 <\/span>Meslek alan\u0131m\u0131zda da bu politikalar ihtiya\u00e7 var<\/span><\/span><\/p>\n","protected":false},"excerpt":{"rendered":"<p>\u00a0\u00a0\u00a0\u00a0\u00a0\u00a0\u00a0\u00a0\u00a0\u00a0 \u201cHayat\u0131 ve De\u011fi\u015fimi Kavrayabilmek\u201d ba\u015fl\u0131kl\u0131 yaz\u0131m meslek alan\u0131nda \u201cpolitika\u201d \u00fcreten baz\u0131 se\u00e7kinci meslekta\u015flar\u0131m\u0131 belli ki rahats\u0131z etmi\u015f. Polemik yapmak&#46;&#46;&#46;<\/p>\n","protected":false},"author":17,"featured_media":0,"comment_status":"closed","ping_status":"closed","sticky":false,"template":"","format":"standard","meta":{"_jetpack_memberships_contains_paid_content":false,"footnotes":""},"categories":[51],"tags":[],"class_list":["post-2877","post","type-post","status-publish","format-standard","hentry","category-ecz-rafet-sahin"],"aioseo_notices":[],"jetpack_featured_media_url":"","jetpack_sharing_enabled":true,"jetpack-related-posts":[],"_links":{"self":[{"href":"http:\/\/www.ced.org.tr\/index.php?rest_route=\/wp\/v2\/posts\/2877","targetHints":{"allow":["GET"]}}],"collection":[{"href":"http:\/\/www.ced.org.tr\/index.php?rest_route=\/wp\/v2\/posts"}],"about":[{"href":"http:\/\/www.ced.org.tr\/index.php?rest_route=\/wp\/v2\/types\/post"}],"author":[{"embeddable":true,"href":"http:\/\/www.ced.org.tr\/index.php?rest_route=\/wp\/v2\/users\/17"}],"replies":[{"embeddable":true,"href":"http:\/\/www.ced.org.tr\/index.php?rest_route=%2Fwp%2Fv2%2Fcomments&post=2877"}],"version-history":[{"count":1,"href":"http:\/\/www.ced.org.tr\/index.php?rest_route=\/wp\/v2\/posts\/2877\/revisions"}],"predecessor-version":[{"id":4010,"href":"http:\/\/www.ced.org.tr\/index.php?rest_route=\/wp\/v2\/posts\/2877\/revisions\/4010"}],"wp:attachment":[{"href":"http:\/\/www.ced.org.tr\/index.php?rest_route=%2Fwp%2Fv2%2Fmedia&parent=2877"}],"wp:term":[{"taxonomy":"category","embeddable":true,"href":"http:\/\/www.ced.org.tr\/index.php?rest_route=%2Fwp%2Fv2%2Fcategories&post=2877"},{"taxonomy":"post_tag","embeddable":true,"href":"http:\/\/www.ced.org.tr\/index.php?rest_route=%2Fwp%2Fv2%2Ftags&post=2877"}],"curies":[{"name":"wp","href":"https:\/\/api.w.org\/{rel}","templated":true}]}}