{"id":2878,"date":"2007-09-06T16:25:00","date_gmt":"2007-09-06T13:25:00","guid":{"rendered":"http:\/\/www.ced.org.tr\/?p=2878"},"modified":"2014-05-21T01:38:14","modified_gmt":"2014-05-20T22:38:14","slug":"gerceklerle-yuzlesmek-1","status":"publish","type":"post","link":"http:\/\/www.ced.org.tr\/?p=2878","title":{"rendered":"GER\u00c7EKLERLE Y\u00dcZLE\u015eMEK -1"},"content":{"rendered":"<p class=\"MsoNormal\" style=\"margin: 0cm 0cm 0pt; line-height: 150%; text-align: justify\"><span style=\"font-family: Times New Roman; color: #000000; font-size: small;\">Eczac\u0131 kamuoyunun yalan yanl\u0131\u015f bilgilerle y\u00f6nlendirilmeye \u00e7al\u0131\u015f\u0131ld\u0131\u011f\u0131, sansasyonel haber kaynakl\u0131 bilgilerin sistemli olarak \u00f6ne \u00e7\u0131kar\u0131ld\u0131\u011f\u0131, belden a\u015fa\u011f\u0131 siyasetin genel ge\u00e7er bir y\u00f6ntem haline getirildi\u011fi, \u00c7a\u011fda\u015f Eczac\u0131l\u0131k Hareketi\u2019nin i\u00e7eride ve d\u0131\u015far\u0131da yalana ve karalamaya dayal\u0131 politikalarla ku\u015fatma alt\u0131na al\u0131nmak istendi\u011fi bir s\u00fcre\u00e7te daha fazla tevazu g\u00f6stererek susman\u0131n harekete zarar verece\u011fini ve \u00c7a\u011fda\u015f Eczac\u0131l\u0131k Hareketi\u2019ni zaafa u\u011frataca\u011f\u0131n\u0131 d\u00fc\u015f\u00fcnerek bu sat\u0131rlar\u0131 karalamaya karar verdim.<\/span><\/p>\n<p><span style=\"font-family: Times New Roman; color: #000000; font-size: small;\">\u00a0<\/span><\/p>\n<p class=\"MsoNormal\" style=\"margin: 0cm 0cm 0pt; line-height: 150%; text-align: justify\"><span style=\"font-family: Times New Roman; color: #000000; font-size: small;\">Evet, \u015fimdi olabildi\u011fince objektif bir g\u00f6zlemle geli\u015fmeleri aktarman\u0131n ve ger\u00e7eklerle y\u00fczle\u015fmenin tam zaman\u0131d\u0131r.<\/span><\/p>\n<p><span style=\"font-family: Times New Roman; color: #000000; font-size: small;\">\u00a0<\/span><\/p>\n<p class=\"MsoNormal\" style=\"margin: 0cm 0cm 0pt; line-height: 150%; text-align: justify\"><span style=\"font-family: Times New Roman; color: #000000; font-size: small;\">\u00c7a\u011fda\u015f Eczac\u0131l\u0131k Hareketi i\u00e7inde ve meslek alan\u0131m\u0131zda olup biten geli\u015fmeleri hep birlikte de\u011ferlendirelim.<\/span><\/p>\n<p><span style=\"font-family: Times New Roman; color: #000000; font-size: small;\">\u00a0<\/span><\/p>\n<p class=\"MsoNormal\" style=\"margin: 0cm 0cm 0pt; line-height: 150%; text-align: justify\"><span style=\"font-family: Times New Roman; color: #000000; font-size: small;\">\u00c7a\u011fda\u015f Eczac\u0131l\u0131k Hareketine duydu\u011fumuz sorumlulukla ve akl\u0131n s\u00fczgecinden ge\u00e7irerek y\u00fczle\u015fmemiz gereken ac\u0131 ama \u00f6\u011fretici ger\u00e7ekler neler\u2026<\/span><\/p>\n<p><span style=\"font-family: Times New Roman; color: #000000; font-size: small;\">\u00a0<\/span><\/p>\n<p class=\"MsoNormal\" style=\"margin: 0cm 0cm 0pt; line-height: 150%; text-align: justify\"><span style=\"font-family: Times New Roman; color: #000000; font-size: small;\">\u00d6nce \u0130\u00c7EM\u2019den ba\u015flayal\u0131m. Ad\u0131 \u00fcst\u00fcnde \u0130stanbul \u00c7a\u011fda\u015f Eczac\u0131lar Meclisi. Uzunca y\u0131llar s\u00fcren m\u00fccadelenin ve deneyimin eczac\u0131l\u0131k hareketine kazand\u0131rd\u0131\u011f\u0131 ilk kurumla\u015fma \u00f6rne\u011fi. Denilebilir ki T\u00fcrkiye eczac\u0131l\u0131k hareketinin en ileri, en demokratik kurumla\u015fmas\u0131.<\/span><\/p>\n<p><span style=\"font-family: Times New Roman; color: #000000; font-size: small;\">\u00a0<\/span><\/p>\n<p class=\"MsoNormal\" style=\"margin: 0cm 0cm 0pt; line-height: 150%; text-align: justify\"><span style=\"font-family: Times New Roman; color: #000000; font-size: small;\">\u00c7a\u011fda\u015f Eczac\u0131l\u0131k Hareketi\u2019nin kendi i\u00e7 hukukunu yaratarak olu\u015fturdu\u011fu bu kurum, yine belirlenmi\u015f demokratik kurallar i\u00e7inde faaliyetini s\u00fcrd\u00fcr\u00fcyor.<\/span><\/p>\n<p><span style=\"font-family: Times New Roman; color: #000000; font-size: small;\">\u00a0<\/span><\/p>\n<p class=\"MsoNormal\" style=\"margin: 0cm 0cm 0pt; line-height: 150%; text-align: justify\"><span style=\"font-family: Times New Roman; color: #000000; font-size: small;\">\u0130\u00c7EM\u2019in geni\u015f yetki ve sorumluluklar\u0131 var. Eczac\u0131l\u0131k mesle\u011fini ilgilendiren temel sorunlarda en az y\u00f6netimler kadar yetki ve sorumluluk sahibi. Y\u00fczlerce eczac\u0131 bu kurumun \u00fcyesi ve \u0130\u00c7EM \u00fcyeli\u011fi t\u00fcm \u00c7a\u011fda\u015f Eczac\u0131lar\u2019a a\u00e7\u0131k. Y\u00f6netimlerin olu\u015fturaca\u011f\u0131 t\u00fcm kararlar \u00f6nce \u00c7a\u011fda\u015f Eczac\u0131lar Meclisi\u2019nin s\u00fczgecinden ge\u00e7iyor.<\/span><\/p>\n<p><span style=\"font-family: Times New Roman; color: #000000; font-size: small;\">\u00a0<\/span><\/p>\n<p class=\"MsoNormal\" style=\"margin: 0cm 0cm 0pt; line-height: 150%; text-align: justify\"><span style=\"font-family: Times New Roman; color: #000000; font-size: small;\">Peki, eczac\u0131l\u0131k hareketi i\u00e7inde muhalefetiyle, iktidar\u0131yla bundan daha demokratik ve daha ileri bir kurumla\u015fmay\u0131 \u00fcreten var m\u0131?<\/span><span style=\"font-family: Times New Roman; color: #000000; font-size: small;\">\u00a0<\/span><\/p>\n<p class=\"MsoNormal\" style=\"margin: 0cm 0cm 0pt; line-height: 150%; text-align: justify\"><span style=\"font-family: Times New Roman; color: #000000; font-size: small;\">Yok\u2026<\/span><\/p>\n<p class=\"MsoNormal\" style=\"margin: 0cm 0cm 0pt; line-height: 150%; text-align: justify\">\u00a0<\/p>\n<p class=\"MsoNormal\" style=\"margin: 0cm 0cm 0pt; line-height: 150%; text-align: justify\"><span style=\"font-family: Times New Roman; color: #000000; font-size: small;\">20-25 y\u0131ll\u0131k bir s\u00fcre\u00e7te onca emekle ve deneyimle \u00fcretilen bir kurumla\u015fmay\u0131 birilerinin ki\u015fisel h\u0131rslar\u0131 u\u011fruna bir g\u00fcnde t\u00fcketmek i\u00e7in hakl\u0131 bir neden var m\u0131?<\/span><span style=\"font-family: Times New Roman; color: #000000; font-size: small;\">\u00a0<\/span><\/p>\n<p class=\"MsoNormal\" style=\"margin: 0cm 0cm 0pt; line-height: 150%; text-align: justify\"><span style=\"font-family: Times New Roman; color: #000000; font-size: small;\">O da yok.<\/span><\/p>\n<p><span style=\"font-family: Times New Roman; color: #000000; font-size: small;\">\u00a0<\/span><\/p>\n<p class=\"MsoNormal\" style=\"margin: 0cm 0cm 0pt; line-height: 150%; text-align: justify\"><span style=\"font-family: Times New Roman; color: #000000; font-size: small;\">\u0130\u00c7EM sadece \u00c7a\u011fda\u015f Eczac\u0131lar\u2019\u0131n aday adaylar\u0131n\u0131 se\u00e7mek i\u00e7in olu\u015fturulmu\u015f bir kurum de\u011fil. Harekete dinamizm sa\u011flayan, y\u00f6netimleri denetleyen bir kurumla\u015fma. Ayn\u0131 zamanda \u00fcyelerinin y\u00f6neticilik deneyimi kazand\u0131\u011f\u0131 bir okul i\u015flevini g\u00f6r\u00fcyor.<\/span><\/p>\n<p><span style=\"font-family: Times New Roman; color: #000000; font-size: small;\">\u00a0<\/span><\/p>\n<p class=\"MsoNormal\" style=\"margin: 0cm 0cm 0pt; line-height: 150%; text-align: justify\"><span style=\"font-family: Times New Roman; color: #000000; font-size: small;\">Peki, \u00c7a\u011fda\u015f Eczac\u0131lar\u2019a muhalefet eden arkada\u015flar\u0131m\u0131z ne yap\u0131yorlar? Kendi ki\u015fisel egolar\u0131 i\u00e7in, \u0130\u00c7EM\u2019in b\u00fct\u00fcn bu i\u015flevlerini yok say\u0131p onu eczac\u0131 kamuoyuna hi\u00e7 de hak etmedi\u011fi bir imajla tan\u0131tma \u00e7abas\u0131 i\u00e7indeler. Y\u00fczlerce eczac\u0131n\u0131n emek verdi\u011fi, mesle\u011fin gelece\u011fi ad\u0131na politikalar \u00fcretmeye \u00e7al\u0131\u015ft\u0131\u011f\u0131, y\u0131llarca saatlerini, gecelerini t\u00fcketerek bir \u015feyler \u00fcretmeye \u00e7aba g\u00f6sterdi\u011fi bir kurumu y\u0131pratmak ad\u0131na f\u00fctursuzca bir tutum sergiliyorlar. \u00c7a\u011fda\u015f Eczac\u0131lar\u2019a yak\u0131\u015fmayan bir \u00fcslup ve y\u00f6ntemle.<\/span><\/p>\n<p><span style=\"font-family: Times New Roman; color: #000000; font-size: small;\">\u00a0<\/span><\/p>\n<p class=\"MsoNormal\" style=\"margin: 0cm 0cm 0pt; line-height: 150%; text-align: justify\"><span style=\"font-family: Times New Roman; color: #000000; font-size: small;\">B\u00fct\u00fcn bunlar\u0131 ne ad\u0131na yap\u0131yorlar?..<\/span><\/p>\n<p><span style=\"font-family: Times New Roman; color: #000000; font-size: small;\">\u00a0<\/span><\/p>\n<p class=\"MsoNormal\" style=\"margin: 0cm 0cm 0pt; line-height: 150%; text-align: justify\"><span style=\"font-family: Times New Roman; color: #000000; font-size: small;\">\u0130\u00c7EM\u2019de temsiliyet daha demokratik hale getirilebilir mi? Elbette ki getirilebilir. <\/span><span style=\"font-family: Times New Roman; color: #000000; font-size: small;\">Eczac\u0131l\u0131k hareketinin bu en ileri ve en demokratik kurumsalla\u015fmas\u0131n\u0131 yaratan \u00c7a\u011fda\u015f Eczac\u0131l\u0131k Hareketi onu daha ileri, daha demokratik noktalara ta\u015f\u0131yacak olgunlu\u011fa, bilgi birikimine sahiptir.<\/span><\/p>\n<p><span style=\"font-family: Times New Roman; color: #000000; font-size: small;\">\u00a0<\/span><\/p>\n<p class=\"MsoNormal\" style=\"margin: 0cm 0cm 0pt; line-height: 150%; text-align: justify\"><span style=\"font-family: Times New Roman; color: #000000; font-size: small;\">\u0130\u00c7EM\u2019in hedef tahtas\u0131 haline getirilmesinin eczac\u0131l\u0131k hareketine ve \u00e7a\u011fda\u015f eczac\u0131lara ne yarar\u0131 olabilir? <\/span><\/p>\n<p><span style=\"font-family: Times New Roman; color: #000000; font-size: small;\">\u00a0<\/span><\/p>\n<p class=\"MsoNormal\" style=\"margin: 0cm 0cm 0pt; line-height: 150%; text-align: justify\"><span style=\"font-family: Times New Roman; color: #000000; font-size: small;\">Bu kurumlar\u0131 yaratmak o kadar kolay m\u0131 ki bir gece g\u00fcndeme getirilen bir dayatma ile t\u00fcketilsin.<\/span><\/p>\n<p><span style=\"font-family: Times New Roman; color: #000000; font-size: small;\">\u00a0<\/span><\/p>\n<p class=\"MsoNormal\" style=\"margin: 0cm 0cm 0pt; line-height: 150%; text-align: justify\"><span style=\"font-family: Times New Roman; color: #000000; font-size: small;\">Evet, ger\u00e7ek olan \u0130\u00c7EM\u2019in bir dayatma ile kar\u015f\u0131 kar\u015f\u0131ya b\u0131rak\u0131lmas\u0131d\u0131r. \u0130\u00c7EM\u2019de ya\u015fanan tart\u0131\u015fmalar\u0131n \u00f6zeti budur.<\/span><\/p>\n<p><span style=\"font-family: Times New Roman; color: #000000; font-size: small;\">\u00a0<\/span><\/p>\n<p class=\"MsoNormal\" style=\"margin: 0cm 0cm 0pt; line-height: 150%; text-align: justify\"><span style=\"font-family: Times New Roman; color: #000000; font-size: small;\">Ne diyorlar \u0130\u00c7EM kararlar\u0131na muhalefet eden arkada\u015flar: \u201c\u00c7a\u011fda\u015f Eczac\u0131lar aday adaylar\u0131n\u0131 \u0130\u00c7EM\u2019de de\u011fil de t\u00fcm \u00c7a\u011fda\u015f Eczac\u0131lar\u2019\u0131n kat\u0131ld\u0131\u011f\u0131 bir \u00f6n se\u00e7imle belirlensinler.\u201d<\/span><\/p>\n<p class=\"MsoNormal\" style=\"margin: 0cm 0cm 0pt; line-height: 150%; text-align: justify\"><span style=\"font-family: Times New Roman; color: #000000; font-size: small;\">Bunu ne zaman s\u00f6yl\u00fcyorlar? Zamanlama \u00e7ok \u00f6nemli. \u0130\u00c7EM\u2019de se\u00e7im takviminin ba\u015flad\u0131\u011f\u0131 bir s\u00fcre\u00e7te. \u0130ki y\u0131l boyunca pek \u00e7ok \u015feye sadece muhalefet etmek ad\u0131na kar\u015f\u0131 \u00e7\u0131kan bu arkada\u015flar\u0131m\u0131z \u00f6n se\u00e7imle aday belirleme s\u00fcrecine ili\u015fkin tek laf \u00fcretmiyorlar. <\/span><span style=\"font-family: Times New Roman; color: #000000; font-size: small;\">Tek bir \u00f6nerinin sahibi de\u011filler. \u0130ki y\u0131l boyunca \u00f6n se\u00e7im \u0130\u00c7EM\u2019in tart\u0131\u015fma g\u00fcndeminde yok. <\/span><span style=\"font-size: small;\"><span style=\"color: #000000;\"><span style=\"font-family: Times New Roman;\"><span>\u00a0<\/span>\u201c\u00dcrettikleri politikalarla\u201d \u0130\u00c7EM\u2019de etkin olmay\u0131 ba\u015faramayan bu muhalif arkada\u015flar\u0131m\u0131z i\u015fte tam da bu noktada \u0130\u00c7EM\u2019in \u00f6n se\u00e7imle aday belirleme s\u00fcrecine itiraza ba\u015fl\u0131yorlar. \u00d6n se\u00e7im sand\u0131\u011f\u0131n\u0131 t\u00fcm \u00c7a\u011fda\u015f Eczac\u0131lar\u2019\u0131n \u00f6n\u00fcne koyma \u00f6nerisi \u0130\u00c7EM\u2019de az\u0131nl\u0131\u011fa d\u00fc\u015fmenin bir sonucu olarak g\u00fcndeme geliyor ve \u0130\u00c7EM bir dayatma ile kar\u015f\u0131 kar\u015f\u0131ya b\u0131rak\u0131l\u0131yor. <\/span><\/span><\/span><span style=\"font-family: Times New Roman; color: #000000; font-size: small;\">\u201cYa istediklerimizi yapars\u0131n\u0131z ya da biz hi\u00e7bir ko\u015fulda yokuz\u201d diyorlar. \u0130\u00c7EM, kendilerine me\u015fruiyet zemini arayan arkada\u015flara hakl\u0131 bir gerek\u00e7e vermemek ad\u0131na sorunu g\u00fcndemine al\u0131yor. Konu t\u00fcm boyutlar\u0131yla tart\u0131\u015f\u0131l\u0131yor. Hi\u00e7bir engelleme olmadan, demokratik bir ortamda konu\u015fan herkes defalarca s\u00f6z alarak konu\u015fuyor. Herkes son s\u00f6z\u00fcn\u00fc s\u00f6yleyene kadar tart\u0131\u015fmalar s\u00fcr\u00fcyor.<\/span><\/p>\n<p><span style=\"font-family: Times New Roman; color: #000000; font-size: small;\">\u00a0<\/span><\/p>\n<p class=\"MsoNormal\" style=\"margin: 0cm 0cm 0pt; line-height: 150%; text-align: justify\"><span style=\"font-family: Times New Roman; color: #000000; font-size: small;\">\u201c\u00d6n se\u00e7im sand\u0131\u011f\u0131 t\u00fcm \u00e7a\u011fda\u015f eczac\u0131lar\u0131n \u00f6n\u00fcne konsun\u201d diyen arkada\u015flar bu \u00f6nerilerinin alt\u0131n\u0131 dolduram\u0131yorlar ger\u00e7ek bu. Belli ki hi\u00e7bir \u00f6n haz\u0131rl\u0131klar\u0131 da yok. <\/span><span style=\"font-family: Times New Roman; color: #000000; font-size: small;\">Kim \u00e7a\u011fda\u015f kim de\u011fil, nas\u0131l belirlenecek belli de\u011fil. <\/span><span style=\"font-family: Times New Roman; color: #000000; font-size: small;\">Bu sistemin eksileri art\u0131lar\u0131 tart\u0131\u015f\u0131lmadan, apar topar yap\u0131lacak bir \u00f6n se\u00e7im daha b\u00fcy\u00fck karma\u015faya yol a\u00e7abilir mi sorular\u0131na verilen yan\u0131tlar hi\u00e7 doyurucu de\u011fil. <\/span><span style=\"font-family: Times New Roman; color: #000000; font-size: small;\">Bu konuda hi\u00e7bir \u00f6n haz\u0131rl\u0131k yap\u0131lmadan, farkl\u0131 tasar\u0131lar g\u00fcndem edilip tart\u0131\u015f\u0131lmadan, bir tart\u0131\u015fma ve olgunla\u015ft\u0131rma s\u00fcreci ya\u015fanmadan \u00c7a\u011fda\u015f Eczac\u0131lar\u2019\u0131 apar topar \u201cdemokratik\u201d olmak ad\u0131na bir karma\u015fan\u0131n i\u00e7ine ta\u015f\u0131mak nas\u0131l bir sorumluluk anlay\u0131\u015f\u0131d\u0131r anlamak m\u00fcmk\u00fcn de\u011fil. <\/span><\/p>\n<p><span style=\"font-family: Times New Roman; color: #000000; font-size: small;\">\u00a0<\/span><\/p>\n<p class=\"MsoNormal\" style=\"margin: 0cm 0cm 0pt; line-height: 150%; text-align: justify\"><span style=\"font-family: Times New Roman; color: #000000; font-size: small;\">\u0130\u00c7EM\u2019i daha ileri noktalara ta\u015f\u0131mak, kat\u0131l\u0131m itibariyle daha da demokratikle\u015ftirmek elbette ki m\u00fcmk\u00fcn, ama ayr\u0131l\u0131\u011fa ve b\u00f6l\u00fcnmeye gerek\u00e7e yaratmak ad\u0131na de\u011fil. Do\u011fru bir zamanda ve do\u011fru bir zeminde.<\/span><\/p>\n<p><span style=\"font-family: Times New Roman; color: #000000; font-size: small;\">\u00a0<\/span><\/p>\n<p class=\"MsoNormal\" style=\"margin: 0cm 0cm 0pt; line-height: 150%; text-align: justify\"><span style=\"font-family: Times New Roman; color: #000000; font-size: small;\">\u0130stanbul \u00c7a\u011fda\u015f Eczac\u0131lar Meclisi zaman\u0131n\u0131 ve zeminini do\u011fru bulmad\u0131\u011f\u0131 i\u00e7in bu dayatmay\u0131 onaylamayarak reddetmi\u015ftir. Ancak se\u00e7im sonras\u0131nda olu\u015fturacak bir komisyonla sivil toplam \u00f6rg\u00fctlerinin deneyimlerinden de yararlanarak \u00f6n se\u00e7im s\u00fcrecini daha da demokratikle\u015ftirmeyi ve bunu projelendirmeyi g\u00fcndemine alm\u0131\u015ft\u0131r.<\/span><\/p>\n<p><span style=\"font-family: Times New Roman; color: #000000; font-size: small;\">\u00a0<\/span><\/p>\n<p class=\"MsoNormal\" style=\"margin: 0cm 0cm 0pt; line-height: 150%; text-align: justify\"><span style=\"font-family: Times New Roman; color: #000000; font-size: small;\">\u0130\u00c7EM hukukuna g\u00f6re sorunun burada bitmi\u015f olmas\u0131 gerekiyordu. Ba\u015fka hesaplar\u0131 olmayan t\u00fcm \u00c7a\u011fda\u015f Eczac\u0131lar i\u00e7in tutulmas\u0131 gereken yol bellidir. Bu da \u0130\u00c7EM kararlar\u0131na uymakt\u0131r. <\/span><span style=\"font-family: Times New Roman; color: #000000; font-size: small;\">Unutmayal\u0131m ki demokrasi herkesin ba\u015f\u0131na buyruk davrand\u0131\u011f\u0131 bir sistem de\u011fil. Kurumlar\u0131 ve kurallar\u0131 olan bir sistem. \u0130\u00c7EM\u2019de bir demokrasi okulu onun da kendi kurallar\u0131 var. Hi\u00e7 kimsenin benim dediklerim olmad\u0131 diye bu kararlara uymam hakk\u0131 ve l\u00fcks\u00fc yoktur. \u00c7\u00fcnk\u00fc kurallar \u00f6nceden bellidir. Sonradan bir dayatma olarak kimsenin \u00f6n\u00fcne konulmuyor.<\/span><\/p>\n<p><span style=\"font-family: Times New Roman; color: #000000; font-size: small;\">\u00a0<\/span><\/p>\n<p class=\"MsoNormal\" style=\"margin: 0cm 0cm 0pt; line-height: 150%; text-align: justify\"><span style=\"font-family: Times New Roman; color: #000000; font-size: small;\">\u00c7a\u011fda\u015f Eczac\u0131lar\u2019a yak\u0131\u015fan tutum bu s\u00fcreci olgunlukla kar\u015f\u0131lamak, s\u00fcrecin tamamlanmas\u0131na yard\u0131mc\u0131 olmakt\u0131r. \u00c7a\u011fda\u015f Eczac\u0131l\u0131k Hareketi\u2019ni b\u00f6lmek ve kendilerine gerek\u00e7e haz\u0131rlamak ad\u0131na \u0130\u00c7EM kararlar\u0131n\u0131 yok saymak de\u011fil.<\/span><\/p>\n<p><span style=\"font-family: Times New Roman; color: #000000; font-size: small;\">\u00a0<\/span><\/p>\n<p class=\"MsoNormal\" style=\"margin: 0cm 0cm 0pt; line-height: 150%; text-align: justify\"><span style=\"font-family: Times New Roman; color: #000000; font-size: small;\">Ge\u00e7mi\u015fte bunu Ecz. Erkan \u00d6nsel de yapm\u0131\u015ft\u0131. \u0130\u00c7EM kararlar\u0131n\u0131 elinin tersiyle iterek ve de \u201c\u00d6rg\u00fct benim\u201d diyerek \u00c7a\u011fda\u015f Eczac\u0131l\u0131k Hareketi\u2019ni bir emri vaki ile kar\u015f\u0131 kar\u015f\u0131ya b\u0131rakm\u0131\u015ft\u0131. <\/span><span style=\"font-family: Times New Roman; color: #000000; font-size: small;\">Biz ne yapm\u0131\u015ft\u0131k. Bug\u00fcn \u00c7a\u011fda\u015f Eczac\u0131lar\u2019a muhalefet i\u00e7in gerek\u00e7e arayan arkada\u015flarla birlikte \u0130\u00c7EM hukukuna sahip \u00e7\u0131km\u0131\u015ft\u0131k. \u0130\u00c7EM hukukuna sahip \u00e7\u0131karak eczac\u0131 kamuoyunda kendimize hakl\u0131l\u0131k zemini yaratm\u0131\u015ft\u0131k. Eczac\u0131 kamuoyu da sa\u011fduyu g\u00f6stererek hakl\u0131 ve demokratik olana onay vermi\u015fti.<\/span><\/p>\n<p><span style=\"font-family: Times New Roman; color: #000000; font-size: small;\">\u00a0<\/span><\/p>\n<p class=\"MsoNormal\" style=\"margin: 0cm 0cm 0pt; line-height: 150%; text-align: justify\"><span style=\"font-family: Times New Roman; color: #000000; font-size: small;\">Ecz. Erkan \u00d6nsel d\u00f6neminde \u0130\u00c7EM hukukuna sahip \u00e7\u0131kanlar \u015fimdi onun yapt\u0131klar\u0131n\u0131 yap\u0131yorlar. \u0130\u00c7EM hukukunu yok say\u0131yorlar.<\/span><\/p>\n<p><span style=\"font-family: Times New Roman; color: #000000; font-size: small;\">\u00a0<\/span><\/p>\n<p class=\"MsoNormal\" style=\"margin: 0cm 0cm 0pt; line-height: 150%; text-align: justify\"><span style=\"font-family: Times New Roman; color: #000000; font-size: small;\">Ne oldu? Ne de\u011fi\u015fti?<\/span><\/p>\n<p><span style=\"font-family: Times New Roman; color: #000000; font-size: small;\">\u00a0<\/span><\/p>\n<p class=\"MsoNormal\" style=\"margin: 0cm 0cm 0pt; line-height: 150%; text-align: justify\"><span style=\"font-family: Times New Roman; color: #000000; font-size: small;\">Rollerin de\u011fi\u015fmesinden ba\u015fka\u2026<\/span><\/p>\n<p><span style=\"font-family: Times New Roman; color: #000000; font-size: small;\">\u00a0<\/span><\/p>\n<p class=\"MsoNormal\" style=\"margin: 0cm 0cm 0pt; line-height: 150%; text-align: justify\"><span style=\"font-family: Times New Roman; color: #000000; font-size: small;\">Ki\u015fisel ihtiraslar\u0131m\u0131z akl\u0131n yerine ge\u00e7memelidir. Demokrasiyi kalkan olarak kullanarak kendilerine \u201chakl\u0131 gerek\u00e7eler\u201d yaratmak isteyenlerin siyaseten yapmak istedikleri \u015feyin ad\u0131 \u00c7a\u011fda\u015f Eczac\u0131l\u0131k Hareketi\u2019ni b\u00f6lmektir.<\/span><\/p>\n<p><span style=\"font-family: Times New Roman; color: #000000; font-size: small;\">\u00a0<\/span><\/p>\n<p class=\"MsoNormal\" style=\"margin: 0cm 0cm 0pt; line-height: 150%; text-align: justify\"><span style=\"font-family: Times New Roman; color: #000000; font-size: small;\">\u0130ki y\u0131ld\u0131r \u00c7a\u011fda\u015f Eczac\u0131l\u0131k Hareketi\u2019nin disiplini d\u0131\u015f\u0131nda \u201cEczac\u0131n\u0131n Sesi\u201d ile farkl\u0131la\u015fman\u0131n alt yap\u0131s\u0131 olu\u015fturulmaya \u00e7al\u0131\u015f\u0131ld\u0131. \u00d6n se\u00e7im, demokratik olmak bu i\u015fin bahanesi. <\/span><span style=\"font-family: Times New Roman; color: #000000; font-size: small;\">Akl\u0131n\u0131, y\u00fcre\u011fini ve eme\u011fini bu i\u015fe koymu\u015f sa\u011fduyu sahibi her \u00c7a\u011fda\u015f Eczac\u0131 ya\u015fanan bu s\u00fcreci do\u011fru de\u011ferlendirmek, \u00c7a\u011fda\u015f Eczac\u0131l\u0131k Hareketi\u2019ne ve onun yaratt\u0131\u011f\u0131 kurumlara sahip \u00e7\u0131kmak g\u00f6rev ve sorumlulu\u011fu ile kar\u015f\u0131 kar\u015f\u0131yad\u0131r.<\/span><\/p>\n<p><span style=\"font-family: Times New Roman; color: #000000; font-size: small;\">\u00a0<\/span><\/p>\n<p class=\"MsoNormal\" style=\"margin: 0cm 0cm 0pt; line-height: 150%; text-align: justify\"><span style=\"font-family: Times New Roman; color: #000000; font-size: small;\">Devam edecek\u2026<\/span><\/p>\n","protected":false},"excerpt":{"rendered":"<p>Eczac\u0131 kamuoyunun yalan yanl\u0131\u015f bilgilerle y\u00f6nlendirilmeye \u00e7al\u0131\u015f\u0131ld\u0131\u011f\u0131, sansasyonel haber kaynakl\u0131 bilgilerin sistemli olarak \u00f6ne \u00e7\u0131kar\u0131ld\u0131\u011f\u0131, belden a\u015fa\u011f\u0131 siyasetin genel ge\u00e7er&#46;&#46;&#46;<\/p>\n","protected":false},"author":17,"featured_media":0,"comment_status":"closed","ping_status":"closed","sticky":false,"template":"","format":"standard","meta":{"_jetpack_memberships_contains_paid_content":false,"footnotes":""},"categories":[51],"tags":[],"class_list":["post-2878","post","type-post","status-publish","format-standard","hentry","category-ecz-rafet-sahin"],"aioseo_notices":[],"jetpack_featured_media_url":"","jetpack_sharing_enabled":true,"jetpack-related-posts":[],"_links":{"self":[{"href":"http:\/\/www.ced.org.tr\/index.php?rest_route=\/wp\/v2\/posts\/2878","targetHints":{"allow":["GET"]}}],"collection":[{"href":"http:\/\/www.ced.org.tr\/index.php?rest_route=\/wp\/v2\/posts"}],"about":[{"href":"http:\/\/www.ced.org.tr\/index.php?rest_route=\/wp\/v2\/types\/post"}],"author":[{"embeddable":true,"href":"http:\/\/www.ced.org.tr\/index.php?rest_route=\/wp\/v2\/users\/17"}],"replies":[{"embeddable":true,"href":"http:\/\/www.ced.org.tr\/index.php?rest_route=%2Fwp%2Fv2%2Fcomments&post=2878"}],"version-history":[{"count":1,"href":"http:\/\/www.ced.org.tr\/index.php?rest_route=\/wp\/v2\/posts\/2878\/revisions"}],"predecessor-version":[{"id":4009,"href":"http:\/\/www.ced.org.tr\/index.php?rest_route=\/wp\/v2\/posts\/2878\/revisions\/4009"}],"wp:attachment":[{"href":"http:\/\/www.ced.org.tr\/index.php?rest_route=%2Fwp%2Fv2%2Fmedia&parent=2878"}],"wp:term":[{"taxonomy":"category","embeddable":true,"href":"http:\/\/www.ced.org.tr\/index.php?rest_route=%2Fwp%2Fv2%2Fcategories&post=2878"},{"taxonomy":"post_tag","embeddable":true,"href":"http:\/\/www.ced.org.tr\/index.php?rest_route=%2Fwp%2Fv2%2Ftags&post=2878"}],"curies":[{"name":"wp","href":"https:\/\/api.w.org\/{rel}","templated":true}]}}