{"id":2879,"date":"2007-09-10T14:53:00","date_gmt":"2007-09-10T11:53:00","guid":{"rendered":"http:\/\/www.ced.org.tr\/?p=2879"},"modified":"2014-05-21T01:38:07","modified_gmt":"2014-05-20T22:38:07","slug":"gerceklerle-yuzlesmek-ii","status":"publish","type":"post","link":"http:\/\/www.ced.org.tr\/?p=2879","title":{"rendered":"GER\u00c7EKLERLE Y\u00dcZLE\u015eMEK-II"},"content":{"rendered":"<p class=\"MsoNormal\" style=\"margin: 0cm 0cm 0pt; text-indent: 27pt; line-height: 150%; text-align: justify\"><span style=\"font-family: Times New Roman; color: #000000; font-size: small;\">Bir hareket i\u00e7inde farkl\u0131 d\u00fc\u015f\u00fcncelerin olmas\u0131 do\u011fal. \u00d6nemli olan bu farkl\u0131l\u0131klar\u0131n bir arada ya\u015fayabilece\u011fi bir ahkam\u0131n var olmas\u0131. \u0130\u00c7EM \u00c7a\u011fda\u015f Eczac\u0131l\u0131k hareketine bu zenginli\u011fi sa\u011flayacak demokratik bir mekanizmaya sahip. \u0130stanbul \u00c7a\u011fda\u015f Eczac\u0131lar Meclisi\u2019nin k\u00fcrs\u00fcleri herkese a\u00e7\u0131k, konu\u015fma ve \u00f6rg\u00fctlenme \u00f6zg\u00fcrl\u00fc\u011f\u00fc var. Buna ra\u011fmen farkl\u0131l\u0131klar\u0131n\u0131 ayr\u0131lma \u00f6zg\u00fcrl\u00fc\u011f\u00fcnden yana kullanmak isteyenlerin ayr\u0131lma \u00f6zg\u00fcrl\u00fc\u011f\u00fc de var ama yumurta kap\u0131ya dayand\u0131\u011f\u0131nda de\u011fil. Suni gerek\u00e7eler yaratarak hi\u00e7 de\u011fil.<\/span><\/p>\n<p><span style=\"font-family: Times New Roman; color: #000000; font-size: small;\">\u00a0<\/span><\/p>\n<p class=\"MsoNormal\" style=\"margin: 0cm 0cm 0pt; text-indent: 27pt; line-height: 150%; text-align: justify\"><span style=\"font-family: Times New Roman; color: #000000; font-size: small;\">Yaz\u0131m\u0131n I. b\u00f6l\u00fcm\u00fcnde \u0130stanbul \u00c7a\u011fda\u015f Eczac\u0131lar Meclisi\u2019nde ya\u015fanan geli\u015fmeleri sizlerle payla\u015fm\u0131\u015ft\u0131m. Bu yaz\u0131mda Eczac\u0131n\u0131n Sesi Grubunun \u00c7a\u011fda\u015f Eczac\u0131l\u0131k Hareketini b\u00f6lmeye gerek\u00e7e olarak g\u00f6sterdi\u011fi \u00f6n se\u00e7im s\u00fcrecini sizlerle payla\u015fmak istiyorum. <\/span><\/p>\n<p><span style=\"font-family: Times New Roman; color: #000000; font-size: small;\">\u00a0<\/span><\/p>\n<p class=\"MsoNormal\" style=\"margin: 0cm 0cm 0pt; text-indent: 27pt; line-height: 150%; text-align: justify\"><span style=\"font-family: Times New Roman; color: #000000; font-size: small;\">\u0130\u00c7EM\u2019de \u00f6n se\u00e7im takvimi \u0130stanbul Eczac\u0131 Odas\u0131 Ola\u011fan Se\u00e7imli Kongresi\u2019nin ilan edildi\u011fi tarihten 1 ay \u00f6nce ba\u015flar. \u00d6nce adaylar belirlenir. Bu, ya aday\u0131n kendi g\u00f6n\u00fcll\u00fc iste\u011fi ile olur ya da bir meslekta\u015f\u0131n\u0131n \u00f6nerisi ile. S\u00fcrecin ikinci ad\u0131m\u0131nda ise \u00f6n se\u00e7im yap\u0131l\u0131r. \u00d6n se\u00e7imde oy kullanacaklar\u0131n listesi \u00f6nceden a\u00e7\u0131klan\u0131r. Sand\u0131klar konur ve herkes kendi \u00f6zg\u00fcr iradesi ile sand\u0131k ba\u015f\u0131na giderek diledi\u011fi adaya oyunu kullan\u0131r. \u00d6n se\u00e7im s\u00fcreci b\u00f6ylece tamamlan\u0131r.<\/span><\/p>\n<p class=\"MsoNormal\" style=\"margin: 0cm 0cm 0pt; text-indent: 27pt; line-height: 150%; text-align: justify\">\u00a0<\/p>\n<p>\u00a0<\/p>\n<p class=\"MsoNormal\" style=\"margin: 0cm 0cm 0pt; text-indent: 27pt; line-height: 150%; text-align: justify\"><span style=\"font-family: Times New Roman; color: #000000; font-size: small;\">Gelelim kendilerini Eczac\u0131n\u0131n Sesi olarak ifade eden arkada\u015flar\u0131m\u0131z\u0131n \u00f6n se\u00e7im s\u00fcreci ile ilgili itirazlar\u0131na. \u0130\u00c7EM\u2019in \u00f6n se\u00e7im gerek\u00e7elerini zamans\u0131z ve hakl\u0131 bulmad\u0131\u011f\u0131 i\u00e7in \u00c7a\u011fda\u015f hareketten bu nedenle farkl\u0131la\u015fan ve hareketi b\u00f6len bu arkada\u015flar yaln\u0131z de\u011fillerdi. \u0130stanbul Eczac\u0131 Odas\u0131\u2019n\u0131n \u00c7a\u011fda\u015f kadrolar\u0131na y\u0131llard\u0131r muhalefet etmeyi kendilerine g\u00f6rev sayan baz\u0131 m\u00fczmin muhalifler \u0130nternet Sitelerinden \u201c\u00f6n se\u00e7imi\u201d nakarat halinde tekrarlamaya ba\u015flad\u0131lar. \u00c7a\u011fda\u015f Eczac\u0131l\u0131k hareketi ile hi\u00e7bir d\u00fc\u015f\u00fcnce ba\u011f\u0131 olmayan bu meslekta\u015flar\u0131m \u00f6n se\u00e7imi hareketin bir zaaf\u0131 olarak \u00f6ne \u00e7\u0131kar\u0131yorlard\u0131. Ve harekete \u00f6nc\u00fcl\u00fck eden kadrolar\u0131 polit b\u00fcro olmak, anti-demokratik olmak gibi hi\u00e7 de yak\u0131\u015f\u0131k almayan ithamlarla su\u00e7luyorlard\u0131<\/span><\/p>\n<p class=\"MsoNormal\" style=\"margin: 0cm 0cm 0pt; text-indent: 27pt; line-height: 150%; text-align: justify\"><span style=\"font-family: Times New Roman; color: #000000; font-size: small;\">. <\/span><\/p>\n<p class=\"MsoNormal\" style=\"margin: 0cm 0cm 0pt; text-indent: 27pt; line-height: 150%; text-align: justify\"><span style=\"font-family: Times New Roman; color: #000000; font-size: small;\">Bu arada \u015fu dipnotu koymama izin verin. \u00c7a\u011fda\u015f Eczac\u0131l\u0131k Hareketi elbette ki hi\u00e7 kimsenin tekelinde de\u011fil. Eczac\u0131 taban\u0131na mal olmu\u015f, t\u00fcm \u00c7a\u011fda\u015f Eczac\u0131lar\u0131n ortak hareketidir. S\u0131radan bir hareket de\u011fil, ortak de\u011ferleri, ilkeler b\u00fct\u00fcnl\u00fc\u011f\u00fc ve d\u00fc\u015f\u00fcnce sistemati\u011fi olan bir harekettir. Her se\u00e7im d\u00f6neminde farkl\u0131 bir kulvara savrularak; \u0130dealist Eczac\u0131lar Grubu, Ayd\u0131n Eczac\u0131lar Grubu, Geli\u015fim Eczac\u0131lar Grubu ve de Eczac\u0131n\u0131n Sesi Gruplar\u0131 i\u00e7inde seyahat \u00f6zg\u00fcrl\u00fc\u011f\u00fcn\u00fc kullanarak \u00c7a\u011fda\u015f Eczac\u0131 olunmaz, \u00c7a\u011fda\u015f Eczac\u0131l\u0131k hareketinin de\u011ferlerine b\u00f6yle sahip \u00e7\u0131k\u0131lamaz. Bu k\u0131sa dipnottan sonra \u00f6nse\u00e7im s\u00fcrecine devam edelim. <\/span><\/p>\n<p><span style=\"font-family: Times New Roman; color: #000000; font-size: small;\">\u00a0<\/span><\/p>\n<p class=\"MsoNormal\" style=\"margin: 0cm 0cm 0pt; text-indent: 27pt; line-height: 150%; text-align: justify\"><span style=\"font-family: Times New Roman; color: #000000; font-size: small;\">\u00d6n se\u00e7im sand\u0131\u011f\u0131 t\u00fcm \u00c7a\u011fda\u015f Eczac\u0131lara a\u00e7\u0131ls\u0131n \u00f6nerisini ayr\u0131l\u0131klar\u0131na gerek\u00e7e yapan ve \u00c7a\u011fda\u015f Eczac\u0131l\u0131k Hareketini bu gerek\u00e7e ile b\u00f6len arkada\u015flar ve onlar\u0131 destekleyen kimi meslekta\u015flar\u0131m bakal\u0131m aday listeleri a\u00e7\u0131kland\u0131ktan sonra bu tutumlar\u0131na uygun bir davran\u0131\u015f tutarl\u0131l\u0131\u011f\u0131 g\u00f6sterebilmi\u015fler mi? <\/span><\/p>\n<p><span style=\"font-family: Times New Roman; color: #000000; font-size: small;\">\u00a0<\/span><\/p>\n<p class=\"MsoNormal\" style=\"margin: 0cm 0cm 0pt; text-indent: 27pt; line-height: 150%; text-align: justify\"><span style=\"font-family: Times New Roman; color: #000000; font-size: small;\">Se\u00e7ime kat\u0131lan gruplardan \u00fc\u00e7\u00fc aday listelerini a\u00e7\u0131klad\u0131lar. Ba\u015fka gruplar var m\u0131 onlar\u0131 \u015fimdilik bilmiyoruz. Eczac\u0131n\u0131n Sesi Grubu\u2019da aday listelerini a\u00e7\u0131klad\u0131. Peki sormazlar m\u0131 adama \u00c7a\u011fda\u015f Eczac\u0131l\u0131k Hareketini b\u00f6lmeye gerek\u00e7e yapt\u0131\u011f\u0131n\u0131z \u00f6n se\u00e7im sand\u0131klar\u0131n\u0131z nerede? <\/span><\/p>\n<p><span style=\"font-family: Times New Roman; color: #000000; font-size: small;\">\u00a0<\/span><\/p>\n<p class=\"MsoNormal\" style=\"margin: 0cm 0cm 0pt; text-indent: 27pt; line-height: 150%; text-align: justify\"><span style=\"font-family: Times New Roman; color: #000000; font-size: small;\">\u00c7a\u011fda\u015f Eczal\u0131k Hareketinin m\u00fczmin muhalifi ve \u00f6n se\u00e7im diye yeri g\u00f6\u011f\u00fc inleten kimi meslekta\u015flar\u0131m\u0131n isimleri de yer al\u0131yor bu listede. \u00d6n se\u00e7im diye t\u00fcrk\u00fc \u00e7\u0131\u011f\u0131ranlar neden \u00f6n se\u00e7im sand\u0131\u011f\u0131n\u0131 t\u00fcm \u00e7a\u011fda\u015f eczac\u0131lara a\u00e7mad\u0131n\u0131z? Elinizi tutan m\u0131 vard\u0131?<\/span><\/p>\n<p><span style=\"font-family: Times New Roman; color: #000000; font-size: small;\">\u00a0<\/span><\/p>\n<p class=\"MsoNormal\" style=\"margin: 0cm 0cm 0pt; text-indent: 27pt; line-height: 150%; text-align: justify\"><span style=\"font-family: Times New Roman; color: #000000; font-size: small;\">\u00d6n se\u00e7im, demokrat olmak i\u015fin bahanesi\u2026.<\/span><\/p>\n<p><span style=\"font-family: Times New Roman; color: #000000; font-size: small;\">\u00a0<\/span><\/p>\n<p class=\"MsoNormal\" style=\"margin: 0cm 0cm 0pt; text-indent: 27pt; line-height: 150%; text-align: justify\"><span style=\"font-family: Times New Roman; color: #000000; font-size: small;\">Ki\u015fisel h\u0131rslar akl\u0131n \u00f6n\u00fcne ge\u00e7mesin bir kere. Ayr\u0131l\u0131\u011fa bir dizi gerek\u00e7e s\u0131ralar ona kendinizi bile inand\u0131r\u0131rs\u0131n\u0131z. <\/span><\/p>\n<p><span style=\"font-family: Times New Roman; color: #000000; font-size: small;\">\u00a0<\/span><\/p>\n<p class=\"MsoNormal\" style=\"margin: 0cm 0cm 0pt; text-indent: 27pt; line-height: 150%; text-align: justify\"><span style=\"font-family: Times New Roman; color: #000000; font-size: small;\">Evet se\u00e7ime kat\u0131laca\u011f\u0131n\u0131 ilan eden \u00fc\u00e7 grup aday listelerini a\u00e7\u0131klad\u0131. \u015eimdi her bir meslekta\u015f\u0131m \u015fu sorunun yan\u0131t\u0131n\u0131 aramak durumundad\u0131r.<\/span><\/p>\n<p class=\"MsoNormal\" style=\"margin: 0cm 0cm 0pt; text-indent: 27pt; line-height: 150%; text-align: justify\">\u00a0<\/p>\n<p class=\"MsoNormal\" style=\"margin: 0cm 0cm 0pt; text-indent: 27pt; line-height: 150%; text-align: justify\"><span style=\"font-family: Times New Roman; color: #000000; font-size: small;\">Se\u00e7ime kat\u0131lan \u00fc\u00e7 gruptan hangisi se\u00e7imlerini daha demokratik ve \u015feffaf bir ortamda yapt\u0131?<\/span><\/p>\n<p><span style=\"font-family: Times New Roman; color: #000000; font-size: small;\">\u00a0<\/span><\/p>\n<p class=\"MsoNormal\" style=\"margin: 0cm 0cm 0pt; text-indent: 27pt; line-height: 150%; text-align: justify\"><span style=\"font-family: Times New Roman; color: #000000; font-size: small;\">\u00d6n se\u00e7imlerini nas\u0131l yapaca\u011f\u0131n\u0131 yaz\u0131l\u0131 bir kural haline getiren, \u00f6n se\u00e7im s\u00fcrecini takvimleyen, bunu t\u00fcm eczac\u0131 kamuoyunun g\u00fcn\u00fc ve saatine kadar bildi\u011fi, takip etti\u011fi ve hatta ele\u015ftiri \u00f6zg\u00fcrl\u00fc\u011f\u00fcn\u00fc olabildi\u011fince kulland\u0131\u011f\u0131 kurumsalla\u015fm\u0131\u015f bir temsilciler meclisinde olduk\u00e7a \u015feffaf ve demokratik bir platformda yap\u0131lan bir \u00f6n se\u00e7im mi daha demokratik yoksa Eczac\u0131n\u0131n Sesi ve \u0130stanbul Eczac\u0131lar\u0131 Gruplar\u0131n\u0131n nerede, hangi y\u00f6ntemle belirledi\u011fini eczac\u0131 kamuoyunun bilmedi\u011fi bir aday belirleme s\u00fcrecimi?<\/span><\/p>\n<p class=\"MsoNormal\" style=\"margin: 0cm 0cm 0pt; text-indent: 27pt; line-height: 150%; text-align: justify\">\u00a0<\/p>\n<p class=\"MsoNormal\" style=\"margin: 0cm 0cm 0pt; text-indent: 27pt; line-height: 150%; text-align: justify\"><span style=\"font-family: Times New Roman; color: #000000; font-size: small;\">Hangisi daha demokratik?&#8230;<\/span><\/p>\n<p class=\"MsoNormal\" style=\"margin: 0cm 0cm 0pt; text-indent: 27pt; line-height: 150%; text-align: justify\">\u00a0<\/p>\n<p class=\"MsoNormal\" style=\"margin: 0cm 0cm 0pt; text-indent: 27pt; line-height: 150%; text-align: justify\"><span style=\"font-family: Times New Roman; color: #000000; font-size: small;\">Devam edecek\u2026..<\/span><\/p>\n","protected":false},"excerpt":{"rendered":"<p>Bir hareket i\u00e7inde farkl\u0131 d\u00fc\u015f\u00fcncelerin olmas\u0131 do\u011fal. \u00d6nemli olan bu farkl\u0131l\u0131klar\u0131n bir arada ya\u015fayabilece\u011fi bir ahkam\u0131n var olmas\u0131. \u0130\u00c7EM \u00c7a\u011fda\u015f&#46;&#46;&#46;<\/p>\n","protected":false},"author":17,"featured_media":0,"comment_status":"closed","ping_status":"closed","sticky":false,"template":"","format":"standard","meta":{"_jetpack_memberships_contains_paid_content":false,"footnotes":""},"categories":[51],"tags":[],"class_list":["post-2879","post","type-post","status-publish","format-standard","hentry","category-ecz-rafet-sahin"],"aioseo_notices":[],"jetpack_featured_media_url":"","jetpack_sharing_enabled":true,"jetpack-related-posts":[],"_links":{"self":[{"href":"http:\/\/www.ced.org.tr\/index.php?rest_route=\/wp\/v2\/posts\/2879","targetHints":{"allow":["GET"]}}],"collection":[{"href":"http:\/\/www.ced.org.tr\/index.php?rest_route=\/wp\/v2\/posts"}],"about":[{"href":"http:\/\/www.ced.org.tr\/index.php?rest_route=\/wp\/v2\/types\/post"}],"author":[{"embeddable":true,"href":"http:\/\/www.ced.org.tr\/index.php?rest_route=\/wp\/v2\/users\/17"}],"replies":[{"embeddable":true,"href":"http:\/\/www.ced.org.tr\/index.php?rest_route=%2Fwp%2Fv2%2Fcomments&post=2879"}],"version-history":[{"count":1,"href":"http:\/\/www.ced.org.tr\/index.php?rest_route=\/wp\/v2\/posts\/2879\/revisions"}],"predecessor-version":[{"id":4008,"href":"http:\/\/www.ced.org.tr\/index.php?rest_route=\/wp\/v2\/posts\/2879\/revisions\/4008"}],"wp:attachment":[{"href":"http:\/\/www.ced.org.tr\/index.php?rest_route=%2Fwp%2Fv2%2Fmedia&parent=2879"}],"wp:term":[{"taxonomy":"category","embeddable":true,"href":"http:\/\/www.ced.org.tr\/index.php?rest_route=%2Fwp%2Fv2%2Fcategories&post=2879"},{"taxonomy":"post_tag","embeddable":true,"href":"http:\/\/www.ced.org.tr\/index.php?rest_route=%2Fwp%2Fv2%2Ftags&post=2879"}],"curies":[{"name":"wp","href":"https:\/\/api.w.org\/{rel}","templated":true}]}}