{"id":2880,"date":"2007-09-12T10:00:07","date_gmt":"2007-09-12T07:00:07","guid":{"rendered":"http:\/\/www.ced.org.tr\/?p=2880"},"modified":"2014-05-21T01:38:01","modified_gmt":"2014-05-20T22:38:01","slug":"gerceklerle-yuzlesmek-iii","status":"publish","type":"post","link":"http:\/\/www.ced.org.tr\/?p=2880","title":{"rendered":"GER\u00c7EKLERLE Y\u00dcZLE\u015eMEK &#8211; III"},"content":{"rendered":"<p class=\"MsoNormal\" style=\"margin: 0cm 0cm 0pt; text-align: justify\"><span style=\"font-family: Times New Roman; color: #000000; font-size: small;\">\u00a0\u00a0\u00a0\u00a0\u00a0\u00a0\u00a0\u00a0\u00a0\u00a0\u00a0 \u0130\u00c7EM ve \u00f6n se\u00e7im s\u00fcrecini de\u011ferlendirdikten sonra s\u0131ra bir ba\u015fka ger\u00e7ekle y\u00fczle\u015fmeye geldi. <\/span><\/p>\n<p><span style=\"font-family: Times New Roman; color: #000000; font-size: small;\">\u00a0<\/span><\/p>\n<p class=\"MsoNormal\" style=\"margin: 0cm 0cm 0pt; text-align: justify\"><span style=\"font-size: small;\"><span style=\"color: #000000;\"><span style=\"font-family: Times New Roman;\"><span>\u00a0\u00a0\u00a0\u00a0\u00a0\u00a0\u00a0\u00a0\u00a0\u00a0\u00a0 <\/span>G\u00fcnlerdir bir internet sitesinden \u015fahs\u0131m ve ba\u015fkan\u0131 oldu\u011fum \u00c7a\u011fda\u015f Eczac\u0131lar Derne\u011fi\u2019ni hedef alan yaz\u0131lar yay\u0131nlan\u0131yor. \u00c7a\u011fda\u015f Eczac\u0131l\u0131k Hareketi\u2019ne kar\u015f\u0131tl\u0131\u011f\u0131 ile bilinen bu internet sitesi, \u0130stanbul Eczac\u0131 Odas\u0131\u2019na ve \u00c7a\u011fda\u015f Eczac\u0131l\u0131k Hareketi\u2019ne muhalefet edenlerin siyasi k\u0131blesi olmu\u015f durumdad\u0131r. Eczac\u0131n\u0131n Sesi Grubu\u2019nun Ba\u015fkan Aday\u0131, \u0130stanbul Eczac\u0131lar\u0131 Grubu\u2019nun Ba\u015fkan Aday\u0131 t\u00fcm muhalifler orada bulu\u015fmu\u015f, koro halinde ayn\u0131 t\u00fcrk\u00fcy\u00fc s\u00f6yl\u00fcyorlar.<\/span><\/span><\/span><\/p>\n<p><span style=\"font-family: Times New Roman; color: #000000; font-size: small;\">\u00a0<\/span><\/p>\n<p class=\"MsoNormal\" style=\"margin: 0cm 0cm 0pt; text-align: justify\"><span style=\"font-size: small;\"><span style=\"color: #000000;\"><span style=\"font-family: Times New Roman;\"><span>\u00a0\u00a0\u00a0\u00a0\u00a0\u00a0\u00a0\u00a0\u00a0\u00a0\u00a0 <\/span>\u00c7a\u011fda\u015f Eczac\u0131lar Derne\u011fi\u2019nin 11 ki\u015filik y\u00f6netim kurulundan bir arkada\u015f\u0131m\u0131z istifa ediyor, bu geli\u015fme s\u00f6z konusu internet sitesinde \u201c\u00c7a\u011fda\u015f Eczac\u0131lar Derne\u011fi\u2019nde Deprem\u201d diye man\u015fete \u00e7\u0131k\u0131yor. Sansasyonel haber \u00fcretmede bir hayli becerisi olan bu internet sitesi \u00fcstlendi\u011fi i\u015flevini s\u00fcrd\u00fcr\u00fcyor! \u0130stifalar\u0131n gerek\u00e7elerini yazm\u0131\u015flar arkada\u015flar\u0131m, bence hakl\u0131 bir gerek\u00e7e de\u011fil. Benim www.ced.org.tr\u2019de yay\u0131nlanan 22 Temmuz se\u00e7imlerine ili\u015fkin de\u011ferlendirme yaz\u0131m\u0131 gerek\u00e7e g\u00f6steriyor bu arkada\u015flar\u0131m. Yaz\u0131, \u00c7a\u011fda\u015f Eczac\u0131lar Derne\u011fi internet sitesinde var, dileyen meslekta\u015f\u0131m detay\u0131n\u0131 \u00f6\u011frenebilir. Yaz\u0131da \u00f6zet olarak yap\u0131lmak istenen se\u00e7imin objektif bir analizidir. AKP\u2019nin se\u00e7im ba\u015far\u0131s\u0131n\u0131n, CHP ve di\u011fer siyasi partilerin ba\u015far\u0131s\u0131zl\u0131\u011f\u0131n\u0131n nedenlerini sorgulayan bir yaz\u0131. Ayr\u0131ca bu yaz\u0131mda Bask\u0131n Oran ve Ufuk Uras\u2019ta ifadesini bulan, siyasetin ezberini bozmaya d\u00f6n\u00fck ba\u011f\u0131ms\u0131z sol \u00e7\u0131k\u0131\u015f\u0131 anlaml\u0131 buldu\u011fumu yaz\u0131yorum.<\/span><\/span><\/span><\/p>\n<p><span style=\"font-family: Times New Roman; color: #000000; font-size: small;\">\u00a0<\/span><\/p>\n<p class=\"MsoNormal\" style=\"margin: 0cm 0cm 0pt; text-align: justify\"><span style=\"font-size: small;\"><span style=\"color: #000000;\"><span style=\"font-family: Times New Roman;\"><span>\u00a0\u00a0\u00a0\u00a0\u00a0\u00a0\u00a0\u00a0\u00a0\u00a0\u00a0 <\/span>Yaz\u0131n\u0131n ana fikri, solun 22 Temmuz se\u00e7imlerinden \u00e7\u0131karaca\u011f\u0131 derslerdir. Halk\u0131n ger\u00e7ek g\u00fcndemi olan i\u015fsizlik, a\u00e7l\u0131k, yoksulluk, gelecek g\u00fcvencesi, sosyal g\u00fcvenlik gibi temel sorunlar \u00fczerinden s\u00fcrd\u00fcr\u00fclen bir muhalefetin, ekonomik, sosyal sorunlara, demokrasiye ve \u00f6zg\u00fcrl\u00fcklere ili\u015fkin projeleri, program\u0131 ve s\u00f6yleyecek s\u00f6z\u00fc olan sol bir hareketin ancak ba\u015far\u0131l\u0131 olup, varo\u015flarla bulu\u015fabilece\u011fini tespit ediyoruz ve toplumdaki demokrasi ve de\u011fi\u015fim \u00f6zlemlerinin solda bir r\u00f6nesansla kar\u015f\u0131l\u0131\u011f\u0131n\u0131 bulaca\u011f\u0131n\u0131 s\u00f6yl\u00fcyoruz.<span>\u00a0 <\/span><\/span><\/span><\/span><\/p>\n<p><span style=\"font-family: Times New Roman; color: #000000; font-size: small;\">\u00a0<\/span><\/p>\n<p class=\"MsoNormal\" style=\"margin: 0cm 0cm 0pt; text-align: justify\"><span style=\"font-size: small;\"><span style=\"color: #000000;\"><span style=\"font-family: Times New Roman;\"><span>\u00a0\u00a0\u00a0\u00a0\u00a0\u00a0\u00a0\u00a0\u00a0\u00a0\u00a0 <\/span>Bu yaz\u0131dan AKP\u2019nin desteklendi\u011fi gibi bir sonuca ula\u015fmak bilerek yap\u0131lm\u0131yorsa hi\u00e7 de hak edilmi\u015f bir ele\u015ftiri de\u011fil.<\/span><\/span><\/span><\/p>\n<p><span style=\"font-family: Times New Roman; color: #000000; font-size: small;\">\u00a0<\/span><\/p>\n<p class=\"MsoNormal\" style=\"margin: 0cm 0cm 0pt; text-align: justify\"><span style=\"font-size: small;\"><span style=\"color: #000000;\"><span style=\"font-family: Times New Roman;\"><span>\u00a0\u00a0\u00a0\u00a0\u00a0\u00a0\u00a0\u00a0\u00a0\u00a0\u00a0 <\/span>Bu d\u00fc\u015f\u00fcnceler \u00c7a\u011fda\u015f Eczac\u0131lar Derne\u011fi\u2019nin de\u011fil benim \u00f6zg\u00fcn d\u00fc\u015f\u00fcncelerim ve de kendi k\u00f6\u015femde yaz\u0131yorum.<\/span><\/span><\/span><\/p>\n<p><span style=\"font-family: Times New Roman; color: #000000; font-size: small;\">\u00a0<\/span><\/p>\n<p class=\"MsoNormal\" style=\"margin: 0cm 0cm 0pt; text-align: justify\"><span style=\"font-size: small;\"><span style=\"color: #000000;\"><span style=\"font-family: Times New Roman;\"><span>\u00a0\u00a0\u00a0\u00a0\u00a0\u00a0\u00a0\u00a0\u00a0\u00a0\u00a0 <\/span>Herkesin d\u00fc\u015f\u00fcncelerini \u00f6zg\u00fcrce ifade etme \u00f6zg\u00fcrl\u00fc\u011f\u00fc oldu\u011fu gibi istifa etme \u00f6zg\u00fcrl\u00fc\u011f\u00fc de var. Ancak zemini do\u011fru se\u00e7erek. \u0130stifa zemini internet siteleri de\u011fil, \u00c7a\u011fda\u015f Eczac\u0131lar Derne\u011fi\u2019nin yetkili organlar\u0131d\u0131r.<\/span><\/span><\/span><\/p>\n<p><span style=\"font-family: Times New Roman; color: #000000; font-size: small;\">\u00a0<\/span><\/p>\n<p class=\"MsoNormal\" style=\"margin: 0cm 0cm 0pt; text-align: justify\"><span style=\"font-size: small;\"><span style=\"color: #000000;\"><span style=\"font-family: Times New Roman;\"><span>\u00a0\u00a0\u00a0\u00a0\u00a0\u00a0\u00a0\u00a0\u00a0\u00a0\u00a0 <\/span>Ya bu istifalar\u0131 alk\u0131\u015flayan \u0130zmir Eczac\u0131 Odas\u0131\u2019n\u0131n Say\u0131n Y\u00f6neticilerine ne demeli? Bir \u00f6rg\u00fct\u00fcn i\u00e7 i\u015flerine (i\u015finize geliyor diye) d\u0131\u015far\u0131dan te\u015fekk\u00fcrname ile m\u00fcdahale etmek \u00c7a\u011fda\u015f Eczac\u0131l\u0131k Hareketi\u2019ne y\u0131llarca \u00f6nc\u00fcl\u00fck, yolda\u015fl\u0131k etmi\u015f bir eczac\u0131 odas\u0131n\u0131n gelene\u011fine yak\u0131\u015f\u0131yor mu hi\u00e7?<\/span><\/span><\/span><\/p>\n<p><span style=\"font-family: Times New Roman; color: #000000; font-size: small;\">\u00a0<\/span><\/p>\n<p class=\"MsoNormal\" style=\"margin: 0cm 0cm 0pt; text-align: justify\"><span style=\"font-size: small;\"><span style=\"font-family: Times New Roman;\"><span style=\"color: #000000;\"><span>\u00a0\u00a0\u00a0\u00a0\u00a0\u00a0\u00a0\u00a0\u00a0\u00a0\u00a0 <\/span>\u0130zmir Eczac\u0131 Odas\u0131\u2019n\u0131n Say\u0131n Y\u00f6neticilerine k\u0131sa bir hat\u0131rlatmada bulunay\u0131m. \u201cHaf\u0131zay\u0131 be\u015fer nisyan ile maluld\u00fcr\u201d derler. TEB Ba\u015fkan\u0131 Mehmet Doma\u00e7, \u0130stanbul Eczac\u0131 Odas\u0131 Delegasyonu\u2019ndan \u00c7a\u011fda\u015f Eczac\u0131lar Meclisi\u2019nin demokratik iradesi ile tasfiye edildikten sonra ona canh\u0131ra\u015f<\/span><span style=\"color: red\"> <\/span><span style=\"color: #000000;\">sahip \u00e7\u0131kan Odalardan biri de \u0130zmir Eczac\u0131 Odas\u0131\u2019yd\u0131. <\/span><\/span><\/span><\/p>\n<p class=\"MsoNormal\" style=\"margin: 0cm 0cm 0pt; text-align: justify\"><span><span style=\"font-family: Times New Roman; color: #000000; font-size: small;\">\u00a0\u00a0\u00a0\u00a0\u00a0\u00a0\u00a0\u00a0\u00a0\u00a0\u00a0 <\/span><\/span><\/p>\n<p class=\"MsoNormal\" style=\"margin: 0cm 0cm 0pt; text-align: justify\"><span style=\"font-size: small;\"><span style=\"color: #000000;\"><span style=\"font-family: Times New Roman;\"><span>\u00a0\u00a0\u00a0\u00a0\u00a0\u00a0\u00a0\u00a0\u00a0\u00a0\u00a0 <\/span>TEB\u2019de olu\u015fan tabloda ve Mehmet Doma\u00e7\u2019\u0131n AKP\u2019nin siyaset kulvar\u0131na d\u00fcmen k\u0131rmas\u0131nda onlar\u0131n da sorumluluklar\u0131 var. Sorulacak bir hesap varsa \u00f6nce \u0130zmir Eczac\u0131 Odas\u0131 \u00fcyesi meslekta\u015flar\u0131m\u0131za ve T\u00fcrkiye Eczac\u0131l\u0131k Hareketi\u2019ne bunun hesab\u0131n\u0131 versinler. Bu konuda ciddi bir sorgulanmaya ihtiya\u00e7lar\u0131 var.<\/span><\/span><\/span><\/p>\n<p><span style=\"font-family: Times New Roman; color: #000000; font-size: small;\">\u00a0<\/span><\/p>\n<p class=\"MsoNormal\" style=\"margin: 0cm 0cm 0pt; text-align: justify\"><span style=\"font-size: small;\"><span style=\"color: #000000;\"><span style=\"font-family: Times New Roman;\"><span>\u00a0\u00a0\u00a0\u00a0\u00a0\u00a0\u00a0\u00a0\u00a0\u00a0\u00a0 <\/span>Tam bir trib\u00fcn \u015fova d\u00f6n\u00fc\u015fen di\u011fer istifalara gelince\u2026<\/span><\/span><\/span><\/p>\n<p><span style=\"font-family: Times New Roman; color: #000000; font-size: small;\">\u00a0<\/span><\/p>\n<p class=\"MsoNormal\" style=\"margin: 0cm 0cm 0pt; text-align: justify\"><span style=\"font-size: small;\"><span style=\"color: #000000;\"><span style=\"font-family: Times New Roman;\"><span>\u00a0\u00a0\u00a0\u00a0\u00a0\u00a0\u00a0\u00a0\u00a0\u00a0\u00a0 <\/span>Neredeyse 5-6 y\u0131ld\u0131r \u00c7a\u011fda\u015f Eczac\u0131lar Derne\u011fi\u2019nin kap\u0131s\u0131ndan i\u00e7eri girmeyen Eczac\u0131n\u0131n Sesi Grubu\u2019nun ba\u015fkan aday\u0131 Hakan Gen\u00e7osmano\u011flu meslekta\u015f\u0131m\u0131z ayn\u0131 gerek\u00e7eleri ileri s\u00fcrerek dernekten istifa etti\u011fini a\u00e7\u0131kl\u0131yor. Hani bir s\u00f6z var ya \u201cTav\u015fan da\u011fa k\u00fcsm\u00fc\u015f, da\u011f\u0131n haberi yok.\u201d Say\u0131n Gen\u00e7osmano\u011flu\u2019nun \u00fcyeli\u011fi de \u00f6ylesine bir \u00fcyelik. \u015eimdi bu g\u00f6stermelik \u00fcyeli\u011fi istifaya d\u00f6n\u00fc\u015ft\u00fcr\u00fcp, \u0130stanbul Eczac\u0131 Odas\u0131\u2019n\u0131n se\u00e7imlerinde malzeme olarak kullanmak istiyor.<\/span><\/span><\/span><\/p>\n<p><span style=\"font-family: Times New Roman; color: #000000; font-size: small;\">\u00a0<\/span><\/p>\n<p class=\"MsoNormal\" style=\"margin: 0cm 0cm 0pt; text-align: justify\"><span style=\"font-size: small;\"><span style=\"color: #000000;\"><span style=\"font-family: Times New Roman;\"><span>\u00a0\u00a0\u00a0\u00a0\u00a0\u00a0\u00a0\u00a0\u00a0\u00a0\u00a0 <\/span>\u0130stanbul \u00c7a\u011fda\u015f Eczac\u0131lar Meclisi\u2019nin demokratik kurallar\u0131n\u0131 \u00e7i\u011fneyerek, \u00e7a\u011fda\u015f hareketi b\u00f6lmeyi ama\u00e7layan bu arkada\u015flar\u0131m\u0131z bunun faturas\u0131n\u0131 benim \u00fczerimden siyaset yaparak \u00c7a\u011fda\u015f Eczac\u0131lar Derne\u011fi\u2019ne ve \u0130stanbul Eczac\u0131 Odas\u0131\u2019n\u0131n \u00c7a\u011fda\u015f kadrolar\u0131na \u00e7\u0131karmak istiyorlarsa gerek\u00e7e de yanl\u0131\u015f, adres de yanl\u0131\u015f, y\u00f6ntem de.<\/span><\/span><\/span><\/p>\n<p><span style=\"font-family: Times New Roman; color: #000000; font-size: small;\">\u00a0<\/span><\/p>\n<p class=\"MsoNormal\" style=\"margin: 0cm 0cm 0pt; text-align: justify\"><span style=\"font-size: small;\"><span style=\"color: #000000;\"><span style=\"font-family: Times New Roman;\"><span>\u00a0\u00a0\u00a0\u00a0\u00a0\u00a0\u00a0\u00a0\u00a0\u00a0\u00a0 <\/span>15-16 Eyl\u00fcl\u2019de \u00c7a\u011fda\u015f Eczac\u0131lar Derne\u011fi\u2019nin de\u011fil \u0130stanbul Eczac\u0131 Odas\u0131\u2019n\u0131n se\u00e7imleri var. Kendilerine hat\u0131rlat\u0131r\u0131m\u2026 Trib\u00fcn \u015fova d\u00f6nen istifalardan biri \u00f6zellikle dikkatimi \u00e7ekti. \u0130stanbul Eczac\u0131lar\u0131 Grubu Ba\u015fkan Aday\u0131 meslekta\u015f\u0131m Zeliha Y\u0131lmaz. O da Eczac\u0131n\u0131n Sesi Grubu Ba\u015fkan Aday\u0131 meslekta\u015f\u0131mla ayn\u0131 gerek\u00e7eleri ileri s\u00fcrerek internet \u00fczerinden dernek \u00fcyeli\u011finden istifa ediyor. <\/span><\/span><\/span><\/p>\n<p><span style=\"font-family: Times New Roman; color: #000000; font-size: small;\">\u00a0<\/span><\/p>\n<p class=\"MsoNormal\" style=\"margin: 0cm 0cm 0pt; text-align: justify\"><span style=\"font-size: small;\"><span style=\"color: #000000;\"><span style=\"font-family: Times New Roman;\"><span>\u00a0\u00a0\u00a0\u00a0\u00a0\u00a0\u00a0\u00a0\u00a0\u00a0\u00a0 <\/span>Daha iki y\u0131l \u00f6nce farkl\u0131 bir kulvara savruldu\u011fu i\u00e7in \u00c7a\u011fda\u015f Eczac\u0131lar Derne\u011fi ve \u00c7a\u011fda\u015f Eczac\u0131l\u0131k Hareketi kendisi ile yollar\u0131n\u0131 ay\u0131rm\u0131\u015fken bug\u00fcn istifa etti\u011fini a\u00e7\u0131kl\u0131yor. \u201cG\u00fcnayd\u0131n\u201d do\u011frusu\u2026<\/span><\/span><\/span><\/p>\n<p><span style=\"font-family: Times New Roman; color: #000000; font-size: small;\">\u00a0<\/span><\/p>\n<p class=\"MsoNormal\" style=\"margin: 0cm 0cm 0pt; text-align: justify\"><span style=\"font-size: small;\"><span style=\"color: #000000;\"><span style=\"font-family: Times New Roman;\"><span>\u00a0\u00a0\u00a0\u00a0\u00a0\u00a0\u00a0\u00a0\u00a0\u00a0\u00a0 <\/span>\u0130lgin\u00e7tir \u0130stanbul Eczac\u0131 Odas\u0131 se\u00e7imlerinde \u00c7a\u011fda\u015f Eczac\u0131l\u0131k Hareketi\u2019ne muhalefet eden her iki grup ba\u015fkan\u0131 da ayn\u0131 internet sitesini kullan\u0131yor ve \u00c7a\u011fda\u015f kadrolara kar\u015f\u0131 karalama kampanyalar\u0131n\u0131 birlikte y\u00fcr\u00fct\u00fcyorlar.<\/span><\/span><\/span><\/p>\n<p><span style=\"font-family: Times New Roman; color: #000000; font-size: small;\">\u00a0<\/span><\/p>\n<p class=\"MsoNormal\" style=\"margin: 0cm 0cm 0pt; text-align: justify\"><span style=\"font-size: small;\"><span style=\"color: #000000;\"><span style=\"font-family: Times New Roman;\"><span>\u00a0\u00a0\u00a0\u00a0\u00a0\u00a0\u00a0\u00a0\u00a0\u00a0\u00a0 <\/span>O internet sitesinin bir \u00f6nceki \u0130stanbul Eczac\u0131 Odas\u0131 se\u00e7imleriyle ilgili yay\u0131n ar\u015fivleri bir ortaya d\u00f6k\u00fcl\u00fcverse de, o d\u00f6nemde \u00c7a\u011fda\u015f Eczac\u0131l\u0131k Hareketi\u2019nin i\u00e7inde olup bug\u00fcn ayr\u0131lan Eczac\u0131n\u0131n Sesi Grubu\u2019nun ba\u015f edit\u00f6rleri i\u00e7in neler yaz\u0131lm\u0131\u015f hep beraber g\u00f6rsek\u2026<\/span><\/span><\/span><\/p>\n<p><span style=\"font-family: Times New Roman; color: #000000; font-size: small;\">\u00a0<\/span><\/p>\n<p class=\"MsoNormal\" style=\"margin: 0cm 0cm 0pt; text-align: justify\"><span style=\"font-size: small;\"><span style=\"font-family: Times New Roman;\"><span style=\"color: #000000;\"><span>\u00a0\u00a0\u00a0\u00a0\u00a0\u00a0\u00a0\u00a0\u00a0\u00a0\u00a0 <\/span>Hat\u0131rlay\u0131n 2005 y\u0131l\u0131 \u0130stanbul Eczac\u0131 Odas\u0131 se\u00e7imlerini. \u0130stanbul Eczac\u0131lar Grubu\u2019nun o se\u00e7imlerdeki ad\u0131 Geli\u015fim Eczac\u0131lar Grubu. Bug\u00fcn \u201c\u0130stanbul Eczac\u0131lar\u0131 Grubu\u201d Ba\u015fkan Aday\u0131 olan meslekta\u015f\u0131m Zeliha Y\u0131lmaz 2005 se\u00e7imlerinde \u201cGeli\u015fim Eczac\u0131lar Grubu\u201dnun Y\u00f6netim kurulu listesinde. Geli\u015fim Eczac\u0131lar Grubu listesi tam bir gruplar ittifak\u0131. Kimi ararsan\u0131z var i\u00e7inde. \u00c7a\u011fda\u015f Eczac\u0131lar\u2019a kar\u015f\u0131 tam bir cephe birli\u011fi<\/span><span style=\"color: red\">. <\/span><span style=\"color: #000000;\">\u0130dealist Eczac\u0131lar Grubu, AKP\u2019li Dayan\u0131\u015fma Grubu, Ulusal Eczac\u0131lar Grubu\u2019nun bir kanad\u0131. Burada bir dipnot d\u00fc\u015ferek Ulusal Eczac\u0131lar grubu\u2019ndan Avni kurtuldu ve arkada\u015flar\u0131n\u0131n sa\u011fduyulu davran\u0131\u015flar\u0131n\u0131n da alt\u0131n\u0131 \u00e7izmek gerekiyor. D\u00fc\u015f\u00fcncelerimiz farkl\u0131 da olsa 2005 se\u00e7imlerinde sa\u011fduyulu bir tutum g\u00f6sterdiler.<\/span><\/span><\/span><\/p>\n<p><span style=\"font-family: Times New Roman; color: #000000; font-size: small;\">\u00a0<\/span><\/p>\n<p class=\"MsoNormal\" style=\"margin: 0cm 0cm 0pt; text-align: justify\"><span style=\"font-size: small;\"><span style=\"color: #000000;\"><span style=\"font-family: Times New Roman;\"><span>\u00a0\u00a0\u00a0\u00a0\u00a0\u00a0\u00a0\u00a0\u00a0\u00a0\u00a0 <\/span>\u00c7a\u011fda\u015f Eczac\u0131lar\u2019a kar\u015f\u0131 bir cephe hareketinden s\u00f6z ettik. Bu arada bu ittifak\u0131n mimar\u0131n\u0131 unuttuk. TEB Ba\u015fkan\u0131 Mehmet Doma\u00e7. Onun g\u00f6lgesi de bu listenin arkas\u0131nda duruyordu.<\/span><\/span><\/span><\/p>\n<p><span style=\"font-family: Times New Roman; color: #000000; font-size: small;\">\u00a0<\/span><\/p>\n<p class=\"MsoNormal\" style=\"margin: 0cm 0cm 0pt; text-align: justify\"><span style=\"font-size: small;\"><span style=\"color: #000000;\"><span style=\"font-family: Times New Roman;\"><span>\u00a0\u00a0\u00a0\u00a0\u00a0\u00a0\u00a0\u00a0\u00a0\u00a0\u00a0 <\/span>De\u011ferli meslekta\u015f\u0131m Zeliha Y\u0131lmaz, \u00c7a\u011fda\u015f Eczac\u0131lar Derne\u011fi\u2019nden istifa ederken yaz\u0131l\u0131 a\u00e7\u0131klamas\u0131nda \u0131l\u0131ml\u0131 \u0130slam modellerinden s\u00f6z ediyor. 2005 y\u0131l\u0131nda \u0130stanbul Eczac\u0131 Odas\u0131 se\u00e7imlerinde AKP ile ayn\u0131 frekansta politika \u00fcreten Dayan\u0131\u015fma Grubu\u2019nun \u00f6nde gelen isimlerinden Ecz. Murat Akb\u0131y\u0131k ile Geli\u015fim Eczac\u0131lar\u0131 Grubu\u2019nun listesinde birlikte oldu\u011funu unutmu\u015f galiba. Biz buradan kendisine hat\u0131rlatal\u0131m.<\/span><\/span><\/span><\/p>\n<p><span style=\"font-family: Times New Roman; color: #000000; font-size: small;\">\u00a0<\/span><\/p>\n<p class=\"MsoNormal\" style=\"margin: 0cm 0cm 0pt; text-align: justify\"><span style=\"font-size: small;\"><span style=\"color: #000000;\"><span style=\"font-family: Times New Roman;\"><span>\u00a0\u00a0\u00a0\u00a0\u00a0\u00a0\u00a0\u00a0\u00a0\u00a0\u00a0 <\/span>Say\u0131n Y\u0131lmaz bir d\u00f6nem \u00f6nce yapt\u0131klar\u0131n\u0131z\u0131 yanl\u0131\u015f buluyorsan\u0131z ger\u00e7eklerle y\u00fczle\u015fme cesaretini g\u00f6stermenizi beklerim sizden. En az\u0131ndan eczac\u0131 kamuoyuna bir \u00f6zele\u015ftiri borcunuz var. <\/span><\/span><\/span><\/p>\n<p><span style=\"font-family: Times New Roman; color: #000000; font-size: small;\">\u00a0<\/span><\/p>\n<p class=\"MsoNormal\" style=\"margin: 0cm 0cm 0pt; text-align: justify\"><span style=\"font-size: small;\"><span style=\"color: #000000;\"><span style=\"font-family: Times New Roman;\"><span>\u00a0\u00a0\u00a0\u00a0\u00a0\u00a0\u00a0\u00a0\u00a0\u00a0\u00a0 <\/span>Bir i\u015fte iddial\u0131 olabilmek i\u00e7in \u00f6nce ilkelerden ve d\u00fc\u015f\u00fcncelerden \u00f6d\u00fcn vermeden, savrulmadan do\u011fru bir yerde durma becerisi g\u00f6stermek, eczac\u0131 kamuoyuna g\u00fcven vermek gerekiyor.<\/span><\/span><\/span><\/p>\n<p><span style=\"font-family: Times New Roman; color: #000000; font-size: small;\">\u00a0<\/span><\/p>\n<p class=\"MsoNormal\" style=\"margin: 0cm 0cm 0pt; text-align: justify\"><span style=\"font-size: small;\"><span style=\"color: #000000;\"><span style=\"font-family: Times New Roman;\"><span>\u00a0\u00a0\u00a0\u00a0\u00a0\u00a0\u00a0\u00a0\u00a0\u00a0\u00a0 <\/span>\u0130stanbul Eczac\u0131lar\u0131 Grubu ad\u0131 alt\u0131nda bug\u00fcn durdu\u011funuz yerin de d\u00fcnden \u00e7ok farkl\u0131 olmad\u0131\u011f\u0131n\u0131 d\u00fc\u015f\u00fcn\u00fcyorum. Mehmet Doma\u00e7\u2019\u0131n g\u00f6lgesinin yine arkan\u0131zda oldu\u011fundan ku\u015fkum yok. D\u00fc\u015f\u00fcncesi birbirleriyle \u00f6rt\u00fc\u015fmeyen gruplarla bir aradas\u0131n\u0131z. Hangi d\u00fc\u015f\u00fcnce b\u00fct\u00fcnl\u00fc\u011f\u00fc i\u00e7inde y\u00f6netim olacaks\u0131n\u0131z ve eczac\u0131 kamuoyuna hangi ilkeler ve programla g\u00fcven vereceksiniz?<\/span><\/span><\/span><\/p>\n<p><span style=\"font-family: Times New Roman; color: #000000; font-size: small;\">\u00a0<\/span><\/p>\n<p class=\"MsoNormal\" style=\"margin: 0cm 0cm 0pt; text-align: justify\"><span style=\"font-size: small;\"><span style=\"color: #000000;\"><span style=\"font-family: Times New Roman;\"><span>\u00a0\u00a0\u00a0\u00a0\u00a0\u00a0\u00a0\u00a0\u00a0\u00a0\u00a0 <\/span>Her iki grubun de\u011ferli ba\u015fkan adaylar\u0131 benim size do\u011fru gelmeyen d\u00fc\u015f\u00fcncelerim i\u00e7in ba\u015fkan\u0131 olmaktan onur duydu\u011fum \u00c7a\u011fda\u015f Eczac\u0131lar Derne\u011fi\u2019nden istifa edecek kadar d\u00fc\u015f\u00fcnce \u00f6zg\u00fcrl\u00fc\u011f\u00fcne kar\u015f\u0131t tutumunuzla yar\u0131n \u0130stanbul Eczac\u0131 Odas\u0131 Ba\u015fkan\u0131 olsan\u0131z farkl\u0131 d\u00fc\u015f\u00fcnen meslekta\u015flar\u0131n\u0131za kar\u015f\u0131 nas\u0131l e\u015fit ve adil bir y\u00f6netim becerisi g\u00f6stereceksiniz do\u011frusu merak ediyorum!<\/span><\/span><\/span><\/p>\n<p><span style=\"font-family: Times New Roman; color: #000000; font-size: small;\">\u00a0<\/span><\/p>\n<p class=\"MsoNormal\" style=\"margin: 0cm 0cm 0pt; text-align: justify\"><span style=\"font-size: small;\"><span style=\"color: #000000;\"><span style=\"font-family: Times New Roman;\"><span>\u00a0\u00a0\u00a0\u00a0\u00a0\u00a0\u00a0\u00a0\u00a0\u00a0\u00a0 <\/span>Devam edecek\u2026<\/span><\/span><\/span><\/p>\n","protected":false},"excerpt":{"rendered":"<p>\u00a0\u00a0\u00a0\u00a0\u00a0\u00a0\u00a0\u00a0\u00a0\u00a0\u00a0 \u0130\u00c7EM ve \u00f6n se\u00e7im s\u00fcrecini de\u011ferlendirdikten sonra s\u0131ra bir ba\u015fka ger\u00e7ekle y\u00fczle\u015fmeye geldi. \u00a0 \u00a0\u00a0\u00a0\u00a0\u00a0\u00a0\u00a0\u00a0\u00a0\u00a0\u00a0 G\u00fcnlerdir bir internet sitesinden&#46;&#46;&#46;<\/p>\n","protected":false},"author":17,"featured_media":0,"comment_status":"closed","ping_status":"closed","sticky":false,"template":"","format":"standard","meta":{"_jetpack_memberships_contains_paid_content":false,"footnotes":""},"categories":[51],"tags":[],"class_list":["post-2880","post","type-post","status-publish","format-standard","hentry","category-ecz-rafet-sahin"],"aioseo_notices":[],"jetpack_featured_media_url":"","jetpack_sharing_enabled":true,"jetpack-related-posts":[],"_links":{"self":[{"href":"http:\/\/www.ced.org.tr\/index.php?rest_route=\/wp\/v2\/posts\/2880","targetHints":{"allow":["GET"]}}],"collection":[{"href":"http:\/\/www.ced.org.tr\/index.php?rest_route=\/wp\/v2\/posts"}],"about":[{"href":"http:\/\/www.ced.org.tr\/index.php?rest_route=\/wp\/v2\/types\/post"}],"author":[{"embeddable":true,"href":"http:\/\/www.ced.org.tr\/index.php?rest_route=\/wp\/v2\/users\/17"}],"replies":[{"embeddable":true,"href":"http:\/\/www.ced.org.tr\/index.php?rest_route=%2Fwp%2Fv2%2Fcomments&post=2880"}],"version-history":[{"count":1,"href":"http:\/\/www.ced.org.tr\/index.php?rest_route=\/wp\/v2\/posts\/2880\/revisions"}],"predecessor-version":[{"id":4007,"href":"http:\/\/www.ced.org.tr\/index.php?rest_route=\/wp\/v2\/posts\/2880\/revisions\/4007"}],"wp:attachment":[{"href":"http:\/\/www.ced.org.tr\/index.php?rest_route=%2Fwp%2Fv2%2Fmedia&parent=2880"}],"wp:term":[{"taxonomy":"category","embeddable":true,"href":"http:\/\/www.ced.org.tr\/index.php?rest_route=%2Fwp%2Fv2%2Fcategories&post=2880"},{"taxonomy":"post_tag","embeddable":true,"href":"http:\/\/www.ced.org.tr\/index.php?rest_route=%2Fwp%2Fv2%2Ftags&post=2880"}],"curies":[{"name":"wp","href":"https:\/\/api.w.org\/{rel}","templated":true}]}}