{"id":2881,"date":"2007-09-13T15:25:20","date_gmt":"2007-09-13T12:25:20","guid":{"rendered":"http:\/\/www.ced.org.tr\/?p=2881"},"modified":"2014-05-21T01:37:53","modified_gmt":"2014-05-20T22:37:53","slug":"gerceklerle-yuzlesmek-iv","status":"publish","type":"post","link":"http:\/\/www.ced.org.tr\/?p=2881","title":{"rendered":"GER\u00c7EKLERLE Y\u00dcZLE\u015eMEK &#8211; IV"},"content":{"rendered":"<p class=\"MsoNormal\" style=\"margin: 0cm 0cm 0pt; text-align: justify\"><span style=\"font-family: Times New Roman; color: #000000; font-size: small;\">\u00a0\u00a0\u00a0\u00a0\u00a0\u00a0\u00a0\u00a0\u00a0\u00a0\u00a0 Herkes diledi\u011fini yazma ve s\u00f6yleme \u00f6zg\u00fcrl\u00fc\u011f\u00fcne sahip ama d\u00fc\u015f\u00fcnce \u00f6zg\u00fcrl\u00fc\u011f\u00fcn\u00fc, insani ve etik de\u011ferleri, t\u00fcketmeden kullanmak \u00e7ok \u00f6nemli. Siyasetin ezberini bozmak yerine korkular \u00fczerinden siyaset \u00fcretme al\u0131\u015fkanl\u0131klar\u0131m\u0131z hala s\u00fcr\u00fcyor. Bu arada niyet okuyucular\u0131n say\u0131s\u0131 da bir hayli artt\u0131. S\u00f6yleyecek s\u00f6z\u00fc olmayanlar\u0131n ba\u015fvurdu\u011fu bir y\u00f6ntemdir niyet okuyuculu\u011fu. Biz kendi ad\u0131m\u0131za bu ezberin bozulmas\u0131ndan yanay\u0131z. Korkular \u00fczerinden de\u011fil, halk\u0131n ve eczac\u0131n\u0131n ger\u00e7ek g\u00fcndemi \u00fczerinden siyaset \u00fcretmenin, bizi gelece\u011fe ta\u015f\u0131yaca\u011f\u0131n\u0131 d\u00fc\u015f\u00fcn\u00fcyoruz. <\/span><\/p>\n<p><span style=\"font-family: Times New Roman; color: #000000; font-size: small;\">\u00a0<\/span><\/p>\n<p class=\"MsoNormal\" style=\"margin: 0cm 0cm 0pt; text-align: justify\"><span style=\"font-size: small;\"><span style=\"color: #000000;\"><span style=\"font-family: Times New Roman;\"><span>\u00a0\u00a0\u00a0\u00a0\u00a0\u00a0\u00a0\u00a0\u00a0\u00a0\u00a0 <\/span>Biz yaz\u0131lar\u0131m\u0131zda bir d\u00f6nem \u00f6ncesi \u00c7a\u011fda\u015f Eczac\u0131l\u0131k Hareketi\u2019ne kar\u015f\u0131 birbirleriyle ciddi d\u00fc\u015f\u00fcnsel z\u0131tla\u015fmalar\u0131 olan gruplar\u0131n yapt\u0131\u011f\u0131 se\u00e7im ittifak\u0131n\u0131n tutars\u0131zl\u0131\u011f\u0131ndan s\u00f6z ediyoruz. Yalan yanl\u0131\u015f hi\u00e7bir \u015fey s\u00f6ylemiyoruz. Ger\u00e7ek olan\u0131 yaz\u0131yoruz. De\u011ferli meslekta\u015flar\u0131m \u201cOnlar mazide kald\u0131\u201d diye yan\u0131t veriyorlar. \u0130yi de mazide kalanla, ge\u00e7mi\u015fte yap\u0131lan yanl\u0131\u015flarla hesapla\u015famayan bir \u00f6rg\u00fct, bir hareket ya da bir ki\u015fi gelece\u011fini nas\u0131l sa\u011fl\u0131kl\u0131 kurabilir? Ge\u00e7mi\u015fte yap\u0131lan hatalar\u0131n \u00fcst\u00fcn\u00fc \u00f6rterek do\u011fru ve sa\u011fl\u0131kl\u0131 bir gelecek kurulabilir mi?<\/span><\/span><\/span><\/p>\n<p><span style=\"font-family: Times New Roman; color: #000000; font-size: small;\">\u00a0<\/span><\/p>\n<p class=\"MsoNormal\" style=\"margin: 0cm 0cm 0pt; text-align: justify\"><span style=\"font-size: small;\"><span style=\"color: #000000;\"><span style=\"font-family: Times New Roman;\"><span>\u00a0\u00a0\u00a0\u00a0\u00a0\u00a0\u00a0\u00a0\u00a0\u00a0\u00a0 <\/span>Mehmet Doma\u00e7\u2019la ge\u00e7mi\u015fteki ili\u015fkilerinden dolay\u0131 \u00c7a\u011fda\u015f Eczac\u0131l\u0131k Hareketi ele\u015ftiriliyor. Do\u011fru, Doma\u00e7\u2019la bir ge\u00e7mi\u015fimiz vard\u0131. Bunu hi\u00e7 ikileme d\u00fc\u015fmeden kabul ediyoruz. O d\u00f6neme ili\u015fkin do\u011fru ya da yanl\u0131\u015f yap\u0131lanlar\u0131n t\u00fcm\u00fcne sahip \u00e7\u0131kma cesaretini de g\u00f6steriyoruz. O ge\u00e7mi\u015fte emek k\u00fcrs\u00fcleri vard\u0131, eczac\u0131 eme\u011fine sahip \u00e7\u0131kmak vard\u0131. Sonras\u0131n\u0131 herkes biliyor. \u00c7a\u011fda\u015f Eczac\u0131l\u0131k Hareketi, iki d\u00f6nem \u00f6nce Mehmet Doma\u00e7\u2019la hesapla\u015farak yollar\u0131n\u0131 ay\u0131rd\u0131 ve eczac\u0131 kamuoyu ile bunu payla\u015ft\u0131. \u015eimdi Doma\u00e7\u2019\u0131 kendisine gelecek yapanlar d\u00fc\u015f\u00fcns\u00fcn\u2026 <\/span><\/span><\/span><\/p>\n<p><span style=\"font-family: Times New Roman; color: #000000; font-size: small;\">\u00a0<\/span><\/p>\n<p class=\"MsoNormal\" style=\"margin: 0cm 0cm 0pt; text-align: justify\"><span style=\"font-size: small;\"><span style=\"color: #000000;\"><span style=\"font-family: Times New Roman;\"><span>\u00a0\u00a0\u00a0\u00a0\u00a0\u00a0\u00a0\u00a0\u00a0\u00a0\u00a0 <\/span>Biz \u00c7a\u011fda\u015f Eczac\u0131lar ilerici, demokrat, \u00f6zg\u00fcrl\u00fck\u00e7\u00fc ve sol bir gelenekten geliyoruz. Bu d\u00fc\u015f\u00fcncelerimizle d\u00fcnyan\u0131n, T\u00fcrkiye\u2019nin ve eczac\u0131l\u0131k mesle\u011finin gelece\u011fine dair politikalar \u00fcretiyoruz. Bizim harc\u0131m\u0131zda gericilik, \u0131rk\u00e7\u0131l\u0131k ve milliyet\u00e7ilik yok. Biz, solun evrensel de\u011ferlerini savunuyoruz. Bar\u0131\u015fa, e\u015fitli\u011fe, karde\u015fli\u011fe, demokrasiye, \u00f6zg\u00fcrl\u00fcklere, insanca ya\u015fam hakk\u0131na, temel hak ve \u00f6zg\u00fcrl\u00fcklere, din, dil, \u0131rk, cinsiyet fark\u0131 g\u00f6zetmeksizin t\u00fcm insani de\u011ferlere sahip \u00e7\u0131k\u0131yoruz. Meslek alan\u0131m\u0131zda da bu politikalara \u00f6zen g\u00f6steriyoruz. \u00c7a\u011fda\u015f Eczac\u0131lar ad\u0131na y\u00f6netimlerde oldu\u011fumuz d\u00f6nemlerde t\u00fcm meslekta\u015flar\u0131m\u0131z\u0131n hukukuna (birini di\u011ferinden ay\u0131rmadan) sahip \u00e7\u0131k\u0131yoruz. T\u00fcm meslekta\u015flar\u0131m\u0131za e\u015fit mesafede duruyoruz. Mesleki sorunlara da, toplumsal sorunlara da ayn\u0131 duyarl\u0131l\u0131kla yakla\u015f\u0131yoruz. T\u00fcrkiye Eczac\u0131l\u0131k Hareketi i\u00e7inde en dinamik, en \u00f6rg\u00fctl\u00fc hareketiz. Eczac\u0131l\u0131k Hareketi \u00fczerine \u00f6l\u00fc topra\u011f\u0131 serildi\u011fi bir d\u00f6nemde akl\u0131m\u0131z\u0131n ve bilincimizin erdi\u011fi, enerjimizin t\u00fckendi\u011fi noktaya kadar meslekta\u015flar\u0131m\u0131z\u0131n \u00e7\u0131\u011fl\u0131klar\u0131n\u0131n sesi ve solu\u011fu olduk, olmaya devam edece\u011fiz. Bunu eylemimizle de s\u00f6ylemimizle de ortaya koyuyoruz. Eksikliklerimiz elbette ki var ama \u015fu ger\u00e7e\u011fi kabul etmeliyiz ki T\u00fcrkiye Eczac\u0131l\u0131k Hareketi i\u00e7inde sesi, solu\u011fu \u00e7\u0131kan bir elin parma\u011f\u0131 kadar eczac\u0131 odas\u0131ndan biridir \u0130stanbul Eczac\u0131 Odas\u0131. Eczac\u0131 kamuoyunun takdiri ve be\u011fenisi de b\u00f6yle kazan\u0131l\u0131yor. <\/span><\/span><\/span><\/p>\n<p><span style=\"font-family: Times New Roman; color: #000000; font-size: small;\">\u00a0<\/span><\/p>\n<p class=\"MsoNormal\" style=\"margin: 0cm 0cm 0pt; text-align: justify\"><span style=\"font-size: small;\"><span style=\"color: #000000;\"><span style=\"font-family: Times New Roman;\"><span>\u00a0\u00a0\u00a0\u00a0\u00a0\u00a0\u00a0\u00a0\u00a0\u00a0\u00a0 <\/span>Be\u015f bin \u00fcyesi olan bir eczac\u0131 odas\u0131n\u0131n kepenk kapatma eylemini firesiz ba\u015farabilmi\u015f olmas\u0131 kolay bir i\u015f midir? Peki ya 14 Ocak B\u00fcy\u00fck Eczac\u0131 Mitingi\u2026<\/span><\/span><\/span><\/p>\n<p><span style=\"font-family: Times New Roman; color: #000000; font-size: small;\">\u00a0<\/span><\/p>\n<p class=\"MsoNormal\" style=\"margin: 0cm 0cm 0pt; text-align: justify\"><span style=\"font-size: small;\"><span style=\"color: #000000;\"><span style=\"font-family: Times New Roman;\"><span>\u00a0\u00a0\u00a0\u00a0\u00a0\u00a0\u00a0\u00a0\u00a0\u00a0\u00a0 <\/span>\u0130stanbul Eczac\u0131 Odas\u0131\u2019n\u0131n internet sitesini 2 y\u0131ld\u0131r takip ediyorum. <span>\u00a0<\/span>\u00c7a\u011fda\u015f Eczac\u0131lara muhalif ve bu eylemleri s\u00fcrekli ele\u015ftiren meslekta\u015flar\u0131m\u0131n s\u0131k s\u0131k eylem \u00e7a\u011fr\u0131lar\u0131 yapt\u0131klar\u0131n\u0131 da biliyorum. Bir g\u00fcn Mecidiyek\u00f6y\u2019de \u0130stanbul Eczac\u0131 Odas\u0131 \u00f6n\u00fcnde toplanma eylemi, ertesi g\u00fcn kepenk kapatma eylemi, olmad\u0131 eczane kepenklerine kendilerini zincirle kilitleme eylemi, a\u00e7l\u0131k grevi eylemi benzeri pek \u00e7ok eylem \u00f6nerilerinin sahibi oldular. Eczac\u0131 meslekta\u015flar\u0131m\u0131 bu eylemlere ortak olmaya \u00e7a\u011f\u0131rd\u0131lar. Ba\u015far\u0131l\u0131 olamay\u0131nca da d\u00f6n\u00fcp birbirlerini ele\u015ftirdiler. Bunlar\u0131n hepsini ya\u015fad\u0131k, biliyoruz. Ama o \u00e7ok ele\u015ftirdi\u011finiz \u00c7a\u011fda\u015f Eczac\u0131lar \u00f6rg\u00fctl\u00fc ve deneyimli kadrolar\u0131 ile T\u00fcrkiye Eczac\u0131l\u0131k Tarihi\u2019ne ge\u00e7ecek bir eylemi ger\u00e7ekle\u015ftirdiler. 8 bin eczac\u0131 Kad\u0131k\u00f6y \u0130skele Meydan\u0131\u2019na s\u0131\u011fmad\u0131. <\/span><\/span><\/span><\/p>\n<p><span style=\"font-family: Times New Roman; color: #000000; font-size: small;\">\u00a0<\/span><\/p>\n<p class=\"MsoNormal\" style=\"margin: 0cm 0cm 0pt; text-align: justify\"><span style=\"font-size: small;\"><span style=\"color: #000000;\"><span style=\"font-family: Times New Roman;\"><span>\u00a0\u00a0\u00a0\u00a0\u00a0\u00a0\u00a0\u00a0\u00a0\u00a0\u00a0 <\/span>16 Eyl\u00fcl Pazar g\u00fcn\u00fc eczac\u0131 meslekta\u015flar\u0131m \u00f6zg\u00fcr iradeleri ile bir karar verecekler. Eczac\u0131l\u0131k tarihinin kilometre ta\u015f\u0131 olan bu eylemi de ak\u0131llar\u0131n\u0131n bir yerine yazarak\u2026 B\u00fcy\u00fck Eczac\u0131 Mitingi \u00fczerine \u00e7ok \u015fey yaz\u0131ld\u0131. Ancak \u015fu noktan\u0131n alt\u0131n\u0131 \u00e7izmeme izin verin. Bu miting kim ne derse desin eczac\u0131l\u0131k hareketi i\u00e7in \u00f6nemli bir kazan\u0131md\u0131r. Mesle\u011fimiz \u00fczerine hesaplar\u0131 olan t\u00fcm \u00e7evrelere verilmi\u015f \u00e7ok \u00f6nemli bir mesajd\u0131r. Tek tek meslekta\u015flar\u0131m\u0131n enerjisinin, tepkisinin toplumsal bir sinerjiye, toplumsal ve \u00f6rg\u00fctl\u00fc bir tepkiye d\u00f6n\u00fc\u015fmesidir. Ya ba\u015faramasayd\u0131k ne olurdu? <\/span><\/span><\/span><\/p>\n<p><span style=\"font-family: Times New Roman; color: #000000; font-size: small;\">\u00a0<\/span><\/p>\n<p class=\"MsoNormal\" style=\"margin: 0cm 0cm 0pt; text-align: justify\"><span style=\"font-family: Times New Roman; color: #000000; font-size: small;\">Sa\u011fl\u0131k Bakan\u0131\u2019n\u0131n dedi\u011fi gibi 3-5 ki\u015finin ya da TEB Merkez Heyeti\u2019nin bekledi\u011fi gibi 300-500 ki\u015finin eylemi olsayd\u0131 sonu\u00e7 tam bir fiyasko olmaz m\u0131yd\u0131? O zaman meslek alan\u0131m\u0131za ili\u015fkin g\u00fcndemde olan pek \u00e7ok yasa ve tasar\u0131n\u0131n \u00e7orap s\u00f6k\u00fc\u011f\u00fc gibi birbirini takip edece\u011finden ku\u015fkusu olan var m\u0131? Eyleme sahip \u00e7\u0131kar gibi g\u00f6r\u00fcn\u00fcp sonu\u00e7lar\u0131 \u00fczerinden mitingi ele\u015ftirmenin, ger\u00e7e\u011fi ters y\u00fcz etmenin kime ne yarar\u0131 olacak? <\/span><\/p>\n<p><span style=\"font-family: Times New Roman; color: #000000; font-size: small;\">\u00a0<\/span><\/p>\n<p class=\"MsoNormal\" style=\"margin: 0cm 0cm 0pt; text-align: justify\"><span style=\"font-size: small;\"><span style=\"color: #000000;\"><span style=\"font-family: Times New Roman;\"><span>\u00a0\u00a0\u00a0\u00a0\u00a0\u00a0\u00a0\u00a0\u00a0\u00a0\u00a0 <\/span>B\u00fcy\u00fck Eczac\u0131 Mitingi, \u00e7a\u011fda\u015f, idealist, ulusalc\u0131, dayan\u0131\u015fmac\u0131 bir grupla aidiyet ba\u011f\u0131 olsun ya da olmas\u0131n t\u00fcm eczac\u0131lar\u0131n ortak ba\u015far\u0131s\u0131d\u0131r. Buna hep birlikte sahip \u00e7\u0131kmal\u0131y\u0131z. Bir eylemlilik s\u00fcrecinde taban\u0131n\u0131n nabz\u0131n\u0131 tutmak, onu zaman\u0131nda ve do\u011fru bir \u015fekilde harekete ge\u00e7irmek, hareketin kitleselle\u015fmesi bak\u0131m\u0131ndan \u00e7ok \u00f6nemlidir. \u0130\u015fte \u0130stanbul Eczac\u0131 Odas\u0131 ve t\u00fcm T\u00fcrkiye\u2019deki \u00c7a\u011fda\u015f Eczac\u0131lar, B\u00fcy\u00fck Eczac\u0131 Mitingi ile bunu ba\u015farm\u0131\u015ft\u0131r. Bu ger\u00e7e\u011fin de alt\u0131n\u0131 \u00e7izmek \u00f6nemlidir. <\/span><\/span><\/span><\/p>\n<p><span style=\"font-family: Times New Roman; color: #000000; font-size: small;\">\u00a0<\/span><\/p>\n<p class=\"MsoNormal\" style=\"margin: 0cm 0cm 0pt; text-align: justify\"><span style=\"font-size: small;\"><span style=\"color: #000000;\"><span style=\"font-family: Times New Roman;\"><span>\u00a0\u00a0\u00a0\u00a0\u00a0\u00a0\u00a0\u00a0\u00a0\u00a0\u00a0 <\/span>\u201cEylem ne ba\u015far\u0131 sa\u011flad\u0131\u201d diye soruyor meslekta\u015flar\u0131m. \u0130la\u00e7 Kurumu Yasa Tasar\u0131s\u0131 ile ilgili geli\u015fmeleri hat\u0131rlay\u0131n. Tasar\u0131n\u0131n ilk \u015feklinde ne eczac\u0131n\u0131n ad\u0131 ge\u00e7iyordu ne de ilac\u0131n. \u0130la\u00e7tan \u201ct\u0131bbi \u00fcr\u00fcn\u201d diye s\u00f6z ediliyordu. \u0130la\u00e7 ve eczac\u0131 birbirinden soyutlanm\u0131\u015f, \u0130la\u00e7 ve Eczac\u0131l\u0131k \u0130\u015fleri Genel M\u00fcd\u00fcr\u00fc\u2019n\u00fcn ad\u0131 de\u011fi\u015ftirilmi\u015f, 1262 Say\u0131l\u0131 \u0130spen\u00e7iyari ve T\u0131bbi M\u00fcstahzarlar Yasas\u0131 gibi temel bir yasa yerine daha iyisi konmadan kald\u0131r\u0131lmak isteniyordu. Bu ve benzeri geli\u015fmeleri engelleyebilmek i\u00e7in \u00f6rg\u00fctl\u00fc bir deste\u011fe ihtiya\u00e7 vard\u0131. \u0130\u015fte B\u00fcy\u00fck Eczac\u0131 Mitingi, \u0130stanbul Eczac\u0131 Odas\u0131\u2019na b\u00f6ylesine bir hareket alan\u0131 sa\u011flad\u0131. Tasar\u0131 \u00f6nce geri \u00e7ekildi. Sonras\u0131nda yap\u0131lan muhalefetin etkisiyle, \u201ct\u0131bbi \u00fcr\u00fcn\u201d kavram\u0131 ila\u00e7la yer de\u011fi\u015ftirdi ve iktidar s\u00f6zc\u00fcleri 1262 Say\u0131l\u0131 Yasa\u2019ya dokunmayacaklar\u0131na dair kamuoyu \u00f6n\u00fcnde a\u00e7\u0131klama yapmak zorunda kald\u0131lar. \u00d6rg\u00fctl\u00fc ve kitlesel eylemler, politika ve hareket alan\u0131m\u0131z\u0131 geni\u015fletir, siyasi iktidarlar ve hesaplar\u0131 olan \u00e7evreler \u00fczerinde bask\u0131 olu\u015fturur. Hak arama m\u00fccadelesinin \u00f6n\u00fc de b\u00f6yle a\u00e7\u0131l\u0131r. Tasar\u0131 g\u00fcndemde ve dikkatlerimiz tasar\u0131 \u00fczerindedir. <span>\u00a0<\/span><\/span><\/span><\/span><\/p>\n<p><span style=\"font-family: Times New Roman; color: #000000; font-size: small;\">\u00a0<\/span><\/p>\n<p class=\"MsoNormal\" style=\"margin: 0cm 0cm 0pt; text-align: justify\"><span style=\"font-size: small;\"><span style=\"color: #000000;\"><span style=\"font-family: Times New Roman;\"><span>\u00a0\u00a0\u00a0\u00a0\u00a0\u00a0\u00a0\u00a0\u00a0\u00a0\u00a0 <\/span>Eczac\u0131l\u0131k mesle\u011finin sorunlar\u0131na kamuoyunda duyarl\u0131l\u0131k sa\u011flamak ciddi bir \u00e7abay\u0131 gerektirir. \u0130stanbul Eczac\u0131l\u0131k Kongresi b\u00f6yle bir \u00e7abayla ba\u015far\u0131lm\u0131\u015f, binlerce eczac\u0131n\u0131n, farkl\u0131 meslek gruplar\u0131n\u0131n, sanat\u00e7\u0131lar\u0131n, bilim adamlar\u0131n\u0131n, \u00fcniversitelerin kat\u0131ld\u0131\u011f\u0131 mesleki ve sosyal bir etkinlikti. Bu kongrede ilaca, meslek alan\u0131m\u0131za ve sa\u011fl\u0131\u011fa ili\u015fkin pek \u00e7ok sorun g\u00fcndem edildi. Miting, kongre ve benzeri etkinlikler \u00f6rg\u00fctl\u00fc kadrolar\u0131 olan bir hareketin ancak \u00fcstesinden gelebilece\u011fi emek yo\u011fun i\u015flerdir. \u00c7a\u011fda\u015f Eczac\u0131lar, ila\u00e7, eczac\u0131l\u0131k ve sa\u011fl\u0131k alan\u0131nda ya\u015fanan sorunlar\u0131 bir dizi eylem ve etkinlikleri ile toplumsalla\u015ft\u0131rmay\u0131 ba\u015farabilmi\u015f bir harekettir. <\/span><\/span><\/span><\/p>\n<p><span style=\"font-family: Times New Roman; color: #000000; font-size: small;\">\u00a0<\/span><\/p>\n<p class=\"MsoNormal\" style=\"margin: 0cm 0cm 0pt; text-align: justify\"><span style=\"font-size: small;\"><span style=\"color: #000000;\"><span style=\"font-family: Times New Roman;\"><span>\u00a0\u00a0\u00a0\u00a0\u00a0\u00a0\u00a0\u00a0\u00a0\u00a0\u00a0 <\/span>\u00d6n\u00fcm\u00fczde zorlu bir s\u00fcre\u00e7 var. \u0130la\u00e7 ve meslek alan\u0131m\u0131zla ilgili pek \u00e7ok yasa tasar\u0131s\u0131 g\u00fcndemdedir. \u201c6197 Say\u0131l\u0131 Eczac\u0131lar ve Eczaneler Hakk\u0131nda Yasa Tasar\u0131s\u0131\u201d bunlardan biridir. Eczac\u0131l\u0131k mesle\u011fi \u00fczerine hesaplar\u0131 olan t\u00fcm \u00e7evrelerin g\u00f6z\u00fc bu tasar\u0131n\u0131n \u00fczerindedir. Eczaneleri serbest piyasa d\u00fczenine entegre etmek isteyen bu \u00e7evrelerin hesaplar\u0131n\u0131 bo\u015fa \u00e7\u0131karmak mesle\u011fimizin gelece\u011fi a\u00e7\u0131s\u0131ndan \u00e7ok \u00f6nemlidir. Sahibi ve mesul m\u00fcd\u00fcr\u00fcn\u00fcn eczac\u0131 oldu\u011fu ba\u011f\u0131ms\u0131z eczane modeli, bizim olmazsa olmazlar\u0131m\u0131zdan biridir. Ayr\u0131ca 6197 Say\u0131l\u0131 Yasa, mesleki disiplin ve planlama a\u00e7\u0131s\u0131ndan da \u00f6nemlidir. E\u011fitimden ba\u015flayarak meslek alan\u0131nda ciddi bir planlamaya ihtiya\u00e7 var. Ama k\u0131rm\u0131z\u0131 \u00e7izgilere dikkat\u2026<\/span><\/span><\/span><\/p>\n<p><span style=\"font-family: Times New Roman; color: #000000; font-size: small;\">\u00a0<\/span><\/p>\n<p class=\"MsoNormal\" style=\"margin: 0cm 0cm 0pt; text-align: justify\"><span style=\"font-size: small;\"><span style=\"color: #000000;\"><span style=\"font-family: Times New Roman;\"><span>\u00a0\u00a0\u00a0\u00a0\u00a0\u00a0\u00a0\u00a0\u00a0\u00a0\u00a0 <\/span>G\u00fcndemde \u0130la\u00e7 Kurumu Yasa Tasar\u0131s\u0131 var. Tasar\u0131da ila\u00e7, sa\u011fl\u0131k ve meslek alan\u0131m\u0131za ili\u015fkin pek \u00e7ok olumsuzlu\u011fu i\u00e7inde ta\u015f\u0131yan, ilac\u0131 k\u00fcresel sermayenin denetimine sunarak eczac\u0131dan soyutlayan d\u00fczenlemeler yer al\u0131yor. Uygulanan neo-liberal politikalarla ba\u011flant\u0131l\u0131 olarak g\u00fcndeme geliyor bu tasar\u0131lar. <\/span><\/span><\/span><\/p>\n<p><span style=\"font-family: Times New Roman; color: #000000; font-size: small;\">\u00a0<\/span><\/p>\n<p class=\"MsoNormal\" style=\"margin: 0cm 0cm 0pt; text-align: justify\"><span style=\"font-size: small;\"><span style=\"color: #000000;\"><span style=\"font-family: Times New Roman;\"><span>\u00a0\u00a0\u00a0\u00a0\u00a0\u00a0\u00a0\u00a0\u00a0\u00a0\u00a0 <\/span>Neo-liberal politikalar biz eczac\u0131lar\u0131n gelece\u011fini de tehdit ediyor. Meslek alan\u0131m\u0131z da h\u0131zla farkl\u0131la\u015f\u0131yor. \u0130la\u00e7 pazar\u0131n\u0131n serbest eczaneler aras\u0131ndaki da\u011f\u0131l\u0131m\u0131 olduk\u00e7a adaletsiz bir geli\u015fme g\u00f6steriyor. Eczane ekonomileri aras\u0131ndaki u\u00e7urum giderek derinle\u015fiyor. Serbest eczane pazar\u0131 da ila\u00e7 ve da\u011f\u0131t\u0131m alan\u0131na benzer bir tekelle\u015fme s\u00fcreci ya\u015f\u0131yor. T\u00fcrkiye genelinde 8 binin \u00fczerinde eczane ciddi bir risk alt\u0131ndad\u0131r. K\u00fc\u00e7\u00fck ve orta \u00f6l\u00e7ekli eczaneler do\u011fal bir seleksiyon s\u00fcreci ya\u015f\u0131yorlar. \u201cT\u00fcrkiye ila\u00e7 pazar\u0131n\u0131n serbest eczaneler aras\u0131nda da\u011f\u0131l\u0131m\u0131\u201d \u00fczerine yapt\u0131\u011f\u0131m\u0131z ara\u015ft\u0131rma serbest eczaneler aras\u0131ndaki farkl\u0131la\u015fman\u0131n ve tekelle\u015fmenin boyutlar\u0131n\u0131 t\u00fcm \u00e7\u0131plakl\u0131\u011f\u0131yla ortaya koyuyor. K\u00fc\u00e7\u00fck ve orta \u00f6l\u00e7ekli eczaneleri kendi gelecekleri ile ba\u015f ba\u015fa b\u0131rakamay\u0131z. Onlara sahip \u00e7\u0131kmak, eczac\u0131lara ve eczac\u0131l\u0131k mesle\u011fine sahip \u00e7\u0131kmak demektir. Serbest piyasa d\u00fczeninin meslek alan\u0131m\u0131zda yaratt\u0131\u011f\u0131 bu farkl\u0131la\u015fmaya bir \u00e7\u00f6z\u00fcm \u00fcretmek durumunday\u0131z. Eczanelerimizi serbest piyasan\u0131n insaf\u0131na terk edemeyiz. Sosyal G\u00fcvenlik Kurumu ayaktan hasta re\u00e7etelerinin adil da\u011f\u0131t\u0131m\u0131 \u00fczerinde bir politika \u00fcretmenin, bir planlama yapman\u0131n zaman\u0131d\u0131r. <\/span><\/span><\/span><\/p>\n<p><span style=\"font-family: Times New Roman; color: #000000; font-size: small;\">\u00a0<\/span><\/p>\n<p class=\"MsoNormal\" style=\"margin: 0cm 0cm 0pt; text-align: justify\"><span style=\"font-size: small;\"><span style=\"color: #000000;\"><span style=\"font-family: Times New Roman;\"><span>\u00a0\u00a0\u00a0\u00a0\u00a0\u00a0\u00a0\u00a0\u00a0\u00a0\u00a0 <\/span>Sevgili meslekta\u015flar\u0131m, <\/span><\/span><\/span><\/p>\n<p><span style=\"font-family: Times New Roman; color: #000000; font-size: small;\">\u00a0<\/span><\/p>\n<p class=\"MsoNormal\" style=\"margin: 0cm 0cm 0pt; text-align: justify\"><span style=\"font-size: small;\"><span style=\"color: #000000;\"><span style=\"font-family: Times New Roman;\"><span>\u00a0\u00a0\u00a0\u00a0\u00a0\u00a0\u00a0\u00a0\u00a0\u00a0\u00a0 <\/span>Sahibi ve mesul m\u00fcd\u00fcr\u00fcn\u00fcn eczac\u0131 oldu\u011fu ba\u011f\u0131ms\u0131z bir eczane modeli, eczanelerin \u00fclke ihtiyac\u0131na ve n\u00fcfusa g\u00f6re planlanmas\u0131 ile adil bir re\u00e7ete da\u011f\u0131t\u0131m sistemi mesle\u011fin gelece\u011fini planlamada \u00e7ok \u00f6nemli iki sac aya\u011f\u0131d\u0131r. Protokol, SUT, TUT gibi g\u00fcnl\u00fck rutinde kar\u015f\u0131m\u0131za \u00e7\u0131kan sorunlar elbette ki \u00f6nemli. Ancak gelece\u011fimizi ilgilendiren temel yasalardaki de\u011fi\u015fikli\u011fi g\u00f6zlerden \u0131rak tutmamal\u0131y\u0131z. G\u00fcndemde olan yasa ve tasar\u0131lar \u00e7ok \u00f6nemli, bunlar\u0131 dikkatle takip etmeliyiz. \u00d6rg\u00fctl\u00fc g\u00fcc\u00fcm\u00fczle bu s\u00fcre\u00e7te do\u011fabilecek olumsuzluklara kar\u015f\u0131 m\u00fccadeleye etmeye de haz\u0131r olmal\u0131y\u0131z.<\/span><\/span><\/span><\/p>\n<p><span style=\"font-family: Times New Roman; color: #000000; font-size: small;\">\u00a0<\/span><span style=\"font-size: small;\"><span style=\"color: #000000;\"><span style=\"font-family: Times New Roman;\"><span>\u00a0\u00a0\u00a0\u00a0\u00a0\u00a0\u00a0\u00a0\u00a0\u00a0\u00a0 <\/span><strong>Son s\u00f6z, <\/strong><\/span><\/span><\/span><strong><span style=\"font-family: Times New Roman; color: #000000; font-size: small;\">\u00a0<\/span><\/strong><\/p>\n<p class=\"MsoNormal\" style=\"margin: 0cm 0cm 0pt; text-align: justify\"><span style=\"font-size: small;\"><span style=\"color: #000000;\"><span style=\"font-family: Times New Roman;\"><span>\u00a0\u00a0\u00a0\u00a0\u00a0\u00a0\u00a0\u00a0\u00a0\u00a0\u00a0 <\/span>\u00d6n\u00fcm\u00fczdeki Pazar g\u00fcn\u00fc \u0130stanbul Eczac\u0131 Odas\u0131\u2019n\u0131n se\u00e7imleri var. Farkl\u0131 gruplar demokratik bir \u015fekilde yar\u0131\u015f\u0131yorlar. Se\u00e7imlerden sonra sorunlarla y\u00fckl\u00fc ve zorlu bir s\u00fcre\u00e7 bizi bekliyor. Bu s\u00fcrecin \u00fcstesinden gelebilmek i\u00e7in se\u00e7ilecek y\u00f6netimin meslekta\u015f\u0131n birli\u011fini ve deste\u011fini arkas\u0131nda hissetmesi \u00e7ok \u00f6nemli. Sadece y\u00f6netimin bu deste\u011fi hissetmesi yetmiyor meslek alan\u0131m\u0131zla ilgili hesaplar\u0131 olan \u00e7evrelerin de bu mesaj\u0131 almas\u0131 \u00f6nemlidir. D\u00fc\u015f\u00fcncelerimiz farkl\u0131 olabilir. Farkl\u0131 gruplarla g\u00f6n\u00fcl ba\u011f\u0131m\u0131z, aidiyet ba\u011f\u0131m\u0131z olabilir. Ama bu kritik s\u00fcre\u00e7te deneyimi ve birikimi ile eczac\u0131 kamuoyunun g\u00fcvenini kazanm\u0131\u015f bir y\u00f6netimin i\u015f ba\u015f\u0131nda olmas\u0131 \u00e7ok \u00f6nemlidir. \u00c7a\u011fda\u015f Eczac\u0131lar\u0131n y\u00f6netici ve \u00f6rg\u00fctl\u00fc kadrolar\u0131yla, birikimleri ve deneyimleriyle bu g\u00fcveni hak ettiklerini d\u00fc\u015f\u00fcn\u00fcyorum. <\/span><\/span><\/span><\/p>\n<p class=\"MsoNormal\" style=\"margin: 0cm 0cm 0pt; text-align: justify\"><span><span style=\"font-family: Times New Roman; color: #000000; font-size: small;\">\u00a0\u00a0\u00a0\u00a0\u00a0\u00a0\u00a0\u00a0\u00a0\u00a0\u00a0 <\/span><\/span><\/p>\n<p class=\"MsoNormal\" style=\"margin: 0cm 0cm 0pt; text-align: justify\"><span style=\"font-size: small;\"><span style=\"color: #000000;\"><span style=\"font-family: Times New Roman;\"><span>\u00a0\u00a0\u00a0\u00a0\u00a0\u00a0\u00a0\u00a0\u00a0\u00a0\u00a0 <\/span>Pazar g\u00fcn\u00fc bu sa\u011fduyu ile davranaca\u011f\u0131n\u0131z\u0131 umuyorum. \u00c7a\u011fda\u015f Eczac\u0131lara sand\u0131kta hep birlikte sahip \u00e7\u0131kmal\u0131y\u0131z. <\/span><\/span><\/span><\/p>\n<p><span style=\"font-family: Times New Roman; color: #000000; font-size: small;\">\u00a0<\/span><\/p>\n<p class=\"MsoNormal\" style=\"margin: 0cm 0cm 0pt; text-align: justify\"><span style=\"font-size: small;\"><span style=\"color: #000000;\"><span style=\"font-family: Times New Roman;\"><span>\u00a0\u00a0\u00a0\u00a0\u00a0\u00a0\u00a0\u00a0\u00a0\u00a0\u00a0 <\/span>Eczac\u0131lar ve eczac\u0131l\u0131k mesle\u011fi sahipsiz de\u011fildir. \u00c7a\u011fda\u015f Eczac\u0131lar var\u2026<\/span><\/span><\/span><\/p>\n","protected":false},"excerpt":{"rendered":"<p>\u00a0\u00a0\u00a0\u00a0\u00a0\u00a0\u00a0\u00a0\u00a0\u00a0\u00a0 Herkes diledi\u011fini yazma ve s\u00f6yleme \u00f6zg\u00fcrl\u00fc\u011f\u00fcne sahip ama d\u00fc\u015f\u00fcnce \u00f6zg\u00fcrl\u00fc\u011f\u00fcn\u00fc, insani ve etik de\u011ferleri, t\u00fcketmeden kullanmak \u00e7ok \u00f6nemli. Siyasetin&#46;&#46;&#46;<\/p>\n","protected":false},"author":17,"featured_media":0,"comment_status":"closed","ping_status":"closed","sticky":false,"template":"","format":"standard","meta":{"_jetpack_memberships_contains_paid_content":false,"footnotes":""},"categories":[51],"tags":[],"class_list":["post-2881","post","type-post","status-publish","format-standard","hentry","category-ecz-rafet-sahin"],"aioseo_notices":[],"jetpack_featured_media_url":"","jetpack_sharing_enabled":true,"jetpack-related-posts":[],"_links":{"self":[{"href":"http:\/\/www.ced.org.tr\/index.php?rest_route=\/wp\/v2\/posts\/2881","targetHints":{"allow":["GET"]}}],"collection":[{"href":"http:\/\/www.ced.org.tr\/index.php?rest_route=\/wp\/v2\/posts"}],"about":[{"href":"http:\/\/www.ced.org.tr\/index.php?rest_route=\/wp\/v2\/types\/post"}],"author":[{"embeddable":true,"href":"http:\/\/www.ced.org.tr\/index.php?rest_route=\/wp\/v2\/users\/17"}],"replies":[{"embeddable":true,"href":"http:\/\/www.ced.org.tr\/index.php?rest_route=%2Fwp%2Fv2%2Fcomments&post=2881"}],"version-history":[{"count":1,"href":"http:\/\/www.ced.org.tr\/index.php?rest_route=\/wp\/v2\/posts\/2881\/revisions"}],"predecessor-version":[{"id":4006,"href":"http:\/\/www.ced.org.tr\/index.php?rest_route=\/wp\/v2\/posts\/2881\/revisions\/4006"}],"wp:attachment":[{"href":"http:\/\/www.ced.org.tr\/index.php?rest_route=%2Fwp%2Fv2%2Fmedia&parent=2881"}],"wp:term":[{"taxonomy":"category","embeddable":true,"href":"http:\/\/www.ced.org.tr\/index.php?rest_route=%2Fwp%2Fv2%2Fcategories&post=2881"},{"taxonomy":"post_tag","embeddable":true,"href":"http:\/\/www.ced.org.tr\/index.php?rest_route=%2Fwp%2Fv2%2Ftags&post=2881"}],"curies":[{"name":"wp","href":"https:\/\/api.w.org\/{rel}","templated":true}]}}