{"id":2882,"date":"2007-09-25T09:39:41","date_gmt":"2007-09-25T06:39:41","guid":{"rendered":"http:\/\/www.ced.org.tr\/?p=2882"},"modified":"2014-05-21T01:37:46","modified_gmt":"2014-05-20T22:37:46","slug":"ieo-seciminin-degerlendirmesi","status":"publish","type":"post","link":"http:\/\/www.ced.org.tr\/?p=2882","title":{"rendered":"\u0130EO SE\u00c7\u0130M\u0130N\u0130N DE\u011eERLEND\u0130RMES\u0130"},"content":{"rendered":"<p class=\"MsoNormal\" style=\"margin: 0cm 0cm 0pt; text-indent: 26.95pt\"><span style=\"font-family: Times New Roman; color: #000000; font-size: small;\">Yanl\u0131\u015flar\u0131 ve do\u011frusu ile bir se\u00e7im s\u00fcrecini daha geride b\u0131rakt\u0131k. \u00c7a\u011fda\u015f Eczac\u0131lar se\u00e7ime kat\u0131lan eczac\u0131lar\u0131n yar\u0131ya yak\u0131n\u0131n\u0131n deste\u011fini alarak yeniden y\u00f6netime se\u00e7ildiler. Zorlu bir s\u00fcre\u00e7te bu destek \u00e7ok \u00f6nemliydi. \u00c7a\u011fda\u015f Eczac\u0131lar\u0131n se\u00e7im ba\u015far\u0131s\u0131n\u0131n, muhalefetin ba\u015far\u0131s\u0131zl\u0131\u011f\u0131n\u0131n alt\u0131nda yatan ger\u00e7ekler do\u011fru okunmal\u0131, do\u011fru yorumlanmal\u0131d\u0131r.<\/span><\/p>\n<p><span style=\"font-family: Times New Roman; color: #000000; font-size: small;\">\u00a0<\/span><\/p>\n<p class=\"MsoNormal\" style=\"margin: 0cm 0cm 0pt; text-indent: 27pt; text-align: justify\"><span style=\"font-family: Times New Roman; color: #000000; font-size: small;\">\u0130EO se\u00e7imi sadece \u0130stanbul\u2019la s\u0131n\u0131rl\u0131 bir se\u00e7im olmad\u0131. \u0130EO se\u00e7imine eczac\u0131 kamuoyunun ilgi duymas\u0131 do\u011fal. Ancak, do\u011fal olmayan bu ilginin m\u00fcdahale boyutlar\u0131na vard\u0131r\u0131lmas\u0131d\u0131r. \u0130EO se\u00e7iminde do\u011frudan yada dolayl\u0131 bir m\u00fcdahale s\u00fcreci ya\u015fand\u0131. Bu ger\u00e7e\u011fin de t\u00fcm eczac\u0131 kamuoyunca bilinmesinde fayda var.<\/span><\/p>\n<p><span style=\"font-family: Times New Roman; color: #000000; font-size: small;\">\u00a0<\/span><\/p>\n<p class=\"MsoNormal\" style=\"margin: 0cm 0cm 0pt; text-indent: 27pt; text-align: justify\"><span style=\"font-family: Times New Roman; color: #000000; font-size: small;\">\u0130EO se\u00e7im s\u00fcreci \u00f6nce hukuk d\u0131\u015f\u0131, anti-demokratik bir m\u00fcdahale ile ba\u015flad\u0131. TEB Merkez Heyeti yasal yetkisi olmad\u0131\u011f\u0131 halde ald\u0131\u011f\u0131 bir kararla \u0130stanbul Eczac\u0131 Odas\u0131\u2019na \u00fcye 1636 eczac\u0131n\u0131n ismini se\u00e7men listesinden sildi. Bu, eczac\u0131l\u0131k tarihinde belki de meslek \u00f6rg\u00fctleri tarihinde ilk kez tan\u0131\u011f\u0131 oldu\u011fumuz bir uygulamayd\u0131. Yedi binin \u00fczerinde \u00fcyesi olan bir meslek \u00f6rg\u00fct\u00fcn\u00fcn d\u00f6rtte bire yak\u0131n \u00fcyesinin se\u00e7me hakk\u0131 elinden al\u0131n\u0131yordu. G\u00f6sterilen gerek\u00e7e \u201caidatlar\u0131n \u00f6denmemesi\u201d ama TEB Merkez Heyeti\u2019ne bu karar\u0131 ald\u0131ran as\u0131l gerek\u00e7e \u0130stanbul Eczac\u0131 Odas\u0131\u2019n\u0131 ve y\u00f6netimde olan \u00c7a\u011fda\u015f Eczac\u0131lar\u0131 eczac\u0131 taban\u0131 ile kar\u015f\u0131 kar\u015f\u0131ya getirerek y\u00f6netimin elini zay\u0131flatmak ve olas\u0131 bir ba\u015far\u0131s\u0131zl\u0131\u011fa ortam haz\u0131rlamakt\u0131. Sonras\u0131nda ise TEB se\u00e7imlerinde bunu merkez y\u00f6netiminin ba\u015far\u0131 hanesine art\u0131 olarak yazd\u0131rmakt\u0131. \u0130stanbul Eczac\u0131 Odas\u0131\u2019n\u0131n \u00fcyeleri bunun i\u00e7in cezaland\u0131r\u0131lmak istendi. 21. y\u00fczy\u0131lda meslek \u00f6rg\u00fctlerimizi hala b\u00f6yle bir anlay\u0131\u015fla y\u00f6netiyoruz! <\/span><\/p>\n<p><span style=\"font-family: Times New Roman; color: #000000; font-size: small;\">\u00a0<\/span><\/p>\n<p class=\"MsoNormal\" style=\"margin: 0cm 0cm 0pt; text-indent: 27pt; text-align: justify\"><span style=\"font-family: Times New Roman; color: #000000; font-size: small;\">Se\u00e7me ve se\u00e7ilme hakk\u0131 her yurtta\u015f\u0131n vazge\u00e7ilmez temel insani haklar\u0131ndan biridir. Bu hakk\u0131n para ile (aidat) biti\u015ftirilerek sona erdirilmek istenmesi do\u011frudan insan haklar\u0131 ihlalidir. Meslek \u00f6rg\u00fct\u00fc y\u00f6netimi a\u00e7\u0131s\u0131ndan ise ciddi bir y\u00f6netim zaaf\u0131d\u0131r. \u0130EO se\u00e7imlerinin \u00f6nemli sonu\u00e7lar\u0131ndan biri TEB de var olan bu y\u00f6netim zaaf\u0131n\u0131 ortaya \u00e7\u0131karmas\u0131d\u0131r. Hukuksal temeli olmadan, sonu\u00e7lar\u0131 iyi de\u011ferlendirilmeden al\u0131nan bu anti-demokratik karar ba\u011f\u0131ms\u0131z yarg\u0131dan d\u00f6nd\u00fc ve se\u00e7ime yap\u0131lan bu haks\u0131z ve hukuksuz m\u00fcdahale de b\u00f6ylece ba\u015flamadan bitti. <\/span><\/p>\n<p><span style=\"font-family: Times New Roman; color: #000000; font-size: small;\">\u00a0<\/span><\/p>\n<p class=\"MsoNormal\" style=\"margin: 0cm 0cm 0pt; text-indent: 27pt; text-align: justify\"><span style=\"font-family: Times New Roman; color: #000000; font-size: small;\">\u0130EO se\u00e7imlerine TEB\u2019nin d\u0131\u015f\u0131nda da kimi m\u00fcdahaleler oldu. Baz\u0131 internet siteleri devreye sokuldu. \u00c7a\u011fda\u015f Eczac\u0131lar Grubunun kadrolar\u0131na kar\u015f\u0131 yo\u011fun bir karalama ve y\u0131pratma kampanyas\u0131 ba\u015flat\u0131ld\u0131. Tek yanl\u0131 ve g\u00fcd\u00fcml\u00fc bir yay\u0131n politikas\u0131 se\u00e7im s\u00fcresince hep g\u00fcndemde tutuldu. Her \u015fey ters d\u00fcz edilerek, \u00e7arp\u0131t\u0131larak eczac\u0131 kamuoyuna sunuldu. AKP\u2019li oldu\u011fumuzdan tutun da, Dayan\u0131\u015fma Grubunu ortaya \u00e7\u0131karmam\u0131za var\u0131ncaya kadar s\u00fcrd\u00fcr\u00fclen tam bir yalan ve karalama kampanyas\u0131yd\u0131&#8230;<\/span><\/p>\n<p><span style=\"font-family: Times New Roman; color: #000000; font-size: small;\">\u00a0<\/span><\/p>\n<p class=\"MsoNormal\" style=\"margin: 0cm 0cm 0pt; text-indent: 27pt; text-align: justify\"><span style=\"font-family: Times New Roman; color: #000000; font-size: small;\">15 Eyl\u00fcl\u2019de \u0130stanbul Eczac\u0131 Odas\u0131 se\u00e7imsiz ola\u011fan kongresi ve divan se\u00e7imleri yap\u0131ld\u0131. Divan se\u00e7imlerinde toplam 355 oy kullan\u0131ld\u0131. 6 oyun ge\u00e7ersiz say\u0131ld\u0131\u011f\u0131 se\u00e7imi \u00c7a\u011fda\u015f Eczac\u0131lar 159 oy alarak kazand\u0131lar. Eczac\u0131n\u0131n Sesi ve \u0130stanbul Eczac\u0131lar\u0131 Gruplar\u0131 ise s\u0131ras\u0131 ile 97 ve 93 oy ald\u0131lar. Dayan\u0131\u015fma grubundan ise kongreye 5 ki\u015fi kat\u0131lm\u0131\u015ft\u0131. Kongreyi izleyen meslekta\u015flar\u0131m bunun b\u00f6yle oldu\u011funu biliyorlar. Divan se\u00e7imlerinin sonu\u00e7lar\u0131 internet sitelerinin birinde Dayan\u0131\u015fma Grubunun destekledi\u011fi \u00c7a\u011fda\u015f Eczac\u0131lar divan se\u00e7imlerini kazand\u0131 diye man\u015fete \u00e7\u0131kar\u0131ld\u0131. Bu tek yanl\u0131, g\u00fcd\u00fcml\u00fc ve \u00e7arp\u0131t\u0131lm\u0131\u015f bir yay\u0131n politikas\u0131 de\u011fil de nedir? <\/span><\/p>\n<p><span style=\"font-family: Times New Roman; color: #000000; font-size: small;\">\u00a0<\/span><\/p>\n<p class=\"MsoNormal\" style=\"margin: 0cm 0cm 0pt; text-indent: 27pt; text-align: justify\"><span style=\"font-family: Times New Roman; color: #000000; font-size: small;\">\u201cYalanc\u0131n\u0131n mumu yats\u0131ya kadar yanar\u201d diye \u00e7ok bilinen bir atas\u00f6z\u00fc vard\u0131r. \u0130stanbul Eczac\u0131 Odas\u0131 se\u00e7imleri politikalar\u0131n\u0131 yalan haber \u00fczerine kuranlar bak\u0131m\u0131ndan da tam bir h\u00fcsran oldu. Umar\u0131m g\u00fcd\u00fcml\u00fc ve ilkesiz yay\u0131n yapmay\u0131 al\u0131\u015fkanl\u0131k haline getirenler bu se\u00e7imlerden bir ders \u00e7\u0131kar\u0131rlar. <\/span><\/p>\n<p><span style=\"font-family: Times New Roman; color: #000000; font-size: small;\">\u00a0<\/span><\/p>\n<p class=\"MsoNormal\" style=\"margin: 0cm 0cm 0pt; text-indent: 27pt; text-align: justify\"><span style=\"font-family: Times New Roman; color: #000000; font-size: small;\">\u0130EO se\u00e7imlerinden \u00e7\u0131kar\u0131lacak ba\u015fka \u00f6nemli dersler de var.<span>\u00a0 <\/span>Bir kere eczac\u0131n\u0131n g\u00fcncel sorunlar\u0131 ile hi\u00e7 ilgisi olmayan politikalar g\u00fcndem edildi. \u0130nsanlar\u0131n siyasal d\u00fc\u015f\u00fcnceleri ya da kimlikleri \u00fczerinden \u00fcretildi bu politikalar. \u00d6rne\u011fin \u201cHayat\u0131 ve De\u011fi\u015fimi Kavrayabilmek\u201d ba\u015fl\u0131kl\u0131 yaz\u0131m \u00fczerinde olmad\u0131k f\u0131rt\u0131nalar kopar\u0131ld\u0131. C\u00fcmle c\u00fcmle b\u00f6l\u00fcn\u00fcp yaz\u0131 b\u00fct\u00fcnl\u00fc\u011f\u00fc i\u011fdi\u015f edilerek meslekta\u015flar\u0131m\u0131n e-mail adreslerine postaland\u0131. Yaz\u0131m\u0131n ana fikri ile ilgili d\u00fc\u015f\u00fcncelerimi \u201cGer\u00e7eklerle Y\u00fczle\u015fmek-III\u201d ba\u015fl\u0131kl\u0131 yaz\u0131mda sizlerle payla\u015fm\u0131\u015ft\u0131m. Yaz\u0131mda toplumsal bir de\u011fi\u015fimden bir zihniyet de\u011fi\u015fikli\u011finden s\u00f6z ediyordum. Toplumun, kriz ve gerilim \u00fcreten siyaset\u00e7ilere, siyasal anlay\u0131\u015flara mesafeli duru\u015funun alt\u0131n\u0131 \u00e7iziyordum. \u0130stanbul Eczac\u0131 Odas\u0131 se\u00e7imleri bu ger\u00e7e\u011fi bir kez daha do\u011frulad\u0131. Toplum ya da bireyler art\u0131k kendi g\u00fcndemleri, kendi g\u00fcncel sorunlar\u0131 \u00fczerinden politika \u00fcretilmesini istiyorlar. Toplumdaki bu de\u011fi\u015fimi kavrayabilmek \u00e7ok \u00f6nemlidir. <\/span><\/p>\n<p><span style=\"font-family: Times New Roman; color: #000000; font-size: small;\">\u00a0<\/span><\/p>\n<p class=\"MsoNormal\" style=\"margin: 0cm 0cm 0pt; text-indent: 27pt; text-align: justify\"><span style=\"font-family: Times New Roman; color: #000000; font-size: small;\">\u0130EO se\u00e7imlerinde korku ve gerilim \u00fczerinden politika \u00fcreten gruplar se\u00e7im ba\u015far\u0131s\u0131zl\u0131klar\u0131n\u0131 bir de bu y\u00f6nden analiz etmelidirler. Hamaset \u00fczerine kurulan politikalarla art\u0131k ba\u015far\u0131 sa\u011flamak olanakl\u0131 de\u011fil. Meslek alan\u0131m\u0131zda da siyasetin ezberini bozmam\u0131z gerekiyor. \u00c7a\u011fda\u015f Eczac\u0131lara muhalefet eden gruplardan baz\u0131lar\u0131n\u0131n se\u00e7im sonu\u00e7lar\u0131 \u00fczerine yapt\u0131klar\u0131 de\u011ferlendirmeler ayn\u0131 politikalarda \u0131srar edilece\u011finin i\u015faretini veriyor. Bir harekete \u00f6nc\u00fcl\u00fck iddias\u0131nda olanlar, y\u0131llarca birlikte i\u015f \u00fcrettikleri yol arkada\u015flar\u0131n\u0131 \u201cbir eli ile karanl\u0131kla el s\u0131k\u0131\u015fanlar\u201d ya da \u201cyurt d\u00fc\u015fmanlar\u0131\u201d gibi hadlerini a\u015fan ithamlarla su\u00e7layacak kadar ileri gidebiliyorlarsa hele bunu ilericilik, devrimcilik ve \u00e7a\u011fda\u015fl\u0131k ad\u0131na yap\u0131yorlarsa aynada kendilerine bakmalar\u0131n\u0131 tavsiye ederim. <\/span><\/p>\n<p><span style=\"font-family: Times New Roman; color: #000000; font-size: small;\">\u00a0<\/span><\/p>\n<p class=\"MsoNormal\" style=\"margin: 0cm 0cm 0pt; text-indent: 27pt; text-align: justify\"><span style=\"font-family: Times New Roman; color: #000000; font-size: small;\">\u00c7a\u011fda\u015f hareketten ayr\u0131lmadan \u00f6nce \u0130\u00c7EM toplant\u0131lar\u0131nda kriz teorileri \u00fcretenleri t\u00fcm \u0130\u00c7EM \u00fcyeleri yak\u0131ndan izledi. \u0130stanbul Eczac\u0131 Odas\u0131 y\u00f6netiminin eczac\u0131 taban\u0131nda hi\u00e7bir kredisi kalmad\u0131\u011f\u0131n\u0131, se\u00e7imlerin kaybedilmesinin ka\u00e7\u0131n\u0131lmaz oldu\u011funu s\u00f6yleyen bu de\u011ferli teorisyen arkada\u015flar\u0131m kriz teorilerini de bu g\u00f6r\u00fc\u015flerinin \u00fczerine oturtuyorlard\u0131. Se\u00e7im sonu\u00e7lar\u0131 \u00fcrettikleri kriz teorisinin do\u011fru olmad\u0131\u011f\u0131n\u0131 g\u00f6sterdi. Sa\u011fa sola hadlerini a\u015fan laflar edeceklerine oturup \u00f6nce kendilerini sorgulamal\u0131d\u0131rlar biz nerede yanl\u0131\u015f yapt\u0131k diye\u2026<\/span><\/p>\n<p><span style=\"font-family: Times New Roman; color: #000000; font-size: small;\">\u00a0<\/span><\/p>\n<p class=\"MsoNormal\" style=\"margin: 0cm 0cm 0pt; text-indent: 27pt; text-align: justify\"><span style=\"font-family: Times New Roman; color: #000000; font-size: small;\">\u0130EO se\u00e7imlerinin bir di\u011fer \u00f6nemli sonucu da muhalefet etme ba\u015far\u0131s\u0131zl\u0131\u011f\u0131d\u0131r. T\u00fcrkiye siyasetinde var olan bu bo\u015fluk \u0130stanbul Eczac\u0131 Odas\u0131 se\u00e7imlerinde de kendini g\u00f6sterdi. Muhalefet etmek yanl\u0131\u015flar\u0131 nakarat halinde s\u00f6ylemek de\u011fildir. Alternatif politikalar \u00fcretmektir. Alternatif politikalar \u00fcreterek farkl\u0131 bir se\u00e7enek oldu\u011funu g\u00f6stermektir. Eczac\u0131l\u0131k mesle\u011finin gelece\u011fine dair, ilaca ve sa\u011fl\u0131\u011fa dair politikalar ve \u00e7\u00f6z\u00fcmler \u00fcretilmesi, eczac\u0131 kamuoyunun da se\u00e7imlerde buna g\u00f6re tercihini kullanmas\u0131 gerekir. Yapay g\u00fcndemler \u00fczerinden politikalar \u00fcreterek \u00e7\u00f6z\u00fcms\u00fczl\u00fc\u011f\u00fcn bir par\u00e7as\u0131 olunmamal\u0131d\u0131r. <\/span><\/p>\n<p><span style=\"font-family: Times New Roman; color: #000000; font-size: small;\">\u00a0<\/span><\/p>\n<p class=\"MsoNormal\" style=\"margin: 0cm 0cm 0pt; text-indent: 27pt; text-align: justify\"><span style=\"font-family: Times New Roman; color: #000000; font-size: small;\">\u0130EO se\u00e7imlerinde \u00c7a\u011fda\u015f Eczac\u0131lara muhalefeti temel bir politika olarak benimseyen muhalif gruplar ba\u015far\u0131l\u0131 olamam\u0131\u015ft\u0131r. Kimse ba\u015far\u0131s\u0131zl\u0131\u011f\u0131na k\u0131l\u0131f aramas\u0131n. \u00c7uvald\u0131z\u0131 kendisine, i\u011fneyi ba\u015fkas\u0131na bat\u0131rmas\u0131n\u0131 bilen herkes bu se\u00e7imle ilgili do\u011fru sonu\u00e7lara ula\u015f\u0131r. <\/span><\/p>\n<p><span style=\"font-family: Times New Roman; color: #000000; font-size: small;\">\u00a0<\/span><\/p>\n<p class=\"MsoNormal\" style=\"margin: 0cm 0cm 0pt; text-indent: 27pt; text-align: justify\"><span style=\"font-family: Times New Roman; color: #000000; font-size: small;\">Bu arada yap\u0131lan bir tespiti sizinle payla\u015fmak durumunday\u0131m. \u0130stanbul Eczac\u0131lar\u0131 Grubu Ba\u015fkan aday\u0131 meslekta\u015f\u0131m taraf\u0131ndan traji-komik bir sav ileri s\u00fcr\u00fcld\u00fc. \u201cGer\u00e7eklerle Y\u00fczle\u015fmek III\u201d yaz\u0131ma verdi\u011fi yan\u0131tta Say\u0131n Y\u0131lmaz, benim taraf\u0131mdan s\u00f6ylendi\u011fini ima etti\u011fi \u201culusal kurtulu\u015f bir soyk\u0131r\u0131md\u0131r\u201d gibi do\u011fru olmayan bir iddiay\u0131 ileri s\u00fcrd\u00fc. Benim kendi ad\u0131ma ileri s\u00fcr\u00fclen iddia ile ilgili ne yaz\u0131l\u0131 ne de s\u00f6zl\u00fc bir a\u00e7\u0131klamam var. Bununla ilgili varsa elinde belgesi olan onu eczac\u0131 kamuoyu ile payla\u015fmal\u0131d\u0131r. Meslek camias\u0131na yak\u0131\u015fmayan \u00e7amur at izi kals\u0131n t\u00fcr\u00fc politikalardan bir an \u00f6nce vazge\u00e7meliyiz. Toplumda oldu\u011fu gibi meslek alan\u0131m\u0131zda da bu tarz politikalar art\u0131k prim yapm\u0131yor. Bizden s\u00f6ylemesi.<\/span><\/p>\n<p><span style=\"font-family: Times New Roman; color: #000000; font-size: small;\">\u00a0<\/span><\/p>\n<p class=\"MsoNormal\" style=\"margin: 0cm 0cm 0pt; text-indent: 27pt; text-align: justify\"><span style=\"font-family: Times New Roman; color: #000000; font-size: small;\">\u0130stanbul Eczac\u0131 Odas\u0131 se\u00e7imlerinden \u00e7\u0131kar\u0131lacak \u00f6nemli derslerden biri do\u011fru bir muhalefet eksikli\u011fi ise di\u011feri de inand\u0131r\u0131c\u0131 olamamakt\u0131. Muhalefet gruplar\u0131 s\u00f6ylemleri ile eczac\u0131 kamuoyunu inand\u0131ramad\u0131. Sonu\u00e7lar bu ger\u00e7e\u011fi g\u00f6steriyor. Se\u00e7im s\u00fcrecinde ve kongrede eczac\u0131l\u0131k mesle\u011finin gelece\u011fine dair politikalar yine \u00c7a\u011fda\u015f Eczac\u0131lar taraf\u0131ndan \u00fcretildi. 6197 say\u0131l\u0131 yasan\u0131n \u00f6nemi, eczanelerin n\u00fcfusa g\u00f6re s\u0131n\u0131rland\u0131r\u0131lmas\u0131, e\u011fitimden ba\u015flayarak ciddi bir planlama, k\u00fc\u00e7\u00fck ve orta \u00f6l\u00e7ekli eczanelerin gelece\u011finin g\u00fcvenceye al\u0131nmas\u0131na dair politikalar, adil bir re\u00e7ete da\u011f\u0131t\u0131m sistemi, eczac\u0131 meslek hakk\u0131 gibi eczac\u0131n\u0131n g\u00fcndemini olu\u015fturan temel sorunlarla ilgili alternatif \u00e7\u00f6z\u00fcm \u00f6nerileri olan tek grup \u00c7a\u011fda\u015f Eczac\u0131lard\u0131. Bu politikalar\u0131m\u0131zla meslek taban\u0131n\u0131n g\u00fcvenini kazand\u0131k. \u0130stikrar ve g\u00fcven i\u015fte ba\u015far\u0131n\u0131n s\u0131rr\u0131. <\/span><\/p>\n<p><span style=\"font-family: Times New Roman; color: #000000; font-size: small;\">\u00a0<\/span><\/p>\n<p class=\"MsoNormal\" style=\"margin: 0cm 0cm 0pt; text-indent: 27pt; text-align: justify\"><span style=\"font-family: Times New Roman; color: #000000; font-size: small;\">\u0130EO se\u00e7imlerinden biz \u00c7a\u011fda\u015f Eczac\u0131lar\u0131n da \u00e7\u0131karaca\u011f\u0131 dersler var. Se\u00e7imlerde kullan\u0131lan 2692 ge\u00e7erli oyun 1115\u2019ni (% 41.5) alarak se\u00e7ildik. \u00d6nemli bir ba\u015far\u0131d\u0131r bu. Ancak, tabanla ileti\u015fimde baz\u0131 eksiklikler var. \u00d6zellikle gen\u00e7 ku\u015fak eczac\u0131larla daha s\u0131cak bir ileti\u015fime ihtiya\u00e7 var. Son be\u015f sand\u0131kta ortaya \u00e7\u0131kan tablo incelemeye de\u011fer sonu\u00e7lar i\u00e7eriyor. A\u00e7\u0131lan t\u00fcm sand\u0131klarda \u00c7a\u011fda\u015f Eczac\u0131lar se\u00e7imleri \u00f6nde bitirdiler. Bu ger\u00e7e\u011fin bilinmesinde fayda var. Ama gen\u00e7 ku\u015fak eczac\u0131lar\u0131n a\u011f\u0131rl\u0131kta oldu\u011fu son sand\u0131klarda ortaya \u00e7\u0131kan tablo dikkatli de\u011ferlendirilmelidir. Bu sand\u0131klarda \u00c7a\u011fda\u015f Eczac\u0131lar\u0131 takip eden grubun Dayan\u0131\u015fma Grubu oldu\u011fu g\u00f6r\u00fcl\u00fcyor. Yeni d\u00f6nemde gen\u00e7 eczac\u0131larla \u00fcniversitelerden ba\u015flayarak daha s\u0131cak bir ili\u015fki kurulmas\u0131 gerekiyor. Ortaya \u00e7\u0131kan bu tablodan eczac\u0131l\u0131k fak\u00fclteleri y\u00f6netimlerinin de sorumluluklar\u0131 oldu\u011funu d\u00fc\u015f\u00fcn\u00fcyorum. \u0130lerici, demokrat ve devrimci \u00f6\u011frencilerin \u00f6\u011frenci temsilciliklerinden uzak tutulmas\u0131n\u0131n da \u00e7\u0131kan sonu\u00e7ta etkili oldu\u011fu de\u011ferlendirilmelidir. <\/span><\/p>\n<p><span style=\"font-family: Times New Roman; color: #000000; font-size: small;\">\u00a0<\/span><\/p>\n<p class=\"MsoNormal\" style=\"margin: 0cm 0cm 0pt; text-indent: 27pt; text-align: justify\"><span style=\"font-family: Times New Roman; color: #000000; font-size: small;\">Biz \u00c7a\u011fda\u015f Eczac\u0131lar da kendi ezberimizi bozmal\u0131 yeni d\u00f6nemde yeni politikalar \u00fcretmeliyiz. Teorik s\u00f6ylemlerimizi bilimsel verilerle beslemeli, \u00fcretti\u011fimiz mesleki ve sosyal politikalarla daha donan\u0131ml\u0131 ve daha \u00f6rg\u00fctl\u00fc bir \u015fekilde s\u00fcrece m\u00fcdahale etmenin ko\u015fullar\u0131n\u0131 yaratmal\u0131y\u0131z. <\/span><\/p>\n<p><span style=\"font-family: Times New Roman; color: #000000; font-size: small;\">\u00a0<\/span><\/p>\n<p class=\"MsoNormal\" style=\"margin: 0cm 0cm 0pt; text-indent: 27pt; text-align: justify\"><span style=\"font-family: Times New Roman; color: #000000; font-size: small;\">Sevgi meslekta\u015flar\u0131m;<\/span><\/p>\n<p><span style=\"font-family: Times New Roman; color: #000000; font-size: small;\">\u00a0<\/span><\/p>\n<p class=\"MsoNormal\" style=\"margin: 0cm 0cm 0pt; text-indent: 27pt; text-align: justify\"><span style=\"font-family: Times New Roman; color: #000000; font-size: small;\">E\u011frisi ve do\u011frusu ile bir se\u00e7im s\u00fcreci daha geride kald\u0131. Yeni d\u00f6nemin zorluklar\u0131 nedeni ile b\u00f6ylesine kritik bir s\u00fcre\u00e7te \u00c7a\u011fda\u015f Eczac\u0131lara verdi\u011fimiz destek \u00e7ok \u00f6nemlidir. Elinize, akl\u0131n\u0131za ve y\u00fcre\u011finize sa\u011fl\u0131k diyorum. Se\u00e7ime kat\u0131lan t\u00fcm meslekta\u015flar\u0131ma te\u015fekk\u00fcrler. Se\u00e7ilen y\u00f6netici arkada\u015flar\u0131ma ise yeni d\u00f6nem \u00e7al\u0131\u015fmalar\u0131nda ba\u015far\u0131lar diliyorum.<\/span><\/p>\n","protected":false},"excerpt":{"rendered":"<p>Yanl\u0131\u015flar\u0131 ve do\u011frusu ile bir se\u00e7im s\u00fcrecini daha geride b\u0131rakt\u0131k. \u00c7a\u011fda\u015f Eczac\u0131lar se\u00e7ime kat\u0131lan eczac\u0131lar\u0131n yar\u0131ya yak\u0131n\u0131n\u0131n deste\u011fini alarak yeniden&#46;&#46;&#46;<\/p>\n","protected":false},"author":17,"featured_media":0,"comment_status":"closed","ping_status":"closed","sticky":false,"template":"","format":"standard","meta":{"_jetpack_memberships_contains_paid_content":false,"footnotes":""},"categories":[51],"tags":[],"class_list":["post-2882","post","type-post","status-publish","format-standard","hentry","category-ecz-rafet-sahin"],"aioseo_notices":[],"jetpack_featured_media_url":"","jetpack_sharing_enabled":true,"jetpack-related-posts":[],"_links":{"self":[{"href":"http:\/\/www.ced.org.tr\/index.php?rest_route=\/wp\/v2\/posts\/2882","targetHints":{"allow":["GET"]}}],"collection":[{"href":"http:\/\/www.ced.org.tr\/index.php?rest_route=\/wp\/v2\/posts"}],"about":[{"href":"http:\/\/www.ced.org.tr\/index.php?rest_route=\/wp\/v2\/types\/post"}],"author":[{"embeddable":true,"href":"http:\/\/www.ced.org.tr\/index.php?rest_route=\/wp\/v2\/users\/17"}],"replies":[{"embeddable":true,"href":"http:\/\/www.ced.org.tr\/index.php?rest_route=%2Fwp%2Fv2%2Fcomments&post=2882"}],"version-history":[{"count":1,"href":"http:\/\/www.ced.org.tr\/index.php?rest_route=\/wp\/v2\/posts\/2882\/revisions"}],"predecessor-version":[{"id":4005,"href":"http:\/\/www.ced.org.tr\/index.php?rest_route=\/wp\/v2\/posts\/2882\/revisions\/4005"}],"wp:attachment":[{"href":"http:\/\/www.ced.org.tr\/index.php?rest_route=%2Fwp%2Fv2%2Fmedia&parent=2882"}],"wp:term":[{"taxonomy":"category","embeddable":true,"href":"http:\/\/www.ced.org.tr\/index.php?rest_route=%2Fwp%2Fv2%2Fcategories&post=2882"},{"taxonomy":"post_tag","embeddable":true,"href":"http:\/\/www.ced.org.tr\/index.php?rest_route=%2Fwp%2Fv2%2Ftags&post=2882"}],"curies":[{"name":"wp","href":"https:\/\/api.w.org\/{rel}","templated":true}]}}