{"id":2887,"date":"2008-12-17T12:42:25","date_gmt":"2008-12-17T10:42:25","guid":{"rendered":"http:\/\/www.ced.org.tr\/?p=2887"},"modified":"2014-05-21T01:37:13","modified_gmt":"2014-05-20T22:37:13","slug":"biz-eczacilar-ne-istiyoruz","status":"publish","type":"post","link":"http:\/\/www.ced.org.tr\/?p=2887","title":{"rendered":"Biz eczac\u0131lar ne istiyoruz?"},"content":{"rendered":"<p><strong><span style=\"font-size: small;\"><span style=\"color: #000000;\"><span style=\"font-family: Times New Roman;\">Biz eczac\u0131lar ne istiyoruz?<\/span><\/span><\/span><\/strong><\/p>\n<p class=\"MsoNormal\" style=\"margin: 8pt 0cm\"><span style=\"font-family: Times New Roman; color: #000000; font-size: small;\">Neden kar k\u0131\u015f demeden yollara d\u00fc\u015ft\u00fck Ankara\u2019ya y\u00fcr\u00fcyoruz?<\/span><\/p>\n<p class=\"MsoNormal\" style=\"margin: 8pt 0cm\"><span style=\"font-family: Times New Roman; color: #000000; font-size: small;\">Sa\u011fl\u0131kta d\u00f6n\u00fc\u015f\u00fcmle birlikte ba\u015flayan sosyal g\u00fcvenliksiz ve sa\u011fl\u0131ks\u0131z sistem her g\u00fcn yeni sorunlar \u00fcretiyor. Meslek alan\u0131m\u0131z sorunlar yuma\u011f\u0131na d\u00f6n\u00fc\u015ft\u00fc. Sosyal G\u00fcvenlik Kurumu ile sorunlar\u0131m\u0131z var! <\/span><\/p>\n<p class=\"MsoNormal\" style=\"margin: 8pt 0cm\"><span style=\"font-family: Times New Roman; color: #000000; font-size: small;\">D\u00f6rt y\u0131ld\u0131r sosyal g\u00fcvenlik sisteminin a\u011f\u0131rl\u0131kl\u0131 y\u00fck\u00fcn\u00fc biz ta\u015f\u0131yoruz. Sistemi y\u00f6netenler bile bunu a\u00e7\u0131k\u00e7a itiraf ediyorlar. \u0130la\u00e7 sanayinin devlete yapt\u0131\u011f\u0131 iskontonun faturas\u0131n\u0131 da biz eczac\u0131lar \u00f6dedik. Sanayi iskontosu ad\u0131 alt\u0131nda sistem eczac\u0131lar \u00fczerinden y\u00fcr\u00fct\u00fcld\u00fc. Bu uygulamadan dolay\u0131 ciddi hak kay\u0131plar\u0131na u\u011frad\u0131k. Sanayi iskontosunun y\u00fck\u00fcn\u00fc art\u0131k ta\u015f\u0131mak istemiyoruz. <\/span><\/p>\n<p><strong><span style=\"font-size: small;\"><span style=\"color: #000000;\"><span style=\"font-family: Times New Roman;\">Yeter Art\u0131k Diyoruz\u2026<\/span><\/span><\/span><\/strong><\/p>\n<p class=\"MsoNormal\" style=\"margin: 8pt 0cm\"><span style=\"font-family: Times New Roman; color: #000000; font-size: small;\">Sosyal G\u00fcvenlik Kurumu\u2019nun protokol s\u00fcrecine pervas\u0131zca m\u00fcdahalesini kabul etmiyoruz. Adil, uygulanabilir ve tek tarafl\u0131 dayatmalara kapal\u0131 bir protokol istiyoruz. <\/span><\/p>\n<p class=\"MsoNormal\" style=\"margin: 8pt 0cm\"><span style=\"font-family: Times New Roman; color: #000000; font-size: small;\">Maliye Bakanl\u0131\u011f\u0131\u2019n\u0131n tahsilat memuru olduk. Muayene \u00fccretlerini h\u00fck\u00fcmet ad\u0131na biz tahsil ediyoruz. D\u00fcnyada eczac\u0131s\u0131n\u0131 tahsilat memuru olarak kullanan ba\u015fka bir \u00fclke yok\u2026<\/span><\/p>\n<p class=\"MsoNormal\" style=\"margin: 8pt 0cm\"><span style=\"font-family: Times New Roman; color: #000000; font-size: small;\">Vatanda\u015f\u0131n muayene \u00fccretlerine (paral\u0131 sa\u011fl\u0131k hizmetine) olan hakl\u0131 tepkisinin muhatab\u0131 siyasi iktidar olmas\u0131 gerekirken, hedef tahtas\u0131na biz eczac\u0131lar oturtulduk.<\/span><\/p>\n<p><strong><span style=\"font-size: small;\"><span style=\"color: #000000;\"><span style=\"font-family: Times New Roman;\">Yeter art\u0131k, muayene \u00fccretleri kald\u0131r\u0131ls\u0131n&#8230; Muhatap eczac\u0131lar olmas\u0131n<\/span><\/span><\/span><\/strong><\/p>\n<p class=\"MsoNormal\" style=\"margin: 8pt 0cm\"><span style=\"font-family: Times New Roman; color: #000000; font-size: small;\">Eczac\u0131 Odalar\u0131 taraf\u0131ndan \u00f6rg\u00fctlenen, kamu ve toplum sa\u011fl\u0131\u011f\u0131 yarar\u0131na oldu\u011fu tart\u0131\u015fmas\u0131z bir \u015fekilde kan\u0131tlanan, fakt\u00f6r, kan \u00fcr\u00fcnleri ve diyaliz re\u00e7etelerinin e\u015fit da\u011f\u0131l\u0131m\u0131n\u0131n \u201cbirilerinin aleyhine e\u015fitli\u011fi bozuyor\u201d diye rekabete ayk\u0131r\u0131 oldu\u011fu gerek\u00e7esiyle ortadan kald\u0131r\u0131lmas\u0131n\u0131 istemiyoruz.<\/span><\/p>\n<p class=\"MsoNormal\" style=\"margin: 8pt 0cm\"><span style=\"font-family: Times New Roman; color: #000000; font-size: small;\">Biz eczac\u0131lar ve toplum sa\u011fl\u0131\u011f\u0131n\u0131 korumakla g\u00f6revli eczac\u0131 meslek odalar\u0131m\u0131z rekabeti de\u011fil, toplum sa\u011fl\u0131\u011f\u0131n\u0131 temel alan bir sa\u011fl\u0131k sistemi istiyoruz. <\/span><\/p>\n<p class=\"MsoNormal\" style=\"margin: 8pt 0cm\"><span style=\"font-family: Times New Roman; color: #000000; font-size: small;\">Sorunlar yuma\u011f\u0131na d\u00f6nen ila\u00e7 ve sa\u011fl\u0131k sisteminin alt\u0131nda daha fazla ezilmek istemiyoruz.<\/span><\/p>\n<p><strong><span style=\"font-size: small;\"><span style=\"color: #000000;\"><span style=\"font-family: Times New Roman;\">Sorunsuz bir ila\u00e7 ve sa\u011fl\u0131k sistemi istiyoruz\u2026<\/span><\/span><\/span><\/strong><span style=\"font-size: small;\"><span style=\"color: #000000;\"><span style=\"font-family: Times New Roman;\">Y\u0131llard\u0131r ila\u00e7 dan\u0131\u015fman\u0131 olarak \u00fcretti\u011fimiz hizmet hep kar\u015f\u0131l\u0131ks\u0131z kald\u0131. Biz eczac\u0131lar \u00fcretti\u011fimiz hizmetin kar\u015f\u0131l\u0131\u011f\u0131 olan<strong> \u201cMESLEK HAKKI\u201d<\/strong>m\u0131z\u0131 istiyoruz.<\/span><\/span><\/span><\/p>\n<p class=\"MsoNormal\" style=\"margin: 8pt 0cm\"><span style=\"font-family: Times New Roman; color: #000000; font-size: small;\">Ya\u015fad\u0131\u011f\u0131m\u0131z bu sorunlar\u0131n biran \u00f6nce \u00e7\u00f6z\u00fclmesini bekliyoruz. <\/span><\/p>\n<p class=\"MsoNormal\" style=\"margin: 8pt 0cm\"><span style=\"font-family: Times New Roman; color: #000000; font-size: small;\">Ancak bug\u00fcn \u00e7ok daha temel bir sorunla kar\u015f\u0131 kar\u015f\u0131yay\u0131z. 28 bin eczac\u0131n\u0131n gelece\u011fini belirleyecek olan meslek yasam\u0131z de\u011fi\u015ftirilmek isteniyor. Sa\u011fl\u0131k Bakanl\u0131\u011f\u0131 taraf\u0131ndan haz\u0131rlanan 6197 say\u0131l\u0131 Eczac\u0131lar ve Eczaneler Hakk\u0131nda yasa tasar\u0131s\u0131 TBMM Sa\u011fl\u0131k Komisyonu\u2019na g\u00f6nderildi. Tasar\u0131 komisyonda g\u00f6r\u00fc\u015f\u00fcl\u00fcyor ve yak\u0131n bir zamanda da TBMM\u2019nin g\u00fcndemine gelecek. <\/span><\/p>\n<p class=\"MsoNormal\" style=\"margin: 8pt 0cm\"><span style=\"font-family: Times New Roman; color: #000000; font-size: small;\">Bug\u00fcn eczanelerimizde ciddi bir y\u0131k\u0131m s\u00fcreci ya\u015f\u0131yoruz. 10 bine yak\u0131n eczane fiili iflas\u0131n e\u015fi\u011finde, bu y\u0131k\u0131m s\u00fcrecini durduracak sosyal bir programa ihtiyac\u0131m\u0131z var. \u00d6n\u00fcm\u00fcze konan program ise eczac\u0131-eczac\u0131 ortakl\u0131\u011f\u0131d\u0131r. Eczac\u0131-eczac\u0131 ortakl\u0131\u011f\u0131n\u0131n amac\u0131 eczanelerimizi \u015firketle\u015ftirmek, \u015firket eczaneler \u00fczerinden de zincirlerin yolunu a\u00e7makt\u0131r. Eczanelerimizin serbest piyasa d\u00fczeninin birer di\u015flisi haline gelmesini, serbest piyasa d\u00fczeninin ac\u0131mas\u0131z kurallar\u0131na ayak uyduramayanlar\u0131n ise tasfiye olmas\u0131n\u0131 istiyorlar. <\/span><\/p>\n<p class=\"MsoNormal\" style=\"margin: 8pt 0cm\"><span style=\"font-family: Times New Roman; color: #000000; font-size: small;\">Yaln\u0131z biz eczac\u0131lara ait olan eczane a\u00e7ma hakk\u0131n\u0131 ortadan kald\u0131r\u0131p, herkese eczane a\u00e7ma yetkisi vererek serbest eczane alan\u0131n\u0131 sermaye \u015firketlerine a\u00e7mak istiyorlar. T\u00fcm d\u00fcnyada ve Avrupa\u2019da ya\u015fanan s\u00fcre\u00e7 bu. Eczac\u0131-eczac\u0131 ortakl\u0131\u011f\u0131 bu s\u00fcrecin ilk ve \u00f6nemli bir ad\u0131m\u0131d\u0131r. <\/span><\/p>\n<p class=\"MsoNormal\" style=\"margin: 8pt 0cm\"><span style=\"font-family: Times New Roman; color: #000000; font-size: small;\">TEB\u2019in, 51 Eczac\u0131 Odas\u0131n\u0131n ve eczac\u0131 kamuoyunun t\u00fcm itirazlar\u0131na ra\u011fmen ortakl\u0131\u011f\u0131n tasar\u0131da yer almas\u0131 bu kayg\u0131lar\u0131m\u0131z\u0131 hakl\u0131 \u00e7\u0131kar\u0131yor. Biz eczac\u0131lar\u0131n d\u0131\u015f\u0131nda bu s\u00fcre\u00e7te etkin olan farkl\u0131 iradelerin varl\u0131\u011f\u0131n\u0131 ortaya koyuyor.<\/span><\/p>\n<p class=\"MsoNormal\" style=\"margin: 8pt 0cm\"><span style=\"font-family: Times New Roman; color: #000000; font-size: small;\">Da\u011f\u0131t\u0131m kanallar\u0131 da dahil farkl\u0131 sermaye \u00e7evrelerinin serbest eczane alan\u0131na hakim olma niyetlerini biliyoruz. Son birka\u00e7 y\u0131ld\u0131r bunun altyap\u0131s\u0131 haz\u0131rlan\u0131yor. Serbest eczane sistemini liberalle\u015ftirmek istiyorlar. Ortakl\u0131k bu amaca hizmet eden bir tasar\u0131d\u0131r. <\/span><\/p>\n<p class=\"MsoNormal\" style=\"margin: 8pt 0cm\"><span style=\"font-family: Times New Roman; color: #000000; font-size: small;\">Biz eczac\u0131lar\u0131n iradesine ra\u011fmen ortakl\u0131\u011f\u0131n \u00e7\u00f6z\u00fcm diye dayat\u0131lmas\u0131n\u0131 <strong>\u0130STEM\u0130YORUZ.<\/strong> <\/span><\/p>\n<p class=\"MsoNormal\" style=\"margin: 8pt 0cm\"><span style=\"font-size: small;\"><span style=\"color: #000000;\"><span style=\"font-family: Times New Roman;\">Tasar\u0131y\u0131 bu \u015fekliyle <strong>KABUL ETM\u0130YORUZ.<\/strong><\/span><\/span><\/span><\/p>\n<p class=\"MsoNormal\" style=\"margin: 8pt 0cm\"><span style=\"font-family: Times New Roman; color: #000000; font-size: small;\">Eczac\u0131-Eczac\u0131 ortakl\u0131\u011f\u0131n\u0131n tasar\u0131dan \u00e7\u0131kar\u0131lmas\u0131n\u0131 istiyoruz<\/span><\/p>\n<p class=\"MsoNormal\" style=\"margin: 8pt 0cm\"><span style=\"font-family: Times New Roman; color: #000000; font-size: small;\">Ya\u015fad\u0131\u011f\u0131m\u0131z y\u0131k\u0131m s\u00fcrecinin durdurulmas\u0131n\u0131 istiyoruz.<\/span><\/p>\n<p class=\"MsoNormal\" style=\"margin: 8pt 0cm\"><span style=\"font-family: Times New Roman; color: #000000; font-size: small;\">21 Aral\u0131k\u2019ta Ankara Kolej Meydan\u0131\u2019nda olaca\u011f\u0131z. <\/span><\/p>\n<p><strong><span style=\"font-size: small;\"><span style=\"color: #000000;\"><span style=\"font-family: Times New Roman;\">Sa\u011fl\u0131k Hakk\u0131 i\u00e7in,<\/span><\/span><\/span><\/strong><strong><span style=\"font-size: small;\"><span style=\"color: #000000;\"><span style=\"font-family: Times New Roman;\">Ortakl\u0131\u011fa HAYIR demek i\u00e7in,<\/span><\/span><\/span><\/strong><strong><span style=\"font-size: small;\"><span style=\"color: #000000;\"><span style=\"font-family: Times New Roman;\">Mesle\u011fimize ve gelece\u011fimize sahip \u00e7\u0131kmak i\u00e7in,<\/span><\/span><\/span><\/strong><\/p>\n<p class=\"MsoNormal\" style=\"margin: 8pt 0cm\"><strong><span style=\"font-size: small;\"><span style=\"color: #000000;\"><span style=\"font-family: Times New Roman;\">\u0130nsanca ya\u015famak i\u00e7in,<\/span><\/span><\/span><\/strong><\/p>\n","protected":false},"excerpt":{"rendered":"<p>Biz eczac\u0131lar ne istiyoruz? Neden kar k\u0131\u015f demeden yollara d\u00fc\u015ft\u00fck Ankara\u2019ya y\u00fcr\u00fcyoruz? Sa\u011fl\u0131kta d\u00f6n\u00fc\u015f\u00fcmle birlikte ba\u015flayan sosyal g\u00fcvenliksiz ve sa\u011fl\u0131ks\u0131z&#46;&#46;&#46;<\/p>\n","protected":false},"author":17,"featured_media":0,"comment_status":"closed","ping_status":"closed","sticky":false,"template":"","format":"standard","meta":{"_jetpack_memberships_contains_paid_content":false,"footnotes":""},"categories":[51],"tags":[],"class_list":["post-2887","post","type-post","status-publish","format-standard","hentry","category-ecz-rafet-sahin"],"aioseo_notices":[],"jetpack_featured_media_url":"","jetpack_sharing_enabled":true,"jetpack-related-posts":[],"_links":{"self":[{"href":"http:\/\/www.ced.org.tr\/index.php?rest_route=\/wp\/v2\/posts\/2887","targetHints":{"allow":["GET"]}}],"collection":[{"href":"http:\/\/www.ced.org.tr\/index.php?rest_route=\/wp\/v2\/posts"}],"about":[{"href":"http:\/\/www.ced.org.tr\/index.php?rest_route=\/wp\/v2\/types\/post"}],"author":[{"embeddable":true,"href":"http:\/\/www.ced.org.tr\/index.php?rest_route=\/wp\/v2\/users\/17"}],"replies":[{"embeddable":true,"href":"http:\/\/www.ced.org.tr\/index.php?rest_route=%2Fwp%2Fv2%2Fcomments&post=2887"}],"version-history":[{"count":1,"href":"http:\/\/www.ced.org.tr\/index.php?rest_route=\/wp\/v2\/posts\/2887\/revisions"}],"predecessor-version":[{"id":3983,"href":"http:\/\/www.ced.org.tr\/index.php?rest_route=\/wp\/v2\/posts\/2887\/revisions\/3983"}],"wp:attachment":[{"href":"http:\/\/www.ced.org.tr\/index.php?rest_route=%2Fwp%2Fv2%2Fmedia&parent=2887"}],"wp:term":[{"taxonomy":"category","embeddable":true,"href":"http:\/\/www.ced.org.tr\/index.php?rest_route=%2Fwp%2Fv2%2Fcategories&post=2887"},{"taxonomy":"post_tag","embeddable":true,"href":"http:\/\/www.ced.org.tr\/index.php?rest_route=%2Fwp%2Fv2%2Ftags&post=2887"}],"curies":[{"name":"wp","href":"https:\/\/api.w.org\/{rel}","templated":true}]}}