{"id":2889,"date":"2009-04-10T09:44:48","date_gmt":"2009-04-10T06:44:48","guid":{"rendered":"http:\/\/www.ced.org.tr\/?p=2889"},"modified":"2014-05-21T01:37:01","modified_gmt":"2014-05-20T22:37:01","slug":"yerel-secimlerin-arkasina-sarkan-gundem","status":"publish","type":"post","link":"http:\/\/www.ced.org.tr\/?p=2889","title":{"rendered":"YEREL SE\u00c7\u0130MLER\u0130N ARKASINA SARKAN \u201cG\u00dcNDEM\u201d!"},"content":{"rendered":"<p class=\"MsoNormal\" style=\"margin: 0cm 0cm 0pt\"><span style=\"font-family: Times New Roman; font-size: small;\">Yerel se\u00e7imler geride kald\u0131. H\u00fck\u00fcmet kendisi i\u00e7in ba\u015f a\u011fr\u0131s\u0131 olacak sorunlar\u0131 29 Mart Yerel Se\u00e7imlerinin sonras\u0131na ertelemesine ra\u011fmen bekledi\u011fi toplumsal deste\u011fi bulamad\u0131. Se\u00e7imlere siyasi liderlerin a\u011f\u0131z dala\u015f\u0131 damgas\u0131n\u0131 vurdu. Yerel y\u00f6netim sorunlar\u0131n\u0131n pek az\u0131 g\u00fcndemde yer ald\u0131. \u00dclkenin temel siyasi, sosyal ve ekonomik sorunlar\u0131 da g\u00fcndemde yoktu. Hi\u00e7bir lider i\u015fsizli\u011fe, yoksullu\u011fa, a\u00e7l\u0131\u011fa kal\u0131c\u0131 \u00e7\u00f6z\u00fcmler \u00fcretemedi. \u00dclkenin Ergenekon benzeri \u00e7etelerden temizlenmesi, \u015feffafla\u015fmas\u0131, demokratikle\u015fmesi de liderlerin g\u00fcndeminde yoktu; 12 Eyl\u00fcl rejimi ve anayasas\u0131 da\u2026 \u0130\u00e7eri\u011fi bo\u015f bir se\u00e7im s\u00fcreci ya\u015fad\u0131k.<\/span><\/p>\n<p><span style=\"font-family: Times New Roman; font-size: small;\">\u00a0<\/span><\/p>\n<p class=\"MsoNormal\" style=\"margin: 0cm 0cm 0pt\"><span style=\"font-family: Times New Roman; font-size: small;\">Se\u00e7im sonras\u0131na \u00f6telenen sorunlardan biri de IMF ile yap\u0131lacak anla\u015fma idi, onca efelenmelerine ra\u011fmen anla\u015fma yeninden g\u00fcndemde, son r\u00f6tu\u015flar\u0131 yap\u0131l\u0131yor. Bu paketin i\u00e7erisinde nelerin olabilece\u011fini tahmin etmek hi\u00e7 de zor de\u011fil. Kemerleri s\u0131kma politikalar\u0131 devam edecek, krizin faturas\u0131 yine alt gelir gruplar\u0131 \u00f6deyecek. Yeni IMF anla\u015fmas\u0131n\u0131n hi\u00e7 ku\u015fkusuz sa\u011fl\u0131k alan\u0131na da yans\u0131malar\u0131 olacak. Sa\u011fl\u0131kta tasarruf politikalar\u0131 ve buna paralel olarak kamu ila\u00e7 al\u0131m ko\u015fullar\u0131na d\u00f6n\u00fck yeni d\u00fczenlemeler sorun \u00fcretmeye devam edecek.<\/span><\/p>\n<p><span style=\"font-family: Times New Roman; font-size: small;\">\u00a0<\/span><\/p>\n<p class=\"MsoNormal\" style=\"margin: 0cm 0cm 0pt\"><span style=\"font-family: Times New Roman; font-size: small;\">\u0130lac\u0131n ve eczac\u0131n\u0131n g\u00fcndemini i\u015fgal edecek dosyalarda yeniden a\u00e7\u0131l\u0131yor. \u00d6n\u00fcm\u00fczde, mesle\u011fimizi \u00e7ok yak\u0131ndan ilgilendiren yasa tasar\u0131lar\u0131 var. OTC ve ila\u00e7ta reklama d\u00f6n\u00fck haz\u0131rl\u0131klar el alt\u0131ndan s\u00fcrd\u00fcr\u00fcl\u00fcyor. Yerel se\u00e7im sonras\u0131nda bu s\u00fcrecin h\u0131z kazand\u0131\u011f\u0131 g\u00f6r\u00fcl\u00fcyor. \u201cForYou\u201d marketler zincirinin vitrinlerini s\u00fcslemeye ba\u015flayan \u201cDrugStore\u201d ma\u011fazalar\u0131n\u0131n a\u00e7\u0131l\u0131\u015f reklamlar\u0131 bu geli\u015fmenin habercisi gibi. Bu t\u00fcr ad\u0131mlarla eczac\u0131lar\u0131n tepkisini \u00f6l\u00e7mek istiyor olabilirler. As\u0131l ilgin\u00e7 olan ise sa\u011fl\u0131k otoritelerinin 1262 say\u0131l\u0131 yasaya ra\u011fmen bu s\u00fcrece seyirci kalmalar\u0131d\u0131r. DrugStore\u2019lar d\u00fcnyada ila\u00e7 satan ma\u011faza zincirleri olarak biliniyor. Tar\u0131m Bakanl\u0131\u011f\u0131 ruhsatl\u0131 ila\u00e7larla ba\u015flayan bu s\u00fcre\u00e7 OTC <span>\u00a0<\/span>kapsam\u0131nda ki ila\u00e7larla devam edecek. Minareyi \u00e7alan k\u0131l\u0131f\u0131n\u0131 da haz\u0131rl\u0131yor. 1262 Say\u0131l\u0131 T\u0131bbi ve \u0130spen\u00e7iyari M\u00fcstahzarlar Yasas\u0131 en b\u00fcy\u00fck engel olarak duruyor. <strong>DrugStore\u2019lar bu yasaya ra\u011fmen ila\u00e7 satamazlar. <\/strong>Ayr\u0131ca ila\u00e7larda kare kod uygulamas\u0131na paralel olarak ambalaj y\u00f6netmeli\u011fi de de\u011fi\u015ftiriliyor, ila\u00e7 kutular\u0131nda fiyat kup\u00fcr\u00fc bulundurma zorunlulu\u011fu da kald\u0131r\u0131l\u0131yor. Bunun i\u00e7inde yine 1262 say\u0131l\u0131 yasan\u0131n de\u011fi\u015fmesi gerekiyor. Yasay\u0131 bir \u015fekilde de\u011fi\u015ftirecekler, geli\u015fmeler bunu g\u00f6steriyor.<\/span><\/p>\n<p><span style=\"font-family: Times New Roman; font-size: small;\">\u00a0<\/span><\/p>\n<p class=\"MsoNormal\" style=\"margin: 0cm 0cm 0pt\"><span style=\"font-family: Times New Roman; font-size: small;\">6197 Say\u0131l\u0131 Eczac\u0131lar ve Eczaneler Hakk\u0131ndaki Yasa Tasar\u0131s\u0131, 21 Aral\u0131k mitinginin engeline tak\u0131ld\u0131 ancak, tehlike t\u00fcm\u00fcyle ge\u00e7mi\u015f de\u011fil. Eski TEB Ba\u015fkan\u0131n\u0131n Ege Eczac\u0131l\u0131k G\u00fcnleri\u2019nde \u201cyasa, ya ortakl\u0131k \u015fekliyle \u00e7\u0131kar ya da \u00e7\u0131kmaz\u201d s\u00f6ylemi bu tehditin devam etti\u011fini g\u00f6steriyor. <\/span><\/p>\n<p class=\"MsoNormal\" style=\"margin: 0cm 0cm 0pt\"><span style=\"font-family: Times New Roman; font-size: small;\">Ke\u015fke bu cesaretli s\u00f6zlerini TEB Ba\u015fkan\u0131 oldu\u011fu d\u00f6nemde s\u00f6yleyebilseydi!<\/span><\/p>\n<p><span style=\"font-family: Times New Roman; font-size: small;\">\u00a0<\/span><\/p>\n<p class=\"MsoNormal\" style=\"margin: 0cm 0cm 0pt\"><span style=\"font-family: Times New Roman; font-size: small;\">\u0130la\u00e7 ve T\u0131bbi Cihaz Kurumu Yasa Tasar\u0131s\u0131\u2019na d\u00f6n\u00fck haz\u0131rl\u0131klar da son a\u015famas\u0131nda. Bu tasar\u0131yla Sa\u011fl\u0131k Bakanl\u0131\u011f\u0131\u2019n\u0131n ila\u00e7 \u00fczerindeki otoritesi kalk\u0131yor. \u00c7ok uluslu ila\u00e7 \u015firketlerinin denetiminde yeni bir ila\u00e7 d\u00fczeni kuruluyor.<\/span><\/p>\n<p><span style=\"font-family: Times New Roman; font-size: small;\">\u00a0<\/span><\/p>\n<p class=\"MsoNormal\" style=\"margin: 0cm 0cm 0pt\"><span style=\"font-family: Times New Roman; font-size: small;\">Eczac\u0131 ve eczane vizyonunun \u00f6nemli \u00f6l\u00e7\u00fcde de\u011fi\u015ftirildi\u011fi, eczanelerin ila\u00e7 sat\u0131\u015f yerleri olarak tarif edildi\u011fi yeni bir meslek konsepti yarat\u0131lmak isteniyor. Bir yandan g\u00fcncel sorunlarla dolu bir g\u00fcndem, \u00f6te yandan ila\u00e7 ve eczac\u0131l\u0131k alan\u0131na d\u00f6n\u00fck temel de\u011fi\u015fiklikler\u2026<\/span><\/p>\n<p><span style=\"font-family: Times New Roman; font-size: small;\">\u00a0<\/span><\/p>\n<p class=\"MsoNormal\" style=\"margin: 0cm 0cm 0pt\"><span style=\"font-family: Times New Roman; font-size: small;\">Bu s\u0131k\u0131\u015f\u0131k g\u00fcndem i\u00e7erisinde geli\u015fmeleri sa\u011fl\u0131kl\u0131 analiz etmek, yeni ila\u00e7 ve eczane konseptine kar\u015f\u0131 bilin\u00e7li bir tutum almak zorunda oldu\u011fumuz bir s\u00fcreci ya\u015f\u0131yoruz. Bunun i\u00e7inde daha \u00e7ok duyarl\u0131l\u0131\u011fa, dayan\u0131\u015fmaya ve \u00f6rg\u00fctl\u00fc m\u00fccadeleye ihtiya\u00e7 var.<\/span><\/p>\n","protected":false},"excerpt":{"rendered":"<p>Yerel se\u00e7imler geride kald\u0131. H\u00fck\u00fcmet kendisi i\u00e7in ba\u015f a\u011fr\u0131s\u0131 olacak sorunlar\u0131 29 Mart Yerel Se\u00e7imlerinin sonras\u0131na ertelemesine ra\u011fmen bekledi\u011fi toplumsal&#46;&#46;&#46;<\/p>\n","protected":false},"author":17,"featured_media":0,"comment_status":"closed","ping_status":"closed","sticky":false,"template":"","format":"standard","meta":{"_jetpack_memberships_contains_paid_content":false,"footnotes":""},"categories":[51],"tags":[],"class_list":["post-2889","post","type-post","status-publish","format-standard","hentry","category-ecz-rafet-sahin"],"aioseo_notices":[],"jetpack_featured_media_url":"","jetpack_sharing_enabled":true,"jetpack-related-posts":[],"_links":{"self":[{"href":"http:\/\/www.ced.org.tr\/index.php?rest_route=\/wp\/v2\/posts\/2889","targetHints":{"allow":["GET"]}}],"collection":[{"href":"http:\/\/www.ced.org.tr\/index.php?rest_route=\/wp\/v2\/posts"}],"about":[{"href":"http:\/\/www.ced.org.tr\/index.php?rest_route=\/wp\/v2\/types\/post"}],"author":[{"embeddable":true,"href":"http:\/\/www.ced.org.tr\/index.php?rest_route=\/wp\/v2\/users\/17"}],"replies":[{"embeddable":true,"href":"http:\/\/www.ced.org.tr\/index.php?rest_route=%2Fwp%2Fv2%2Fcomments&post=2889"}],"version-history":[{"count":1,"href":"http:\/\/www.ced.org.tr\/index.php?rest_route=\/wp\/v2\/posts\/2889\/revisions"}],"predecessor-version":[{"id":3978,"href":"http:\/\/www.ced.org.tr\/index.php?rest_route=\/wp\/v2\/posts\/2889\/revisions\/3978"}],"wp:attachment":[{"href":"http:\/\/www.ced.org.tr\/index.php?rest_route=%2Fwp%2Fv2%2Fmedia&parent=2889"}],"wp:term":[{"taxonomy":"category","embeddable":true,"href":"http:\/\/www.ced.org.tr\/index.php?rest_route=%2Fwp%2Fv2%2Fcategories&post=2889"},{"taxonomy":"post_tag","embeddable":true,"href":"http:\/\/www.ced.org.tr\/index.php?rest_route=%2Fwp%2Fv2%2Ftags&post=2889"}],"curies":[{"name":"wp","href":"https:\/\/api.w.org\/{rel}","templated":true}]}}