{"id":2891,"date":"2009-07-30T11:54:13","date_gmt":"2009-07-30T08:54:13","guid":{"rendered":"http:\/\/www.ced.org.tr\/?p=2891"},"modified":"2014-05-21T01:36:47","modified_gmt":"2014-05-20T22:36:47","slug":"iki-onemli-toplanti-ve-itsye-iliskin-gercekler","status":"publish","type":"post","link":"http:\/\/www.ced.org.tr\/?p=2891","title":{"rendered":"\u0130K\u0130 \u00d6NEML\u0130 TOPLANTI VE \u0130TS\u2019YE \u0130L\u0130\u015eK\u0130N GER\u00c7EKLER!"},"content":{"rendered":"<p class=\"MsoNormal\" style=\"margin: 0cm 0cm 0pt\"><span style=\"font-family: Times New Roman; font-size: small;\">\u0130la\u00e7 Takip Sistemi \u00fczerindeki tart\u0131\u015fmalar s\u00fcr\u00fcyor. Eczac\u0131 \u00f6rg\u00fctleri,<span>\u00a0 <\/span>eczac\u0131 taban\u0131nda tart\u0131\u015fmalar,<span>\u00a0 <\/span><span>\u00a0<\/span>a\u011f\u0131rl\u0131kl\u0131 olarak sistemin i\u015fleyi\u015fine d\u00f6n\u00fck sorunlar \u00fczerinde yo\u011funla\u015fm\u0131\u015f durumda. Sistemden as\u0131l beklentisi olan \u00e7ok uluslu ila\u00e7 \u015firketleri ise sistemi kendileri bak\u0131m\u0131ndan \u2018do\u011fru\u2019 bir zemine oturtma \u00e7abas\u0131 i\u00e7indeler. Tart\u0131\u015fmalar derinle\u015ftik\u00e7e \u0130TS \u00fczerindeki sis perdesi de da\u011f\u0131lmaya ba\u015flad\u0131. Temmuz ay\u0131 ba\u015f\u0131nda \u0130la\u00e7 Takip Sistemi ile ilgili iki \u00f6nemli toplant\u0131 yap\u0131ld\u0131. <\/span><\/p>\n<p><span style=\"font-family: Times New Roman; font-size: small;\">\u00a0<\/span><\/p>\n<p class=\"MsoNormal\" style=\"margin: 0cm 0cm 0pt\"><span style=\"font-family: Times New Roman; font-size: small;\">A\u0130FD (Ara\u015ft\u0131rmac\u0131 \u0130la\u00e7 Firmalar\u0131 Derne\u011fi), <span>\u00a0<\/span>resmi ad\u0131 bu. Ger\u00e7ekte ise \u00e7ok uluslu ila\u00e7 \u015firketlerinin \u00f6rg\u00fctlendi\u011fi bir yap\u0131, onlar ad\u0131na politika \u00fcretiyor. <\/span><\/p>\n<p><span style=\"font-family: Times New Roman; font-size: small;\">\u00a0<\/span><\/p>\n<p class=\"MsoNormal\" style=\"margin: 0cm 0cm 0pt\"><span style=\"font-family: Times New Roman; font-size: small;\">A\u0130FD\u2019nin d\u00fczenledi\u011fi ve s\u00f6zc\u00fcl\u00fc\u011f\u00fcn\u00fc ABD\u2019li iki ara\u015ft\u0131rma g\u00f6revlisinin yapt\u0131\u011f\u0131 bas\u0131n toplant\u0131s\u0131nda \u0130la\u00e7 Takip Sistemi ve \u00e7ok uluslu ila\u00e7 tekellerinin bu sistemden talep ve beklentileri dile getirildi. Toplant\u0131ya bas\u0131n, <span>\u00a0<\/span>medya gere\u011finden fazla ilgi g\u00f6sterdi. . Ertesi g\u00fcn sahte ila\u00e7 t\u00fcm bas\u0131n ve medya\u2019n\u0131n g\u00fcndemindeydi. Yo\u011fun bir dezenformasyon f\u0131rt\u0131nas\u0131na u\u011frad\u0131k. <strong>\u201cSahte ila\u00e7 nedeniyle halk sa\u011fl\u0131\u011f\u0131n\u0131n tehdit alt\u0131nda oldu\u011fu, S\u0131tma ve T\u00fcberk\u00fcloz gibi salg\u0131n hastal\u0131klarda kullan\u0131lan sahte ila\u00e7lar nedeniyle y\u00fczbinlerce insan\u0131n ya\u015fam\u0131n\u0131 yitirdi\u011fi\u201d<\/strong> \u00e7arp\u0131t\u0131lm\u0131\u015f rakamlarla man\u015fetten verildi. Bas\u0131n, medya, \u00e7okuluslu ila\u00e7 \u015firketlerinin temsilcileri bir anda halk sa\u011fl\u0131\u011f\u0131 savunucusu kesildiler. Bir ka\u015f\u0131k suda f\u0131rt\u0131nalar kopar\u0131ld\u0131. T\u00fcrkiye\u2019de ila\u00e7 sahtecili\u011fi yok, k\u00fcp\u00fcr sahtecili\u011fi var, bunu biz de\u011fil Sa\u011fl\u0131k Bakanl\u0131\u011f\u0131 yetkilileri s\u00f6yl\u00fcyor.<\/span><\/p>\n<p class=\"MsoNormal\" style=\"margin: 0cm 0cm 0pt\"><span style=\"font-family: Times New Roman; font-size: small;\">O halde sahte ila\u00e7 \u00fczerinde bu kadar g\u00fcr\u00fclt\u00fc neden kopar\u0131ld\u0131? Nedeni gayet basit; \u00e7ok uluslu \u015firketlerinin ila\u00e7lar\u0131n\u0131n g\u00fcvenirli\u011fini kamuoyunda tescil ettirmek, bunun d\u0131\u015f\u0131nda kalan ila\u00e7lar \u00fczerindeki soru i\u015faretlerini de artt\u0131rmakt\u0131, <span>\u00a0<\/span>yani bir ta\u015fla iki ku\u015f vurmakt\u0131. Halk sa\u011fl\u0131\u011f\u0131 ise i\u015fin bahanesi oldu. Bas\u0131n toplant\u0131s\u0131nda iki nokta \u00f6zellikle \u00f6ne \u00e7\u0131kar\u0131lm\u0131\u015ft\u0131. Sahte ila\u00e7 kavram\u0131 ve sahte ilac\u0131n \u00f6nlenmesine ili\u015fkin tespit ve \u00f6neriler\u2026 <\/span><\/p>\n<p><span style=\"font-family: Times New Roman; font-size: small;\">\u00a0<\/span><\/p>\n<p class=\"MsoNormal\" style=\"margin: 0cm 0cm 0pt\"><span style=\"font-size: small;\"><span style=\"font-family: Times New Roman;\"><strong>\u2018Standart d\u0131\u015f\u0131 \u00fcretilen, taklit edilen, uygunsuz ambalajlar\u0131, yetersiz \u00fcretim prosesleri, yetersiz nakil ve saklama ko\u015fullar\u0131 olan t\u00fcm ila\u00e7lar\u2019<\/strong> sahte ila\u00e7 kapsam\u0131na sokulmu\u015f. D\u00fcnyada \u00fcretilen <span>\u00a0<\/span>yerli jeneriklerin t\u00fcm\u00fc kopya <span>\u00a0<\/span>ila\u00e7lar! Bioe\u015fde\u011ferli\u011fi ve bioyararl\u0131l\u0131\u011f\u0131 kan\u0131tlanm\u0131\u015f olan jenerik ila\u00e7lar, <span>\u00a0<\/span>sa\u011fl\u0131k alan\u0131nda yayg\u0131n olarak kullan\u0131l\u0131yor. \u00dcstelik artan ila\u00e7 ve sa\u011fl\u0131k harcamalar\u0131 pek \u00e7ok \u00fclkede ulusal h\u00fck\u00fcmetleri jenerik ila\u00e7 kullan\u0131m\u0131na y\u00f6nlendiriyor. Durup dururken bu ila\u00e7lar\u0131n (sat\u0131r aralar\u0131nda da olsa) sahte ilan edilmesi hi\u00e7bir bilimsellik i\u00e7ermeyen, orijinal ila\u00e7lar\u0131n pazardaki egemenli\u011fini peki\u015ftirmeye d\u00f6n\u00fck, <span>\u00a0<\/span>propaganda amac\u0131 ta\u015f\u0131yan s\u00f6zlerdi&#8230; \u00c7in ve Hindistan\u2019\u0131n sahte ilac\u0131n merkez \u00fcss\u00fc \u00fclkeler olarak \u00f6ne \u00e7\u0131kar\u0131lmas\u0131 da yine<span>\u00a0 <\/span>ayn\u0131 amaca d\u00f6n\u00fck iddialard\u0131\u2026<\/span><\/span><\/p>\n<p class=\"MsoNormal\" style=\"margin: 0cm 0cm 0pt\">\u00a0<\/p>\n<p class=\"MsoNormal\" style=\"margin: 0cm 0cm 0pt\"><strong><span style=\"font-size: small;\"><span style=\"font-family: Times New Roman;\">Neden \u00c7in, Hindistan ve T\u00fcrkiye?<\/span><\/span><\/strong><\/p>\n<p class=\"MsoNormal\" style=\"margin: 0cm 0cm 0pt\">\u00a0<\/p>\n<p class=\"MsoNormal\" style=\"margin: 0cm 0cm 0pt\"><span style=\"font-family: Times New Roman; font-size: small;\">\u00c7in ve Hindistan jenerik ila\u00e7 \u00fcretiminde d\u00fcnyan\u0131n geli\u015fmi\u015f pazarlar\u0131n\u0131n ba\u015f\u0131nda yer al\u0131yor. <\/span><\/p>\n<p class=\"MsoNormal\" style=\"margin: 0cm 0cm 0pt\"><span style=\"font-family: Times New Roman; font-size: small;\">ABD bile, <span>\u00a0<\/span>jenerik ila\u00e7lar\u0131n\u0131n a\u011f\u0131rl\u0131kl\u0131 bir b\u00f6l\u00fcm\u00fcn\u00fc Hindistan\u2019da \u00fcretiyor. Ayr\u0131ca Brezilya ve<\/span><\/p>\n<p class=\"MsoNormal\" style=\"margin: 0cm 0cm 0pt\"><span style=\"font-family: Times New Roman; font-size: small;\">Hindistan A\u0130DS, S\u0131tma gibi salg\u0131n hastal\u0131klarda kullan\u0131lan jenerik ila\u00e7lar\u0131n \u00fcretiminde stratejik<\/span><\/p>\n<p class=\"MsoNormal\" style=\"margin: 0cm 0cm 0pt\"><span style=\"font-family: Times New Roman; font-size: small;\">\u00fclkeler\u2026 T\u00fcrkiye ise bu ila\u00e7lar\u0131n Orta Do\u011fu\u2019ya pazarlanma trafi\u011finde yer al\u0131yor. <\/span><\/p>\n<p><span style=\"font-family: Times New Roman; font-size: small;\">\u00a0<\/span><\/p>\n<p class=\"MsoNormal\" style=\"margin: 0cm 0cm 0pt\"><span style=\"font-family: Times New Roman; font-size: small;\">1980 y\u0131l\u0131ndan bug\u00fcne A\u0130DS\u2019ten 30milyon insan hayat\u0131n\u0131 kaybetmi\u015f. 2020 y\u0131l\u0131nda hastal\u0131\u011f\u0131n yayg\u0131n oldu\u011fu 45 \u00fclkede \u00f6l\u00fc say\u0131s\u0131n\u0131n 68 milyona ula\u015faca\u011f\u0131 tahmin ediliyor. \u00c7a\u011f\u0131m\u0131z\u0131n vebas\u0131 say\u0131lan bu hastal\u0131\u011f\u0131n tedavi maliyeti de olduk\u00e7a pahal\u0131. Bir ayl\u0131k tedavinin maliyeti 1030-3000 euro aras\u0131nda de\u011fi\u015fiyor. Hastal\u0131\u011f\u0131n yayg\u0131n olarak ya\u015fand\u0131\u011f\u0131 G\u00fcney Afrika, Zimbabwe, Zambiya, Fildi\u015fi Sahilleri gibi yoksul \u00fclkelerde milyonlarca insan, <span>\u00a0<\/span>bu ila\u00e7lara ula\u015famad\u0131klar\u0131 i\u00e7in \u00f6l\u00fcyorlar. <span>\u00a0<\/span>Sahte ila\u00e7lar\u0131n yol a\u00e7t\u0131\u011f\u0131 \u00f6l\u00fcmlerden s\u00f6zedenler, H\u0130V vir\u00fcs\u00fcne kar\u015f\u0131 ila\u00e7 bulamad\u0131\u011f\u0131 i\u00e7in \u00f6len yada \u00f6l\u00fcm\u00fcn \u00e7aresizli\u011fini ya\u015fayan milyonlarca insandan ise hi\u00e7 s\u00f6z etmiyorlar. 2000\u2019li y\u0131llarda Hindistan ve Brezilya A\u0130DS hastal\u0131\u011f\u0131na kar\u015f\u0131 kullan\u0131lan anti-retroviral ila\u00e7lar\u0131 \u00fcretmek \u00fczere harekete ge\u00e7iyorlar. Hindistan, \u00fcretim tekeli \u00e7ok uluslu ila\u00e7 \u015firketlerinin elinde olan ilac\u0131 30 euro\u2019ya \u00fcretiyor. Bu geli\u015fme milyonlarca insan i\u00e7in bir umut kap\u0131s\u0131 oluyor. <span>\u00a0<\/span>G\u00fcney Afrika H\u00fck\u00fcmeti Sa\u011fl\u0131k Bakan\u0131, Hindistan\u2019dan ilac\u0131 ithal etmek istiyor ancak \u00e7ok uluslu ila\u00e7 tekellerinin engeline tak\u0131l\u0131yor. 41 \u00e7ok uluslu \u015firket 5 Mart 2001 tarihinde G\u00fcney Afrika H\u00fck\u00fcmeti Sa\u011fl\u0131k Bakanl\u0131\u011f\u0131\u2019na kar\u015f\u0131 yasal yollara ba\u015fvurarak(Trips s\u00f6zle\u015fmesini ihlal etti\u011fi gerek\u00e7esiyle), ila\u00e7 al\u0131m\u0131n\u0131 durdurmaya \u00e7al\u0131\u015f\u0131yorlar. <\/span><\/p>\n<p><span style=\"font-family: Times New Roman; font-size: small;\">\u00a0<\/span><\/p>\n<p class=\"MsoNormal\" style=\"margin: 0cm 0cm 0pt\"><span style=\"font-family: Times New Roman; font-size: small;\">Bunun \u00fczerine D\u00fcnya Sa\u011fl\u0131k \u00d6rg\u00fct\u00fc, sivil toplum \u00f6rg\u00fctleri bu bask\u0131n\u0131n kald\u0131r\u0131lmas\u0131 i\u00e7in aya\u011fa kalk\u0131yor ve sonu\u00e7ta <span>\u00a0<\/span>\u00e7ok uluslu ila\u00e7 \u015firketleri geri ad\u0131m at\u0131yor ve orijinal ila\u00e7lar\u0131n\u0131n fiyat\u0131n\u0131 %80 geri \u00e7ekmek zorunda kal\u0131yorlar. <\/span><\/p>\n<p><span style=\"font-family: Times New Roman; font-size: small;\">\u00a0<\/span><\/p>\n<p class=\"MsoNormal\" style=\"margin: 0cm 0cm 0pt\"><span style=\"font-family: Times New Roman; font-size: small;\">Hindistan\u2019\u0131n anti-retroviral ila\u00e7lar\u0131n jeneriklerini \u00fcretmesi, \u00e7ok uluslular\u0131n pazardaki egemenli\u011fini ciddi bir \u015fekilde sars\u0131yor. \u00c7in ve Hindistan\u2019\u0131n hedef \u00fclke haline gelmeleri biraz da bu ger\u00e7eklikten kaynaklan\u0131yor. !Sorun salt ba\u015f\u0131na bir sahte ila\u00e7 sorunu de\u011fil, do\u011frudan pazar sorunudur.<\/span><\/p>\n<p><span style=\"font-family: Times New Roman; font-size: small;\">\u00a0<\/span><\/p>\n<p class=\"MsoNormal\" style=\"margin: 0cm 0cm 0pt\"><span style=\"font-family: Times New Roman; font-size: small;\">Sahte ila\u00e7lar\u0131n tehdidinden \u00e7ok, ila\u00e7 \u015firketlerini as\u0131l rahats\u0131z eden yerli jenerikler\u2026 Afrika\u2019n\u0131n yoksul halklar\u0131n\u0131n ya\u015fad\u0131\u011f\u0131 dram yeteri kadar \u00f6\u011fretici de\u011fil mi?<\/span><\/p>\n<p class=\"MsoNormal\" style=\"margin: 0cm 0cm 0pt\"><span style=\"font-family: Times New Roman; font-size: small;\">B\u00fct\u00fcn bu olup bitenlerden sonra, <span>\u00a0<\/span>i\u015flevi sahte ilac\u0131 takip oldu\u011fu s\u00f6ylenen ve \u00e7ok uluslu ila\u00e7 \u015firketlerinin sa\u011flad\u0131\u011f\u0131 kaynaklarla projelendirilen bir sistemin, <span>\u00a0<\/span>halk sa\u011fl\u0131\u011f\u0131 ad\u0131na do\u011fru bir sorgulanmaya ihtiyac\u0131 yok mu? Sistemin i\u015fleyi\u015finden \u00f6nce kendisinin sorgulanmas\u0131 daha do\u011fru bir tutum de\u011fil mi?<\/span><\/p>\n<p><span style=\"font-family: Times New Roman; font-size: small;\">\u00a0<\/span> <span style=\"font-family: Times New Roman; font-size: small;\">A\u0130FD\u2019nin bas\u0131n toplant\u0131s\u0131nda alt\u0131 \u00e7izilen ikinci \u00f6nemli tespit ise: sahte ilac\u0131n takibine ve \u00f6nlenmesine ili\u015fkindi. Bu konudaki beklentiler \u015fu alt ba\u015fl\u0131klarla ifade edilmi\u015fti;<\/span><\/p>\n<p><span style=\"font-family: Wingdings\"><span><span style=\"font-size: small;\">\u00fc<\/span><span style=\"font: 7pt 'Times New Roman'\">\u00a0\u00a0\u00a0\u00a0 <\/span><\/span><\/span><strong><span style=\"font-family: Times New Roman;\"><span style=\"font-size: small;\">G\u00fcmr\u00fck vergileri ve di\u011fer ithalat k\u0131s\u0131tlamalar\u0131 kald\u0131r\u0131ls\u0131n<\/span><\/span><\/strong><\/p>\n<p><span style=\"font-family: Wingdings\"><span><span style=\"font-size: small;\">\u00fc<\/span><span style=\"font: 7pt 'Times New Roman'\">\u00a0\u00a0\u00a0\u00a0<\/span><\/span><\/span><strong><span style=\"font-family: Times New Roman;\"><span style=\"font-size: small;\">\u0130la\u00e7 \u00fczerindeki fiyat kontrol\u00fc kald\u0131r\u0131ls\u0131n<\/span><\/span><\/strong><\/p>\n<p><span style=\"font-family: Wingdings\"><span><span style=\"font-size: small;\">\u00fc<\/span><span style=\"font: 7pt 'Times New Roman'\">\u00a0\u00a0\u00a0\u00a0<\/span><\/span><\/span><strong><span style=\"font-family: Times New Roman;\"><span style=\"font-size: small;\">Devlet ila\u00e7 fiyatlar\u0131na m\u00fcdahaleden vazge\u00e7sin<\/span><\/span><\/strong><\/p>\n<p><span style=\"font-family: Wingdings\"><span><span style=\"font-size: small;\">\u00fc<\/span><span style=\"font: 7pt 'Times New Roman'\">\u00a0\u00a0\u00a0\u00a0<\/span><\/span><\/span><strong><span style=\"font-family: Times New Roman;\"><span style=\"font-size: small;\">Ruhsatland\u0131rma i\u015flemlerinde var olan b\u00fcrokratik engeller kald\u0131r\u0131ls\u0131n<\/span><\/span><\/strong><\/p>\n<p><span style=\"font-family: Wingdings\"><span><span style=\"font-size: small;\">\u00fc<\/span><span style=\"font: 7pt 'Times New Roman'\">\u00a0\u00a0\u00a0\u00a0<\/span><\/span><\/span><strong><span style=\"font-size: small;\"><span style=\"font-family: Times New Roman;\">\u0130la\u00e7 ve sa\u011fl\u0131k d\u00fczenleyen yasalar yetersiz, de\u011fi\u015ftirilsin. <\/span><\/span><\/strong><span style=\"font-family: Times New Roman; font-size: small;\">\u00a0<\/span><\/p>\n<p class=\"MsoNormal\" style=\"margin: 0cm 0cm 0pt\"><span style=\"font-family: Times New Roman; font-size: small;\">\u00c7ok uluslu ila\u00e7 \u015firketlerinin \u0130la\u00e7 Takip Sistemi\u2019nden beklentileri bunlar. Bu beklentilerden yola \u00e7\u0131karak sistemin salt ba\u015f\u0131na sahte ilac\u0131 takip sitemi olmad\u0131\u011f\u0131 a\u00e7\u0131k\u00e7a g\u00f6r\u00fcl\u00fcyor. <\/span><\/p>\n<p class=\"MsoNormal\" style=\"margin: 0cm 0cm 0pt\"><span style=\"font-family: Times New Roman; font-size: small;\">Sorunun bir aya\u011f\u0131nda ila\u00e7 pazar\u0131n\u0131 takip var, bir ba\u015fka boyutu ise \u00e7ok uluslu ila\u00e7 \u015firketlerine ait orijinal ila\u00e7lar\u0131n geli\u015fmekte olan \u00fclke pazarlar\u0131ndaki egemenli\u011fini korumak. A\u0130FD\u2019nin \u015fablonunda \u0130la\u00e7 Takip Sistemi bu iki ayak \u00fczerine oturuyor!<\/span><\/p>\n<p class=\"MsoNormal\" style=\"margin: 0cm 0cm 0pt\">\u00a0<\/p>\n<p class=\"MsoNormal\" style=\"margin: 0cm 0cm 0pt\"><strong><span style=\"font-size: small;\"><span style=\"font-family: Times New Roman;\">\u0130la\u00e7 Takip Sistemi ile ilgili ikinci \u00f6nemli toplant\u0131n\u0131n adresi ise Kayseri\u2026<\/span><\/span><\/strong><\/p>\n<p class=\"MsoNormal\" style=\"margin: 0cm 0cm 0pt\">\u00a0<\/p>\n<p class=\"MsoNormal\" style=\"margin: 0cm 0cm 0pt\"><span style=\"font-family: Times New Roman; font-size: small;\">TEB taraf\u0131ndan 2-4 Temmuz 2009 tarihleri aras\u0131nda d\u00fczenlenen 36. D\u00f6nem 3. B\u00f6lgeleraras\u0131 toplant\u0131s\u0131nda ila\u00e7 ve meslek alan\u0131nda ya\u015fanan sorunlarla birlikte \u0130TS\u2019de g\u00fcndem edildi. Toplant\u0131dan yans\u0131yan ilgin\u00e7 dipnotlar\u0131 var: Kayseri Eczac\u0131 Odas\u0131\u2019n\u0131n \u00f6zellikle \u0130stanbul Eczac\u0131 Odas\u0131\u2019na d\u00f6n\u00fck \u201cev sahipli\u011fi\u201d yan\u0131nda, asil delegelikten \u201cmisafir delegeli\u011fe\u201d terfi edili\u015fimiz de dikkat \u00e7ekiciydi!<\/span><\/p>\n<p><span style=\"font-family: Times New Roman; font-size: small;\">\u00a0<\/span><\/p>\n<p class=\"MsoNormal\" style=\"margin: 0cm 0cm 0pt\"><span style=\"font-family: Times New Roman; font-size: small;\">\u0130stanbul\u2019dan delege se\u00e7ilemedi\u011fi i\u00e7in solu\u011fu Sakarya\u2019da alan ve atama usul\u00fc delege se\u00e7ilen eski TEB Ba\u015fkan\u0131\u2019ndan demokrasi nutuklar\u0131, <span>\u00a0<\/span>Doma\u00e7\u2019l\u0131 TEB Merkez Heyeti\u2019nde, <span>\u00a0<\/span>buram buram siyasetsizlik kokan d\u00f6nemin sorumlulu\u011funu ta\u015f\u0131yan yeni TEB Ba\u015fkan\u0131\u2019ndan ise, <span>\u00a0<\/span>\u2018siyaset dersi\u2019 s\u00f6ylevleri dinlemek ilgin\u00e7ti1<\/span><\/p>\n<p><span style=\"font-family: Times New Roman; font-size: small;\">\u00a0<\/span><\/p>\n<p class=\"MsoNormal\" style=\"margin: 0cm 0cm 0pt\"><span style=\"font-family: Times New Roman; font-size: small;\">\u0130la\u00e7 Takip Sistemi, TEB\u2019in g\u00fcndeminde a\u011f\u0131rl\u0131kl\u0131 bir yer i\u015fgal etmiyor. TEB Genel Sekreteri\u2019nin sunumunda bu tutum net olarak anla\u015f\u0131ld\u0131. TEB\u2019nim sitemin \u00f6z\u00fcne ili\u015fkin hi\u00e7bir itiraz\u0131 yok, \u00f6ne s\u00fcr\u00fclen t\u00fcm itirazlar sistemin i\u015fleyi\u015fine ili\u015fkin. Zaten Sa\u011fl\u0131k Bakanl\u0131\u011f\u0131 ile ortak bir \u00e7al\u0131\u015fma ba\u015flat\u0131lm\u0131\u015f, pilot eczaneler bile tespit edilmi\u015f. Bu bilgilere de toplant\u0131 s\u00fcrecinde ula\u015f\u0131yoruz. \u0130la\u00e7 takip sisteminin hangi toplumsal ihtiya\u00e7tan do\u011fdu\u011fu, sahte ila\u00e7 ve T\u00fcrkiye\u2019deki etkinlik oran\u0131, T\u00fcrkiye\u2019nin pilot b\u00f6lge olarak se\u00e7ilmesinin nedenleri, paralel ticaretin engellenmesi ile \u0130TS aras\u0131ndaki ba\u011f benzeri sorulara yan\u0131t aranmas\u0131, <span>\u00a0<\/span>TEB Merkez Heyeti taraf\u0131ndan\u2019 korkular \u00fczerinden siyaset \u00fcretmek\u2019 olarak yorumlan\u0131yor!<\/span><\/p>\n<p class=\"MsoNormal\" style=\"margin: 0cm 0cm 0pt\"><span style=\"font-family: Times New Roman; font-size: small;\">TEB\u2019in \u0130TS sunumu ile Sa\u011fl\u0131k Bakanl\u0131\u011f\u0131 b\u00fcrokratlar\u0131n\u0131n sunumu aras\u0131nda kayda de\u011fer bir fark yok. Toplant\u0131n\u0131n sonuna do\u011fru \u0130TS ile ilgili sunum yapan \u0130la\u00e7 ve Eczac\u0131l\u0131k Genel M\u00fcd\u00fcr\u00fc Mahmut Toka\u00e7\u2019\u0131n 6197 say\u0131l\u0131 Yasa ve \u0130la\u00e7 takip sistemi ile ilgili s\u00f6ylemlerinin, TEB\u2019in s\u00f6ylemleri ile bire bir \u00f6rt\u00fc\u015fmesi de paralel d\u00fc\u015f\u00fcnd\u00fcklerini ortaya koyuyor. Bu durum TEB Ba\u015fkan\u0131\u2019n\u0131n da dikkatini \u00e7ekmi\u015f olacak ki, Toka\u00e7\u2019a m\u00fcdahale etme gere\u011fini duyuyor. <\/span><\/p>\n<p><span style=\"font-family: Times New Roman; font-size: small;\">\u00a0<\/span><\/p>\n<p class=\"MsoNormal\" style=\"margin: 0cm 0cm 0pt\"><span style=\"font-family: Times New Roman; font-size: small;\">TEB, <span>\u00a0<\/span>eczac\u0131lar\u0131n mesleki,<span>\u00a0 <\/span>demokratik haklar\u0131n\u0131 ve halk\u0131n sa\u011fl\u0131\u011f\u0131n\u0131 koruma sorumlulu\u011fu olan, sivil bir toplum \u00f6rg\u00fct\u00fc. D\u00fcnyada abart\u0131ld\u0131\u011f\u0131 kadar olmasa da bir sahte ila\u00e7 ger\u00e7e\u011fi var. D\u00fcnya Sa\u011fl\u0131k \u00d6rg\u00fct\u00fc\u2019n\u00fcn \u00f6nc\u00fcl\u00fc\u011f\u00fcnde sahte ilaca kar\u015f\u0131 bir m\u00fccadele s\u00fcrd\u00fcr\u00fcl\u00fcyor, sivil toplum \u00f6rg\u00fctleri, sa\u011fl\u0131k meslek \u00f6rg\u00fctleri de bu m\u00fccadeleye ortak oluyorlar.<\/span><\/p>\n<p class=\"MsoNormal\" style=\"margin: 0cm 0cm 0pt\">\u00a0<\/p>\n<p class=\"MsoNormal\" style=\"margin: 0cm 0cm 0pt\"><strong><span style=\"font-size: small;\"><span style=\"font-family: Times New Roman;\">Amac\u0131 sahte ilac\u0131 takip ve halk sa\u011fl\u0131\u011f\u0131n\u0131 korumak olan bir sistemden s\u00f6z ediliyorsa;<\/span><\/span><\/strong><\/p>\n<p class=\"MsoNormal\" style=\"margin: 0cm 0cm 0pt\">\u00a0<\/p>\n<p class=\"MsoNormal\" style=\"margin: 0cm 0cm 0pt\"><span style=\"font-family: Times New Roman; font-size: small;\">Neden sa\u011fl\u0131k meslek \u00f6rg\u00fctlerimiz, sivil toplum \u00f6rg\u00fctlerimiz inisiyatif sahibi de\u011fil?<\/span><\/p>\n<p><span style=\"font-family: Times New Roman; font-size: small;\">\u00a0<\/span><\/p>\n<p class=\"MsoNormal\" style=\"margin: 0cm 0cm 0pt\"><span style=\"font-family: Times New Roman; font-size: small;\">TEB bu sistemin neresinde ve hangi sorumlulukla duruyor?<\/span><\/p>\n<p><span style=\"font-family: Times New Roman; font-size: small;\">\u00a0<\/span><\/p>\n<p class=\"MsoNormal\" style=\"margin: 0cm 0cm 0pt\"><span style=\"font-family: Times New Roman; font-size: small;\">Neden \u00e7ok uluslu ila\u00e7 \u015firketleri sistemin kumanda merkezinde?<\/span><\/p>\n","protected":false},"excerpt":{"rendered":"<p>\u0130la\u00e7 Takip Sistemi \u00fczerindeki tart\u0131\u015fmalar s\u00fcr\u00fcyor. Eczac\u0131 \u00f6rg\u00fctleri,\u00a0 eczac\u0131 taban\u0131nda tart\u0131\u015fmalar,\u00a0 \u00a0a\u011f\u0131rl\u0131kl\u0131 olarak sistemin i\u015fleyi\u015fine d\u00f6n\u00fck sorunlar \u00fczerinde yo\u011funla\u015fm\u0131\u015f durumda.&#46;&#46;&#46;<\/p>\n","protected":false},"author":17,"featured_media":0,"comment_status":"closed","ping_status":"closed","sticky":false,"template":"","format":"standard","meta":{"_jetpack_memberships_contains_paid_content":false,"footnotes":""},"categories":[51],"tags":[],"class_list":["post-2891","post","type-post","status-publish","format-standard","hentry","category-ecz-rafet-sahin"],"aioseo_notices":[],"jetpack_featured_media_url":"","jetpack_sharing_enabled":true,"jetpack-related-posts":[],"_links":{"self":[{"href":"http:\/\/www.ced.org.tr\/index.php?rest_route=\/wp\/v2\/posts\/2891","targetHints":{"allow":["GET"]}}],"collection":[{"href":"http:\/\/www.ced.org.tr\/index.php?rest_route=\/wp\/v2\/posts"}],"about":[{"href":"http:\/\/www.ced.org.tr\/index.php?rest_route=\/wp\/v2\/types\/post"}],"author":[{"embeddable":true,"href":"http:\/\/www.ced.org.tr\/index.php?rest_route=\/wp\/v2\/users\/17"}],"replies":[{"embeddable":true,"href":"http:\/\/www.ced.org.tr\/index.php?rest_route=%2Fwp%2Fv2%2Fcomments&post=2891"}],"version-history":[{"count":1,"href":"http:\/\/www.ced.org.tr\/index.php?rest_route=\/wp\/v2\/posts\/2891\/revisions"}],"predecessor-version":[{"id":3975,"href":"http:\/\/www.ced.org.tr\/index.php?rest_route=\/wp\/v2\/posts\/2891\/revisions\/3975"}],"wp:attachment":[{"href":"http:\/\/www.ced.org.tr\/index.php?rest_route=%2Fwp%2Fv2%2Fmedia&parent=2891"}],"wp:term":[{"taxonomy":"category","embeddable":true,"href":"http:\/\/www.ced.org.tr\/index.php?rest_route=%2Fwp%2Fv2%2Fcategories&post=2891"},{"taxonomy":"post_tag","embeddable":true,"href":"http:\/\/www.ced.org.tr\/index.php?rest_route=%2Fwp%2Fv2%2Ftags&post=2891"}],"curies":[{"name":"wp","href":"https:\/\/api.w.org\/{rel}","templated":true}]}}