{"id":2892,"date":"2010-02-07T20:30:00","date_gmt":"2010-02-07T18:30:00","guid":{"rendered":"http:\/\/www.ced.org.tr\/?p=2892"},"modified":"2014-05-21T01:36:41","modified_gmt":"2014-05-20T22:36:41","slug":"4-aralik-eylemine-sahip-cikmak","status":"publish","type":"post","link":"http:\/\/www.ced.org.tr\/?p=2892","title":{"rendered":"4 Aral\u0131k Eylemi\u2019ne Sahip \u00c7\u0131kmak!"},"content":{"rendered":"<p class=\"MsoNormal\" style=\"margin: 0cm 0cm 0pt;\"><span style=\"font-family: Times New Roman; font-size: small;\">Kriz etkisini daha \u00e7ok hissettirmeye ba\u015flad\u0131. Son d\u00f6nemde artan toplumsal hareketlilik bunun i\u015fareti\u2026 <\/span><\/p>\n<p class=\"MsoNormal\" style=\"margin: 0cm 0cm 0pt;\"><span style=\"font-family: Times New Roman; font-size: small;\"> <\/span><\/p>\n<p class=\"MsoNormal\" style=\"margin: 0cm 0cm 0pt;\"><span style=\"font-family: Times New Roman; font-size: small;\">Meslek \u00f6rg\u00fctleri, sendikalar, emek \u00f6rg\u00fctleri i\u015f ve a\u015f, insanca bir ya\u015fam, ekonomik ve sosyal haklar i\u00e7in daha \u00e7ok alanlara \u00e7\u0131kmaya ba\u015flad\u0131. H\u00fck\u00fcmet\u2019in yakla\u015f\u0131m\u0131 ise bir hayli ilgin\u00e7, toplumsal gruplar\u0131 siyaset yapmakla, ideolojik davranmakla su\u00e7luyor.<\/span><\/p>\n<p class=\"MsoNormal\" style=\"margin: 0cm 0cm 0pt;\"><span style=\"font-family: Times New Roman; font-size: small;\"> <\/span><\/p>\n<p class=\"MsoNormal\" style=\"margin: 0cm 0cm 0pt;\"><span style=\"font-family: Times New Roman; font-size: small;\">Tekel i\u015f\u00e7ileri i\u015f g\u00fcvencesi ve insanca bir ya\u015fam i\u00e7in 34 g\u00fcnd\u00fcr eylemdeler. Tarihe not d\u00fc\u015fecek bir m\u00fccadeleyi s\u00fcrd\u00fcr\u00fcyorlar. H\u00fck\u00fcmet yetkilileri sokaktaki milyonlarca i\u015fsizi tehdit olarak kullan\u0131yor,<span style=\"mso-spacerun: yes;\"> <\/span>\u00f6l\u00fcm\u00fc g\u00f6sterip s\u0131tmaya raz\u0131 etme siyaseti izliyor.<\/span><\/p>\n<p class=\"MsoNormal\" style=\"margin: 0cm 0cm 0pt;\"><span style=\"font-family: Times New Roman; font-size: small;\"> <\/span><\/p>\n<p class=\"MsoNormal\" style=\"margin: 0cm 0cm 0pt;\"><span style=\"font-family: Times New Roman; font-size: small;\">Sorun sadece Tekel i\u015f\u00e7ilerinin sorunu ile de s\u0131n\u0131rl\u0131 de\u011fil. \u0130tfaiyeciler, memurlar, e\u011fitim emek\u00e7ileri, eczac\u0131lar, hekimler, sa\u011fl\u0131k \u00e7al\u0131\u015fanlar\u0131ndan\u2026 Tasarruf tedbirleri ad\u0131 alt\u0131nda dayat\u0131lan kemer s\u0131kma politikalar\u0131na, krizin faturas\u0131na, neoliberal politikalar\u0131n ekonomide, sa\u011fl\u0131kta, sosyal g\u00fcvenlikte yol a\u00e7t\u0131\u011f\u0131 tahribata kar\u015f\u0131 toplumsal bir itiraz y\u00fckseliyor. Toplumdaki hareketlili\u011fin nedeni bu\u2026<\/span><\/p>\n<p class=\"MsoNormal\" style=\"margin: 0cm 0cm 0pt;\"><span style=\"font-family: Times New Roman; font-size: small;\"> <\/span><\/p>\n<p class=\"MsoNormal\" style=\"margin: 0cm 0cm 0pt;\"><span style=\"font-family: Times New Roman; font-size: small;\"> <\/span><span style=\"font-family: Times New Roman; font-size: small;\"><strong>Hedef sapt\u0131rman\u0131n bir y\u00f6ntemi\u2026<\/strong><\/span><\/p>\n<p class=\"MsoNormal\" style=\"margin: 0cm 0cm 0pt;\"><span style=\"font-family: Times New Roman; font-size: small;\"> <\/span><\/p>\n<p class=\"MsoNormal\" style=\"margin: 0cm 0cm 0pt;\"><span style=\"font-family: Times New Roman; font-size: small;\">\u0130ktidar\u0131n yakla\u015f\u0131m\u0131 ise sa\u011fduyudan ve sorumluluktan uzak. Meslek \u00f6rg\u00fctlerinin, sendikalar\u0131n bu hakl\u0131 m\u00fccadelesi ile karanl\u0131k odaklar aras\u0131nda ba\u011f kurman\u0131n \u00e7abas\u0131 i\u00e7inde, el alt\u0131ndan bu t\u00fcr laflar \u00fcretiliyor. Bu da hedef sapt\u0131rman\u0131n bir ba\u015fka y\u00f6ntemi. \u0130ktidar partisinde bu yakla\u015f\u0131m giderek bir paranoya haline gelmi\u015f durumda&#8230; <\/span><\/p>\n<p class=\"MsoNormal\" style=\"margin: 0cm 0cm 0pt;\"><span style=\"font-family: Times New Roman; font-size: small;\"> <\/span><\/p>\n<p class=\"MsoNormal\" style=\"margin: 0cm 0cm 0pt;\"><span style=\"font-size: small;\"><span style=\"font-family: Times New Roman;\">Ekonomik ve sosyal haklar yan\u0131nda, \u00fclkenin demokratikle\u015fmesi, Ergenekon benzeri so\u011fuk sava\u015f d\u00f6nemi karanl\u0131k odaklardan, derin devlet \u00f6rg\u00fctlenmelerinden temizlenmesi, askeri vesayet rejiminin son bulup siyasetin \u00f6zg\u00fcrle\u015fip, siville\u015fmesi, temel hak ve \u00f6zg\u00fcrl\u00fcklerin ya\u015fama ge\u00e7mesi \u00fclkenin \u00f6nemli g\u00fcndem ba\u015fl\u0131klar\u0131n\u0131 olu\u015fturan sorunlar. <\/span><\/span><\/p>\n<p><span style=\"font-family: Times New Roman; font-size: small;\"> <\/span><\/p>\n<hr \/>\n<p class=\"MsoNormal\" style=\"margin: 0cm 0cm 0pt;\">\u00a0<\/p>\n<p><span style=\"font-family: Times New Roman; font-size: small;\"><strong>Dilinizin alt\u0131ndaki baklay\u0131 \u00e7\u0131kar\u0131n!<\/strong><\/span><span style=\"font-family: Times New Roman; font-size: small;\"> <\/span><\/p>\n<p>\u00a0<\/p>\n<p class=\"MsoNormal\" style=\"margin: 0cm 0cm 0pt;\"><span style=\"font-size: small;\"><span style=\"font-family: Times New Roman;\">\u00dclkenin ger\u00e7ekten de demokratik bir a\u00e7\u0131l\u0131ma ihtiyac\u0131 var. S\u00f6z a\u00e7\u0131l\u0131ma gelmi\u015fken, a\u00e7\u0131l\u0131m siyaseti \u00fczerinden bize ve \u0130stanbul Eczac\u0131 Odas\u0131\u2019na d\u00f6n\u00fck \u201cele\u015ftiriler\u201d var. Bunu da eski yol arkada\u015flar\u0131m\u0131z yap\u0131yor. Bizleri &#8220;K\u00fcrt etnisitesi \u00fczerinden siyaset yapmakla&#8221; su\u00e7luyorlar! Ancak bu siyasetin nas\u0131l yap\u0131ld\u0131\u011f\u0131na dair tek kelam etmiyorlar. Y\u0131llard\u0131r ayn\u0131 nakarat\u0131 tekrarlay\u0131p duruyorlar. K\u00fcrt sorununu biz \u00fcretmedik, ge\u00e7mi\u015fi y\u00fczy\u0131llara dayanan ekonomik, sosyal, k\u00fclt\u00fcrel ve siyasal boyutlar\u0131 olan, en az\u0131ndan Osmanl\u0131\u2019dan bu yana g\u00fcndemde olan bir sorun. Bizim K\u00fcrt sorununun, \u015fiddeti d\u0131\u015flayan bar\u0131\u015f\u00e7\u0131 ve demokratik \u00e7\u00f6z\u00fcm\u00fcne dair, halklar\u0131n karde\u015fli\u011fine dair s\u00f6z\u00fcm\u00fcz var, bu sizi neden rahats\u0131z ediyor? Kald\u0131 ki meslek \u00f6rg\u00fctleri bu sorunun \u00e7\u00f6z\u00fcm zemini de\u011fil. Meslek \u00f6rg\u00fctlerinin g\u00f6revi mesleki sosyal\u00a0haklara sahip \u00e7\u0131kmak, demokrasi m\u00fccadelesine katk\u0131 vermektir.\u00a0Yap\u0131lan i\u015fin \u00f6z\u00fc budur. Bu sorunu s\u00fcrekli ka\u015f\u0131yarak ne elde etmek istiyorsunuz, anlamakta zorluk \u00e7ekiyoruz! Y\u0131llard\u0131r ayn\u0131 nakarat\u0131 dinlemek art\u0131k kabak tad\u0131 verdi. Dilinizin alt\u0131ndaki \u015fu baklay\u0131 \u00e7\u0131kar\u0131n da, ne s\u00f6yledi\u011finiz daha net anla\u015f\u0131ls\u0131n. Olu\u015fturulan \u015foven iklimden yararlan\u0131p\u00a0sorunu siyasi lin\u00e7in malzemesi olarak kullanmak solda duranlara, devrimcilere yak\u0131\u015fan bir tutum de\u011fil!<\/span><\/span><\/p>\n<p>\u00a0<\/p>\n<p class=\"MsoNormal\" style=\"margin: 0cm 0cm 0pt;\"><span style=\"font-size: small;\"><span style=\"font-family: Times New Roman;\">Sizlere tavsiyem \u00f6nce d\u00f6n\u00fcp aynaya bir bak\u0131n, otuz y\u0131ll\u0131k bir m\u00fccadele hukukumuz var, bunca y\u0131l\u0131n sonunda bunu ke\u015ffetmi\u015f olman\u0131z \u00e7ok garip de\u011fil mi? Savruldu\u011funuz o milliyet\u00e7i kulvarlarda ne i\u015finiz var, \u00f6nce bunu sorgulay\u0131n! <\/span><\/span><\/p>\n<p>\u00a0<\/p>\n<p><span style=\"font-family: Times New Roman; font-size: small;\"> <\/span><\/p>\n<hr \/>\n<p class=\"MsoNormal\" style=\"margin: 0cm 0cm 0pt;\">\u00a0<\/p>\n<p><span style=\"font-size: small;\"><span style=\"font-family: Times New Roman;\"><strong>Onbinlerce eczac\u0131 yoksulluk s\u0131n\u0131r\u0131 alt\u0131nda<\/strong><\/span><\/span><span style=\"font-size: small;\"><span style=\"font-family: Times New Roman;\"> <\/span><\/span><\/p>\n<p>\u00a0<\/p>\n<p class=\"MsoNormal\" style=\"margin: 0cm 0cm 0pt;\"><span style=\"font-size: small;\"><span style=\"font-family: Times New Roman;\">D\u00f6nelim yeniden g\u00fcndemimize; 2004\u2019ten bug\u00fcne ila\u00e7 ve sa\u011fl\u0131k alan\u0131nda izlenen \u201cSa\u011fl\u0131kta D\u00f6n\u00fc\u015f\u00fcm Program\u0131\u201d biz eczac\u0131lara oldu\u011fu gibi hekimlere ve sa\u011fl\u0131k \u00e7al\u0131\u015fanlar\u0131na da s\u00fcrekli sorun \u00fcreten bir program oldu. Toplum da be\u015f y\u0131l\u0131n sonunda bunun faturas\u0131n\u0131 daha a\u011f\u0131r bir \u015fekilde \u00f6demeye ba\u015flad\u0131. Sa\u011fl\u0131kta masal d\u00f6nemi bitti. \u0130\u015fte bug\u00fcn bunun sanc\u0131lar\u0131 ya\u015fan\u0131yor.<\/span><\/span><\/p>\n<p class=\"MsoNormal\" style=\"margin: 0cm 0cm 0pt;\"><span style=\"font-size: small;\"><span style=\"font-family: Times New Roman;\">Sa\u011fl\u0131kta ve ila\u00e7ta ciddi b\u00fct\u00e7e a\u00e7\u0131klar\u0131 olu\u015ftu. Olu\u015fan bu \u201ckara delikleri\u201d kapatmak ad\u0131na tasarruf tedbirleri ad\u0131 alt\u0131nda yeni bir kemer s\u0131kma politikas\u0131 dayat\u0131l\u0131yor.<\/span><\/span><\/p>\n<p class=\"MsoNormal\" style=\"margin: 0cm 0cm 0pt;\"><span style=\"font-family: Times New Roman; font-size: small;\"> <\/span><\/p>\n<p class=\"MsoNormal\" style=\"margin: 0cm 0cm 0pt;\"><span style=\"font-size: small;\"><span style=\"font-family: Times New Roman;\">Tasarruf paketi ad\u0131 alt\u0131nda dayat\u0131lan bu politikalar, eczac\u0131lar\u0131n, hekimlerin, sa\u011fl\u0131k \u00e7al\u0131\u015fanlar\u0131n\u0131n ya\u015fam standartlar\u0131n\u0131 \u00f6nemli \u00f6l\u00e7\u00fcde de\u011fi\u015ftirecek nitelikte. \u0130nsanca ya\u015fam ko\u015fullar\u0131 her g\u00fcn biraz daha g\u00fc\u00e7le\u015fiyor. On binlerce eczac\u0131 gelece\u011finden kayg\u0131l\u0131. 24 bin eczac\u0131 bu gerek\u00e7e ile kepenk indirdi. Ali Tezel gibi kimi k\u00f6\u015fe yazarlar\u0131 T\u00fcrkiye\u2019nin 6 b\u00fcy\u00fck eczanesinden s\u00f6z edip bu profilden hareketle t\u00fcm eczac\u0131lar\u0131n ya\u015fam standartlar\u0131n\u0131 sorgulamaya kalk\u0131yorlar. Ama ger\u00e7ek hi\u00e7 de tarif ettikleri gibi de\u011fil. Bu yaz\u0131lanlar ya bilgi eksikli\u011finden kaynaklan\u0131yor ya da bilin\u00e7li bir \u00e7arp\u0131tman\u0131n \u00fcr\u00fcn\u00fc. Ger\u00e7ek eczane profili bu de\u011fil. Onbinlerce eczac\u0131 4 ki\u015filik bir ailenin yoksulluk s\u0131n\u0131r\u0131 olan asgari ge\u00e7im standartlar\u0131nda ya\u015fam\u0131n\u0131 idame ettiriyor.<\/span><\/span><\/p>\n<p class=\"MsoNormal\" style=\"margin: 0cm 0cm 0pt;\"><span style=\"font-family: Times New Roman; font-size: small;\"> <\/span><\/p>\n<p class=\"MsoNormal\" style=\"margin: 0cm 0cm 0pt;\"><span style=\"font-size: small;\"><span style=\"font-family: Times New Roman;\">SGK\u2019n\u0131n elindeki veriler de bu \u00e7\u0131plak ger\u00e7e\u011fi a\u00e7\u0131k\u00e7a yans\u0131t\u0131yor!<\/span><\/span><\/p>\n<p class=\"MsoNormal\" style=\"margin: 0cm 0cm 0pt;\"><span style=\"font-size: small;\"><span style=\"font-family: Times New Roman;\"> <\/span><\/span><\/p>\n<p class=\"MsoNormal\" style=\"margin: 0cm 0cm 0pt;\"><span style=\"font-size: small;\"><span style=\"font-family: Times New Roman;\"><strong>Hangisi \u201cideolojik\u201d?<\/strong><\/span><\/span><\/p>\n<p class=\"MsoNormal\" style=\"margin: 0cm 0cm 0pt;\"><span style=\"font-family: Times New Roman; font-size: small;\"> <\/span><\/p>\n<p class=\"MsoNormal\" style=\"margin: 0cm 0cm 0pt;\"><span style=\"font-size: small;\"><span style=\"font-family: Times New Roman;\">4 Aral\u0131k eylemine iktidar \u00e7evrelerinin yakla\u015f\u0131m\u0131 belli, eylemi ideolojik buluyorlar. Ba\u015fbakan\u0131n tutumu da farkl\u0131 de\u011fildi. 4 Aral\u0131k kepenk kapatma eylemine tepkisini \u201cEczanelerde varolan eczac\u0131 tekelini kald\u0131raca\u011f\u0131z. \u0130lac\u0131 marketlerde satman\u0131n \u00f6n haz\u0131rl\u0131klar\u0131n\u0131 yap\u0131yoruz\u201d diyerek g\u00f6sterdi.<\/span><\/span><\/p>\n<p class=\"MsoNormal\" style=\"margin: 0cm 0cm 0pt;\"><span style=\"font-family: Times New Roman; font-size: small;\"> <\/span><\/p>\n<p class=\"MsoNormal\" style=\"margin: 0cm 0cm 0pt;\"><span style=\"font-size: small;\"><span style=\"font-family: Times New Roman;\">Ba\u015fbakan\u0131n bu tutumundan cesaret alan Sosyal G\u00fcvenlik Kurumu bir \u00f6nceki y\u0131l TEB\u2019e dayatt\u0131\u011f\u0131 3 y\u0131ll\u0131k protokol\u00fc tek tarafl\u0131 olarak feshetti. Bir ayl\u0131k bu fesih s\u00fcresini kullanarak eczac\u0131lar\u0131 tek tek s\u00f6zle\u015fme yapmaya zorlad\u0131. Eczac\u0131lar ile Odalar ve TEB aras\u0131ndaki \u00f6rg\u00fctsel ba\u011f\u0131 koparmak i\u00e7in bir yandan eczaneler \u00fczerinde bask\u0131 olu\u015fturmaya \u00e7al\u0131\u015f\u0131rken \u00f6te yandan ise alt\u0131 dolu olmayan \u00f6nerilerle eczac\u0131 kamuoyunu yan\u0131ltma, direncini k\u0131rma \u00e7abas\u0131 i\u00e7inde oldu.<\/span><\/span><\/p>\n<p class=\"MsoNormal\" style=\"margin: 0cm 0cm 0pt;\"><span style=\"font-size: small;\"><span style=\"font-family: Times New Roman;\">TEB ile hi\u00e7bir \u015fekilde g\u00f6r\u00fc\u015fme masas\u0131na oturulmayaca\u011f\u0131 a\u00e7\u0131kland\u0131. TEB\u2019i ideolojik davranmakla su\u00e7layan h\u00fck\u00fcmet, \u00c7al\u0131\u015fma ve Sosyal G\u00fcvenlik Bakanl\u0131\u011f\u0131 ve SGK yetkilileri kendilerine yak\u0131n dernekler ve odalarla yak\u0131n temas i\u00e7inde olmaktan ise ka\u00e7\u0131nmad\u0131lar. Bu dernekler ve odalarla yo\u011fun bir g\u00f6r\u00fc\u015fme trafi\u011fi s\u00fcrd\u00fcr\u00fcld\u00fc.<\/span><\/span><\/p>\n<p class=\"MsoNormal\" style=\"margin: 0cm 0cm 0pt;\"><span style=\"font-size: small;\"><span style=\"font-family: Times New Roman;\"> <\/span><\/span><\/p>\n<p class=\"MsoNormal\" style=\"margin: 0cm 0cm 0pt;\"><span style=\"font-size: small;\"><span style=\"font-family: Times New Roman;\">\u0130ktidara yak\u0131n durmak pozitif ayr\u0131mc\u0131l\u0131\u011fa tabi tutulurken, mesafeli durmak ideolojik say\u0131ld\u0131.<\/span><\/span><\/p>\n<p class=\"MsoNormal\" style=\"margin: 0cm 0cm 0pt;\"><span style=\"font-family: Times New Roman; font-size: small;\"> <\/span><\/p>\n<p class=\"MsoNormal\" style=\"margin: 0cm 0cm 0pt;\"><span style=\"font-size: small;\"><span style=\"font-family: Times New Roman;\"><strong>Y\u00f6netsel ve \u00f6rg\u00fctsel zafiyet<\/strong><\/span><\/span><\/p>\n<p class=\"MsoNormal\" style=\"margin: 0cm 0cm 0pt;\"><span style=\"font-family: Times New Roman; font-size: small;\"> <\/span><\/p>\n<p class=\"MsoNormal\" style=\"margin: 0cm 0cm 0pt;\"><span style=\"font-size: small;\"><span style=\"font-family: Times New Roman;\">Bu arada s\u00fcrece ili\u015fkin kendi zaaflar\u0131m\u0131z\u0131 da de\u011ferlendirmek durumunday\u0131z. TEB\u2019in kendisini by-pass eden bu g\u00f6r\u00fc\u015fmelere izin vermesi, bu g\u00f6r\u00fc\u015fmeler \u00fczerinden sonu\u00e7 alma \u00e7abas\u0131 do\u011fru de\u011fildi! AKP\u2019ye yak\u0131n duran TEB 2. Ba\u015fkan\u0131n\u0131n \u00fczerinden s\u00fcrd\u00fcr\u00fclmek istenen diyaloglara izin verilmesi de yanl\u0131\u015ft\u0131. 4 Aral\u0131k eylemine karar verenlerde eylemin kendisine ili\u015fkin bir inan\u00e7 zafiyeti var. Ortaya \u00e7\u0131kan da\u011f\u0131n\u0131kl\u0131k hali bunun i\u015fareti\u2026<\/span><\/span><\/p>\n<p class=\"MsoNormal\" style=\"margin: 0cm 0cm 0pt;\"><span style=\"font-family: Times New Roman; font-size: small;\"> <\/span><\/p>\n<p class=\"MsoNormal\" style=\"margin: 0cm 0cm 0pt;\"><span style=\"font-size: small;\"><span style=\"font-family: Times New Roman;\">4 Aral\u0131k eylemini ideolojik bulan h\u00fck\u00fcmetin TEB\u2019den eczac\u0131 kamuoyu ad\u0131na bekledi\u011fi \u201c\u00f6z\u00fcr ilan\u0131\u201d m\u00fccadelenin en \u00f6nemli k\u0131r\u0131lma noktalar\u0131ndan biriydi.<\/span><\/span><\/p>\n<p class=\"MsoNormal\" style=\"margin: 0cm 0cm 0pt;\"><span style=\"font-size: small;\"><span style=\"font-family: Times New Roman;\">TEB \u00fc\u00e7 ulusal gazetede \u00e7\u0131kan \u201cKamuoyuna\u201d ba\u015fl\u0131kl\u0131 ilan ile h\u00fck\u00fcmetin bu beklentisine kar\u015f\u0131l\u0131k verdi. T\u00fcm eczac\u0131 kamuoyu bunu bir \u00f6z\u00fcr ilan\u0131 olarak alg\u0131lad\u0131, bu tutum tabanda ciddi bir g\u00fcven bunal\u0131m\u0131na yol a\u00e7t\u0131.<\/span><\/span><\/p>\n<p class=\"MsoNormal\" style=\"margin: 0cm 0cm 0pt;\"><span style=\"font-family: Times New Roman; font-size: small;\"> <\/span><\/p>\n<p class=\"MsoNormal\" style=\"margin: 0cm 0cm 0pt;\"><span style=\"font-size: small;\"><span style=\"font-family: Times New Roman;\">\u0130kinci k\u0131r\u0131lma noktas\u0131 da Sa\u011fl\u0131k Bakanl\u0131\u011f\u0131 ile ya\u015fand\u0131. 30 Aral\u0131k\u2019ta sa\u011fl\u0131k meslek \u00f6rg\u00fctleri ve sendikalarca s\u00fcreci de\u011ferlendiren ortak bir bas\u0131n a\u00e7\u0131klamas\u0131 yap\u0131ld\u0131. TEB\u2019in de imzas\u0131n\u0131n oldu\u011fu bu bas\u0131n a\u00e7\u0131klamas\u0131 birli\u011fin internet sitesinde yay\u0131nland\u0131. Sa\u011fl\u0131k Bakanl\u0131\u011f\u0131\u2019n\u0131n bask\u0131lar\u0131 ile bas\u0131n a\u00e7\u0131klamas\u0131 k\u0131sa bir s\u00fcre sonra TEB internet sitesinden geri \u00e7ekildi.<\/span><\/span><\/p>\n<p class=\"MsoNormal\" style=\"margin: 0cm 0cm 0pt;\"><span style=\"font-size: small;\"><span style=\"font-family: Times New Roman;\">Bu zaaflar harekette ciddi bir diren\u00e7 k\u0131r\u0131lmas\u0131na yol a\u00e7t\u0131.<\/span><\/span><\/p>\n<p class=\"MsoNormal\" style=\"margin: 0cm 0cm 0pt;\"><span style=\"font-family: Times New Roman; font-size: small;\"> <\/span><\/p>\n<p class=\"MsoNormal\" style=\"margin: 0cm 0cm 0pt;\"><span style=\"font-size: small;\"><span style=\"font-family: Times New Roman;\">\u0130\u015fte bu k\u0131r\u0131lma s\u00fcreci ya\u015fan\u0131rken ve TEB\u2019in eli bir hayli zay\u0131flam\u0131\u015fken Dan\u0131\u015ftay\u2019\u0131n y\u00fcr\u00fctmeyi durdurma karar\u0131 geldi. TEB ve eczac\u0131 odalar\u0131 yeni bir de\u011ferlendirme, yeni bir hamle i\u00e7in zaman kazanm\u0131\u015f oldu. Ancak de\u011ferlendirmeler hi\u00e7 de b\u00f6yle olmad\u0131. Dan\u0131\u015ftay karar\u0131 ile TEB\u2019in elinin zay\u0131flad\u0131\u011f\u0131na, SGK\u2019n\u0131n elinin g\u00fc\u00e7lendi\u011fine dair senaryolar \u00fcretildi.<\/span><\/span><\/p>\n<p class=\"MsoNormal\" style=\"margin: 0cm 0cm 0pt;\"><span style=\"font-size: small;\"><span style=\"font-family: Times New Roman;\"> <\/span><\/span><\/p>\n<p class=\"MsoNormal\" style=\"margin: 0cm 0cm 0pt;\"><span style=\"font-size: small;\"><span style=\"font-family: Times New Roman;\"><strong>\u0130yi protokolden tu kaka protokole\u2026<\/strong><\/span><\/span><\/p>\n<p class=\"MsoNormal\" style=\"margin: 0cm 0cm 0pt;\"><span style=\"font-family: Times New Roman; font-size: small;\"> <\/span><\/p>\n<p class=\"MsoNormal\" style=\"margin: 0cm 0cm 0pt;\"><span style=\"font-size: small;\"><span style=\"font-family: Times New Roman;\">Bunu s\u00f6yleyenler d\u00f6n\u00fcp eczac\u0131 kamuoyuna bir y\u0131l \u00f6nce yine bir kepenk kapatma eyleminden nas\u0131l geri d\u00f6nd\u00fcklerini, SGK\u2019n\u0131n dayatmas\u0131 ile 3 y\u0131ll\u0131k olarak d\u00fczenlenen protokol\u00fcn alt\u0131nda neden imzalar\u0131 oldu\u011funu a\u00e7\u0131klamak durumundalar. O g\u00fcn ko\u015fullar daha uygundu ve daha iyi bir protokol yapma olana\u011f\u0131 vard\u0131, neden yap\u0131lamad\u0131\u011f\u0131n\u0131n inand\u0131r\u0131c\u0131 bir izah\u0131 olmal\u0131! O protokol\u00fcn alt\u0131nda sizin imzalar\u0131n\u0131z yok muydu? O g\u00fcn iyi oldu\u011funu s\u00f6yledi\u011finiz protokol, bug\u00fcn ne de\u011fi\u015fti de tu kaka bir protokole d\u00f6n\u00fc\u015ft\u00fc<\/span><\/span><\/p>\n<p class=\"MsoNormal\" style=\"margin: 0cm 0cm 0pt;\"><span style=\"font-family: Times New Roman; font-size: small;\"> <\/span><\/p>\n<p class=\"MsoNormal\" style=\"margin: 0cm 0cm 0pt;\"><span style=\"font-size: small;\"><span style=\"font-family: Times New Roman;\">Kald\u0131 ki 4 Aral\u0131k s\u00fcreci ile ortaya \u00e7\u0131kan durumu yeni bir protokol s\u00fcrecine ba\u011flamak da do\u011fru de\u011fil. 4 Aral\u0131k\u2019ta ortaya \u00e7\u0131kan eczac\u0131 taleplerinin a\u011f\u0131rl\u0131kl\u0131 \u00e7\u00f6z\u00fcm\u00fc \u0130la\u00e7 Fiyat Kararnamesiyle ilgilidir, muhatab\u0131 da Sa\u011fl\u0131k Bakanl\u0131\u011f\u0131\u2019d\u0131r.<\/span><\/span><\/p>\n<p class=\"MsoNormal\" style=\"margin: 0cm 0cm 0pt;\"><span style=\"font-family: Times New Roman; font-size: small;\"> <\/span><\/p>\n<p class=\"MsoNormal\" style=\"margin: 0cm 0cm 0pt;\"><span style=\"font-size: small;\"><span style=\"font-family: Times New Roman;\">Kafa kar\u0131\u015ft\u0131rmaya hi\u00e7 gerek yok. Yeni bir protokol yapma olana\u011f\u0131 4 Aral\u0131k eyleminden ba\u011f\u0131ms\u0131z olarak da var. Protokol her y\u0131l revize ediliyor, SGK\u2019n\u0131n de\u011fi\u015fiklik tebli\u011fleri gerek\u00e7e g\u00f6sterilerek yeni bir protokol s\u00fcrecinin yolu a\u00e7\u0131labilir.<\/span><\/span><\/p>\n<p class=\"MsoNormal\" style=\"margin: 0cm 0cm 0pt;\"><span style=\"font-family: Times New Roman; font-size: small;\"> <\/span><\/p>\n<p class=\"MsoNormal\" style=\"margin: 0cm 0cm 0pt;\"><span style=\"font-size: small;\"><span style=\"font-family: Times New Roman;\"><strong>M\u00fccadele hukuk zemininde de s\u00fcrmeli<\/strong><\/span><\/span><\/p>\n<p class=\"MsoNormal\" style=\"margin: 0cm 0cm 0pt;\"><span style=\"font-family: Times New Roman; font-size: small;\"> <\/span><\/p>\n<p class=\"MsoNormal\" style=\"margin: 0cm 0cm 0pt;\"><span style=\"font-size: small;\"><span style=\"font-family: Times New Roman;\">Dan\u0131\u015ftay karar\u0131 ile ilgili \u00fcretilen senaryolar\u0131n alt\u0131 dolu de\u011fil.<\/span><\/span><\/p>\n<p class=\"MsoNormal\" style=\"margin: 0cm 0cm 0pt;\"><span style=\"font-family: Times New Roman; font-size: small;\"> <\/span><\/p>\n<p class=\"MsoNormal\" style=\"margin: 0cm 0cm 0pt;\"><span style=\"font-size: small;\"><span style=\"font-family: Times New Roman;\">Dan\u0131\u015ftay karar\u0131 hukuk zemininde verilen m\u00fccadelenin bir sonucudur. M\u00fccadele ekonomik, mesleki ve hukuk da dahil her zeminde s\u00fcrd\u00fcr\u00fclmek durumundad\u0131r. SGK protokol kurallar\u0131na ayk\u0131r\u0131 bir karar ile s\u00f6zle\u015fmeyi tek tarafl\u0131 olarak fesh etmi\u015ftir. Bu anti demokratik kararla m\u00fccadelenin bir yolu da hukuk zeminidir.<\/span><\/span><\/p>\n<p class=\"MsoNormal\" style=\"margin: 0cm 0cm 0pt;\"><span style=\"font-size: small;\"><span style=\"font-family: Times New Roman;\"> <\/span><\/span><span style=\"font-size: small;\"><span style=\"font-family: Times New Roman;\"> <\/span><\/span><\/p>\n<p class=\"MsoNormal\" style=\"margin: 0cm 0cm 0pt;\"><span style=\"font-size: small;\"><span style=\"font-family: Times New Roman;\">Dan\u0131\u015ftay karar\u0131n\u0131n SGK\u2019n\u0131n elini g\u00fc\u00e7lendirdi\u011fini s\u00f6yleyenler \u00f6nce 4 Aral\u0131k eylemine kararl\u0131l\u0131kla sahip \u00e7\u0131kma cesaretini g\u00f6sterebilmeliler! SGK ile hukuk zemininde bile m\u00fccadeleyi g\u00f6ze alamayanlar\u0131n bu konuda s\u00f6z s\u00f6ylemeye haklar\u0131 var m\u0131? Hak arama m\u00fccadelesi sadece kepenk eylemi ile s\u0131n\u0131rl\u0131 de\u011fil. farkl\u0131 ara\u00e7 ve y\u00f6ntemlerle m\u00fccadele zenginle\u015ftirilip, s\u00fcrd\u00fcr\u00fclebilir. Buda harekete g\u00fc\u00e7 ve ivme kazand\u0131r\u0131r.<\/span><\/span><\/p>\n<p class=\"MsoNormal\" style=\"margin: 0cm 0cm 0pt;\"><span style=\"font-size: small;\"><span style=\"font-family: Times New Roman;\"> <\/span><\/span><\/p>\n<p class=\"MsoNormal\" style=\"margin: 0cm 0cm 0pt;\"><span style=\"font-size: small;\"><span style=\"font-family: Times New Roman;\">Dan\u0131\u015ftay karar\u0131 4 Aral\u0131k eylemine hukuksal bir me\u015fruiyet kazand\u0131rd\u0131. Bunu k\u00fc\u00e7\u00fcmsemek yada g\u00f6z ard\u0131 etmek do\u011fru bir tutum olmaz.<\/span><\/span><\/p>\n<p class=\"MsoNormal\" style=\"margin: 0cm 0cm 0pt;\"><span style=\"font-size: small;\"> <\/span><\/p>\n<p class=\"MsoNormal\" style=\"margin: 0cm 0cm 0pt;\"><span style=\"font-size: small;\"><span style=\"font-family: Times New Roman;\"><strong>Do\u011fru adres ila\u00e7 fiyat kararnemesidir<\/strong><\/span><\/span><\/p>\n<p class=\"MsoNormal\" style=\"margin: 0cm 0cm 0pt;\"><span style=\"font-family: Times New Roman; font-size: small;\"> <\/span><\/p>\n<p class=\"MsoNormal\" style=\"margin: 0cm 0cm 0pt;\"><span style=\"font-size: small;\"><span style=\"font-family: Times New Roman;\">18 Eyl\u00fcl\u2019de yay\u0131mlanan ve 4 Aral\u0131k\u2019ta y\u00fcr\u00fcrl\u00fc\u011fe giren \u0130la\u00e7 Fiyat Kararnamesi de\u011fi\u015fikli\u011fi ile ekonomik ve mesleki anlamda ciddi hak kay\u0131plar\u0131 ya\u015f\u0131yoruz. Bu kay\u0131plar\u0131n telafisi \u0130la\u00e7 Fiyat Kararnamesinde eczac\u0131lar lehine yap\u0131lacak de\u011fi\u015fikliklerle m\u00fcmk\u00fcn. Stok zararlar\u0131m\u0131z\u0131n ger\u00e7ek anlamda g\u00fcvence alt\u0131na al\u0131nmas\u0131n\u0131n yolu da buradan ge\u00e7iyor. \u00c7al\u0131\u015fma ve Sosyal G\u00fcvenlik Bakan\u0131 stok zararlar\u0131m\u0131z\u0131n t\u00fcm\u00fcyle kar\u015f\u0131lanaca\u011f\u0131n\u0131 s\u00f6ylemi\u015fti. Aradan bir ay ge\u00e7mi\u015f olmas\u0131na ra\u011fmen ila\u00e7 firmalar\u0131n\u0131n a\u011f\u0131rl\u0131kl\u0131 bir b\u00f6l\u00fcm\u00fc halen bunu uygulam\u0131\u015f de\u011fil. Kar\u015f\u0131layanlar\u0131n bir b\u00f6l\u00fcm\u00fc de kendi bildi\u011fini okuyor.<\/span><\/span><\/p>\n<p class=\"MsoNormal\" style=\"margin: 0cm 0cm 0pt;\"><span style=\"font-family: Times New Roman; font-size: small;\"> <\/span><\/p>\n<p class=\"MsoNormal\" style=\"margin: 0cm 0cm 0pt;\"><span style=\"font-size: small;\"><span style=\"font-family: Times New Roman;\">Kimse yeni bir protokol\u00fc hedef g\u00f6sterip eczac\u0131lar\u0131n hakl\u0131 taleplerini g\u00f6z ard\u0131 etmeye kalkmas\u0131n.<\/span><\/span><\/p>\n<p class=\"MsoNormal\" style=\"margin: 0cm 0cm 0pt;\"><span style=\"font-family: Times New Roman; font-size: small;\"> <\/span><\/p>\n<p class=\"MsoNormal\" style=\"margin: 0cm 0cm 0pt;\"><span style=\"font-size: small;\"><span style=\"font-family: Times New Roman;\">Eczac\u0131lar as\u0131l bu taleplerine \u00e7\u00f6z\u00fcm ar\u0131yor ve 4 Aral\u0131k eylemine kararl\u0131l\u0131kla sahip \u00e7\u0131k\u0131lmas\u0131n\u0131 istiyor! T\u00fcrk Eczac\u0131lar\u0131 Birli\u011fi\u2019ne d\u00fc\u015fen sorumluluk: \u201c\u00f6z\u00fcr dileme\u201d vb. \u00f6d\u00fcn vererek sorunlar\u0131 \u00e7\u00f6zme anlay\u0131\u015f\u0131ndan biran \u00f6nce vazge\u00e7ip, meslek \u00f6rg\u00fctlerine yak\u0131\u015fan bir tutumla eczac\u0131lar\u0131n hakl\u0131 taleplerinin kar\u015f\u0131lanmas\u0131 i\u00e7in m\u00fccadeleyi s\u00fcrd\u00fcrmektir.<\/span><\/span><\/p>\n","protected":false},"excerpt":{"rendered":"<p>Kriz etkisini daha \u00e7ok hissettirmeye ba\u015flad\u0131. Son d\u00f6nemde artan toplumsal hareketlilik bunun i\u015fareti\u2026 Meslek \u00f6rg\u00fctleri, sendikalar, emek \u00f6rg\u00fctleri i\u015f ve&#46;&#46;&#46;<\/p>\n","protected":false},"author":17,"featured_media":0,"comment_status":"closed","ping_status":"closed","sticky":false,"template":"","format":"standard","meta":{"_jetpack_memberships_contains_paid_content":false,"footnotes":""},"categories":[51],"tags":[],"class_list":["post-2892","post","type-post","status-publish","format-standard","hentry","category-ecz-rafet-sahin"],"aioseo_notices":[],"jetpack_featured_media_url":"","jetpack_sharing_enabled":true,"jetpack-related-posts":[],"_links":{"self":[{"href":"http:\/\/www.ced.org.tr\/index.php?rest_route=\/wp\/v2\/posts\/2892","targetHints":{"allow":["GET"]}}],"collection":[{"href":"http:\/\/www.ced.org.tr\/index.php?rest_route=\/wp\/v2\/posts"}],"about":[{"href":"http:\/\/www.ced.org.tr\/index.php?rest_route=\/wp\/v2\/types\/post"}],"author":[{"embeddable":true,"href":"http:\/\/www.ced.org.tr\/index.php?rest_route=\/wp\/v2\/users\/17"}],"replies":[{"embeddable":true,"href":"http:\/\/www.ced.org.tr\/index.php?rest_route=%2Fwp%2Fv2%2Fcomments&post=2892"}],"version-history":[{"count":1,"href":"http:\/\/www.ced.org.tr\/index.php?rest_route=\/wp\/v2\/posts\/2892\/revisions"}],"predecessor-version":[{"id":3973,"href":"http:\/\/www.ced.org.tr\/index.php?rest_route=\/wp\/v2\/posts\/2892\/revisions\/3973"}],"wp:attachment":[{"href":"http:\/\/www.ced.org.tr\/index.php?rest_route=%2Fwp%2Fv2%2Fmedia&parent=2892"}],"wp:term":[{"taxonomy":"category","embeddable":true,"href":"http:\/\/www.ced.org.tr\/index.php?rest_route=%2Fwp%2Fv2%2Fcategories&post=2892"},{"taxonomy":"post_tag","embeddable":true,"href":"http:\/\/www.ced.org.tr\/index.php?rest_route=%2Fwp%2Fv2%2Ftags&post=2892"}],"curies":[{"name":"wp","href":"https:\/\/api.w.org\/{rel}","templated":true}]}}