{"id":2895,"date":"2006-09-04T11:30:45","date_gmt":"2006-09-04T08:30:45","guid":{"rendered":"http:\/\/www.ced.org.tr\/?p=2895"},"modified":"2014-05-21T01:35:49","modified_gmt":"2014-05-20T22:35:49","slug":"kahrolsun-demokrasiozgurlukbaris-ve-de","status":"publish","type":"post","link":"http:\/\/www.ced.org.tr\/?p=2895","title":{"rendered":"KAHROLSUN DEMOKRAS\u0130,\u00d6ZG\u00dcRL\u00dcK,BARI\u015e VE DE"},"content":{"rendered":"<p>KAHROLSUN DEMOKRAS\u0130, &Ouml;ZG&Uuml;RL&Uuml;K, BARI\u015e VE DE B\u0130LUMUM<span> <\/span><span><font size=\"3\"><font color=\"#000000\"><font face=\"Times New Roman\"><span>&nbsp;&nbsp;&nbsp;&nbsp;&nbsp;&nbsp;&nbsp;&nbsp;&nbsp;&nbsp;&nbsp;&nbsp;&nbsp;&nbsp;&nbsp;&nbsp;&nbsp;&nbsp;&nbsp;&nbsp;&nbsp;&nbsp; <\/span>REFORMLAR,YA\u015eASIN STAT&Uuml;KO!<\/font><\/font><\/font><\/span><span><font face=\"Times New Roman\" size=\"3\" color=\"#000000\">&nbsp;<\/font><\/span><span><font face=\"Times New Roman\" size=\"3\" color=\"#000000\">&nbsp;<\/font><\/span><span><font size=\"3\"><font color=\"#000000\"><font face=\"Times New Roman\"><span>&nbsp;&nbsp;&nbsp;&nbsp;&nbsp;&nbsp;&nbsp;&nbsp; <\/span>Yaz\u0131n\u0131n ba\u015fl\u0131\u011f\u0131na bak\u0131nca,yazar\u0131n\u0131n ruh sa\u011fl\u0131\u011f\u0131ndan endi\u015fe ediliyor de\u011fil mi?Aynen ben de endi\u015fe ediyorum,hatta sadece kendimin de\u011fil,sadece yurdum insanlar\u0131n\u0131n da de\u011fil,tekmil d&uuml;nya insanlar\u0131n\u0131n sa\u011fl\u0131\u011f\u0131ndan!<\/font><\/font><\/font><\/span><\/p>\n<p><span><font size=\"3\"><font color=\"#000000\"><font face=\"Times New Roman\">&nbsp;&nbsp;&nbsp;&nbsp; KAHROLSUN DEMOKRAS\u0130, &Ouml;ZG&Uuml;RL&Uuml;K, BARI\u015e VE DE B\u0130LUMUM<\/font><\/font><\/font><\/span><span><font size=\"3\"><font color=\"#000000\"><font face=\"Times New Roman\"><span>&nbsp;&nbsp; <\/span>REFORMLAR,YA\u015eASIN STAT&Uuml;KO!<\/font><\/font><\/font><\/span><\/p>\n<p><span><font face=\"Times New Roman\" size=\"3\" color=\"#000000\">&nbsp;<\/font><\/span><span><font face=\"Times New Roman\" size=\"3\" color=\"#000000\">&nbsp;<\/font><\/span><span><font size=\"3\"><font color=\"#000000\"><font face=\"Times New Roman\"><span>&nbsp;&nbsp;&nbsp;&nbsp;&nbsp;&nbsp;&nbsp;&nbsp; <\/span>Yaz\u0131n\u0131n ba\u015fl\u0131\u011f\u0131na bak\u0131nca,yazar\u0131n\u0131n ruh sa\u011fl\u0131\u011f\u0131ndan endi\u015fe ediliyor de\u011fil mi?Aynen ben de endi\u015fe ediyorum,hatta sadece kendimin de\u011fil,sadece yurdum insanlar\u0131n\u0131n da de\u011fil,tekmil d&uuml;nya insanlar\u0131n\u0131n sa\u011fl\u0131\u011f\u0131ndan!<\/font><\/font><\/font><\/span><span><font size=\"3\"><font color=\"#000000\"><font face=\"Times New Roman\"><span>&nbsp;&nbsp;&nbsp;&nbsp;&nbsp;&nbsp;&nbsp;&nbsp;&nbsp; <\/span>Demokrasi,&ouml;zg&uuml;rl&uuml;k,bar\u0131\u015f,reform,devrim ve di\u011ferleri.U\u011fruna sava\u015ft\u0131\u011f\u0131m\u0131z,canlar verdi\u011fimiz,kimisini &ccedil;ocuklar\u0131m\u0131za isim koydu\u011fumuz,bir zamanlar\u0131n en &lsquo;in&rsquo; kavramlar\u0131!Art\u0131k &lsquo;di&rsquo;li ge&ccedil;mi\u015fle mi,&rsquo;mi\u015f&rsquo;li ge&ccedil;mi\u015fle mi anaca\u011f\u0131z,yoksa &lsquo;in&rsquo;diler,&rsquo;out&rsquo; oldular m\u0131 diyece\u011fiz bilemiyorum.Ald\u0131lar o y&uuml;ce kavramlar\u0131,&ouml;nce kabak misali oydular,sonra da sahtekarl\u0131kla,ikiy&uuml;zl&uuml;l&uuml;kle,s&ouml;m&uuml;r&uuml;yle doldurdular!<\/font><\/font><\/font><\/span><span><font size=\"3\"><font color=\"#000000\"><font face=\"Times New Roman\"><span>&nbsp;<\/span><\/font><\/font><\/font><\/span><\/p>\n<p><span><font size=\"3\"><font color=\"#000000\"><font face=\"Times New Roman\"><span>&nbsp;&nbsp;&nbsp;&nbsp;<\/span><span>&nbsp;&nbsp;&nbsp;&nbsp;&nbsp;&nbsp;<\/span>Ad\u0131na da &lsquo;Yeni D&uuml;nya D&uuml;zeni&rsquo; koydular!<\/font><\/font><\/font><\/span><\/p>\n<p><span><font size=\"3\"><font color=\"#000000\"><font face=\"Times New Roman\"><span>&nbsp;&nbsp;&nbsp;&nbsp;&nbsp;&nbsp;&nbsp;&nbsp;&nbsp; <\/span>Irak`ta,Afganistan`da her g&uuml;n onlarca masum insan &ouml;l&uuml;yor.\u0130srail L&uuml;bnan`a,kad\u0131n &ccedil;ocuk demeden bomba ya\u011fd\u0131r\u0131yor.Ama&ccedil;,demokrasi ve &ouml;zg&uuml;rl&uuml;k getirmek!Vah\u015fet,zul&uuml;m,cinayetin gerek&ccedil;esi demokrasi ve &ouml;zg&uuml;rl&uuml;k.Yok,almayal\u0131m biz bu &ouml;zg&uuml;rl&uuml;klerden diyorsunuz de\u011fil mi,ben de aynen &ouml;yle diyorum!<\/font><\/font><\/font><\/span><\/p>\n<p><span><font size=\"3\"><font color=\"#000000\"><font face=\"Times New Roman\"><span>&nbsp;&nbsp;&nbsp;&nbsp;&nbsp;&nbsp;&nbsp;&nbsp;&nbsp; <\/span>\u015eimdi de bar\u0131\u015f g&uuml;c&uuml; g&ouml;ndereceklermi\u015f Ortado\u011fu`ya,petrolle emperyalizm aras\u0131ndaki bar\u0131\u015f\u0131 kurmak i&ccedil;in.Bonusu da yeni &lsquo;Sevr&rsquo; antla\u015fmas\u0131,yeni Ortado\u011fu haritas\u0131ym\u0131\u015f.Bu bar\u0131\u015f da bizi bozacak gibi g&ouml;r&uuml;n&uuml;yor!<\/font><\/font><\/font><\/span><\/p>\n<p><span><font size=\"3\"><font color=\"#000000\"><font face=\"Times New Roman\"><span>&nbsp;&nbsp;&nbsp;&nbsp;&nbsp;&nbsp;&nbsp;&nbsp;&nbsp;&nbsp; <\/span>Reformlar\u0131 da &ccedil;ok severdik bir zamanlar.Hatta reform kesmez,yak\u0131\u015f\u0131\u011f\u0131 devrimdir derdik.\u015eimdi de nur topu gibi reformlar\u0131m\u0131z var:E\u011fitim reformu,sa\u011fl\u0131k reformu,sosyal g&uuml;venlik reformu,reform &uuml;st&uuml;ne reform!Ve her reformdan sonra,onlarca y\u0131l geri gidiyoruz,ba\u015f\u0131m\u0131za yeni &ccedil;oraplar &ouml;r&uuml;l&uuml;yor,emperyalizmle irtica aras\u0131nda daha bir past\u0131rma moduna giriyoruz!<\/font><\/font><\/font><\/span><\/p>\n<p><span><font size=\"3\"><font color=\"#000000\"><font face=\"Times New Roman\"><span>&nbsp;&nbsp;&nbsp;&nbsp;&nbsp;&nbsp;&nbsp;&nbsp;&nbsp;&nbsp; <\/span>E\u011fitim reformuyla,e\u011fitimimizi &lsquo;\u0130mam Hatip&rsquo;lilere teslim ettik,sa\u011fl\u0131k reformuyla sa\u011fl\u0131\u011f\u0131m\u0131z\u0131 param\u0131za endeksledik,sosyal g&uuml;venlik reformuyla da,i\u015f g&uuml;vencesi,k\u0131dem tazminat\u0131 gibi fazlal\u0131klar\u0131m\u0131z\u0131 at\u0131p &ccedil;a\u011fda\u015fla\u015faca\u011f\u0131z.<\/font><\/font><\/font><\/span><\/p>\n<p><span><font size=\"3\"><font color=\"#000000\"><font face=\"Times New Roman\"><span>&nbsp;&nbsp;&nbsp;&nbsp;&nbsp;&nbsp;&nbsp;&nbsp;&nbsp;&nbsp;&nbsp;<\/span>Biz eczac\u0131lar\u0131n da 6197 say\u0131l\u0131 reformumuz var.Yasay\u0131 de\u011fi\u015ftirece\u011fiz ve bir dolu mesleki kazan\u0131m elde edece\u011fiz diye y\u0131llard\u0131r hayal kuruyoruz. Say\u0131n Doma&ccedil;`\u0131n davudi sesinden dinledi\u011fimiz ninniyle,renkli,T&uuml;rk&ccedil;e,sinemaskop bir r&uuml;yan\u0131n en pembe dizi b&ouml;l&uuml;m&uuml;ndeyken ultrason sonu&ccedil;lar\u0131n\u0131 al\u0131yoruz.Nur topu gibi muvazaalar\u0131m\u0131z,nur topu gibi zincir eczanelerimiz olacak!<\/font><\/font><\/font><\/span><\/p>\n<p><span><font size=\"3\"><font color=\"#000000\"><font face=\"Times New Roman\"><span>&nbsp;&nbsp;&nbsp;&nbsp;&nbsp;&nbsp;&nbsp;&nbsp;&nbsp;&nbsp; <\/span>Oysa genel kurul kararlar\u0131n\u0131 ihlal edip bakan\u0131n memleketi Karayaz\u0131`ya hastane s&ouml;z&uuml; de vermi\u015ftik. Art\u0131k mesle\u011fimizi hastaneye yat\u0131r\u0131r,hak vaki olunca da yan\u0131na bir t&uuml;rbe yapar\u0131z.&rsquo;Eczac\u0131 ana&rsquo;n\u0131n veya &lsquo; Eczac\u0131 baba&rsquo;n\u0131n t&uuml;rbesinde,hastalara olmasa da en az\u0131ndan k\u0131smeti kapananlara,derdine deva bulamayanlara yard\u0131mc\u0131 oluruz!<\/font><\/font><\/font><\/span><\/p>\n<p><span><font size=\"3\"><font color=\"#000000\"><font face=\"Times New Roman\"><span>&nbsp;&nbsp;&nbsp;&nbsp;&nbsp;&nbsp;&nbsp;&nbsp;&nbsp;&nbsp;&nbsp; <\/span>K&uuml;rtaj\u0131 yasalla\u015ft\u0131ranlar ne b&uuml;y&uuml;k sevap i\u015flemi\u015fler fark\u0131nda m\u0131s\u0131n\u0131z?Yine fark\u0131nda m\u0131s\u0131n\u0131z,eski yasam\u0131z ne kadar g&uuml;zel,ne kadar anlaml\u0131ym\u0131\u015f da k\u0131ymetini bilememi\u015fiz!<\/font><\/font><\/font><\/span><\/p>\n<p><span><font size=\"3\"><font color=\"#000000\"><font face=\"Times New Roman\"><span>&nbsp;&nbsp;&nbsp;&nbsp;&nbsp;&nbsp;&nbsp;&nbsp;&nbsp;&nbsp;&nbsp; <\/span>Sosyal Sigortalar Kurumu`ndaki deh\u015fetengiz reform ke\u015fke kabil-i ruc&ucirc; olabilseydi de,halk tekmil sa\u011fl\u0131\u011f\u0131n\u0131,biz eczac\u0131lar da ak\u0131l ve ruh sa\u011fl\u0131\u011f\u0131m\u0131z\u0131 koruyabilseydik!<\/font><\/font><\/font><\/span><\/p>\n<p><span><font size=\"3\"><font color=\"#000000\"><font face=\"Times New Roman\"><span>&nbsp;&nbsp;&nbsp;&nbsp;&nbsp;&nbsp;&nbsp;&nbsp;&nbsp;&nbsp;&nbsp;<\/span><span>&nbsp;<\/span>Ye\u015fil kartl\u0131lar\u0131 bir kaymakaml\u0131k bulsak da ba\u011flayabilseydik!<\/font><\/font><\/font><\/span><\/p>\n<p><span><font size=\"3\"><font color=\"#000000\"><font face=\"Times New Roman\"><span>&nbsp;&nbsp;&nbsp;&nbsp;&nbsp;&nbsp;&nbsp;&nbsp;&nbsp;&nbsp;&nbsp;&nbsp; <\/span>\u0130la&ccedil;ta patente k\u0131z\u0131yorduk,Nasrettin Hoca`n\u0131n fil &ouml;yk&uuml;s&uuml; ger&ccedil;ekle\u015fti,Timurlenk veri imtiyaz\u0131n\u0131 yollad\u0131!Faydal\u0131 model kanun tasar\u0131s\u0131 yolda!<\/font><\/font><\/font><\/span><\/p>\n<p><span><font size=\"3\"><font color=\"#000000\"><font face=\"Times New Roman\"><span>&nbsp;&nbsp;&nbsp;&nbsp;&nbsp;&nbsp;<\/span><span>&nbsp;&nbsp;&nbsp;&nbsp;&nbsp;&nbsp;&nbsp;<\/span>\u0130la&ccedil; fiyat kararnamesini be\u011fenmiyorduk,fiyatlar\u0131 dolara endeksledik!&nbsp;<\/font><\/font><\/font><\/span><span><font size=\"3\"><font color=\"#000000\"><font face=\"Times New Roman\"><span>&nbsp;&nbsp;&nbsp;&nbsp;&nbsp;&nbsp;&nbsp;&nbsp;&nbsp;&nbsp;&nbsp;&nbsp;<\/span><\/font><\/font><\/font><\/span><\/p>\n<p><span><font size=\"3\"><font color=\"#000000\"><font face=\"Times New Roman\"><span>&nbsp;&nbsp;&nbsp;&nbsp;&nbsp;&nbsp;&nbsp;&nbsp;&nbsp;&nbsp;&nbsp;&nbsp; <\/span>Sabit iskonto diyorduk,t&uuml;rl&uuml; &ccedil;e\u015fitli iskontolar\u0131m\u0131z oldu!<\/font><\/font><\/font><\/span><span><font size=\"3\"><font color=\"#000000\"><font face=\"Times New Roman\"><span>&nbsp;&nbsp;&nbsp;&nbsp;&nbsp;&nbsp;&nbsp;&nbsp;&nbsp;&nbsp;&nbsp;&nbsp; <\/span>Alacaklar\u0131m\u0131za g&uuml;vence istiyorduk,kafam\u0131z\u0131 giyotinin alt\u0131na sokup,ipi siyasi iktidar\u0131n eline verdik,birilerinin emri,T&uuml;rk Eczac\u0131lar\u0131 Birli\u011fi`nin kavliyle!<\/font><\/font><\/font><\/span><\/p>\n<p><span><font size=\"3\"><font color=\"#000000\"><font face=\"Times New Roman\"><span>&nbsp;&nbsp;&nbsp;&nbsp;&nbsp;&nbsp;&nbsp;&nbsp;&nbsp;&nbsp;&nbsp;&nbsp; <\/span>Has\u0131l\u0131,kurtulal\u0131m diye k\u0131m\u0131ldad\u0131k&ccedil;a at\u0131yoruz. S&ouml;m&uuml;r&uuml;n&uuml;n, ahlaks\u0131zl\u0131\u011f\u0131n, cahilli\u011fin diz boyu oldu\u011fu bir d&uuml;nyada,bir &uuml;lkede,bir toplumda,neyimize,daha iyiyi,daha g&uuml;zeli,daha do\u011fruyu istemek!<\/font><\/font><\/font><\/span><\/p>\n<p><span><font size=\"3\"><font color=\"#000000\"><font face=\"Times New Roman\"><span>&nbsp;&nbsp;&nbsp;&nbsp;&nbsp;&nbsp;&nbsp;&nbsp;&nbsp;&nbsp;&nbsp; <\/span>Yeni d&uuml;nya d&uuml;zeni,bir \u015feyleri de\u011fi\u015ftirmeyi de\u011fil,kendimizi de\u011fi\u015ftirmemizi &ouml;ng&ouml;r&uuml;yor.De\u011fi\u015fim sorunu ya\u015farsan\u0131z,T&uuml;rk Eczac\u0131lar\u0131 Birli\u011fi ba\u015fkan\u0131m\u0131zdan feyiz alabilirsiniz!<\/font><\/font><\/font><\/span><\/p>\n<p><span><font size=\"3\"><font color=\"#000000\"><font face=\"Times New Roman\"><span>&nbsp;&nbsp;&nbsp;&nbsp;&nbsp;&nbsp;&nbsp;&nbsp;<\/span><span>&nbsp;&nbsp;&nbsp;&nbsp;&nbsp;<\/span>S&ouml;z&uuml;n &ouml;z&uuml;,ba\u015f\u0131n\u0131za gelebilecek her t&uuml;rl&uuml; felakete kar\u015f\u0131 tek g&uuml;venceniz,stat&uuml;konuzdur!<\/font><\/font><\/font><\/span> <\/p>\n<p style=\"margin: 0cm 0cm 0pt\" class=\"MsoNormal\"><span><font size=\"3\"><font color=\"#000000\"><font face=\"Times New Roman\"><span>&nbsp;&nbsp;&nbsp; &nbsp;&nbsp;&nbsp;&nbsp;&nbsp;&nbsp;&nbsp;&nbsp; <\/span>Siz siz olun,stat&uuml;konuza sahip &ccedil;\u0131k\u0131n!<span>&nbsp;<\/span><\/font><\/font><\/font><\/span><\/p>\n","protected":false},"excerpt":{"rendered":"<p>KAHROLSUN DEMOKRAS\u0130, &Ouml;ZG&Uuml;RL&Uuml;K, BARI\u015e VE DE B\u0130LUMUM &nbsp;&nbsp;&nbsp;&nbsp;&nbsp;&nbsp;&nbsp;&nbsp;&nbsp;&nbsp;&nbsp;&nbsp;&nbsp;&nbsp;&nbsp;&nbsp;&nbsp;&nbsp;&nbsp;&nbsp;&nbsp;&nbsp; REFORMLAR,YA\u015eASIN STAT&Uuml;KO!&nbsp;&nbsp;&nbsp;&nbsp;&nbsp;&nbsp;&nbsp;&nbsp;&nbsp;&nbsp; Yaz\u0131n\u0131n ba\u015fl\u0131\u011f\u0131na bak\u0131nca,yazar\u0131n\u0131n ruh sa\u011fl\u0131\u011f\u0131ndan endi\u015fe ediliyor de\u011fil mi?Aynen ben&#46;&#46;&#46;<\/p>\n","protected":false},"author":16,"featured_media":0,"comment_status":"closed","ping_status":"closed","sticky":false,"template":"","format":"standard","meta":{"_jetpack_memberships_contains_paid_content":false,"footnotes":""},"categories":[52],"tags":[],"class_list":["post-2895","post","type-post","status-publish","format-standard","hentry","category-ecz-nejat-vardar"],"aioseo_notices":[],"jetpack_featured_media_url":"","jetpack_sharing_enabled":true,"jetpack-related-posts":[],"_links":{"self":[{"href":"http:\/\/www.ced.org.tr\/index.php?rest_route=\/wp\/v2\/posts\/2895","targetHints":{"allow":["GET"]}}],"collection":[{"href":"http:\/\/www.ced.org.tr\/index.php?rest_route=\/wp\/v2\/posts"}],"about":[{"href":"http:\/\/www.ced.org.tr\/index.php?rest_route=\/wp\/v2\/types\/post"}],"author":[{"embeddable":true,"href":"http:\/\/www.ced.org.tr\/index.php?rest_route=\/wp\/v2\/users\/16"}],"replies":[{"embeddable":true,"href":"http:\/\/www.ced.org.tr\/index.php?rest_route=%2Fwp%2Fv2%2Fcomments&post=2895"}],"version-history":[{"count":1,"href":"http:\/\/www.ced.org.tr\/index.php?rest_route=\/wp\/v2\/posts\/2895\/revisions"}],"predecessor-version":[{"id":4043,"href":"http:\/\/www.ced.org.tr\/index.php?rest_route=\/wp\/v2\/posts\/2895\/revisions\/4043"}],"wp:attachment":[{"href":"http:\/\/www.ced.org.tr\/index.php?rest_route=%2Fwp%2Fv2%2Fmedia&parent=2895"}],"wp:term":[{"taxonomy":"category","embeddable":true,"href":"http:\/\/www.ced.org.tr\/index.php?rest_route=%2Fwp%2Fv2%2Fcategories&post=2895"},{"taxonomy":"post_tag","embeddable":true,"href":"http:\/\/www.ced.org.tr\/index.php?rest_route=%2Fwp%2Fv2%2Ftags&post=2895"}],"curies":[{"name":"wp","href":"https:\/\/api.w.org\/{rel}","templated":true}]}}