{"id":2896,"date":"2006-12-12T13:01:21","date_gmt":"2006-12-12T11:01:21","guid":{"rendered":"http:\/\/www.ced.org.tr\/?p=2896"},"modified":"2014-05-21T01:35:42","modified_gmt":"2014-05-20T22:35:42","slug":"karayazi","status":"publish","type":"post","link":"http:\/\/www.ced.org.tr\/?p=2896","title":{"rendered":"KARAYAZI"},"content":{"rendered":"<br \/>\n<h3 align=\"center\"><strong>ALNIMIZA B\u0130R &ldquo;KARAYAZI&rdquo; DAHA HEM DE KIRMIZI &Ccedil;\u0130ZG\u0130L\u0130S\u0130NDEN<\/strong> <br \/><\/h3>\n<p style=\"text-align: justify; text-indent: 35.4pt\" class=\"MsoNormal\">&ldquo;Benim balonlar\u0131m vard\u0131&rdquo; diyordu \u0130bo. \u0130bo&rsquo;da kim diye soracaks\u0131n\u0131z \u015fimdi. Yetmi\u015fli y\u0131llar\u0131n hayli pop&uuml;ler bir<span>&nbsp; <\/span>\u015fark\u0131c\u0131s\u0131.<span>&nbsp; <\/span>Allah rahmet eylesin irik\u0131y\u0131m bir adamca\u011f\u0131zd\u0131, &ldquo;Benim balonlar\u0131m vard\u0131&rdquo; da en sevilen \u015fark\u0131s\u0131 Ne mutlu bize ki, art\u0131k bizimde benzer bir \u015fark\u0131m\u0131z var. &ldquo;Benim k\u0131rm\u0131z\u0131 &ccedil;izgilerim vard\u0131&rdquo;! Asl\u0131nda bizim balonlar\u0131m\u0131z da var, bir t\u0131rnak att\u0131nm\u0131, patlay\u0131p, i&ccedil;inde bol havadan ba\u015fka bir<span>&nbsp; <\/span>kerametin olmad\u0131\u011f\u0131<span>&nbsp; <\/span>anla\u015f\u0131lacak, ama bug&uuml;n konumuz o de\u011fil!<\/p>\n<p style=\"text-align: justify; text-indent: 35.4pt\" class=\"MsoNormal\">Yeni \u015fark\u0131m\u0131z\u0131 say\u0131n T.E.B. ba\u015fkan\u0131 s&ouml;yler, biz vokal mi yapar\u0131z, yoksa &ldquo;Yurdum eczac\u0131lar\u0131ndan sesler&rdquo; korosu olarak m\u0131 seslendiririz bilemiyorum. Birde elimizde k\u0131rm\u0131z\u0131 &ccedil;izgilerimizi sallayarak<span>&nbsp; <\/span>pop listlere girecek bir klip yapt\u0131k m\u0131, de\u011fmeyin keyfimize!<\/p>\n<p style=\"text-align: justify; text-indent: 35.4pt\" class=\"MsoNormal\">Dergimizin ge&ccedil;en say\u0131s\u0131n\u0131n ba\u015fl\u0131\u011f\u0131 &ldquo;k\u0131rm\u0131z\u0131 &ccedil;izgilerimiz&rdquo;di. T.E.B. ve oda ba\u015fkanlar\u0131m\u0131z sa\u011fl\u0131k bakan\u0131n\u0131 ziyaret etmi\u015fler, 6197 say\u0131l\u0131 yasa tasar\u0131s\u0131 ile ilgili<span>&nbsp; <\/span>k\u0131rm\u0131z\u0131 &ccedil;izgilerimizi vurgulam\u0131\u015flard\u0131.<\/p>\n<p style=\"text-align: justify; text-indent: 35.4pt\" class=\"MsoNormal\">Bakan s&ouml;z vermi\u015f, k\u0131rm\u0131z\u0131 &ccedil;izgilerinize sahip &ccedil;\u0131kaca\u011f\u0131m diye, mutlu olduk, rahatlad\u0131k TEB ba\u015fkan\u0131m\u0131z\u0131n bakana &ldquo;2009 daki FIP kongresini, in\u015fallah birlikte a&ccedil;ar\u0131z&rdquo; dedi\u011fini de duyunca, i\u015fte dedik, &ouml;rnek bir siyasi iktidar, meslek &ouml;rg&uuml;t&uuml; birlikteli\u011fi!<\/p>\n<p style=\"text-align: justify; text-indent: 35.4pt\" class=\"MsoNormal\">T&uuml;m bu g&ouml;r&uuml;\u015fmeler olurken, Anadolu&rsquo;muzun yoksul ama gururlu, ayr\u0131yeten de, Allah&rsquo;\u0131n &ldquo;Y&uuml;r&uuml; ya il&ccedil;em&rdquo; dedi\u011fi bir yerde, g&ouml;rkemli bir hastane in\u015faat\u0131n\u0131n kabas\u0131 bitirilmi\u015ftir. Baz\u0131 k&ouml;t&uuml;<span>&nbsp; <\/span>niyetli eczac\u0131lar, &ldquo;Karayaz\u0131&rdquo; n\u0131n bakan\u0131n se&ccedil;im b&ouml;lgesi oldu\u011funu, 6197 say\u0131l\u0131 yasan\u0131n, eczac\u0131lar\u0131n istemi do\u011frultusunda &ccedil;\u0131kmas\u0131 kar\u015f\u0131l\u0131\u011f\u0131nda bir k&uuml;sur y\u0131l &ouml;nce ba\u015fkan taraf\u0131ndan, kimselere dan\u0131\u015f\u0131lmaks\u0131z\u0131n bakana s&ouml;z verildi\u011fini s&ouml;yleseler de, ba\u015fkan Pamukkale&rsquo; de a&ccedil;\u0131klad\u0131,ikibinli rak\u0131mlarda, yoksul bir yer ar\u0131yorlarm\u0131\u015f ki, &ldquo;Karayaz\u0131&rdquo; denk gelmi\u015f! Onca ince eleyip s\u0131k dokuduktan sonra, bir de ne g&ouml;rm&uuml;\u015fler, &ldquo;Karayaz\u0131&rdquo; me\u011fersem bakan\u0131n memleketi de\u011fil miymi\u015f! Kimbilir, belki de mesle\u011fin hal-i pur melaliyle, il&ccedil;enin isminin benzerli\u011finden, kan &ccedil;ekmi\u015ftir!<\/p>\n<p style=\"text-align: justify; text-indent: 35.4pt\" class=\"MsoNormal\">Pe\u015fin satanla, veresiye satan\u0131n yan yana g&ouml;r&uuml;nt&uuml;lendi\u011fi tabloyu an\u0131msayanlar, 6197 say\u0131l\u0131 yasa ile ilgili hi&ccedil;bir somut geli\u015fme olmadan bitirilen kaba in\u015faat\u0131 duyunca, T.E.B. nin trilyonlar\u0131n\u0131n nas\u0131l y&ouml;netildi\u011fi konu\u015funda karamsarl\u0131\u011fa kap\u0131l\u0131yorlard\u0131<\/p>\n<p style=\"text-align: justify; text-indent: 35.4pt\" class=\"MsoNormal\">Mesle\u011fimizin karayaz\u0131s\u0131, tam te\u015fekk&uuml;ll&uuml; bir &ldquo;Karayaz\u0131&rdquo;&rsquo;ya daha kavu\u015fuyordu!<\/p>\n<p style=\"text-align: justify; text-indent: 35.4pt\" class=\"MsoNormal\">Say\u0131n bakan oda ba\u015fkanlar\u0131m\u0131za s&ouml;z verdide mi tutmad\u0131, biz mi s&ouml;z verdi\u011fi vehmine kap\u0131ld\u0131k ya da bakanla ba\u015fkan aras\u0131nda kaynama konumundam\u0131y\u0131z<span>&nbsp; <\/span>bilemiyorum ama, gelecek y\u0131llardaki toplant\u0131lar\u0131m\u0131zda g&ouml;zlerimiz ya\u015fararak izleyece\u011fimiz nur topu gibi bir hastanemiz olacak! Novagenix&rsquo;e<span>&nbsp; <\/span>karde\u015f gelecek ama onu da &Ccedil;ocuk Esirgeme Kurumuna verece\u011fiz!<\/p>\n<p style=\"text-align: justify; text-indent: 35.4pt\" class=\"MsoNormal\">Bizim TEB. meslek sorunlar\u0131n\u0131 b\u0131rak\u0131p, s&uuml;rekli hay\u0131r i\u015flerine yat\u0131r\u0131m yapt\u0131\u011f\u0131na g&ouml;re, meslek sorunlar\u0131m\u0131z i&ccedil;in Yard\u0131m Sevenler Derne\u011fi&rsquo;ne ba\u015fvursak &ccedil;ok mu garipseniriz acaba?<\/p>\n<p style=\"text-align: justify; text-indent: 35.4pt\" class=\"MsoNormal\">K\u0131rm\u0131z\u0131 &ccedil;izgilerimizin biri ba\u015ftan gitti, di\u011ferinin ne olaca\u011f\u0131 belli de\u011fil, turuncu kavuni&ccedil;i, sar\u0131 &ccedil;izgilerimizi ise, engin pazarl\u0131k yetene\u011fimizle masaya oturmadan terk etmi\u015fiz!&nbsp;<\/p>\n<p style=\"text-align: justify; text-indent: 35.4pt\" class=\"MsoNormal\">Olsun, &ldquo;Karayaz\u0131&rdquo; m\u0131z\u0131n kaba in\u015faat\u0131 bitmi\u015f, kadrolu m&uuml;teahhitlerimiz ince i\u015fler i&ccedil;in s\u0131ra bekliyor!<\/p>\n<p style=\"text-align: justify; text-indent: 35.4pt\" class=\"MsoNormal\">Haz\u0131r i\u015fi &ouml;\u011frenmi\u015fken, di\u011fer yasalar\u0131m\u0131z\u0131 da g&uuml;ndem etsekte, hepsi, yol,okul,k&ouml;pr&uuml; ve dahi cami olarak geri d&ouml;nse! T&uuml;rkiye bay\u0131nd\u0131rl\u0131k tarihindeki \u015ferefli yerimizi alsak!<\/p>\n<p style=\"text-align: justify; text-indent: 35.4pt\" class=\"MsoNormal\">En hakl\u0131 ve daha &ouml;nemlisi en g&uuml;&ccedil;l&uuml; oldu\u011fumuz bir d&ouml;nemde, AB aday\u0131 T&uuml;rkiye&rsquo;ye d&ouml;nd&uuml;k, gelen vuruyor, giden vuruyor, hi&ccedil;bir k\u0131ymeti harbiyemiz. yok. K\u0131ymeti harbiyemiz yok ama k\u0131rm\u0131z\u0131 &ccedil;izgilerimiz var!<\/p>\n<p style=\"text-align: justify; text-indent: 35.4pt\" class=\"MsoNormal\">Peki ne yapaca\u011f\u0131z bunca rengarenk &ccedil;izgiyi? Acaba, ileride gen&ccedil; meslekta\u015flar\u0131m\u0131z\u0131n g&ouml;rebilece\u011fi resimlerimizin &uuml;zerine, g&ouml;zlerimizi kapatacak k\u0131rm\u0131z\u0131 &ccedil;izgiler &ccedil;eksek, yinede tan\u0131rlar m\u0131 bizi? Ya da, &ldquo;K&ouml;rm&uuml;yd&uuml;n&uuml;z be adamlar&rdquo;?<span>&nbsp; <\/span>diye sorduklar\u0131nda, &ldquo;g&ouml;zlerimizde k\u0131rm\u0131z\u0131 &ccedil;izgiler vard\u0131, g&ouml;remedik&rdquo; desek inan\u0131rlar m\u0131?<\/p>\n<p style=\"text-align: justify; text-indent: 35.4pt\" class=\"MsoNormal\">Hastanenin d\u0131\u015f cephesini k\u0131rm\u0131z\u0131 &ccedil;izgilerle kaplamak da fena fikir de\u011fil asl\u0131nda. Hem<span>&nbsp; <\/span>elde kalan son malzemeyi de<span>&nbsp; <\/span>kullanm\u0131\u015f oluruz, hem de ileride bu\u011fulu g&ouml;zlerle bak\u0131p, &ldquo;buda ba\u011fa bi ders olsun&rdquo; diyebiliriz!<\/p>\n<p style=\"text-align: justify; text-indent: 35.4pt\" class=\"MsoNormal\">&ldquo;Karayaz\u0131&rdquo; m\u0131za bir de mescit, yok yok heybetli bir cami yapt\u0131rd\u0131m\u0131yd\u0131k bilumum yasalar v\u0131z gelir t\u0131r\u0131s gider! <\/p>\n<p>  <span style=\"font-size: 12pt; font-family: &quot;Times New Roman&quot;\">Ayr\u0131ca mesle\u011fimize hak vaki oldu\u011funda da, cenaze namaz\u0131 i&ccedil;in yer aramay\u0131z. Ben bir ta\u015fla &uuml;&ccedil; ku\u015f diye buna derim i\u015fte! <\/span><\/p>\n","protected":false},"excerpt":{"rendered":"<p>ALNIMIZA B\u0130R &ldquo;KARAYAZI&rdquo; DAHA HEM DE KIRMIZI &Ccedil;\u0130ZG\u0130L\u0130S\u0130NDEN &ldquo;Benim balonlar\u0131m vard\u0131&rdquo; diyordu \u0130bo. \u0130bo&rsquo;da kim diye soracaks\u0131n\u0131z \u015fimdi. Yetmi\u015fli y\u0131llar\u0131n&#46;&#46;&#46;<\/p>\n","protected":false},"author":16,"featured_media":0,"comment_status":"closed","ping_status":"closed","sticky":false,"template":"","format":"standard","meta":{"_jetpack_memberships_contains_paid_content":false,"footnotes":""},"categories":[52],"tags":[],"class_list":["post-2896","post","type-post","status-publish","format-standard","hentry","category-ecz-nejat-vardar"],"aioseo_notices":[],"jetpack_featured_media_url":"","jetpack_sharing_enabled":true,"jetpack-related-posts":[],"_links":{"self":[{"href":"http:\/\/www.ced.org.tr\/index.php?rest_route=\/wp\/v2\/posts\/2896","targetHints":{"allow":["GET"]}}],"collection":[{"href":"http:\/\/www.ced.org.tr\/index.php?rest_route=\/wp\/v2\/posts"}],"about":[{"href":"http:\/\/www.ced.org.tr\/index.php?rest_route=\/wp\/v2\/types\/post"}],"author":[{"embeddable":true,"href":"http:\/\/www.ced.org.tr\/index.php?rest_route=\/wp\/v2\/users\/16"}],"replies":[{"embeddable":true,"href":"http:\/\/www.ced.org.tr\/index.php?rest_route=%2Fwp%2Fv2%2Fcomments&post=2896"}],"version-history":[{"count":1,"href":"http:\/\/www.ced.org.tr\/index.php?rest_route=\/wp\/v2\/posts\/2896\/revisions"}],"predecessor-version":[{"id":4028,"href":"http:\/\/www.ced.org.tr\/index.php?rest_route=\/wp\/v2\/posts\/2896\/revisions\/4028"}],"wp:attachment":[{"href":"http:\/\/www.ced.org.tr\/index.php?rest_route=%2Fwp%2Fv2%2Fmedia&parent=2896"}],"wp:term":[{"taxonomy":"category","embeddable":true,"href":"http:\/\/www.ced.org.tr\/index.php?rest_route=%2Fwp%2Fv2%2Fcategories&post=2896"},{"taxonomy":"post_tag","embeddable":true,"href":"http:\/\/www.ced.org.tr\/index.php?rest_route=%2Fwp%2Fv2%2Ftags&post=2896"}],"curies":[{"name":"wp","href":"https:\/\/api.w.org\/{rel}","templated":true}]}}