{"id":2897,"date":"2007-02-16T13:55:13","date_gmt":"2007-02-16T11:55:13","guid":{"rendered":"http:\/\/www.ced.org.tr\/?p=2897"},"modified":"2014-05-21T01:35:37","modified_gmt":"2014-05-20T22:35:37","slug":"foryou-ve-de-formed-yuruduk-ey-halkim-unutma-bizi","status":"publish","type":"post","link":"http:\/\/www.ced.org.tr\/?p=2897","title":{"rendered":"&#8220;FORYOU&#8221; VE DE &#8220;FORMED&#8221; Y\u00dcR\u00dcD\u00dcK EY HALKIM UNUTMA B\u0130Z\u0130!"},"content":{"rendered":"<h3 align=\"center\"><strong>&ldquo;FORYOU&rdquo; VE DE &ldquo;FORMED&rdquo; Y&Uuml;R&Uuml;D&Uuml;K EY HALKIM UNUTMA B\u0130Z\u0130!<\/strong> <br \/><\/h3>\n<p style=\"text-indent: 35.4pt; text-align: justify\" class=\"MsoNormal\">Sekizbin ki\u015fi kol kola y&uuml;r&uuml;d&uuml;k, hayk\u0131rd\u0131k, d&uuml;d&uuml;k &ccedil;ald\u0131k, halay bile &ccedil;ektik. Neoliberalizmin, &ldquo;her koyun kendi baca\u011f\u0131ndan as\u0131l\u0131r&rdquo; ninnisiyle uyutulmu\u015f, kadercilik \u015fampiyonu bir toplumun eczac\u0131lar\u0131n\u0131n &uuml;&ccedil;te biri, hadi bilemedin d&ouml;rtte biri, tertipli, d&uuml;zenli vede g&ouml;rkemli bir eylem yapt\u0131lar, sorunlar\u0131n\u0131 kamu oyuyla payla\u015fabilmek i&ccedil;in. Peki payla\u015fabildiler mi yeterince? Ne gezer diyece\u011fim de, dilim varm\u0131yor bu denli g&uuml;zelliklerle dolu bir eylemi ele\u015ftirmeye. <\/p>\n<p>&nbsp;&nbsp;&nbsp; &nbsp;&nbsp;&nbsp; &nbsp;&nbsp;&nbsp; &nbsp;&nbsp;&nbsp; Biz &uuml;zerimize d&uuml;\u015feni yapt\u0131k da, payla\u015fma i\u015fleminin ba\u015far\u0131labilmesi i&ccedil;in, medya denen ticaret erbab\u0131n\u0131n da <span>&nbsp;<\/span>az\u0131c\u0131k ilgisi gerekiyor. Neden ilgilensinler ki, siyaset&ccedil;i de\u011filiz, reklam vermiyoruz, eylemi belden yukar\u0131m\u0131zda belden a\u015fa\u011f\u0131m\u0131zda giyimli yap\u0131yoruz, Gaffur pijamas\u0131 giymemi\u015fiz, kavga g&uuml;r&uuml;lt&uuml; yok, &uuml;stelik fincanc\u0131 kat\u0131rlar\u0131 da &uuml;rkebilir, &ouml;yleyse koyver gitsin, ne halleri varsa g&ouml;rs&uuml;nler! <\/p>\n<p style=\"text-indent: 35.4pt; text-align: justify\" class=\"MsoNormal\">T&uuml;m medyan\u0131n da g&uuml;nah\u0131n\u0131 almayal\u0131m, istisnalar\u0131 da yok de\u011fil, ama kaide bozulmuyor.<\/p>\n<p style=\"text-indent: 35.4pt; text-align: justify\" class=\"MsoNormal\">Ho\u015ftur bizim medyam\u0131z. Kimilerinin ulusal medyas\u0131, bizim gibilerininse yayg\u0131n medyas\u0131, madalyonlar\u0131n bir yan\u0131n\u0131 g&ouml;r&uuml;r, sahiplerinin d\u0131\u015f\u0131ndaki sesleri duymazlar.<\/p>\n<p style=\"text-indent: 35.4pt; text-align: justify\" class=\"MsoNormal\">T&uuml;m milli de\u011ferlerimizi hara&ccedil; mezat satt\u0131k, sat\u0131yoruz, ortal\u0131k s&uuml;tliman!<\/p>\n<p style=\"text-indent: 35.4pt; text-align: justify\" class=\"MsoNormal\">AB nin, ABD nin, IMF nin komutlar\u0131n\u0131, ba\u015f\u0131m\u0131zda &ccedil;uval harfiyen uyguluyoruz, ama en ba\u011f\u0131ms\u0131z biziz!<\/p>\n<p style=\"text-indent: 35.4pt; text-align: justify\" class=\"MsoNormal\">\u0130hracat patl\u0131yor, patlamaktan yalama olmu\u015f ithalat, 50 milyon dolar d\u0131\u015f ticaret a&ccedil;\u0131\u011f\u0131 yok!<\/p>\n<p style=\"text-indent: 35.4pt; text-align: justify\" class=\"MsoNormal\">D&uuml;nya ekonomik forumuna 2500 ki\u015fi kat\u0131l\u0131yor, bu haberdir, 150.000 ki\u015finin kat\u0131ld\u0131\u011f\u0131 d&uuml;nya sosyal forumu haber de\u011feri ta\u015f\u0131maz.<\/p>\n<p style=\"text-indent: 35.4pt; text-align: justify\" class=\"MsoNormal\">Spor futboldan, futbol &uuml;&ccedil; \u0130stanbul kul&uuml;b&uuml;nden ibarettir.<\/p>\n<p style=\"text-indent: 35.4pt; text-align: justify\" class=\"MsoNormal\">Amat&ouml;r liglerdeki en m&uuml;tevaz\u0131 kavgalar en ince detay\u0131yla g&ouml;r&uuml;nt&uuml;lenir, sevgiler, dostluklar esge&ccedil;ilir.<\/p>\n<p style=\"text-indent: 35.4pt; text-align: justify\" class=\"MsoNormal\">Ge&ccedil;ti\u011fimiz g&uuml;nlerde Bursaspor ve Ankarag&uuml;c&uuml;<span>&nbsp; <\/span>taraftarlar\u0131 birlikte An\u0131tkabir&rsquo;i ziyaret etmi\u015fler, trib&uuml;nde birlikte oturup, tak\u0131mlar\u0131n\u0131 birlikte desteklemi\u015flerdi. O g&ouml;r&uuml;nt&uuml;lerde bizim y&uuml;r&uuml;y&uuml;\u015f&uuml;m&uuml;z gibi, dost&ccedil;ayd\u0131, d&uuml;zenliydi, olumlu mesaj i&ccedil;eriyordu. Maazallah Pelitlispor&rsquo;un di\u011fer futbolcular\u0131n\u0131 olumlu etkileyebilirdi! <span>&nbsp;&nbsp;&nbsp;&nbsp;<\/span><span>&nbsp;<\/span><span>&nbsp;<\/span><\/p>\n<p style=\"text-indent: 35.4pt; text-align: justify\" class=\"MsoNormal\">Ba\u015f\u0131 a&ccedil;\u0131k eczac\u0131larla, t&uuml;rbanl\u0131 eczac\u0131lar yan yana y&uuml;r&uuml;d&uuml;ler, ortak sorunlar\u0131n\u0131 duyurabilmek i&ccedil;in. Haber de\u011feri bulmad\u0131. Oysa iki tanesi kap\u0131\u015fsa, sekiz s&uuml;tuna man\u015fet olmaz m\u0131yd\u0131k?<\/p>\n<p style=\"text-indent: 35.4pt; text-align: justify\" class=\"MsoNormal\">Madalyonun di\u011fer y&uuml;z&uuml;n&uuml; &ccedil;evirmeyenler utans\u0131n, gelin biz yapal\u0131m &ccedil;evirme i\u015flemini.<\/p>\n<p style=\"text-indent: 35.4pt; text-align: justify\" class=\"MsoNormal\">&Ouml;ncelikle, kepenk kapatma eyleminden sonra, bir g&ouml;zya\u015farmas\u0131 krizine daha girdim. On eczac\u0131 odas\u0131n\u0131n destekledi\u011fi bir eyleme &uuml;lke eczac\u0131lar\u0131n\u0131n d&ouml;rtte biri kat\u0131l\u0131yor. Eczane teknisyenleri de en az eczac\u0131lar kadar sorunlara sahip &ccedil;\u0131k\u0131yorlar. B\u0131&ccedil;a\u011f\u0131n kemi\u011fe dayand\u0131\u011f\u0131 kesin de olsa, sosyoloji biliminin ara\u015ft\u0131rmas\u0131 gereken bir kat\u0131l\u0131m ve ba\u015far\u0131 oran\u0131. En &ouml;nemli yarar\u0131 m\u0131? Art\u0131k, ortak sorunlar\u0131m\u0131z i&ccedil;in birlikte hareket etmeyi ba\u015farabilen, ergen bir toplum oldu\u011fumuzu biliyoruz.<\/p>\n<p style=\"text-indent: 35.4pt; text-align: justify\" class=\"MsoNormal\">Tam bu noktada, sosyoloji biliminin ara\u015ft\u0131rmas\u0131 gereken bir konu daha &ccedil;\u0131k\u0131yor kar\u015f\u0131m\u0131za. Bu ergen toplum, &ouml;zg&uuml;r ve demokratik se&ccedil;imler sonucu, eczac\u0131 yer ile yeksan olmu\u015fken, siyasi iktidarlara &ouml;vg&uuml;ler d&uuml;zmeyi g&ouml;rev edinebilen bir anlay\u0131\u015f\u0131 Mehmet Doma&ccedil;&rsquo;lar\u0131 nas\u0131l olupta getirebiliyor en y&uuml;ksek &ouml;rg&uuml;t&uuml;n&uuml;n ba\u015f\u0131na?<\/p>\n<p style=\"text-indent: 35.4pt; text-align: justify\" class=\"MsoNormal\">Kepenk kapatma eylemi ve b&uuml;y&uuml;k eczac\u0131 mitingi, birlikteli\u011fimizi ve g&uuml;c&uuml;m&uuml;z&uuml; dosta d&uuml;\u015fmana g&ouml;sterdi. Do\u011fal ki bu g&uuml;c&uuml; sa\u011fl\u0131k ve eczac\u0131l\u0131k sorunlar\u0131n\u0131n &ccedil;&ouml;z&uuml;m&uuml;ne tahvil etmemiz gerekiyor.<\/p>\n<p style=\"text-indent: 35.4pt; text-align: justify\" class=\"MsoNormal\">Sahada ne kadar ba\u015far\u0131l\u0131 olursak olal\u0131m, masaya do\u011fru insanlar\u0131 oturtamad\u0131\u011f\u0131m\u0131z s&uuml;rece, ba\u015far\u0131n\u0131n &ccedil;ok uzaklarda oldu\u011funu fark etmek zorunday\u0131z.<\/p>\n<p style=\"text-indent: 35.4pt; text-align: justify\" class=\"MsoNormal\">Eczac\u0131n\u0131n internet ve b&uuml;rokrasi manya\u011f\u0131 oldu\u011fu, siyasi iktidarlarla Sevr andla\u015fmalar\u0131n\u0131n yap\u0131ld\u0131\u011f\u0131, &ldquo;Foryou&rdquo; lar\u0131n, &ldquo;Formed&rdquo; lerin p\u0131trak gibi bitti\u011fi, ilac\u0131n ad\u0131n\u0131n bile &ldquo;t\u0131bbi &uuml;r&uuml;n&rdquo; olarak de\u011fi\u015ftirilmek istendi\u011fi bir d&ouml;nemde, <span>&nbsp;<\/span>T&uuml;rk Eczac\u0131lar\u0131 Birli\u011fi ve &ouml;zellikle de say\u0131n ba\u015fkan\u0131 ne yap\u0131yor biliyorsunuz. Bir televizyonun &ldquo;Paray\u0131 veren d&uuml;d&uuml;\u011f&uuml; &ccedil;alar&rdquo; program\u0131nda &uuml;&ccedil; maymunun masallar\u0131n\u0131 anlat\u0131yor. Kimi k&ouml;t&uuml; niyetli ki\u015filer, siyasi parti liderlerine se&ccedil;im &ouml;ncesi, ben hala buraday\u0131m mesaj\u0131 verdi\u011fini s&ouml;yl&uuml;yorlarsa da, o taraf\u0131 bizim konumuz de\u011fil!<\/p>\n<p style=\"text-indent: 35.4pt; text-align: justify\" class=\"MsoNormal\">Bizim bunca g&uuml;&ccedil;l&uuml; oldu\u011fumuz, siyasi iktidarlar\u0131nsa se&ccedil;im &ouml;ncesi hassasiyetlerinin &uuml;st d&uuml;zeyde oldu\u011fu bir d&ouml;nemde, bunca soruna ra\u011fmen, bunca suskunlu\u011fun da bir a&ccedil;\u0131klamas\u0131 olmas\u0131 gerekmez mi?<\/p>\n<p style=\"text-indent: 35.4pt; text-align: justify\" class=\"MsoNormal\">Bir de, &ouml;ncelikle T&uuml;rk Eczac\u0131lar\u0131 Birli\u011fi&rsquo;ne &uuml;ye veren ve de destek olan odalar, bir ba\u015fka TEB vard\u0131r, TEB i&ccedil;inde s&ouml;ylemlerini, TEB&rsquo;nde derinle\u015fmeye ba\u015flad\u0131\u011f\u0131 iddialar\u0131n\u0131 az\u0131c\u0131k ara\u015ft\u0131rsalar k&ouml;t&uuml; m&uuml; olur?<\/p>\n<p style=\"text-indent: 35.4pt; text-align: justify\" class=\"MsoNormal\">\u0130nternet gelgitleri, &ccedil;\u0131ld\u0131rtan b&uuml;rokrasi, &ouml;deme sorunlar\u0131 derken biz eczac\u0131larda ak\u0131l kalmad\u0131.<\/p>\n<p style=\"text-indent: 35.4pt; text-align: justify\" class=\"MsoNormal\">\u0130lac\u0131 da ebedi istirahatgah\u0131na<span>&nbsp; <\/span>u\u011furlay\u0131p, t\u0131bbi &uuml;r&uuml;ne, dilimizi yutup ho\u015f geldin demek &uuml;zereyken z\u0131rr telefon mesaj\u0131. <\/p>\n<p style=\"text-indent: 35.4pt; text-align: justify\" class=\"MsoNormal\">TEB Ba\u015fkan\u0131 Mehmet Doma&ccedil;, televizyonda &ldquo;AKILCI \u0130LA&Ccedil; kullan\u0131m\u0131&rdquo; ile ilgili sorular\u0131 yan\u0131tlayacak!<\/p>\n<p style=\"text-indent: 35.4pt; text-align: justify\" class=\"MsoNormal\">&ldquo;En b&uuml;y&uuml;k ba\u015fkan, bizim ba\u015fkan&rdquo; dedi\u011finizi duyar gibi oluyorum.<\/p>\n<p style=\"text-indent: 35.4pt; text-align: justify\" class=\"MsoNormal\">Bu y\u0131l TEB genel kurulu var, toplan\u0131p se&ccedil;im bile yapaca\u011f\u0131z. Ana s&uuml;t&uuml; gibi helal oylar\u0131n\u0131 vereceklere k&uuml;&ccedil;&uuml;k bir hat\u0131rlatma. Bu genel kurullar ve de se&ccedil;imler varya, onlar &ldquo;Foryou&rdquo; hatta Foryour Family, For your children, vede Formed, For your med!<\/p>\n<p style=\"text-indent: 35.4pt; text-align: justify\" class=\"MsoNormal\">O da olmazsa son &ccedil;are ba\u015fkan i&ccedil;in milletvekili duas\u0131na &ccedil;\u0131kmak! Hangi partiden diye sormay\u0131n, rahat olun. Ya\u015famayaca\u011f\u0131 tek sorun uyum sorunudur!<\/p>\n","protected":false},"excerpt":{"rendered":"<p>&ldquo;FORYOU&rdquo; VE DE &ldquo;FORMED&rdquo; Y&Uuml;R&Uuml;D&Uuml;K EY HALKIM UNUTMA B\u0130Z\u0130! Sekizbin ki\u015fi kol kola y&uuml;r&uuml;d&uuml;k, hayk\u0131rd\u0131k, d&uuml;d&uuml;k &ccedil;ald\u0131k, halay bile &ccedil;ektik.&#46;&#46;&#46;<\/p>\n","protected":false},"author":16,"featured_media":0,"comment_status":"closed","ping_status":"closed","sticky":false,"template":"","format":"standard","meta":{"_jetpack_memberships_contains_paid_content":false,"footnotes":""},"categories":[52],"tags":[],"class_list":["post-2897","post","type-post","status-publish","format-standard","hentry","category-ecz-nejat-vardar"],"aioseo_notices":[],"jetpack_featured_media_url":"","jetpack_sharing_enabled":true,"jetpack-related-posts":[],"_links":{"self":[{"href":"http:\/\/www.ced.org.tr\/index.php?rest_route=\/wp\/v2\/posts\/2897","targetHints":{"allow":["GET"]}}],"collection":[{"href":"http:\/\/www.ced.org.tr\/index.php?rest_route=\/wp\/v2\/posts"}],"about":[{"href":"http:\/\/www.ced.org.tr\/index.php?rest_route=\/wp\/v2\/types\/post"}],"author":[{"embeddable":true,"href":"http:\/\/www.ced.org.tr\/index.php?rest_route=\/wp\/v2\/users\/16"}],"replies":[{"embeddable":true,"href":"http:\/\/www.ced.org.tr\/index.php?rest_route=%2Fwp%2Fv2%2Fcomments&post=2897"}],"version-history":[{"count":1,"href":"http:\/\/www.ced.org.tr\/index.php?rest_route=\/wp\/v2\/posts\/2897\/revisions"}],"predecessor-version":[{"id":4021,"href":"http:\/\/www.ced.org.tr\/index.php?rest_route=\/wp\/v2\/posts\/2897\/revisions\/4021"}],"wp:attachment":[{"href":"http:\/\/www.ced.org.tr\/index.php?rest_route=%2Fwp%2Fv2%2Fmedia&parent=2897"}],"wp:term":[{"taxonomy":"category","embeddable":true,"href":"http:\/\/www.ced.org.tr\/index.php?rest_route=%2Fwp%2Fv2%2Fcategories&post=2897"},{"taxonomy":"post_tag","embeddable":true,"href":"http:\/\/www.ced.org.tr\/index.php?rest_route=%2Fwp%2Fv2%2Ftags&post=2897"}],"curies":[{"name":"wp","href":"https:\/\/api.w.org\/{rel}","templated":true}]}}