{"id":2898,"date":"2007-12-27T17:41:50","date_gmt":"2007-12-27T15:41:50","guid":{"rendered":"http:\/\/www.ced.org.tr\/?p=2898"},"modified":"2014-05-21T01:35:31","modified_gmt":"2014-05-20T22:35:31","slug":"onlara-sevdanin-yollari-bize-zincirler-ustune-ustluk-bonusu-da-var-eczanelerimiz","status":"publish","type":"post","link":"http:\/\/www.ced.org.tr\/?p=2898","title":{"rendered":"ONLARA SEVDANIN YOLLARI, B\u0130ZE Z\u0130NC\u0130RLER, \u00dcST\u00dcNE \u00dcSTL\u00dcK BONUSU DA VAR, ECZANELER\u0130M\u0130Z!"},"content":{"rendered":"<p style=\"margin: 0cm 0cm 0pt\" class=\"NoSpacing\"><span style=\"font-size: 12pt; font-family: &#39;Times New Roman&#39;\"><font color=\"#000000\">&nbsp;&nbsp;&nbsp;&nbsp;&nbsp;&nbsp;&nbsp;&nbsp;&nbsp;&nbsp;&nbsp;&nbsp; Elim kalem tutmaya ba\u015flayal\u0131, birka&ccedil; on y\u0131l\u0131 geride b\u0131rakm\u0131\u015f\u0131m. Bir deste y\u0131l, hem de birka&ccedil; tane! Lise 1. s\u0131n\u0131ftayken, o zamanlar &ldquo;Millet&rdquo; gazetemiz vard\u0131 Bursa&rsquo;da, bir g&uuml;lmece &ouml;yk&uuml;m yay\u0131nlanm\u0131\u015ft\u0131. Nas\u0131l bir keyif, nas\u0131l bir mutluluk anlatamam. Sonralar\u0131 yaz\u0131 sipari\u015flerini son g&uuml;nlere b\u0131rak\u0131p, zamanl\u0131 zamans\u0131z \u0130lhami karde\u015fimi &ccedil;a\u011f\u0131rmakla ge&ccedil;ti, kalem ka\u011f\u0131tla muhabbetim. Bazen de \u015fimdiki gibi, ben kovalad\u0131m, eli kalem tutanlar ka&ccedil;t\u0131.<\/font><\/span><\/p>\n<p><span style=\"font-size: 12pt; font-family: &#39;Times New Roman&#39;\"><font color=\"#000000\"><\/font><\/span>&nbsp; <\/p>\n<p style=\"margin: 0cm 0cm 0pt\" class=\"NoSpacing\"><span style=\"font-size: 12pt; font-family: &#39;Times New Roman&#39;\"><font color=\"#000000\"><span>&nbsp;&nbsp;&nbsp;&nbsp;&nbsp;&nbsp;&nbsp;&nbsp;&nbsp;&nbsp;&nbsp; <\/span>Y\u0131llar\u0131n de\u011fi\u015ftiremedi\u011fi ise, ne zaman bir \u015feyler karalamaya kalksam, olumsuzluklar denizinde bo\u011fuldu\u011fumu hissetmem!<\/font><\/span><\/p>\n<p><span style=\"font-size: 12pt; font-family: &#39;Times New Roman&#39;\"><font color=\"#000000\"><\/font><\/span>&nbsp; <\/p>\n<p style=\"margin: 0cm 0cm 0pt\" class=\"NoSpacing\"><span style=\"font-size: 12pt; font-family: &#39;Times New Roman&#39;\"><font color=\"#000000\"><span>&nbsp;&nbsp;&nbsp;&nbsp;&nbsp;&nbsp;&nbsp;&nbsp;&nbsp;&nbsp;&nbsp; <\/span>\u015eu an itibariyle de tekerr&uuml;r ediyor tarih. &Uuml;lkenin durumu vahim, mesle\u011finki ha keza! Al birini vur &ouml;tekine! Sat\u0131l\u0131yoruz. Telekom, tekel, bir dolu banka sat\u0131ld\u0131. %34 oy % 47ye &ccedil;\u0131kt\u0131. T&uuml;pra\u015f,Ziraat Bankas\u0131, Halk Bankas\u0131 derken kesin %60&rsquo;a vurur! D&uuml;nya yolsuzluk endeksinde 64.s\u0131raya ilerlemi\u015fiz, uyumlu bir art\u0131\u015fla, %64 oyu bile bulabiliriz!<\/font><\/span><\/p>\n<p><span style=\"font-size: 12pt; font-family: &#39;Times New Roman&#39;\"><font color=\"#000000\"><\/font><\/span>&nbsp; <\/p>\n<p style=\"margin: 0cm 0cm 0pt\" class=\"NoSpacing\"><span style=\"font-size: 12pt; font-family: &#39;Times New Roman&#39;\"><font color=\"#000000\"><span>&nbsp;&nbsp;&nbsp;&nbsp;&nbsp;&nbsp;&nbsp;&nbsp;&nbsp;&nbsp;&nbsp; <\/span>Kimi, g&ouml;be\u011fini ka\u015f\u0131yan adamdan \u015fikayet ediyor, kimi &ldquo;kap\u0131 anahtar\u0131 elden &ccedil;\u0131k\u0131nca, s\u0131ra bir g&uuml;n yatak odas\u0131na gelir&rdquo; diyor da, Erdal Atabek, sa\u011fl\u0131kl\u0131 se&ccedil;im yapabilmenin gereklerini s\u0131ralam\u0131\u015f. &Uuml;zerine ipotek konmam\u0131\u015f bir ak\u0131l, bu akl\u0131 kullanabilme yetisi, bu akl\u0131 kullanabilecek &ouml;zg&uuml;r irade, b&uuml;t&uuml;n se&ccedil;enekleri g&ouml;rebilecek bilgi birikimi, daha sonras\u0131n\u0131 ak\u0131l edecek &ouml;ng&ouml;r&uuml;, ge&ccedil;mi\u015fi de\u011ferlendirebilecek se&ccedil;ici bellek.<\/font><\/span><\/p>\n<p><span style=\"font-size: 12pt; font-family: &#39;Times New Roman&#39;\"><font color=\"#000000\"><\/font><\/span>&nbsp; <\/p>\n<p style=\"margin: 0cm 0cm 0pt\" class=\"NoSpacing\"><span style=\"font-size: 12pt; font-family: &#39;Times New Roman&#39;\"><font color=\"#000000\"><span>&nbsp;&nbsp;&nbsp;&nbsp;&nbsp;&nbsp;&nbsp;&nbsp;&nbsp;&nbsp;&nbsp; <\/span>&ldquo;&Ouml;lme e\u015fe\u011fim &ouml;lme&rdquo; dedi\u011finizi duyar gibi oluyorum!<\/font><\/span><\/p>\n<p><span style=\"font-size: 12pt; font-family: &#39;Times New Roman&#39;\"><font color=\"#000000\"><\/font><\/span>&nbsp; <\/p>\n<p style=\"margin: 0cm 0cm 0pt\" class=\"NoSpacing\"><span style=\"font-size: 12pt; font-family: &#39;Times New Roman&#39;\"><font color=\"#000000\"><span>&nbsp;&nbsp;&nbsp;&nbsp;&nbsp;&nbsp;&nbsp;&nbsp;&nbsp;&nbsp;&nbsp; <\/span>&Uuml;lke se&ccedil;imlerinin yan\u0131na bir de T.E.B. se&ccedil;imlerini koyduk mu,&rdquo;Allah e\u015fe\u011fe uzun &ouml;m&uuml;r versin&rdquo; demekten ba\u015fka &ccedil;aremiz kalm\u0131yor!<\/font><\/span><\/p>\n<p><span style=\"font-size: 12pt; font-family: &#39;Times New Roman&#39;\"><font color=\"#000000\"><\/font><\/span>&nbsp; <\/p>\n<p style=\"margin: 0cm 0cm 0pt\" class=\"NoSpacing\"><span style=\"font-size: 12pt; font-family: &#39;Times New Roman&#39;\"><font color=\"#000000\"><span>&nbsp;&nbsp;&nbsp;&nbsp;&nbsp;&nbsp;&nbsp;&nbsp;&nbsp;&nbsp;&nbsp; <\/span>Banka mevduatlar\u0131n\u0131n %90\u0131, %3,4&rsquo;l&uuml;k bir kesimin elindeymi\u015f, borsa da yabanc\u0131 pay\u0131 %80&rsquo;i a\u015fm\u0131\u015f, Mehmet&ccedil;ikler bir bir ter&ouml;re teslim olmu\u015f, &ccedil;uvalc\u0131 Amerikal\u0131 a\u011f\u0131r a\u011fabeylerimizden me\u015fru m&uuml;dafaa iznini ucundan ac\u0131k olarak ve de kar belimizi a\u015ft\u0131ktan sonra alm\u0131\u015f\u0131z. Olsun, en &ouml;nemlisini, hamdolsun istedi\u011fimizi alm\u0131\u015f\u0131z! (Ne almak istiyorduk dersiniz?) An\u0131tkabir&rsquo;e gitmeyen Suudi kral\u0131n\u0131n oteline gidip, devlet \u015feref madalyas\u0131 vermi\u015fiz. Yeni bir kamuoyu ara\u015ft\u0131rmas\u0131 yap\u0131lm\u0131\u015f, oy oran\u0131 %52. Sak\u0131n develerle dikenler aras\u0131ndaki ili\u015fkiyi sorgulamay\u0131n, insanlar mazo\u015fist olma &ouml;zg&uuml;rl&uuml;klerini kullan\u0131yor olabilirler.Ayr\u0131ca ben mazo\u015fist de\u011filim, benden ne istiyorlar falan da demeyin, yaparlar bir referandum, al\u0131rlar bir hep beraber mazo\u015fist olma karar\u0131, hem a\u011flar\u0131z, hem gideriz, hatta iki a\u011flar bir gideriz!<\/font><\/span><\/p>\n<p><span style=\"font-size: 12pt; font-family: &#39;Times New Roman&#39;\"><font color=\"#000000\"><\/font><\/span>&nbsp; <\/p>\n<p style=\"margin: 0cm 0cm 0pt\" class=\"NoSpacing\"><span style=\"font-size: 12pt; font-family: &#39;Times New Roman&#39;\"><font color=\"#000000\"><span>&nbsp;&nbsp;&nbsp;&nbsp;&nbsp;&nbsp;&nbsp;&nbsp;&nbsp;&nbsp;&nbsp; <\/span>Bir zamanlar, bir yerde b&uuml;t&uuml;n sakinleri k&ouml;r olan bir k&ouml;y varm\u0131\u015f. G&ouml;zleri yokmu\u015f ama, elleri, burunlar\u0131, kulaklar\u0131 &ccedil;ok hassasm\u0131\u015f.<\/font><\/span><\/p>\n<p><span style=\"font-size: 12pt; font-family: &#39;Times New Roman&#39;\"><font color=\"#000000\"><\/font><\/span>&nbsp; <\/p>\n<p style=\"margin: 0cm 0cm 0pt\" class=\"NoSpacing\"><span style=\"font-size: 12pt; font-family: &#39;Times New Roman&#39;\"><font color=\"#000000\"><span>&nbsp;&nbsp;&nbsp;&nbsp;&nbsp;&nbsp;&nbsp;&nbsp;&nbsp;&nbsp;&nbsp; <\/span>G&uuml;n&uuml;n birinde tek g&ouml;zl&uuml; birinin yolu bu k&ouml;ye d&uuml;\u015fm&uuml;\u015f. K&ouml;rler &uuml;lkesinde \u015fa\u015f\u0131lar kral olur deyip, k&ouml;ye yerle\u015fmeye karar vermi\u015f. Gel zaman git zaman, bir g&uuml;n, bir k&ouml;r di\u011ferinin mal\u0131n\u0131 a\u015f\u0131rm\u0131\u015f. Sadece tek g&ouml;zl&uuml; adam g&ouml;rm&uuml;\u015f. &ldquo;Filanca, falancan\u0131n mal\u0131n\u0131 &ccedil;ald\u0131 &ldquo; diye uyarm\u0131\u015f insanlar\u0131. K&ouml;rler, &ldquo;Nerden biliyorsun, o kadar uzaktan duyulmaz ki.&rdquo; demi\u015fler. &ldquo;Ben duymad\u0131m, g&ouml;rd&uuml;m, g&ouml;z&uuml;m var benim.&rdquo; diye yan\u0131tlam\u0131\u015f adam. K&ouml;rler g&ouml;z diye, g&ouml;rmek diye bir \u015fey bilmiyorlarm\u0131\u015f. &ldquo;Ne demek g&ouml;rmek&rdquo; demi\u015fler, &ldquo;Nas\u0131l g&ouml;r&uuml;yorsun yani, duyulmayacak uzakl\u0131ktan anl\u0131yor musun ne olup bitti\u011fini?&rdquo;. &ldquo;Anl\u0131yorum&rdquo; demi\u015f adam. \u0130nanmam\u0131\u015f k&ouml;rler ve imtihan etmeye karar vermi\u015fler tek g&ouml;zl&uuml; adam\u0131. Uzak&ccedil;a bir yere g&ouml;t&uuml;rm&uuml;\u015fler, biliyorlarm\u0131\u015f o uzakl\u0131ktan hi&ccedil;bir \u015feyin i\u015fitilemeyece\u011fini. &ldquo;Anlat bakal\u0131m biz ne yap\u0131yoruz?&#8230;&rdquo;. &ldquo;Oturuyorsunuz, konu\u015fuyorsunuz.&rdquo; K&ouml;rler evin i&ccedil;ine girmi\u015f, yine sormu\u015flar: &rdquo;\u015eimdi ne yap\u0131yoruz?&rdquo; Adam, &ldquo;\u0130&ccedil;eri girdiniz, g&ouml;remiyorum.&rdquo; demi\u015f. K&ouml;rler \u015fa\u015f\u0131rm\u0131\u015flar, elli santim fark etti, neden bilemiyorsun ki?. Ben duymuyorum, g&ouml;r&uuml;yorum dediyse de adam, anlatamam\u0131\u015f k&ouml;rlere. &ldquo;Sen de bir bozukluk var, hekime muayene ettirece\u011fiz seni.&rdquo; demi\u015fler.<\/font><\/span><\/p>\n<p><span style=\"font-size: 12pt; font-family: &#39;Times New Roman&#39;\"><font color=\"#000000\"><\/font><\/span>&nbsp; <\/p>\n<p style=\"margin: 0cm 0cm 0pt\" class=\"NoSpacing\"><span style=\"font-size: 12pt; font-family: &#39;Times New Roman&#39;\"><font color=\"#000000\"><span>&nbsp;&nbsp;&nbsp;&nbsp;&nbsp;&nbsp;&nbsp;&nbsp;&nbsp;&nbsp;&nbsp; <\/span>Adam\u0131 yaka pa&ccedil;a k&ouml;y&uuml;n k&ouml;r hekimine g&ouml;t&uuml;rm&uuml;\u015fler. Hekim parmaklar\u0131yla muayene ederken eli adam\u0131n g&ouml;z&uuml;ne denk gelmi\u015f. &ldquo;Buldum, bozukluk burada, ben \u015fimdi hallederim onu!&rdquo;<\/font><\/span><\/p>\n<p><span style=\"font-size: 12pt; font-family: &#39;Times New Roman&#39;\"><font color=\"#000000\"><\/font><\/span>&nbsp; <\/p>\n<p style=\"margin: 0cm 0cm 0pt\" class=\"NoSpacing\"><span style=\"font-size: 12pt; font-family: &#39;Times New Roman&#39;\"><font color=\"#000000\"><span>&nbsp;&nbsp;&nbsp;&nbsp;&nbsp;&nbsp;&nbsp;&nbsp;&nbsp;&nbsp;&nbsp; <\/span>K\u0131ssan\u0131n hissesi, k&ouml;rler g&ouml;renleri anlayamazlar. Sa&ccedil;mal\u0131yor san\u0131rlar ve onu da d&uuml;zeltip kendilerine benzetmek i&ccedil;in g&ouml;zlerini &ccedil;\u0131karmaya u\u011fra\u015f\u0131rlar.<\/font><\/span><\/p>\n<p><span style=\"font-size: 12pt; font-family: &#39;Times New Roman&#39;\"><font color=\"#000000\"><\/font><\/span>&nbsp; <\/p>\n<p style=\"margin: 0cm 0cm 0pt\" class=\"NoSpacing\"><span style=\"font-size: 12pt; font-family: &#39;Times New Roman&#39;\"><font color=\"#000000\"><span>&nbsp;&nbsp;&nbsp;&nbsp;&nbsp;&nbsp;&nbsp;&nbsp;&nbsp;&nbsp;&nbsp; <\/span>\u015eimdilerde kimseye, b\u0131rak\u0131n k&ouml;r demeyi, se&ccedil;imin yanl\u0131\u015f bile demeye gelmiyor, yap\u0131\u015ft\u0131r\u0131yorlar aln\u0131na demokrasi d&uuml;\u015fman\u0131 damgas\u0131n\u0131. Neyse ki toplumun t&uuml;m kurumlar\u0131 orta&ccedil;a\u011fa do\u011fru rahvan giderken, demokrasi ancak 1800&rsquo;l&uuml; y\u0131llara gidebiliyor, ge&ccedil;mi\u015fi o kadar. &Ccedil;o\u011funluk diktat&ouml;rl&uuml;\u011f&uuml;nden &ouml;tesi yok. Mecbur o y\u0131llarda ineceksiniz demokrasi tranvay\u0131ndan, bir ikiy&uuml;z y\u0131lda yayan y&uuml;r&uuml;yeceksiniz.Ver elini orta&ccedil;a\u011f! <\/font><\/span><\/p>\n<p><span style=\"font-size: 12pt; font-family: &#39;Times New Roman&#39;\"><font color=\"#000000\"><\/font><\/span>&nbsp; <\/p>\n<p style=\"margin: 0cm 0cm 0pt\" class=\"NoSpacing\"><span style=\"font-size: 12pt; font-family: &#39;Times New Roman&#39;\"><font color=\"#000000\"><span>&nbsp;&nbsp;&nbsp;&nbsp;&nbsp;&nbsp;&nbsp;&nbsp;&nbsp;&nbsp;&nbsp; <\/span>Demokrasi rivayetlerimiz de muhtelif. Kimi say\u0131l\u0131 Cumhuriyet&ccedil;iler&rsquo;e ve de solcu eskisine g&ouml;re, \u0131l\u0131ml\u0131 \u0130slam&rsquo;a, &ldquo;Sevr&rdquo; ko\u015fullar\u0131na y&ouml;nelik yollar\u0131 a&ccedil;ma &ouml;zg&uuml;rl&uuml;\u011f&uuml;. Ya da Atat&uuml;rk T&uuml;rkiyesi&rsquo;ne rahmet okuma &ouml;zg&uuml;rl&uuml;\u011f&uuml;.<\/font><\/span><\/p>\n<p><span style=\"font-size: 12pt; font-family: &#39;Times New Roman&#39;\"><font color=\"#000000\"><\/font><\/span>&nbsp; <\/p>\n<p style=\"margin: 0cm 0cm 0pt\" class=\"NoSpacing\"><span style=\"font-size: 12pt; font-family: &#39;Times New Roman&#39;\"><font color=\"#000000\"><span>&nbsp;&nbsp;&nbsp;&nbsp;&nbsp;&nbsp;&nbsp;&nbsp;&nbsp;&nbsp;&nbsp; <\/span>Bir de &ldquo;Evren Pa\u015fa sendromu&rdquo; ile acayip antimilitaristiz. Bir asker, d&uuml;nya yuvarlakt\u0131r dese, &ouml;k&uuml;z&uuml;n boynuzlar\u0131ndan yanay\u0131z, bir emekli asker bir derne\u011fe ba\u015fkan oldumuydu a\u011fz\u0131yla ku\u015f tutsa kar\u015f\u0131y\u0131z, elinde bayrak, Atat&uuml;rk Cumhuriyeti&rsquo;ne sahip &ccedil;\u0131kanlar\u0131 darbeci ilan ederiz, hatta emperyalizmle ter&ouml;r&uuml; yan yana koymakta zorland\u0131\u011f\u0131m\u0131z bile olur!<\/font><\/span><\/p>\n<p><span style=\"font-size: 12pt; font-family: &#39;Times New Roman&#39;\"><font color=\"#000000\"><\/font><\/span>&nbsp; <\/p>\n<p style=\"margin: 0cm 0cm 0pt\" class=\"NoSpacing\"><span style=\"font-size: 12pt; font-family: &#39;Times New Roman&#39;\"><font color=\"#000000\"><span>&nbsp;&nbsp;&nbsp;&nbsp;&nbsp;&nbsp;&nbsp;&nbsp;&nbsp;&nbsp;&nbsp; <\/span>Pa\u015fa, &uuml;lkeyi, onlarca insan\u0131 telef etti\u011fi gibi, psikolojimizi de bozdu. G&uuml;nahlar da\u011f gibi olunca, kimileri s\u0131ralamaya bile giremeyebiliyor!<\/font><\/span><\/p>\n<p><span style=\"font-size: 12pt; font-family: &#39;Times New Roman&#39;\"><font color=\"#000000\"><\/font><\/span>&nbsp; <\/p>\n<p style=\"margin: 0cm 0cm 0pt\" class=\"NoSpacing\"><span style=\"font-size: 12pt; font-family: &#39;Times New Roman&#39;\"><font color=\"#000000\"><span>&nbsp;&nbsp;&nbsp;&nbsp;&nbsp;&nbsp;&nbsp;&nbsp;&nbsp;&nbsp;&nbsp; <\/span>Ha, bir de eski solculukla, etnik milliyet&ccedil;ili\u011fi kar\u0131\u015ft\u0131ranlar var ki, bu mutlu birliktelikten, ikinci cumhuriyet&ccedil;ili\u011fe &ccedil;alan bir nurtopu d&uuml;nyaya geliyor. Ne diyelim, Tanr\u0131 kimsenin kafas\u0131n\u0131 kar\u0131\u015ft\u0131rmas\u0131n!<\/font><\/span><\/p>\n<p><span style=\"font-size: 12pt; font-family: &#39;Times New Roman&#39;\"><font color=\"#000000\"><\/font><\/span>&nbsp; <\/p>\n<p style=\"margin: 0cm 0cm 0pt\" class=\"NoSpacing\"><span style=\"font-size: 12pt; font-family: &#39;Times New Roman&#39;\"><font color=\"#000000\"><span>&nbsp;&nbsp;&nbsp;&nbsp;&nbsp;&nbsp;&nbsp;&nbsp;&nbsp;&nbsp;&nbsp; <\/span>Milletvekilimiz Ay\u015fe T&uuml;rkmeno\u011flu, mazbatas\u0131n\u0131 almaya zikirmatikle gelmi\u015f, &ldquo;Allah&rsquo;\u0131n 99 ismini &ccedil;ekiyorum, s&uuml;rekli dua ediyorum&rdquo; demi\u015f. Allah kabul etsin! \u0130zmirli Muhammed Emre G&uuml;le&ccedil; adl\u0131 bir delikanl\u0131, &uuml;zerindeki b&uuml;y&uuml;y&uuml; &ccedil;&ouml;zmeyen imam Halil Kurnaz&rsquo;\u0131 &ccedil;ok fena d&ouml;vm&uuml;\u015f.<\/font><\/span><\/p>\n<p><span style=\"font-size: 12pt; font-family: &#39;Times New Roman&#39;\"><font color=\"#000000\"><\/font><\/span>&nbsp; <\/p>\n<p style=\"margin: 0cm 0cm 0pt\" class=\"NoSpacing\"><span style=\"font-size: 12pt; font-family: &#39;Times New Roman&#39;\"><font color=\"#000000\"><span>&nbsp;&nbsp;&nbsp;&nbsp;&nbsp;&nbsp;&nbsp;&nbsp;&nbsp;&nbsp;&nbsp; <\/span>Kimi kendini bilmezler, &uuml;lkede sivil darbe yap\u0131l\u0131yor, diyorlarm\u0131\u015f da kimseler inanm\u0131yormu\u015f. &ldquo;B&uuml;y&uuml;k Ortado\u011fu Projesi&rdquo; kesmemi\u015f, &ldquo;Geni\u015fletilmi\u015f B&uuml;y&uuml;k Ortado\u011fu Projesi&rdquo; hayata ge&ccedil;iriliyormu\u015f.<\/font><\/span><\/p>\n<p><span style=\"font-size: 12pt; font-family: &#39;Times New Roman&#39;\"><font color=\"#000000\"><\/font><\/span>&nbsp; <\/p>\n<p style=\"margin: 0cm 0cm 0pt\" class=\"NoSpacing\"><span style=\"font-size: 12pt; font-family: &#39;Times New Roman&#39;\"><font color=\"#000000\"><span>&nbsp;&nbsp;&nbsp;&nbsp;&nbsp;&nbsp;&nbsp;&nbsp;&nbsp;&nbsp;&nbsp; <\/span>Hem b&uuml;y&uuml;k, hem geni\u015f, bize yak\u0131\u015fan\u0131 da bu!<\/font><\/span><\/p>\n<p><span style=\"font-size: 12pt; font-family: &#39;Times New Roman&#39;\"><font color=\"#000000\"><\/font><\/span>&nbsp; <\/p>\n<p style=\"margin: 0cm 0cm 0pt\" class=\"NoSpacing\"><span style=\"font-size: 12pt; font-family: &#39;Times New Roman&#39;\"><font color=\"#000000\"><span>&nbsp;&nbsp;&nbsp;&nbsp;&nbsp;&nbsp;&nbsp;&nbsp;&nbsp;&nbsp;&nbsp; <\/span>Dald\u0131k yine &uuml;lke sorunlar\u0131na. Biraz da &uuml;&ccedil; vakte kadar ger&ccedil;ek-le\u015ftirece\u011fimiz T.E.B. kongremizle ilgili kafa yoral\u0131m.<\/font><\/span><\/p>\n<p><span style=\"font-size: 12pt; font-family: &#39;Times New Roman&#39;\"><font color=\"#000000\"><\/font><\/span>&nbsp; <\/p>\n<p style=\"margin: 0cm 0cm 0pt\" class=\"NoSpacing\"><span style=\"font-size: 12pt; font-family: &#39;Times New Roman&#39;\"><font color=\"#000000\"><span>&nbsp;&nbsp;&nbsp;&nbsp;&nbsp;&nbsp;&nbsp;&nbsp;&nbsp;&nbsp;&nbsp; <\/span>Sab\u0131k ba\u015fkan\u0131m\u0131z\u0131 milletvekili yapt\u0131k, Allah&rsquo;a \u015f&uuml;k&uuml;rler olsun! Bu vesileyle ben de ne denli sevilen bir kul oldu\u011fumu fark ettim. &Ccedil;.E.D. web sitesindeki yaz\u0131mda<span>&nbsp; <\/span>(yaz\u0131 genel merkezimizin dergisinde de &ccedil;\u0131km\u0131\u015ft\u0131 ama yar\u0131s\u0131n\u0131 unutmu\u015flard\u0131) &ldquo;&hellip;. O da olmazsa, son &ccedil;are ba\u015fkan i&ccedil;in milletvekili duas\u0131na &ccedil;\u0131kmak! Hangi partiden diye sormay\u0131n, rahat olun. Ya\u015famayaca\u011f\u0131 tek sorun uyum sorunudur.&rdquo; demi\u015ftim. Dualar\u0131m tuttu. Ancak Doma&ccedil;&rsquo;\u0131n kurdu\u011fu d&uuml;zen, yeni versiyon Doma&ccedil;&rsquo;lar &uuml;retmeye programland\u0131\u011f\u0131ndan, durum vehametini s&uuml;rd&uuml;r&uuml;yor. Ayr\u0131ca T.E.B. Haberler&rsquo;deki son yaz\u0131s\u0131n\u0131 okuyunca bir tedirgin oldum ki, sormay\u0131n. &ldquo;Eminim sizlerle de yolumuz mutlaka kesi\u015fecek&rdquo; diyor. Eyvah ki eyvah!<\/font><\/span><\/p>\n<p><span style=\"font-size: 12pt; font-family: &#39;Times New Roman&#39;\"><font color=\"#000000\"><\/font><\/span>&nbsp; <\/p>\n<p style=\"margin: 0cm 0cm 0pt\" class=\"NoSpacing\"><span style=\"font-size: 12pt; font-family: &#39;Times New Roman&#39;\"><font color=\"#000000\"><span>&nbsp;&nbsp;&nbsp;&nbsp;&nbsp;&nbsp;&nbsp;&nbsp;&nbsp;&nbsp;&nbsp; <\/span>&ldquo;Ya\u015famda en ger&ccedil;ek yol g&ouml;stericinin bilim oldu\u011funu bir an bile akl\u0131n\u0131zdan &ccedil;\u0131karmay\u0131n&rdquo; demi\u015f. Ancak, abdest suyunun alyuvarlar\u0131 artt\u0131rmas\u0131 konusuna bir a&ccedil;\u0131klama getirmemi\u015f!<\/font><\/span><\/p>\n<p><span style=\"font-size: 12pt; font-family: &#39;Times New Roman&#39;\"><font color=\"#000000\"><\/font><\/span>&nbsp; <\/p>\n<p style=\"margin: 0cm 0cm 0pt\" class=\"NoSpacing\"><span style=\"font-size: 12pt; font-family: &#39;Times New Roman&#39;\"><font color=\"#000000\"><span>&nbsp;&nbsp;&nbsp;&nbsp;&nbsp;&nbsp;&nbsp;&nbsp;&nbsp;&nbsp;&nbsp; <\/span>Hakk\u0131n\u0131 da yemeyeyim, sap\u0131na kadar bir do\u011fru da s&ouml;ylemi\u015f:&rdquo;Ne yap\u0131yor olursan\u0131z olun tam yap\u0131n, ne olacaksan\u0131z tam olun.&rdquo; Yani d&ouml;nmeye karar verdiyseniz tam d&ouml;neceksiniz, radikal soldan, teokrasiye! Helal olsun ba\u015fkan\u0131ma, ne yaparsa tam yapar, verir hakk\u0131n\u0131!<\/font><\/span><\/p>\n<p><span style=\"font-size: 12pt; font-family: &#39;Times New Roman&#39;\"><font color=\"#000000\"><\/font><\/span>&nbsp; <\/p>\n<p style=\"margin: 0cm 0cm 0pt\" class=\"NoSpacing\"><span style=\"font-size: 12pt; font-family: &#39;Times New Roman&#39;\"><font color=\"#000000\"><span>&nbsp;&nbsp;&nbsp;&nbsp;&nbsp;&nbsp;&nbsp;&nbsp;&nbsp;&nbsp;&nbsp; <\/span>Nutkunun i&ccedil;ine iki tutam da demokrasi koymu\u015f, tatland\u0131r\u0131lm\u0131\u015f. &ldquo;\u0130ki kap\u0131l\u0131 eczane y&ouml;netmeli\u011fi&rdquo; ile &ldquo;Novogenix&rdquo;in sat\u0131\u015f\u0131ndan s&ouml;z etmemi\u015f, acaba ellerde ayaklarda &ccedil;arp\u0131lma ya da g&ouml;zlerde kayma falan hissetmi\u015f midir? \u0130\u015fin o taraf\u0131n\u0131 yazmam\u0131\u015f!<\/font><\/span><\/p>\n<p><span style=\"font-size: 12pt; font-family: &#39;Times New Roman&#39;\"><font color=\"#000000\"><\/font><\/span>&nbsp; <\/p>\n<p style=\"margin: 0cm 0cm 0pt\" class=\"NoSpacing\"><span style=\"font-size: 12pt; font-family: &#39;Times New Roman&#39;\"><font color=\"#000000\"><span>&nbsp;&nbsp;&nbsp;&nbsp;&nbsp;&nbsp;&nbsp;&nbsp;&nbsp;&nbsp;&nbsp; <\/span>Eski Sovyetler Birli\u011fi&rsquo;nde, &ouml;nceki liderlere lakap takmak adetmi\u015f. Stalin&rsquo;e, Kru\u015f&ccedil;ef&rsquo;e ve Brejnev&rsquo;e sormu\u015flar, yolda\u015f hangi lakapla an\u0131lmak istersin diye. Stalin, bana &ldquo;Kar\u0131nca ezmez&rdquo; deyin demi\u015f, Kru\u015f&ccedil;ef &ldquo;lepiska sa&ccedil;l\u0131&rdquo;y\u0131, Brejnev &ldquo;adil Brejnev&rdquo;i se&ccedil;mi\u015f. Bizim eski ba\u015fkana sorsak ne yan\u0131t al\u0131rd\u0131k diye d&uuml;\u015f&uuml;nd&uuml;m. \u0130lkeli Mehmet mi, demokrat Mehmet mi, delikanl\u0131 Mehmet mi? Hodri meydan hayal g&uuml;c&uuml;n&uuml;ze!<\/font><\/span><\/p>\n<p><span style=\"font-size: 12pt; font-family: &#39;Times New Roman&#39;\"><font color=\"#000000\"><\/font><\/span>&nbsp; <\/p>\n<p style=\"margin: 0cm 0cm 0pt\" class=\"NoSpacing\"><span style=\"font-size: 12pt; font-family: &#39;Times New Roman&#39;\"><font color=\"#000000\"><span>&nbsp;&nbsp;&nbsp;&nbsp;&nbsp;&nbsp;&nbsp;&nbsp;&nbsp;&nbsp;&nbsp; <\/span>S\u0131cak bir yaz g&uuml;n&uuml;, alt\u0131n kumlu bir sahil ve bo\u011fulmak &uuml;zere olan bir g&uuml;zel k\u0131z. K\u0131z y&uuml;zmeyi iyi bildi\u011fini san\u0131yormu\u015f da yan\u0131l\u0131yormu\u015f. Biraz fazlaca a&ccedil;\u0131l\u0131nca, geri d&ouml;nmeyi ba\u015faramam\u0131\u015f, bo\u011fuldu, bo\u011fulacak.<\/font><\/span><\/p>\n<p><span style=\"font-size: 12pt; font-family: &#39;Times New Roman&#39;\"><font color=\"#000000\"><\/font><\/span>&nbsp; <\/p>\n<p style=\"margin: 0cm 0cm 0pt\" class=\"NoSpacing\"><span style=\"font-size: 12pt; font-family: &#39;Times New Roman&#39;\"><font color=\"#000000\"><span>&nbsp;&nbsp;&nbsp;&nbsp;&nbsp;&nbsp;&nbsp;&nbsp;&nbsp;&nbsp;&nbsp; <\/span>Plaj\u0131n b\u0131&ccedil;k\u0131n can kurtaran\u0131, olay\u0131 g&ouml;r&uuml;r g&ouml;rmez atlam\u0131\u015f motoruna, gitmi\u015f k\u0131z\u0131 kurtarmaya. Alm\u0131\u015f azg\u0131n dalgalar\u0131n aras\u0131ndan k\u0131y\u0131ya &ccedil;\u0131karm\u0131\u015f, ancak bir s&uuml;re ge&ccedil;ince ba\u015flam\u0131\u015f \u0131rz\u0131na ge&ccedil;meye.<\/font><\/span><\/p>\n<p><span style=\"font-size: 12pt; font-family: &#39;Times New Roman&#39;\"><font color=\"#000000\"><\/font><\/span>&nbsp; <\/p>\n<p style=\"margin: 0cm 0cm 0pt\" class=\"NoSpacing\"><span style=\"font-size: 12pt; font-family: &#39;Times New Roman&#39;\"><font color=\"#000000\"><span>&nbsp;&nbsp;&nbsp;&nbsp;&nbsp;&nbsp;&nbsp;&nbsp;&nbsp;&nbsp;&nbsp; <\/span>&Ccedil;evredekiler m&uuml;dahale etmi\u015fler.<\/font><\/span><\/p>\n<p><span style=\"font-size: 12pt; font-family: &#39;Times New Roman&#39;\"><font color=\"#000000\"><\/font><\/span>&nbsp; <\/p>\n<p style=\"margin: 0cm 0cm 0pt\" class=\"NoSpacing\"><span style=\"font-size: 12pt; font-family: &#39;Times New Roman&#39;\"><font color=\"#000000\"><span>&nbsp;&nbsp;&nbsp;&nbsp;&nbsp;&nbsp;&nbsp;&nbsp;&nbsp;&nbsp;&nbsp; <\/span>&#8211; Utanm\u0131yormusun yapt\u0131\u011f\u0131na, zavall\u0131 k\u0131z\u0131 kurtarman, sunni teneff&uuml;s yapt\u0131rman gerekirken \u0131rz\u0131na ge&ccedil;meye kalkt\u0131n.<\/font><\/span><\/p>\n<p><span style=\"font-size: 12pt; font-family: &#39;Times New Roman&#39;\"><font color=\"#000000\"><\/font><\/span>&nbsp; <\/p>\n<p style=\"margin: 0cm 0cm 0pt\" class=\"NoSpacing\"><span style=\"font-size: 12pt; font-family: &#39;Times New Roman&#39;\"><font color=\"#000000\"><span>&nbsp;&nbsp;&nbsp;&nbsp;&nbsp;&nbsp;&nbsp;&nbsp;&nbsp;&nbsp;&nbsp; <\/span>&#8211; Vallahi bende suni teneff&uuml;s yapt\u0131r\u0131p k\u0131z\u0131 kurtarmak niyetindeydim, hatta suni teneff&uuml;se ba\u015flam\u0131\u015ft\u0131m ki, ne oldu\u011funu anlamadan bir bakt\u0131mki bu haldeyim.<\/font><\/span><\/p>\n<p><span style=\"font-size: 12pt; font-family: &#39;Times New Roman&#39;\"><font color=\"#000000\"><\/font><\/span>&nbsp; <\/p>\n<p style=\"margin: 0cm 0cm 0pt\" class=\"NoSpacing\"><span style=\"font-size: 12pt; font-family: &#39;Times New Roman&#39;\"><font color=\"#000000\"><span>&nbsp;&nbsp;&nbsp;&nbsp;&nbsp;&nbsp;&nbsp;&nbsp;&nbsp;&nbsp;&nbsp; <\/span>G&uuml;zel k\u0131z\u0131 &uuml;lke veya meslek, cankurtaran\u0131 da y&ouml;neticilerimiz olarak d&uuml;\u015f&uuml;n&uuml;n. Ne yapmas\u0131 gerekirdi de ne yapt\u0131 cankurtaran? K\u0131z\u0131 kurtarmaya giderken niyeti ba\u015ftan m\u0131 k&ouml;t&uuml;yd&uuml;, ya da suni teneff&uuml;s yapt\u0131r\u0131rken \u015feytana m\u0131 uydu? Neden g&ouml;revini gerekti\u011fi gibi yapmad\u0131? Peki b&ouml;ylesine so-runlu birini kim cankurta-ranl\u0131\u011fa se&ccedil;ti? &Uuml;lke y&ouml;neti-mimizin cankurtaranlar\u0131, siyasi partiler yasam\u0131z ve partilerimizdeki anti demokratik yap\u0131 nedeniyle pe\u015finen k&ouml;t&uuml; niyetlilerle, sonradan \u015feytana uyanlar\u0131n &ccedil;o\u011funlu\u011fundan olu\u015fuyor. K\u0131z\u0131m\u0131z\u0131n durumu malumunuz!<\/font><\/span><\/p>\n<p><span style=\"font-size: 12pt; font-family: &#39;Times New Roman&#39;\"><font color=\"#000000\"><\/font><\/span>&nbsp; <\/p>\n<p style=\"margin: 0cm 0cm 0pt\" class=\"NoSpacing\"><span style=\"font-size: 12pt; font-family: &#39;Times New Roman&#39;\"><font color=\"#000000\"><span>&nbsp;&nbsp;&nbsp;&nbsp;&nbsp;&nbsp;&nbsp;&nbsp;&nbsp;&nbsp;&nbsp; <\/span>Ya mesle\u011fimizin can kurtaranlar\u0131, g&uuml;zel k\u0131z\u0131m\u0131za neden bu kadar ac\u0131mas\u0131zlar. Acaba k\u0131y\u0131ya &ccedil;\u0131kard\u0131ktan sonra ne yapacaklar\u0131n\u0131 bilmiyorlar, yada onlara birileri yanl\u0131\u015f &ouml;\u011fretti de yapt\u0131klar\u0131n\u0131n fark\u0131nda m\u0131 de\u011filler?<\/font><\/span><\/p>\n<p><span style=\"font-size: 12pt; font-family: &#39;Times New Roman&#39;\"><font color=\"#000000\"><\/font><\/span>&nbsp; <\/p>\n<p style=\"margin: 0cm 0cm 0pt\" class=\"NoSpacing\"><span style=\"font-size: 12pt; font-family: &#39;Times New Roman&#39;\"><font color=\"#000000\"><span>&nbsp;&nbsp;&nbsp;&nbsp;&nbsp;&nbsp;&nbsp;&nbsp;&nbsp;&nbsp;&nbsp; <\/span>Bu sorunun yan\u0131t\u0131na her d&uuml;zeydeki y&ouml;neticilerimiz, hatta onlardan da &ouml;nce sevgili meslekta\u015flar\u0131m\u0131z kafa yoracaklar ki, k\u0131z\u0131 k&ouml;t&uuml; yola d&uuml;\u015f&uuml;rmeyelim!<\/font><\/span><\/p>\n<p><span style=\"font-size: 12pt; font-family: &#39;Times New Roman&#39;\"><font color=\"#000000\"><\/font><\/span>&nbsp; <\/p>\n<p style=\"margin: 0cm 0cm 0pt\" class=\"NoSpacing\"><span style=\"font-size: 12pt; font-family: &#39;Times New Roman&#39;\"><font color=\"#000000\"><span>&nbsp;&nbsp;&nbsp;&nbsp;&nbsp;&nbsp;&nbsp;&nbsp;&nbsp;&nbsp;&nbsp; <\/span>Oda &uuml;yelerimiz yerel cankurtaranlar\u0131n\u0131 se&ccedil;tiler, onlar da en b&uuml;y&uuml;k cankurtaranlar\u0131 se&ccedil;ecekler. G&uuml;zel k\u0131z kurtulur mu, yanl\u0131\u015f m&uuml;dahaleden &ouml;l&uuml;r m&uuml;, k&ouml;t&uuml; yola m\u0131 d&uuml;\u015fer g&ouml;rece\u011fiz. Dilerim, meslek b&uuml;y&uuml;klerimiz &ldquo;nede g&uuml;zel k\u0131z d\u0131, nede kara baht\u0131 varm\u0131\u015f&rdquo; deyip arkas\u0131ndan g&ouml;zya\u015f\u0131 d&ouml;kmezler!<\/font><\/span><\/p>\n<p><span style=\"font-size: 12pt; font-family: &#39;Times New Roman&#39;\"><font color=\"#000000\"><\/font><\/span>&nbsp; <\/p>\n<p style=\"margin: 0cm 0cm 0pt\" class=\"NoSpacing\"><span style=\"font-size: 12pt; font-family: &#39;Times New Roman&#39;\"><font color=\"#000000\"><span>&nbsp;&nbsp;&nbsp;&nbsp;&nbsp;&nbsp;&nbsp;&nbsp;&nbsp;&nbsp;&nbsp; <\/span>Tabi &ldquo;bu &uuml;lkeyi, bu mesle\u011fi ben mi kurtaraca\u011f\u0131m, ne halleri varsa g&ouml;rs&uuml;nler, hatta beter olsunlar&rdquo; deyip, depolitize olma &ouml;zg&uuml;rl&uuml;\u011f&uuml;n&uuml;z&uuml; de kullana-bilirsiniz! Hatta rahat&ccedil;a depolitize olmak i&ccedil;in, m&uuml;zikli klozet kapaklar\u0131 piyasaya verilmi\u015f, kapa\u011f\u0131 a&ccedil;\u0131nca, klasik, caz, arabesk&#8230; istedi\u011finizi dinleyebiliyormu\u015fsunuz, bu mucizevi aletten de yararlanabilirsiniz! Mesle\u011fimizin &uuml;zerinde M&uuml;sl&uuml;m babay\u0131 dinleyip, ac\u0131l\u0131 bir te\u015fa\u015f&uuml;r ne zevkli olur kimbilir!<\/font><\/span><\/p>\n<p><span style=\"font-size: 12pt; font-family: &#39;Times New Roman&#39;\"><font color=\"#000000\"><\/font><\/span>&nbsp; <\/p>\n<p style=\"margin: 0cm 0cm 0pt\" class=\"NoSpacing\"><span style=\"font-size: 12pt; font-family: &#39;Times New Roman&#39;\"><font color=\"#000000\"><span>&nbsp;&nbsp;&nbsp;&nbsp;&nbsp;&nbsp;&nbsp;&nbsp;&nbsp;&nbsp;&nbsp; <\/span>Vallahi benimkisi de ho\u015fluk, elalemin namus bek&ccedil;ili\u011fine soyunmak bana m\u0131 d&uuml;\u015ft&uuml;!<\/font><\/span><\/p>\n<p><span style=\"font-size: 12pt; font-family: &#39;Times New Roman&#39;\"><font color=\"#000000\"><\/font><\/span>&nbsp; <\/p>\n<p style=\"margin: 0cm 0cm 0pt\" class=\"NoSpacing\"><span style=\"font-size: 12pt; font-family: &#39;Times New Roman&#39;\"><font color=\"#000000\"><span>&nbsp;&nbsp;&nbsp;&nbsp;&nbsp;&nbsp;&nbsp;&nbsp;&nbsp;&nbsp;&nbsp; <\/span>Yeni bir d&ouml;nem, yeni bir T.E.B. yap\u0131lanmas\u0131.. Sa\u011fl\u0131kl\u0131 bir yap\u0131lanma m&uuml;mk&uuml;n m&uuml;, ya da ne kadar m&uuml;mk&uuml;n? Birli\u011fin s\u0131n\u0131rs\u0131z ekonomik kaynaklar\u0131yla, otel odalar\u0131nda makam da\u011f\u0131tarak, odalar\u0131 odala-ra, ki\u015fileri ki\u015filere k\u0131rd\u0131rarak y&ouml;netim olu\u015fturma y&ouml;nte-mini a\u015fmak, kolay zanaat de\u011fil. Daha da k&ouml;t&uuml;s&uuml;, bir&ccedil;o\u011fumuz ,&ouml;rg&uuml;te g&ouml;z&uuml;m&uuml;z&uuml; a&ccedil;t\u0131\u011f\u0131m\u0131zdan beri ayn\u0131s\u0131n\u0131 ya\u015fad\u0131\u011f\u0131m\u0131z i&ccedil;in, bu yoz sistemi, oyunun kural\u0131 san\u0131yoruz. Tabi&icirc; ki bu y&ouml;ntemde en uzman ki\u015filer, Doma&ccedil;&rsquo;\u0131n eski &ccedil;al\u0131\u015fma arkada\u015flar\u0131. Baz\u0131 oda y&ouml;neticilerimiz de, ulusal tak\u0131m olu\u015fturmak yerine, benden olsun, hatta ben olay\u0131m, &ccedil;amurdan olay\u0131m mant\u0131\u011f\u0131nda olunca, ben \u015fu sat\u0131rlar\u0131 yazarken bile, nerelerde ne pazarl\u0131klar yap\u0131l\u0131yordur, hayal bile edemiyorum.<\/font><\/span><\/p>\n<p><span style=\"font-size: 12pt; font-family: &#39;Times New Roman&#39;\"><font color=\"#000000\"><\/font><\/span>&nbsp; <\/p>\n<p style=\"margin: 0cm 0cm 0pt\" class=\"NoSpacing\"><span style=\"font-size: 12pt; font-family: &#39;Times New Roman&#39;\"><font color=\"#000000\"><span>&nbsp;&nbsp;&nbsp;&nbsp;&nbsp;&nbsp;&nbsp;&nbsp;&nbsp;&nbsp;&nbsp; <\/span>Peki bu denli a&ccedil;\u0131k, bu denli somut bir tabloyu g&ouml;rmemeyi nas\u0131l ba\u015farabiliyoruz?<\/font><\/span><\/p>\n<p><span style=\"font-size: 12pt; font-family: &#39;Times New Roman&#39;\"><font color=\"#000000\"><\/font><\/span>&nbsp; <\/p>\n<p style=\"margin: 0cm 0cm 0pt\" class=\"NoSpacing\"><span style=\"font-size: 12pt; font-family: &#39;Times New Roman&#39;\"><font color=\"#000000\"><span>&nbsp;&nbsp;&nbsp;&nbsp;&nbsp;&nbsp;&nbsp;&nbsp;&nbsp;&nbsp;&nbsp; <\/span>Meslek yok olma a\u015famas\u0131ndayken hangi d&uuml;\u015f&uuml;nceyle makam pazarl\u0131klar\u0131 yap\u0131yoruz?<\/font><\/span><\/p>\n<p><span style=\"font-size: 12pt; font-family: &#39;Times New Roman&#39;\"><font color=\"#000000\"><\/font><\/span>&nbsp; <\/p>\n<p style=\"margin: 0cm 0cm 0pt\" class=\"NoSpacing\"><span style=\"font-size: 12pt; font-family: &#39;Times New Roman&#39;\"><font color=\"#000000\"><span>&nbsp;&nbsp;&nbsp;&nbsp;&nbsp;&nbsp;&nbsp;&nbsp;&nbsp;&nbsp;&nbsp; <\/span>Meslek haklar\u0131m\u0131z\u0131n siyasi iktidarlara pe\u015fke\u015f &ccedil;ekildi\u011fi neredeyse k\u0131rm\u0131z\u0131 balmumlu belgelerle ortadayken, ayn\u0131 anlay\u0131\u015fa nas\u0131l destek verebiliyoruz?<\/font><\/span><\/p>\n<p><span style=\"font-size: 12pt; font-family: &#39;Times New Roman&#39;\"><font color=\"#000000\"><\/font><\/span>&nbsp; <\/p>\n<p style=\"margin: 0cm 0cm 0pt\" class=\"NoSpacing\"><span style=\"font-size: 12pt; font-family: &#39;Times New Roman&#39;\"><font color=\"#000000\"><span>&nbsp;&nbsp;&nbsp;&nbsp;&nbsp;&nbsp;&nbsp;&nbsp;&nbsp;&nbsp;&nbsp; <\/span>Ve bunlar\u0131 yaparken, S.U.T.&rsquo;dan B.U.T.&rsquo;dan, kar oranlar\u0131ndan, kabili ruc&uuml; ka\u015fesinden \u015fikayet etme hakk\u0131n\u0131 nas\u0131l olup da kendimizdes g&ouml;rebiliyoruz?<\/font><\/span><\/p>\n<p><span style=\"font-size: 12pt; font-family: &#39;Times New Roman&#39;\"><font color=\"#000000\"><\/font><\/span>&nbsp; <\/p>\n<p style=\"margin: 0cm 0cm 0pt\" class=\"NoSpacing\"><span style=\"font-size: 12pt; font-family: &#39;Times New Roman&#39;\"><font color=\"#000000\"><span>&nbsp;&nbsp;&nbsp;&nbsp;&nbsp;&nbsp;&nbsp;&nbsp;&nbsp;&nbsp;&nbsp; <\/span>Bir arkada\u015f\u0131m, niye garipsiyorsun, sigaran\u0131n &uuml;zerinde de &ldquo;&ouml;ld&uuml;r&uuml;r&rdquo; yaz\u0131yor ama herkes i&ccedil;iyor dedi. Bir d&uuml;\u015f&uuml;n&uuml;r de &ldquo;O g&uuml;ne kadar yapageldi\u011fi \u015feyleri yapmaya devam eden, fakat farkl\u0131 sonu&ccedil;lar bekleyen ki\u015fiye, akl\u0131ndan zoru var denir.&rdquo; saptamas\u0131n\u0131 yapm\u0131\u015f.<\/font><\/span><\/p>\n<p><span style=\"font-size: 12pt; font-family: &#39;Times New Roman&#39;\"><font color=\"#000000\"><\/font><\/span>&nbsp; <\/p>\n<p style=\"margin: 0cm 0cm 0pt\" class=\"NoSpacing\"><span style=\"font-size: 12pt; font-family: &#39;Times New Roman&#39;\"><font color=\"#000000\"><span>&nbsp;&nbsp;&nbsp;&nbsp;&nbsp;&nbsp;&nbsp;&nbsp;&nbsp;&nbsp;&nbsp; <\/span>Ya\u015fl\u0131 K\u0131z\u0131lderili reisi torunuyla oturmu\u015f, az &ouml;tede bo\u011fu\u015fan biri beyaz di\u011feri siyah iki k&ouml;pe\u011fi seyrediyorlarm\u0131\u015f. &Ccedil;ocuk kul&uuml;beyi korumak i&ccedil;in bir k&ouml;pe\u011fin yeterli oldu\u011funu ve neden birinin beyaz di\u011ferinin siyah oldu\u011funu merak edip sormu\u015f. Ya\u015fl\u0131 reis, &ldquo;onlar iyilik ve k&ouml;t&uuml;l&uuml;\u011f&uuml;n simgesidir. \u0130yilik ve k&ouml;t&uuml;l&uuml;k de i&ccedil;imizde s&uuml;rekli m&uuml;cadele eder durur, bunu d&uuml;\u015f&uuml;nd&uuml;\u011f&uuml;m i&ccedil;in onlar\u0131 yan\u0131mda tutar\u0131m&rdquo; diye yan\u0131tlam\u0131\u015f. &Ccedil;ocuk meraklanm\u0131\u015f, &ldquo;Peki sence hangisi kazan\u0131r bu m&uuml;cadeleyi?&rdquo;. Bilge reis g&uuml;l&uuml;msemi\u015f, &ldquo;Hangisi mi evlat, ben hangisini daha iyi beslersem.&rdquo;!<\/font><\/span><\/p>\n<p><span style=\"font-size: 12pt; font-family: &#39;Times New Roman&#39;\"><font color=\"#000000\"><\/font><\/span>&nbsp; <\/p>\n<p style=\"margin: 0cm 0cm 0pt\" class=\"NoSpacing\"><span style=\"font-size: 12pt; font-family: &#39;Times New Roman&#39;\"><font color=\"#000000\"><span>&nbsp;&nbsp;&nbsp;&nbsp;&nbsp;&nbsp;&nbsp;&nbsp;&nbsp;&nbsp;&nbsp; <\/span>Biz hangisini besliyoruz dersiniz?<\/font><\/span><\/p>\n<p><span style=\"font-size: 12pt; font-family: &#39;Times New Roman&#39;\"><font color=\"#000000\"><\/font><\/span>&nbsp; <\/p>\n<p style=\"margin: 0cm 0cm 0pt\" class=\"NoSpacing\"><span style=\"font-size: 12pt; font-family: &#39;Times New Roman&#39;\"><font color=\"#000000\"><span>&nbsp;&nbsp;&nbsp;&nbsp;&nbsp;&nbsp;&nbsp;&nbsp;&nbsp;&nbsp;&nbsp; <\/span>Y\u0131llard\u0131r, bir dolu insan, bir dolu yerde, yap\u0131lan yanl\u0131\u015fl\u0131klar\u0131, &ccedil;&ouml;z&uuml;m &ouml;nerilerini anlat\u0131p duruyoruz. <\/font><\/span><\/p>\n<p><span style=\"font-size: 12pt; font-family: &#39;Times New Roman&#39;\"><font color=\"#000000\"><\/font><\/span>&nbsp; <\/p>\n<p style=\"margin: 0cm 0cm 0pt\" class=\"NoSpacing\"><span style=\"font-size: 12pt; font-family: &#39;Times New Roman&#39;\"><font color=\"#000000\"><span>&nbsp;&nbsp;&nbsp;&nbsp;&nbsp;&nbsp;&nbsp;&nbsp;&nbsp;&nbsp;&nbsp; <\/span>Bunlar var ya bunlar, d&uuml;nya bunca h\u0131zla de\u011fi\u015firken, yerlerinde sayan dinozorlard\u0131r.<\/font><\/span><\/p>\n<p><span style=\"font-size: 12pt; font-family: &#39;Times New Roman&#39;\"><font color=\"#000000\"><\/font><\/span>&nbsp; <\/p>\n<p style=\"margin: 0cm 0cm 0pt\" class=\"NoSpacing\"><span style=\"font-size: 12pt; font-family: &#39;Times New Roman&#39;\"><font color=\"#000000\"><span>&nbsp;&nbsp;&nbsp;&nbsp;&nbsp;&nbsp;&nbsp;&nbsp;&nbsp;&nbsp;&nbsp; <\/span>Ahlakl\u0131 olmay\u0131, ilkeli olmay\u0131, s&ouml;z&uuml;n&uuml;n eri olmay\u0131, &ccedil;\u0131karc\u0131 olmamay\u0131, ihanetlere tepki g&ouml;stermeyi, inand\u0131klar\u0131 d&uuml;\u015f&uuml;nceler i&ccedil;in m&uuml;cadele etmeyi &ouml;neriyoruz insanlara. Hani b&ouml;yle olunca da dinozorlar\u0131 ve dinozorlu\u011fu seviyoruz haliyle. Cumhuriyet&rsquo;in &ldquo;Bilim Teknoloji&rdquo; ekinde, en k&uuml;&ccedil;&uuml;k dinozorun bile insandan iki misli h\u0131zl\u0131 oldu\u011funa dair bir haber vard\u0131. Bir k\u0131vand\u0131m, bir k\u0131vand\u0131m ki, sormay\u0131n!<\/font><\/span><\/p>\n<p><span style=\"font-size: 12pt; font-family: &#39;Times New Roman&#39;\"><font color=\"#000000\"><\/font><\/span>&nbsp; <\/p>\n<p style=\"margin: 0cm 0cm 0pt\" class=\"NoSpacing\"><span style=\"font-size: 12pt; font-family: &#39;Times New Roman&#39;\"><font color=\"#000000\"><span>&nbsp;&nbsp;&nbsp;&nbsp;&nbsp;&nbsp;&nbsp;&nbsp;&nbsp;&nbsp;&nbsp; <\/span>Asl\u0131nda k\u0131\u015f uykumuza devam edersek, zincir eczaneleri, ne Avrupa Birli\u011fi ne de siyasi iktidar de\u011fil, bizatihi biz, kendimiz getirece\u011fiz.<\/font><\/span><\/p>\n<p><span style=\"font-size: 12pt; font-family: &#39;Times New Roman&#39;\"><font color=\"#000000\"><\/font><\/span>&nbsp; <\/p>\n<p style=\"margin: 0cm 0cm 0pt\" class=\"NoSpacing\"><span style=\"font-size: 12pt; font-family: &#39;Times New Roman&#39;\"><font color=\"#000000\"><span>&nbsp;&nbsp;&nbsp;&nbsp;&nbsp;&nbsp;&nbsp;&nbsp;&nbsp;&nbsp;&nbsp; <\/span>Biliyorsunuz Mehmet Akif Ersoy b&uuml;y&uuml;k \u015fair, inanm\u0131\u015f adam.<\/font><\/span><\/p>\n<p><span style=\"font-size: 12pt; font-family: &#39;Times New Roman&#39;\"><font color=\"#000000\"><\/font><\/span>&nbsp;<span style=\"font-size: 12pt; font-family: &#39;Times New Roman&#39;\"><font color=\"#000000\"><span>&nbsp;&nbsp;&nbsp;&nbsp;&nbsp;&nbsp;&nbsp;&nbsp;&nbsp;&nbsp;&nbsp; <\/span>&ldquo;Kadermi\u015f &ouml;yle mi? Ha\u015fa bu s&ouml;z de\u011fil do\u011fru<\/font><\/span><span style=\"font-size: 12pt; font-family: &#39;Times New Roman&#39;\"><font color=\"#000000\"><span>&nbsp;&nbsp;&nbsp;&nbsp;&nbsp;&nbsp;&nbsp;&nbsp;&nbsp;&nbsp;&nbsp; <\/span>Belan\u0131 istedin Allah&rsquo;ta verdi&hellip;<\/font><\/span> <\/p>\n<p style=\"margin: 0cm 0cm 0pt\" class=\"NoSpacing\"><span style=\"font-size: 12pt; font-family: &#39;Times New Roman&#39;\"><font color=\"#000000\"><span>&nbsp;&nbsp;&nbsp;&nbsp;&nbsp;&nbsp;&nbsp;&nbsp;&nbsp;&nbsp;&nbsp; <\/span>Do\u011frusu bu.&rdquo;<\/font><\/span><\/p>\n<p><span style=\"font-size: 12pt; font-family: &#39;Times New Roman&#39;\"><font color=\"#000000\"><\/font><\/span>&nbsp; <\/p>\n<p style=\"margin: 0cm 0cm 0pt\" class=\"NoSpacing\"><span style=\"font-size: 12pt; font-family: &#39;Times New Roman&#39;\"><font color=\"#000000\"><span>&nbsp;&nbsp;&nbsp;&nbsp;&nbsp;&nbsp;&nbsp;&nbsp;&nbsp;&nbsp;&nbsp; <\/span>Tevfik Fikret de \u015f&ouml;yle demi\u015f:<\/font><\/span><\/p>\n<p><span style=\"font-size: 12pt; font-family: &#39;Times New Roman&#39;\"><font color=\"#000000\"><\/font><\/span>&nbsp;<span style=\"font-size: 12pt; font-family: &#39;Times New Roman&#39;\"><font color=\"#000000\"><span>&nbsp;&nbsp;&nbsp;&nbsp;&nbsp;&nbsp;&nbsp;&nbsp;&nbsp;&nbsp;&nbsp; <\/span>&ldquo;Be\u015ferin b&ouml;yle dalaletleri<\/font><\/span><span style=\"font-size: 12pt; font-family: &#39;Times New Roman&#39;\"><font color=\"#000000\"><span>&nbsp;&nbsp;&nbsp;&nbsp;&nbsp;&nbsp;&nbsp;&nbsp;&nbsp;&nbsp;&nbsp; <\/span>Putunu kendi yapar, kendi tapar.&rdquo;<\/font><\/span> <\/p>\n<p style=\"margin: 0cm 0cm 0pt\" class=\"NoSpacing\"><span style=\"font-size: 12pt; font-family: &#39;Times New Roman&#39;\"><font color=\"#000000\"><span>&nbsp;&nbsp;&nbsp;&nbsp;&nbsp;&nbsp;&nbsp;&nbsp;&nbsp;&nbsp;&nbsp; <\/span>Dilerim bu \u015fiirleri yak\u0131n zamanda okuyup, efkarlanmay\u0131z!<\/font><\/span><\/p>\n<p><span style=\"font-size: 12pt; font-family: &#39;Times New Roman&#39;\"><font color=\"#000000\"><\/font><\/span>&nbsp; <\/p>\n<p style=\"margin: 0cm 0cm 0pt\" class=\"NoSpacing\"><span style=\"font-size: 12pt; font-family: &#39;Times New Roman&#39;\"><font color=\"#000000\"><span>&nbsp;&nbsp;&nbsp;&nbsp;&nbsp;&nbsp;&nbsp;&nbsp;&nbsp;&nbsp;&nbsp; <\/span>Hayal bu ya, bunca k&ouml;r parma\u011f\u0131m g&ouml;z&uuml;ne olaya ra\u011fmen, ayn\u0131 hatay\u0131 yapmay\u0131 s&uuml;rd&uuml;ren sevgili meslekta\u015flar\u0131ma, Tanr\u0131 bir<span>&nbsp; <\/span>m&uuml;eyyide uygulasa, verdikleri, mesle\u011fi karanl\u0131\u011fa yolculayan her oy i&ccedil;in yeni bir kabil-i r&uuml;cu ka\u015fesi zorunlulu\u011fu getirse. &Uuml;&ccedil; d&ouml;rt ka\u015feden sonra merak ederler miydi ,ya da kalfalar\u0131 uyar\u0131r m\u0131yd\u0131? Vallahi hamhayal dedi\u011finde bu kadar olur!<\/font><\/span><\/p>\n<p><span style=\"font-size: 12pt; font-family: &#39;Times New Roman&#39;\"><font color=\"#000000\"><\/font><\/span>&nbsp; <\/p>\n<p style=\"margin: 0cm 0cm 0pt\" class=\"NoSpacing\"><span style=\"font-size: 12pt; font-family: &#39;Times New Roman&#39;\"><font color=\"#000000\"><span>&nbsp;&nbsp;&nbsp;&nbsp;&nbsp;&nbsp;&nbsp;&nbsp;&nbsp;&nbsp;&nbsp; <\/span>Y\u0131llard\u0131r, teslimiyet&ccedil;ili\u011fe programlanm\u0131\u015f kadrolarla, \u015f\u0131ng\u0131r \u015f\u0131ng\u0131r efektleriyle gelen zincir eczanelerle m&uuml;cadele edece\u011fiz!<\/font><\/span><\/p>\n<p><span style=\"font-size: 12pt; font-family: &#39;Times New Roman&#39;\"><font color=\"#000000\"><\/font><\/span>&nbsp; <\/p>\n<p style=\"margin: 0cm 0cm 0pt\" class=\"NoSpacing\"><span style=\"font-size: 12pt; font-family: &#39;Times New Roman&#39;\"><font color=\"#000000\"><span>&nbsp;&nbsp;&nbsp;&nbsp;&nbsp;&nbsp;&nbsp;&nbsp;&nbsp;&nbsp;&nbsp; <\/span>K&ouml;rler &uuml;lkesi olmay\u0131 da i&ccedil;ime sindiremiyorum do\u011frusu.<\/font><\/span><\/p>\n<p><span style=\"font-size: 12pt; font-family: &#39;Times New Roman&#39;\"><font color=\"#000000\"><\/font><\/span>&nbsp; <\/p>\n<p style=\"margin: 0cm 0cm 0pt\" class=\"NoSpacing\"><span style=\"font-size: 12pt; font-family: &#39;Times New Roman&#39;\"><font color=\"#000000\"><span>&nbsp;&nbsp;&nbsp;&nbsp;&nbsp;&nbsp;&nbsp;&nbsp;&nbsp;&nbsp;&nbsp; <\/span>B&uuml;y&uuml;klerimiz &ldquo;hak etmedi\u011finiz hi&ccedil;bir \u015fey sizin de\u011fildir&rdquo; derken bizi kastetmi\u015f olabilirler mi?<\/font><\/span><\/p>\n<p><span style=\"font-size: 12pt; font-family: &#39;Times New Roman&#39;\"><font color=\"#000000\"><\/font><\/span>&nbsp; <\/p>\n<p style=\"margin: 0cm 0cm 0pt\" class=\"NoSpacing\"><span style=\"font-size: 12pt; font-family: &#39;Times New Roman&#39;\"><font color=\"#000000\"><span>&nbsp;&nbsp;&nbsp;&nbsp;&nbsp;&nbsp;&nbsp;&nbsp;&nbsp;&nbsp;&nbsp; <\/span>Ya da &ldquo;Tarihin yap\u0131lmas\u0131nda en b&uuml;y&uuml;k pay hainlerdir.&rdquo; diyenler.<\/font><\/span><\/p>\n<p><span style=\"font-size: 12pt; font-family: &#39;Times New Roman&#39;\"><font color=\"#000000\"><\/font><\/span>&nbsp; <\/p>\n<p style=\"margin: 0cm 0cm 0pt\" class=\"NoSpacing\"><span style=\"font-size: 12pt; font-family: &#39;Times New Roman&#39;\"><font color=\"#000000\"><span>&nbsp;&nbsp;&nbsp;&nbsp;&nbsp;&nbsp;&nbsp;&nbsp;&nbsp;&nbsp;&nbsp; <\/span>Tarihin yasalar\u0131 bizi bozacak, bir de Murphy&rsquo;nin yasalar\u0131nda \u015fans\u0131m\u0131z\u0131 deneyelim. Demi\u015f ki Murphy, &ldquo;Kolay kand\u0131r\u0131lanlar\u0131n paralar\u0131n\u0131n kendilerinde kalmas\u0131 ahlaken yanl\u0131\u015ft\u0131r.&rdquo;<\/font><\/span><\/p>\n<p><span style=\"font-size: 12pt; font-family: &#39;Times New Roman&#39;\"><font color=\"#000000\"><\/font><\/span>&nbsp; <\/p>\n<p style=\"margin: 0cm 0cm 0pt\" class=\"NoSpacing\"><span style=\"font-size: 12pt; font-family: &#39;Times New Roman&#39;\"><font color=\"#000000\"><span>&nbsp;&nbsp;&nbsp;&nbsp;&nbsp;&nbsp;&nbsp;&nbsp;&nbsp;&nbsp;&nbsp; <\/span>Bize uyarlarsak, &ldquo;Kolay kand\u0131r\u0131lanlar\u0131n, mesleklerinin ve meslek haklar\u0131n\u0131n kendilerinde kalmas\u0131 ahlaken yanl\u0131\u015ft\u0131r.&rdquo;<\/font><\/span><\/p>\n<p><span style=\"font-size: 12pt; font-family: &#39;Times New Roman&#39;\"><font color=\"#000000\"><\/font><\/span>&nbsp;<span style=\"font-size: 12pt; line-height: 115%; font-family: &#39;Times New Roman&#39;\"><font color=\"#000000\"><span>&nbsp;&nbsp;&nbsp;&nbsp;&nbsp;&nbsp;&nbsp;&nbsp;&nbsp;&nbsp;&nbsp; <\/span>\u0130lahi Murphy !<\/font><\/span><\/p>\n","protected":false},"excerpt":{"rendered":"<p>&nbsp;&nbsp;&nbsp;&nbsp;&nbsp;&nbsp;&nbsp;&nbsp;&nbsp;&nbsp;&nbsp;&nbsp; Elim kalem tutmaya ba\u015flayal\u0131, birka&ccedil; on y\u0131l\u0131 geride b\u0131rakm\u0131\u015f\u0131m. Bir deste y\u0131l, hem de birka&ccedil; tane! Lise 1. s\u0131n\u0131ftayken,&#46;&#46;&#46;<\/p>\n","protected":false},"author":16,"featured_media":0,"comment_status":"closed","ping_status":"closed","sticky":false,"template":"","format":"standard","meta":{"_jetpack_memberships_contains_paid_content":false,"footnotes":""},"categories":[52],"tags":[],"class_list":["post-2898","post","type-post","status-publish","format-standard","hentry","category-ecz-nejat-vardar"],"aioseo_notices":[],"jetpack_featured_media_url":"","jetpack_sharing_enabled":true,"jetpack-related-posts":[],"_links":{"self":[{"href":"http:\/\/www.ced.org.tr\/index.php?rest_route=\/wp\/v2\/posts\/2898","targetHints":{"allow":["GET"]}}],"collection":[{"href":"http:\/\/www.ced.org.tr\/index.php?rest_route=\/wp\/v2\/posts"}],"about":[{"href":"http:\/\/www.ced.org.tr\/index.php?rest_route=\/wp\/v2\/types\/post"}],"author":[{"embeddable":true,"href":"http:\/\/www.ced.org.tr\/index.php?rest_route=\/wp\/v2\/users\/16"}],"replies":[{"embeddable":true,"href":"http:\/\/www.ced.org.tr\/index.php?rest_route=%2Fwp%2Fv2%2Fcomments&post=2898"}],"version-history":[{"count":1,"href":"http:\/\/www.ced.org.tr\/index.php?rest_route=\/wp\/v2\/posts\/2898\/revisions"}],"predecessor-version":[{"id":3997,"href":"http:\/\/www.ced.org.tr\/index.php?rest_route=\/wp\/v2\/posts\/2898\/revisions\/3997"}],"wp:attachment":[{"href":"http:\/\/www.ced.org.tr\/index.php?rest_route=%2Fwp%2Fv2%2Fmedia&parent=2898"}],"wp:term":[{"taxonomy":"category","embeddable":true,"href":"http:\/\/www.ced.org.tr\/index.php?rest_route=%2Fwp%2Fv2%2Fcategories&post=2898"},{"taxonomy":"post_tag","embeddable":true,"href":"http:\/\/www.ced.org.tr\/index.php?rest_route=%2Fwp%2Fv2%2Ftags&post=2898"}],"curies":[{"name":"wp","href":"https:\/\/api.w.org\/{rel}","templated":true}]}}