{"id":2899,"date":"2008-05-07T09:53:16","date_gmt":"2008-05-07T06:53:16","guid":{"rendered":"http:\/\/www.ced.org.tr\/?p=2899"},"modified":"2014-05-21T01:35:24","modified_gmt":"2014-05-20T22:35:24","slug":"deveye-demisler","status":"publish","type":"post","link":"http:\/\/www.ced.org.tr\/?p=2899","title":{"rendered":"DEVEYE DEM\u0130\u015eLER"},"content":{"rendered":"<p style=\"margin: 0cm 0cm 0pt; tab-stops: 54.0pt\" class=\"MsoNormal\"><font face=\"Times New Roman\" size=\"3\" color=\"#000000\"><strong>DEVEYE DEM\u0130\u015eLER BOYNUN E\u011eR\u0130, NE ALAKA ,T&Uuml;RK\u0130YE&#39;DE YA\u015eAMIYORUM, AYRICA ECZACI DA DE\u011e\u0130L\u0130M DEM\u0130\u015e!<\/strong><\/font><\/p>\n<p style=\"margin: 0cm 0cm 0pt; tab-stops: 54.0pt\" class=\"MsoNormal\">&nbsp;<\/p>\n<p style=\"margin: 0cm 0cm 0pt; tab-stops: 54.0pt\" class=\"MsoNormal\"><font face=\"Times New Roman\" size=\"3\" color=\"#000000\">Ge&ccedil;enlerde bir meslekta\u015f\u0131m,<\/font><\/p>\n<p style=\"margin: 0cm 0cm 0pt 72pt; text-indent: -18pt; tab-stops: 54.0pt list 72.0pt\" class=\"MsoNormal\"><font face=\"Times New Roman\"><span><font color=\"#000000\"><font size=\"3\">&#8211;<\/font><span style=\"font: 7pt &#39;Times New Roman&#39;\">&nbsp;&nbsp;&nbsp;&nbsp;&nbsp;&nbsp;&nbsp;&nbsp; <\/span><\/font><\/span><font size=\"3\" color=\"#000000\">Ne zaman &ccedil;\u0131kacak sizin satanist dergi diye sordu.<\/font><\/font><\/p>\n<p style=\"margin: 0cm 0cm 0pt 72pt; text-indent: -18pt; tab-stops: 54.0pt list 72.0pt\" class=\"MsoNormal\"><font face=\"Times New Roman\"><span><font color=\"#000000\"><font size=\"3\">&#8211;<\/font><span style=\"font: 7pt &#39;Times New Roman&#39;\">&nbsp;&nbsp;&nbsp;&nbsp;&nbsp;&nbsp;&nbsp;&nbsp; <\/span><\/font><\/span><font size=\"3\" color=\"#000000\">Hay\u0131rd\u0131r in\u015fallah dedim. Nerden satanist oluyormu\u015f bizim dergi?<\/font><\/font><\/p>\n<p style=\"margin: 0cm 0cm 0pt 72pt; text-indent: -18pt; tab-stops: 54.0pt list 72.0pt\" class=\"MsoNormal\"><font face=\"Times New Roman\"><span><font color=\"#000000\"><font size=\"3\">&#8211;<\/font><span style=\"font: 7pt &#39;Times New Roman&#39;\">&nbsp;&nbsp;&nbsp;&nbsp;&nbsp;&nbsp;&nbsp;&nbsp; <\/span><\/font><\/span><font size=\"3\" color=\"#000000\">Bir baksana her say\u0131n\u0131z\u0131n kapkara bir kapa\u011f\u0131 ve de bol alevli resimleri var.<\/font><\/font><\/p>\n<p><font face=\"Times New Roman\" size=\"3\" color=\"#000000\">&nbsp;<\/font> <\/p>\n<p style=\"margin: 0cm 0cm 0pt; tab-stops: 0cm\" class=\"MsoNormal\"><font size=\"3\"><font color=\"#000000\"><font face=\"Times New Roman\"><span>&nbsp;&nbsp;&nbsp;&nbsp;&nbsp;&nbsp;&nbsp;&nbsp;&nbsp;&nbsp;&nbsp;&nbsp;&nbsp;&nbsp;&nbsp;&nbsp;&nbsp; <\/span>Bakt\u0131m, haks\u0131z da de\u011fildi. Mesle\u011fe ili\u015fkin g&ouml;r&uuml;nt&uuml;lerdi ve demek ki mesle\u011fin durumu alevlerle ve karanl\u0131kla anlat\u0131labiliyordu. <\/font><\/font><\/font><\/p>\n<p><font face=\"Times New Roman\" size=\"3\" color=\"#000000\">&nbsp;<\/font><u><font size=\"3\"><font color=\"#000000\"><font face=\"Times New Roman\"><span>&nbsp;&nbsp;&nbsp;&nbsp;&nbsp;&nbsp;&nbsp;&nbsp;&nbsp;&nbsp;&nbsp;&nbsp;&nbsp;&nbsp;&nbsp;&nbsp;&nbsp; <\/span>Bu say\u0131ya da durumumuza ili\u015fkin bir kapak yapsak, k&ouml;kten satanist olaca\u011f\u0131z.<span>&nbsp;&nbsp;&nbsp;&nbsp;&nbsp;&nbsp;&nbsp;&nbsp;&nbsp;&nbsp;&nbsp;&nbsp; <\/span>( Bunu da ben uydurdum) Ama pembe mavi kullansak da, kapa\u011f\u0131n durumla alakas\u0131 hayli kel olacak!<\/font><\/font><\/font><\/u><font face=\"Times New Roman\" size=\"3\" color=\"#000000\">&nbsp;<\/font> <\/p>\n<p style=\"margin: 0cm 0cm 0pt; tab-stops: 0cm 54.0pt\" class=\"MsoNormal\"><font size=\"3\"><font color=\"#000000\"><font face=\"Times New Roman\"><span>&nbsp;&nbsp;&nbsp;&nbsp;&nbsp;&nbsp;&nbsp;&nbsp;&nbsp;&nbsp;&nbsp;&nbsp;&nbsp;&nbsp;&nbsp;&nbsp;&nbsp; <\/span>Neyse bas\u0131m a\u015famas\u0131na daha var, demokrasilerde de &ccedil;are t&uuml;kenmez! Milli gelirimizin bir gecede be\u015f bin dolardan yedi bin dolara y&uuml;kseldi\u011fini pembe bir fonda verebiliriz mesela, maliye bakan\u0131m\u0131z\u0131n da g&ouml;k mavisi tak\u0131m elbiseli bir foto\u011fraf\u0131n\u0131 basabiliriz.<\/font><\/font><\/font><\/p>\n<p><font face=\"Times New Roman\" size=\"3\" color=\"#000000\">&nbsp;<\/font> <\/p>\n<p style=\"margin: 0cm 0cm 0pt; tab-stops: 0cm 54.0pt\" class=\"MsoNormal\"><font size=\"3\"><font color=\"#000000\"><font face=\"Times New Roman\"><span>&nbsp;&nbsp;&nbsp;&nbsp;&nbsp;&nbsp;&nbsp;&nbsp;&nbsp;&nbsp;&nbsp;&nbsp;&nbsp;&nbsp;&nbsp;&nbsp;&nbsp; <\/span>&ldquo;The banker&rdquo; dergisi Say\u0131n Unak\u0131tan&rsquo;a 2007 y\u0131l\u0131 Avrupa&rsquo;da y\u0131l\u0131n maliye bakan\u0131 &ouml;d&uuml;l&uuml; vermi\u015f. \u0130nsanlar\u0131n k\u0131&ccedil;\u0131ndaki donu bile sat\u0131p hala %47 oy alabildi\u011fi i&ccedil;in olsa gerek! Asl\u0131nda yurdum insan\u0131na y\u0131l\u0131n se&ccedil;meni &ouml;d&uuml;l&uuml; verilse daha yak\u0131\u015f\u0131k al\u0131rd\u0131!<\/font><\/font><\/font><\/p>\n<p><font face=\"Times New Roman\" size=\"3\" color=\"#000000\">&nbsp;<\/font> <\/p>\n<p style=\"margin: 0cm 0cm 0pt; tab-stops: 0cm 54.0pt\" class=\"MsoNormal\"><font size=\"3\"><font color=\"#000000\"><font face=\"Times New Roman\"><span>&nbsp;&nbsp;&nbsp;&nbsp;&nbsp;&nbsp;&nbsp;&nbsp;&nbsp;&nbsp;&nbsp;&nbsp;&nbsp;&nbsp;&nbsp;&nbsp;&nbsp; <\/span>T&uuml;rk Eczac\u0131lar\u0131 Birli\u011fi &ouml;nceki y&ouml;neticilerimizle bir dolu eczac\u0131 odam\u0131z da Say\u0131n Doma&ccedil;&rsquo;a mesle\u011fimize katk\u0131lar\u0131 nedeniyle devasa bir plaket vermi\u015fler.<\/font><\/font><\/font><\/p>\n<p><font face=\"Times New Roman\" size=\"3\" color=\"#000000\">&nbsp;<\/font><font size=\"3\"><font color=\"#000000\"><font face=\"Times New Roman\"><span>&nbsp;&nbsp;&nbsp;&nbsp;&nbsp;&nbsp;&nbsp;&nbsp;&nbsp;&nbsp;&nbsp;&nbsp;&nbsp;&nbsp; <\/span><u><span>&nbsp;&nbsp;&nbsp;<\/span>\u0130yi ki sosyolog veya psikolog de\u011filim, bunca y\u0131l okudu\u011funuz kitaplar\u0131 kese ka\u011f\u0131d\u0131 yapt\u0131r\u0131r bu insanlar adama!<\/u><\/font><\/font><\/font><font face=\"Times New Roman\" size=\"3\" color=\"#000000\">&nbsp;<\/font> <\/p>\n<p style=\"margin: 0cm 0cm 0pt; tab-stops: 0cm 54.0pt\" class=\"MsoNormal\"><font size=\"3\"><font color=\"#000000\"><font face=\"Times New Roman\"><span>&nbsp;&nbsp;&nbsp;&nbsp;&nbsp;&nbsp;&nbsp;&nbsp;&nbsp;&nbsp;&nbsp;&nbsp;&nbsp;&nbsp;&nbsp;&nbsp;&nbsp; <\/span>Ayn\u0131 sevgili y&ouml;neticilerimiz, hani o devasa plaketi verdikleri g&uuml;nlerde, ya\u015fad\u0131\u011f\u0131m\u0131z bin bir meslek sorunundan da acayip &uuml;st&uuml; \u015fikayet&ccedil;iler. <\/font><\/font><\/font><\/p>\n<p><font face=\"Times New Roman\" size=\"3\" color=\"#000000\">&nbsp;<\/font> <\/p>\n<p style=\"margin: 0cm 0cm 0pt; tab-stops: 0cm 54.0pt\" class=\"MsoNormal\"><font size=\"3\"><font color=\"#000000\"><font face=\"Times New Roman\"><span>&nbsp;&nbsp;&nbsp;&nbsp;&nbsp;&nbsp;&nbsp;&nbsp;&nbsp;&nbsp;&nbsp;&nbsp;&nbsp;&nbsp;&nbsp;&nbsp;&nbsp;&nbsp;&nbsp; <\/span>Milletvekilli\u011fi u\u011fruna y\u0131llard\u0131r PETK\u0130M hisselerinden daha fazla sat\u0131\u015ftay\u0131z biz eczac\u0131 par&ccedil;alar\u0131!<\/font><\/font><\/font><\/p>\n<p><font face=\"Times New Roman\" size=\"3\" color=\"#000000\">&nbsp;<\/font> <\/p>\n<p style=\"margin: 0cm 0cm 0pt; tab-stops: 0cm 54.0pt\" class=\"MsoNormal\"><font size=\"3\"><font color=\"#000000\"><font face=\"Times New Roman\"><span>&nbsp;&nbsp;&nbsp;&nbsp;&nbsp;&nbsp;&nbsp;&nbsp;&nbsp;&nbsp;&nbsp;&nbsp;&nbsp;&nbsp;&nbsp;&nbsp;&nbsp; <\/span>Ve devasa plaket!<\/font><\/font><\/font><\/p>\n<p><font face=\"Times New Roman\" size=\"3\" color=\"#000000\">&nbsp;<\/font> <\/p>\n<p style=\"margin: 0cm 0cm 0pt; tab-stops: 0cm 54.0pt\" class=\"MsoNormal\"><font size=\"3\"><font color=\"#000000\"><font face=\"Times New Roman\"><span>&nbsp;&nbsp;&nbsp;&nbsp;&nbsp;&nbsp;&nbsp;&nbsp;&nbsp;&nbsp;&nbsp;&nbsp;&nbsp;&nbsp;&nbsp;&nbsp;&nbsp; <\/span>Bilgisayara sorsan motoru yanar vallahi! <\/font><\/font><\/font><\/p>\n<p><font face=\"Times New Roman\" size=\"3\" color=\"#000000\">&nbsp;<\/font> <\/p>\n<p style=\"margin: 0cm 0cm 0pt; tab-stops: 0cm 54.0pt\" class=\"MsoNormal\"><font size=\"3\"><font color=\"#000000\"><font face=\"Times New Roman\"><span>&nbsp;&nbsp;&nbsp;&nbsp;&nbsp;&nbsp;&nbsp;&nbsp;&nbsp;&nbsp;&nbsp;&nbsp;&nbsp;&nbsp;&nbsp;&nbsp;&nbsp; <\/span>Bende konudan konuya atlamak gibi bir davran\u0131\u015f bozuklu\u011fu olu\u015ftu son g&uuml;nlerde. Akl\u0131ma ba\u011f\u0131ms\u0131z bir &ouml;zdeyi\u015f geldi, inek kaynakl\u0131 olamayaca\u011f\u0131na g&ouml;re kasap kaynakl\u0131d\u0131r muhtemelen. &ldquo;Yalaka inek kasab\u0131n b\u0131&ccedil;a\u011f\u0131n\u0131 yalarm\u0131\u015f&rdquo;!<\/font><\/font><\/font><\/p>\n<p><font face=\"Times New Roman\" size=\"3\" color=\"#000000\">&nbsp;<\/font><font size=\"3\"><font color=\"#000000\"><font face=\"Times New Roman\"><span>&nbsp;&nbsp;&nbsp;&nbsp;&nbsp;&nbsp;&nbsp;&nbsp;&nbsp;&nbsp;&nbsp;&nbsp;&nbsp;&nbsp;&nbsp;&nbsp;&nbsp; <\/span>T&uuml;rban &uuml;niversiteye girdi, giremedi, yine girdi, vazge&ccedil;ti derken, Yarg\u0131tay Cumhuriyet Ba\u015fsavc\u0131s\u0131 yapt\u0131 m\u0131 bir kom&uuml;nistlik, bize de d&uuml;\u015ft&uuml; m&uuml; papatya fal\u0131 a&ccedil;mak. Kapan\u0131r, kapanmaz, kapan\u0131r&hellip;&hellip;&hellip;.. &ldquo;Bana kadar demokrasi&rdquo;ciler de pik yapt\u0131 e\u015fyan\u0131n tabiat\u0131 olaraktan. Kazand\u0131klar\u0131 davalarda hukuka sevgi ve sayg\u0131lar\u0131n\u0131 sunanlar, D.T.P.&rsquo;nin kapatma davas\u0131nda, &ldquo;en b&uuml;y&uuml;k yarg\u0131 bizim yarg\u0131&rdquo; diyenler, bir zamanlar\u0131n en b&uuml;y&uuml;k yarg\u0131s\u0131na cihat ilan ettiler<u>. T&uuml;rban\u0131 mecliste kad\u0131nlara savundurduklar\u0131 gibi, cihad\u0131n &ouml;n saflar\u0131nda da d&ouml;nekler g&ouml;revlendirildi.<\/u><\/font><\/font><\/font><u><span style=\"text-decoration: none\"><font face=\"Times New Roman\" size=\"3\" color=\"#000000\">&nbsp;<\/font><\/span><\/u> <\/p>\n<p style=\"margin: 0cm 0cm 0pt; tab-stops: 0cm 54.0pt\" class=\"MsoNormal\"><font size=\"3\"><font color=\"#000000\"><font face=\"Times New Roman\"><span>&nbsp;&nbsp;&nbsp;&nbsp;&nbsp;&nbsp;&nbsp;&nbsp;&nbsp;&nbsp;&nbsp;&nbsp;&nbsp;&nbsp;&nbsp;&nbsp;&nbsp; <\/span>Derken bir duayen gazeteci, bir siyasi parti genel ba\u015fkan\u0131, bir eski rekt&ouml;r, g&uuml;ne\u015f ufka yakla\u015f\u0131rken derdest edildi. Hukuka s&ouml;venler, bir kez daha kesin pardon ge&ccedil;ici d&ouml;n&uuml;\u015f yap\u0131p, hukuk ba\u011f\u0131ms\u0131zd\u0131r, yarg\u0131&ccedil;lar g&ouml;revlerini yap\u0131yorlar demezler mi! Bir anda s\u0131r\u0131ls\u0131klam salak yerine kondu\u011funuzu hissediyor, kirpi moduna giriyorsunuz.<\/font><\/font><\/font><\/p>\n<p><font face=\"Times New Roman\" size=\"3\" color=\"#000000\">&nbsp;<\/font> <\/p>\n<p style=\"margin: 0cm 0cm 0pt; tab-stops: 0cm 54.0pt\" class=\"MsoNormal\"><font size=\"3\"><font color=\"#000000\"><font face=\"Times New Roman\"><span>&nbsp;&nbsp; <\/span><span>&nbsp;&nbsp;&nbsp;&nbsp;&nbsp;&nbsp;&nbsp;&nbsp;&nbsp;&nbsp;&nbsp;&nbsp;&nbsp;&nbsp;&nbsp;<\/span>Yurdum insan\u0131 demokrasi kuramc\u0131lar\u0131n\u0131 &ccedil;\u0131ld\u0131rtmak &uuml;zere programlanm\u0131\u015f olabilir mi acaba? %51 cinayet serbest b\u0131rak\u0131ls\u0131n dedimiydi, demokratik cinayetler &uuml;lkesi olmak uyar m\u0131 bize? <\/font><\/font><\/font><\/p>\n<p><font face=\"Times New Roman\" size=\"3\" color=\"#000000\">&nbsp;<\/font> <\/p>\n<p style=\"margin: 0cm 0cm 0pt; tab-stops: 0cm 54.0pt\" class=\"MsoNormal\"><font size=\"3\"><font color=\"#000000\"><font face=\"Times New Roman\"><span>&nbsp;&nbsp;&nbsp;&nbsp;&nbsp;&nbsp;&nbsp;&nbsp;&nbsp;&nbsp;&nbsp;&nbsp;&nbsp;&nbsp;&nbsp;&nbsp;&nbsp; <\/span>Tabut hocan\u0131n omuzunda cenaze kald\u0131r\u0131l\u0131yor. Tabuttaki adam, a&ccedil;\u0131yor tabutu, sesleniyor hocaya. <\/font><\/font><\/font><\/p>\n<p style=\"margin: 0cm 0cm 0pt 72pt; text-indent: -18pt; tab-stops: 0cm 54.0pt list 72.0pt\" class=\"MsoNormal\"><font face=\"Times New Roman\"><span><font color=\"#000000\"><font size=\"3\">&#8211;<\/font><span style=\"font: 7pt &#39;Times New Roman&#39;\">&nbsp;&nbsp;&nbsp;&nbsp;&nbsp;&nbsp;&nbsp;&nbsp; <\/span><\/font><\/span><font size=\"3\" color=\"#000000\">Hocam ben bay\u0131lm\u0131\u015ft\u0131m &ouml;ld&uuml; zannettiler, beni kurtar.<\/font><\/font><\/p>\n<p style=\"margin: 0cm 0cm 0pt; tab-stops: 0cm 54.0pt\" class=\"MsoNormal\"><font size=\"3\"><font color=\"#000000\"><font face=\"Times New Roman\"><span>&nbsp;&nbsp;&nbsp;&nbsp;&nbsp;&nbsp;&nbsp;&nbsp;&nbsp;&nbsp;&nbsp;&nbsp;&nbsp;&nbsp;&nbsp;&nbsp;&nbsp; <\/span>Hoca cemaate bak\u0131yor, kalabal\u0131k, d&ouml;n&uuml;yor tabuttakine.<\/font><\/font><\/font><\/p>\n<p style=\"margin: 0cm 0cm 0pt 72pt; text-indent: -18pt; tab-stops: 0cm 54.0pt list 72.0pt\" class=\"MsoNormal\"><font face=\"Times New Roman\"><span><font color=\"#000000\"><font size=\"3\">&#8211;<\/font><span style=\"font: 7pt &#39;Times New Roman&#39;\">&nbsp;&nbsp;&nbsp;&nbsp;&nbsp;&nbsp;&nbsp;&nbsp; <\/span><\/font><\/span><font size=\"3\" color=\"#000000\">Vallahi cemaat &ccedil;ok kalabal\u0131k, bir bildikleri var ki seni g&ouml;m&uuml;yorlar, hadi Allah rahmet eylesin!<\/font><\/font><\/p>\n<p><font face=\"Times New Roman\" size=\"3\" color=\"#000000\">&nbsp;<\/font> <\/p>\n<p style=\"margin: 0cm 0cm 0pt; tab-stops: 0cm 54.0pt\" class=\"MsoNormal\"><font size=\"3\"><font color=\"#000000\"><font face=\"Times New Roman\"><span>&nbsp;&nbsp;&nbsp;&nbsp;&nbsp;&nbsp;&nbsp;&nbsp;&nbsp;&nbsp;&nbsp;&nbsp;&nbsp;&nbsp;&nbsp;&nbsp;&nbsp; <\/span>Diri diri hangi de\u011ferlerimizi g&ouml;m&uuml;yoruz dersiniz? <\/font><\/font><\/font><\/p>\n<p><font face=\"Times New Roman\" size=\"3\" color=\"#000000\">&nbsp;<\/font> <\/p>\n<p style=\"margin: 0cm 0cm 0pt; tab-stops: 0cm 54.0pt\" class=\"MsoNormal\"><font size=\"3\"><font color=\"#000000\"><font face=\"Times New Roman\"><span>&nbsp;&nbsp;&nbsp;&nbsp;&nbsp;&nbsp;&nbsp;&nbsp;&nbsp;&nbsp;&nbsp;&nbsp;&nbsp;&nbsp;&nbsp;&nbsp;&nbsp; <\/span>Bunlar var ya bunlar, demokrat\u0131z, &ouml;zg&uuml;rl&uuml;k&ccedil;&uuml;y&uuml;z derler, ama bir metrelik bez par&ccedil;as\u0131yla u\u011fra\u015f\u0131rlar!<\/font><\/font><\/font><\/p>\n<p><font face=\"Times New Roman\" size=\"3\" color=\"#000000\">&nbsp;<\/font><u><font size=\"3\"><font color=\"#000000\"><font face=\"Times New Roman\"><span>&nbsp;&nbsp;&nbsp;&nbsp;&nbsp;&nbsp;&nbsp;&nbsp;&nbsp;&nbsp;&nbsp;&nbsp;&nbsp;&nbsp;&nbsp;&nbsp;&nbsp; <\/span>T&uuml;rk insan\u0131 olarak salak yerine konma konusunda \u015ferbetliyiz \u015ferbetli olmas\u0131na da, &ldquo;o kadar da de\u011fil&rdquo; moduna sokulmam\u0131z da haks\u0131zl\u0131k!<\/font><\/font><\/font><\/u><font face=\"Times New Roman\" size=\"3\" color=\"#000000\">&nbsp;<\/font> <\/p>\n<p style=\"margin: 0cm 0cm 0pt; tab-stops: 0cm 54.0pt\" class=\"MsoNormal\"><font size=\"3\"><font color=\"#000000\"><font face=\"Times New Roman\"><span>&nbsp;&nbsp;&nbsp;&nbsp;&nbsp;&nbsp;&nbsp;&nbsp;&nbsp;&nbsp;&nbsp;&nbsp;&nbsp;&nbsp;&nbsp;&nbsp;&nbsp; <\/span>ODT&Uuml;&rsquo;deki t&uuml;rban kar\u015f\u0131t\u0131 g&ouml;steride bir pankart dikkatimi &ccedil;ekti: &ldquo;&Ouml;zg&uuml;rl&uuml;k&ccedil;&uuml;y&uuml;z ama salak de\u011filiz.&rdquo; D&ouml;rt s&ouml;zc&uuml;kte olay\u0131 &ccedil;&ouml;zm&uuml;\u015f ODT&Uuml;&rsquo;l&uuml;ler. <\/font><\/font><\/font><\/p>\n<p><font face=\"Times New Roman\" size=\"3\" color=\"#000000\">&nbsp;<\/font> <\/p>\n<p style=\"margin: 0cm 0cm 0pt; tab-stops: 0cm 54.0pt\" class=\"MsoNormal\"><font size=\"3\"><font color=\"#000000\"><font face=\"Times New Roman\"><span>&nbsp;&nbsp;&nbsp;&nbsp;&nbsp;&nbsp;&nbsp;&nbsp;&nbsp;&nbsp;&nbsp;&nbsp;&nbsp;&nbsp;&nbsp;&nbsp;&nbsp; <\/span>Bu s\u0131ralar halk\u0131m\u0131z me\u015fgul olsa gerek. Ba\u015fbakan\u0131m\u0131z\u0131n direktifi &uuml;zerine &uuml;&ccedil; &ccedil;ocuk yapaca\u011f\u0131z ki bereketli olacak. &Ccedil;ocuklar gece yatacaklar sabah kalkm\u0131\u015flar ki gemicikleri var. Koskoca bir holdingin genel m&uuml;d&uuml;r&uuml; olmu\u015flar. Bundan bereketlisi \u015eam&rsquo;da kay\u0131s\u0131!<\/font><\/font><\/font><\/p>\n<p><font face=\"Times New Roman\" size=\"3\" color=\"#000000\">&nbsp;<\/font> <\/p>\n<p style=\"margin: 0cm 0cm 0pt; tab-stops: 0cm 54.0pt\" class=\"MsoNormal\"><font size=\"3\"><font color=\"#000000\"><font face=\"Times New Roman\"><span>&nbsp;&nbsp;&nbsp;&nbsp;&nbsp;&nbsp;&nbsp;&nbsp;&nbsp;&nbsp;&nbsp;&nbsp;&nbsp;&nbsp;&nbsp;&nbsp;&nbsp; <\/span>Tanzimat d&ouml;neminde, Abdullah Cevdet karde\u015fimiz, &ldquo;Neslimizi \u0131slah edip g&uuml;&ccedil;lendirmek i&ccedil;in, Avrupa ve Amerika&rsquo;dan dam\u0131zl\u0131k erkek getirmeliyiz.&rdquo; demi\u015fti. Nur i&ccedil;inde yats\u0131n, derya gibi adamd\u0131, Avrupa Birli\u011fi&rsquo;ne girebilmenin yolunu o g&uuml;nlerde g&ouml;rebilmi\u015fti muhterem!<\/font><\/font><\/font><\/p>\n<p><font face=\"Times New Roman\" size=\"3\" color=\"#000000\">&nbsp;<\/font> <\/p>\n<p style=\"margin: 0cm 0cm 0pt; tab-stops: 0cm 54.0pt\" class=\"MsoNormal\"><font size=\"3\"><font color=\"#000000\"><font face=\"Times New Roman\"><span>&nbsp;&nbsp;&nbsp;&nbsp;&nbsp;&nbsp;&nbsp;&nbsp;&nbsp;&nbsp;&nbsp;&nbsp;&nbsp;&nbsp;&nbsp;&nbsp;&nbsp; <\/span>Cennette ve cehennemde iktidar ve muhalefet partileri aras\u0131nda turnuvalar d&uuml;zenleniyormu\u015f, ancak son y\u0131llarda cennette tak\u0131m &ccedil;\u0131kar\u0131lamad\u0131\u011f\u0131 i&ccedil;in turnuvalar iptal edilmi\u015f. Vallahi ben bilgisayar\u0131n yalanc\u0131s\u0131y\u0131m!<\/font><\/font><\/font><\/p>\n<p><font face=\"Times New Roman\" size=\"3\" color=\"#000000\">&nbsp;<\/font><u><font size=\"3\"><font color=\"#000000\"><font face=\"Times New Roman\"><span>&nbsp;&nbsp;&nbsp;&nbsp;&nbsp;&nbsp;&nbsp;&nbsp;&nbsp;&nbsp;&nbsp;&nbsp;&nbsp;&nbsp;&nbsp;&nbsp;&nbsp; <\/span>Ulucami&rsquo;nin &ouml;n&uuml;nde iki b\u0131&ccedil;k\u0131n delikanl\u0131, ya\u015fl\u0131 bir kad\u0131ndan, Peygamber&rsquo;in torunlar\u0131 olduklar\u0131n\u0131, cennetten geldiklerini s&ouml;yleyip d&ouml;n&uuml;\u015f yolu i&ccedil;in bor&ccedil; alm\u0131\u015flar. Manzara-\u0131 umumiye b&ouml;yle olunca siyaset&ccedil;ilere a\u011f\u0131r tahrikten su&ccedil; indirimi de caizdir.<\/font><\/font><\/font><\/u><font face=\"Times New Roman\" size=\"3\" color=\"#000000\">&nbsp;<\/font> <\/p>\n<p style=\"margin: 0cm 0cm 0pt; tab-stops: 0cm 54.0pt\" class=\"MsoNormal\"><font size=\"3\"><font color=\"#000000\"><font face=\"Times New Roman\"><span>&nbsp;&nbsp;&nbsp;&nbsp;&nbsp;&nbsp;&nbsp;&nbsp;&nbsp;&nbsp;&nbsp;&nbsp;&nbsp;&nbsp;&nbsp;&nbsp;&nbsp; <\/span>Ko&ccedil; Holding Migros&rsquo;un %50,8&rsquo;ini, Yunan-\u0130ngiliz ortakl\u0131\u011f\u0131na satm\u0131\u015f, paray\u0131 da Vak\u0131fbank, \u0130\u015f ve Garanti Bankalar\u0131 sa\u011flam\u0131\u015f. Yani paray\u0131 biz veri\u015fiz, bizim param\u0131zla bizim mal\u0131m\u0131z\u0131 yabanc\u0131lar alm\u0131\u015f. Unak\u0131tan da y\u0131l\u0131n maliye bakan\u0131 &ouml;d&uuml;l&uuml;n&uuml;!<\/font><\/font><\/font><\/p>\n<p><font face=\"Times New Roman\" size=\"3\" color=\"#000000\">&nbsp;<\/font> <\/p>\n<p style=\"margin: 0cm 0cm 0pt; tab-stops: 0cm 54.0pt\" class=\"MsoNormal\"><font size=\"3\"><font color=\"#000000\"><font face=\"Times New Roman\"><span>&nbsp;&nbsp;&nbsp;&nbsp;&nbsp;&nbsp;&nbsp;&nbsp;&nbsp;&nbsp;&nbsp;&nbsp;&nbsp;&nbsp;&nbsp;&nbsp;&nbsp; <\/span>Do\u011fan C&uuml;celo\u011flu, keyifle okudu\u011fum de\u011ferli bir bilim insan\u0131. Son kitab\u0131 &ldquo;Korku K&uuml;lt&uuml;r&uuml;&rdquo;nde, insanlar neden evlerini temiz tutar da, soka\u011fa t&uuml;k&uuml;r&uuml;r sorusunu yan\u0131tl\u0131yor, biz bilincini anlat\u0131yor.<\/font><\/font><\/font><\/p>\n<p><font face=\"Times New Roman\" size=\"3\" color=\"#000000\">&nbsp;<\/font> <\/p>\n<p style=\"margin: 0cm 0cm 0pt; tab-stops: 0cm 54.0pt\" class=\"MsoNormal\"><font size=\"3\"><font color=\"#000000\"><font face=\"Times New Roman\"><span>&nbsp;&nbsp;&nbsp;&nbsp;&nbsp;&nbsp;&nbsp;&nbsp;&nbsp;&nbsp;&nbsp;&nbsp;&nbsp;&nbsp;&nbsp;&nbsp;&nbsp; <\/span>Bir dolu kooperatifimizin, sivil toplum &ouml;rg&uuml;t&uuml;n&uuml;n, spor kul&uuml;b&uuml;n&uuml;n, en &ouml;nemlisi de siyasi partilerin ve iktidarlar\u0131n ba\u015far\u0131s\u0131zl\u0131klar\u0131n\u0131n bilimsel a&ccedil;\u0131klamas\u0131n\u0131 yap\u0131yor.<\/font><\/font><\/font><\/p>\n<p><font face=\"Times New Roman\" size=\"3\" color=\"#000000\">&nbsp;<\/font> <\/p>\n<p style=\"margin: 0cm 0cm 0pt; tab-stops: 0cm 54.0pt\" class=\"MsoNormal\"><font size=\"3\"><font color=\"#000000\"><font face=\"Times New Roman\"><span>&nbsp;&nbsp;&nbsp;&nbsp;&nbsp;&nbsp;&nbsp;&nbsp;&nbsp;&nbsp;&nbsp;&nbsp;&nbsp;&nbsp;&nbsp;&nbsp;&nbsp; <\/span>&ldquo;T&uuml;rk insan\u0131, do\u011fumdan itibaren ailede, okulda, toplumda, devletle ili\u015fkisinde s&uuml;rekli bir acizli\u011fi &ouml;\u011frenme s&uuml;recinde. O nedenle ba\u015fka bir toplumda s\u0131radan bir vatanda\u015f\u0131n kolayca ve rahatl\u0131kla d&uuml;\u015f&uuml;n&uuml;p yapaca\u011f\u0131 bir \u015feyi, benim vatanda\u015f\u0131m &ccedil;&ouml;zme &ccedil;abas\u0131na girmek yerine, kaderi kabul edip onunla ya\u015f\u0131yor.&rdquo; diyor C&uuml;celo\u011flu, &ouml;\u011frenilmi\u015f acizli\u011fi anlat\u0131yor.<\/font><\/font><\/font><\/p>\n<p><font face=\"Times New Roman\" size=\"3\" color=\"#000000\">&nbsp;<\/font><u><font size=\"3\"><font color=\"#000000\"><font face=\"Times New Roman\"><span>&nbsp;&nbsp;&nbsp;&nbsp;&nbsp;&nbsp;&nbsp;&nbsp;&nbsp;&nbsp;&nbsp;&nbsp;&nbsp;&nbsp;&nbsp;&nbsp;&nbsp; <\/span>Ben en &ccedil;ok &ldquo;&ccedil;ocuklar\u0131m\u0131za malumat y&uuml;klemeye e\u011fitim diyorlar&rdquo; saptamas\u0131n\u0131 tuttum. Y&uuml;kl&uuml;yoruz malumatlar\u0131, yap\u0131yoruz &Ouml;SYS&rsquo;leri, &uuml;retiyoruz &ouml;\u011fretilmi\u015f acizler, sonra da bekliyoruz ki &uuml;lkeyi kurtars\u0131nlar!<\/font><\/font><\/font><\/u><font face=\"Times New Roman\" size=\"3\" color=\"#000000\">&nbsp;<\/font> <\/p>\n<p style=\"margin: 0cm 0cm 0pt; tab-stops: 0cm 54.0pt\" class=\"MsoNormal\"><font size=\"3\"><font color=\"#000000\"><font face=\"Times New Roman\"><span>&nbsp;&nbsp;&nbsp;&nbsp;&nbsp;&nbsp;&nbsp;&nbsp;&nbsp;&nbsp;&nbsp; <\/span><span>&nbsp;&nbsp;&nbsp;&nbsp;&nbsp;&nbsp;<\/span>&Ouml;\u011fretilmemi\u015fler veya &ouml;\u011fretimden esirgenmi\u015flerse, bu yaz\u0131y\u0131 fena halde a\u015far!<\/font><\/font><\/font><\/p>\n<p><font face=\"Times New Roman\" size=\"3\" color=\"#000000\">&nbsp;<\/font> <\/p>\n<p style=\"margin: 0cm 0cm 0pt; tab-stops: 0cm 54.0pt\" class=\"MsoNormal\"><font size=\"3\"><font color=\"#000000\"><font face=\"Times New Roman\"><span>&nbsp;&nbsp;&nbsp;&nbsp;&nbsp;&nbsp;&nbsp;&nbsp;&nbsp;&nbsp;&nbsp;&nbsp;&nbsp;&nbsp;&nbsp;&nbsp;&nbsp; <\/span>B&uuml;y&uuml;k Atat&uuml;rk &ldquo;Bilgisiz ve bilin&ccedil;siz bir halk toplulu\u011fu, ulus olma hakk\u0131na asla sahip olamaz.&rdquo; derken, bilgiyi malumata, bilinci &ouml;\u011frenilmi\u015f &ccedil;aresizli\u011fe d&ouml;n&uuml;\u015ft&uuml;rebilece\u011fimizi d&uuml;\u015f&uuml;nm&uuml;\u015f m&uuml;yd&uuml; acaba? <\/font><\/font><\/font><\/p>\n<p><font face=\"Times New Roman\" size=\"3\" color=\"#000000\">&nbsp;<\/font> <\/p>\n<p style=\"margin: 0cm 0cm 0pt; tab-stops: 0cm 54.0pt\" class=\"MsoNormal\"><font size=\"3\"><font color=\"#000000\"><font face=\"Times New Roman\"><span>&nbsp;&nbsp;&nbsp;&nbsp;&nbsp;&nbsp;&nbsp;&nbsp;&nbsp;&nbsp;&nbsp;&nbsp;&nbsp;&nbsp;&nbsp;&nbsp;&nbsp; <\/span>Ya\u015fad\u0131klar\u0131m\u0131z\u0131 yorumlarken, Prof. Dr. Ya\u015far Nuri &Ouml;zt&uuml;rk&rsquo;&uuml;n \u015fu t&uuml;mcesini hi&ccedil; unutmuyorum: &ldquo;Emperyalizm, takkeli ve sar\u0131kl\u0131 ihaneti yan\u0131na almadan bu co\u011frafya&rsquo;da ba\u015far\u0131l\u0131 olamaz!&rdquo;<\/font><\/font><\/font><\/p>\n<p><font face=\"Times New Roman\" size=\"3\" color=\"#000000\">&nbsp;<\/font><u><font size=\"3\"><font color=\"#000000\"><font face=\"Times New Roman\"><span>&nbsp;&nbsp;&nbsp;&nbsp;&nbsp;&nbsp;&nbsp;&nbsp;&nbsp;&nbsp;&nbsp;&nbsp;&nbsp;&nbsp; <\/span><span>&nbsp;&nbsp;&nbsp;<\/span>Suudiler, sevgililer g&uuml;n&uuml;nde k\u0131rm\u0131z\u0131 g&uuml;l sat\u0131\u015f\u0131n\u0131 yasaklam\u0131\u015flar. Biz de, kad\u0131nbudu ve dilberduda\u011f\u0131 &uuml;zerinde &ccedil;al\u0131\u015f\u0131yoruz. Sadrazamlar\u0131m\u0131z erkek olduklar\u0131ndan, vezirparma\u011f\u0131 m&uuml;stehcen bulunmam\u0131\u015f.<\/font><\/font><\/font><\/u><font face=\"Times New Roman\" size=\"3\" color=\"#000000\">&nbsp;<\/font> <\/p>\n<p style=\"margin: 0cm 0cm 0pt; tab-stops: 0cm 54.0pt\" class=\"MsoNormal\"><font size=\"3\"><font color=\"#000000\"><font face=\"Times New Roman\"><span>&nbsp;&nbsp;&nbsp;&nbsp;&nbsp;&nbsp;&nbsp;&nbsp;&nbsp;&nbsp;&nbsp;&nbsp;&nbsp;&nbsp;&nbsp;&nbsp;&nbsp; <\/span>Vezirparma\u011f\u0131 denince, ne hikmetse S.G.K. d&uuml;\u015f&uuml;yor akl\u0131ma. &Ccedil;ekti\u011fimiz &ccedil;ilede hangi vezirlerin parma\u011f\u0131 var, biliyorsunuz. Pardon, do\u011fal ki bilmeyenleriniz ve bilmeye yana\u015fmayanlar\u0131n\u0131z da var tabii. S.G.K., &ldquo;ben anla\u015fma yaparken kafama g&ouml;re tak\u0131laca\u011f\u0131m&rdquo; deyince k\u0131z\u0131lca k\u0131yamet koptu. Kime sorsan, hangi siteye girsen T.E.B. g&ouml;reve diyorlar. Hani y\u0131llard\u0131r Doma&ccedil;&rsquo;\u0131 se&ccedil;enler o terfi edince rahle-i tedristen ge&ccedil;enleri destekleyenler, &uuml;st&uuml;ne plaket de verenler \u015fikayet&ccedil;i. &Uuml;zg&uuml;n&uuml;m, durum pek kabil-i r&uuml;cu de\u011fil. Doktor karde\u015flerimizin &ouml;l&uuml;m fermanlar\u0131 imzaland\u0131, bizimki imzaland\u0131 m\u0131 bilmiyoruz ama, imzaya &ccedil;\u0131kar\u0131lmak &uuml;zere epeydir bekledi\u011fi tahmin ediliyor. Bizim birli\u011fimiz de, reste restle kar\u015f\u0131l\u0131k veriyor, o da aynen bekliyor. Eczac\u0131l\u0131k tarihinin en iyi bekleyen heyetleri de bizim k\u0131smetimizmi\u015f!<\/font><\/font><\/font><\/p>\n<p><font face=\"Times New Roman\" size=\"3\" color=\"#000000\">&nbsp;<\/font><u><font size=\"3\"><font color=\"#000000\"><font face=\"Times New Roman\"><span>&nbsp;&nbsp;&nbsp;&nbsp;&nbsp;&nbsp;&nbsp;&nbsp;&nbsp;&nbsp;&nbsp; <\/span><span>&nbsp;&nbsp;&nbsp;&nbsp;&nbsp;&nbsp;<\/span>Antony Robbins demi\u015f ki, &ldquo;Kendi gelecekleriyle ilgili planlar\u0131 olmayanlar, ba\u015fkalar\u0131n\u0131n planlar\u0131na dahil olurlar.&rdquo;<\/font><\/font><\/font><\/u><font face=\"Times New Roman\" size=\"3\" color=\"#000000\">&nbsp;<\/font> <\/p>\n<p style=\"margin: 0cm 0cm 0pt; tab-stops: 0cm 54.0pt\" class=\"MsoNormal\"><font size=\"3\"><font color=\"#000000\"><font face=\"Times New Roman\"><span>&nbsp;&nbsp;&nbsp;&nbsp;&nbsp;&nbsp;&nbsp;&nbsp;&nbsp;&nbsp;&nbsp;&nbsp;&nbsp;&nbsp;&nbsp;&nbsp;&nbsp; <\/span>Bir plan\u0131m\u0131z bile yok, yapmamakta kararl\u0131y\u0131z ve mesle\u011fimiz i&ccedil;in, ge&ccedil;mi\u015f olsun d&ouml;neminden ba\u015f\u0131m\u0131z sa\u011f olsun d&ouml;nemine do\u011fru ilerliyoruz. <\/font><\/font><\/font><\/p>\n<p><font face=\"Times New Roman\" size=\"3\" color=\"#000000\">&nbsp;<\/font> <\/p>\n<p style=\"margin: 0cm 0cm 0pt; tab-stops: 0cm 54.0pt\" class=\"MsoNormal\"><font size=\"3\"><font color=\"#000000\"><font face=\"Times New Roman\"><span>&nbsp;&nbsp;&nbsp;&nbsp;&nbsp;&nbsp;&nbsp;&nbsp;&nbsp;&nbsp;&nbsp;&nbsp;&nbsp;&nbsp;&nbsp;&nbsp;&nbsp; <\/span>S.G.K. mesaj\u0131 gitti ekrandan, bir gece ans\u0131z\u0131n d&ouml;nebilirim diye m\u0131r\u0131ldanarak. Eski ba\u015fkan\u0131m\u0131z bakanlar\u0131n memleketlerine hastane yapt\u0131r\u0131yordu, bor&ccedil; bata\u011f\u0131ndaki meslekta\u015flar\u0131m\u0131z\u0131n parac\u0131klar\u0131yla. Yenisi, sporcu ve &ldquo;Sa\u011flam kafa sa\u011flam v&uuml;cutta bulunur.&rdquo; ilkesini \u015fiar edinmi\u015f. Vallahi ben bir ko\u015fulda sportif yard\u0131mlar\u0131n yan\u0131nday\u0131m: &ldquo;Bir sistem nas\u0131l i\u015fletilmez.&rdquo; konusunda harikalar yaratan S.G.K. y&ouml;neticilerini de sabah sporuna katabilmeleri kayd\u0131yla. Hani biraz &ouml;nce, evi tertemiz olanlar sokaklara neden t&uuml;k&uuml;r&uuml;yor demi\u015ftik ya. Eczanesinde her kuru\u015fun hesab\u0131n\u0131 soranlar, y&ouml;netici olunca el aleme sporcu transfer ederler. Cevab\u0131n\u0131n nerde oldu\u011funu biliyorsunuz!<\/font><\/font><\/font><\/p>\n<p><font face=\"Times New Roman\" size=\"3\" color=\"#000000\">&nbsp;<\/font> <\/p>\n<p style=\"margin: 0cm 0cm 0pt; tab-stops: 0cm 54.0pt 63.0pt\" class=\"MsoNormal\"><font size=\"3\"><font color=\"#000000\"><font face=\"Times New Roman\"><span>&nbsp;&nbsp;&nbsp;&nbsp;&nbsp;&nbsp;&nbsp;&nbsp;&nbsp;&nbsp;&nbsp;&nbsp;&nbsp;&nbsp;&nbsp;&nbsp;&nbsp; <\/span>SSGSS yasa tasar\u0131m\u0131z da hayata ge&ccedil;timiydi, de\u011fmeyin keyfimize! Milli gelirimizi bir gecede artt\u0131rd\u0131k, paraysa para, SSGSS&rsquo;yi &ccedil;\u0131kard\u0131k, sa\u011fl\u0131ksa sa\u011fl\u0131k, yine de oy vermezseniz g&ouml;z&uuml;n&uuml;ze y&uuml;z&uuml;n&uuml;ze dursun<u>! Acaba ba\u015fbakan\u0131m\u0131z herkese &uuml;&ccedil; &ccedil;ocuk yap\u0131n derken yeni SSGSS ile paras\u0131 olmayan n&uuml;fustan baya\u011f\u0131 bir telefat verece\u011fimizi d&uuml;\u015f&uuml;nm&uuml;\u015f olmas\u0131n.<\/u> Ben bu SSGSS&rsquo;nin a&ccedil;\u0131l\u0131m\u0131n\u0131 tahmin ediyorum ama, bu ya\u015ftan sonra bir daha hapis cezas\u0131yla u\u011fra\u015famam valla! <\/font><\/font><\/font><\/p>\n<p><font face=\"Times New Roman\" size=\"3\" color=\"#000000\">&nbsp;<\/font> <\/p>\n<p style=\"margin: 0cm 0cm 0pt; tab-stops: 0cm 54.0pt 63.0pt\" class=\"MsoNormal\"><font size=\"3\"><font color=\"#000000\"><font face=\"Times New Roman\"><span>&nbsp;&nbsp;&nbsp;&nbsp;&nbsp;&nbsp;&nbsp;&nbsp;&nbsp;&nbsp;&nbsp;&nbsp;&nbsp;&nbsp;&nbsp;&nbsp;&nbsp; <\/span>Biraz da T.E.B. genel kurulundan s&ouml;z edelim dilerseniz. \u0130ki y\u0131lda bir izledi\u011fimiz senaryo yenilendi beklenildi\u011fi &uuml;zere. Heyetin giderek cazip bir yer olmas\u0131 talipleri de artt\u0131r\u0131nca, k&uuml;rs&uuml;lerde meslek elden gidiyor diyenler, kulislerde ben listeye gireyim gerisi yalan moduna girip, mesle\u011fi yine mezata sundular.<\/font><\/font><\/font><\/p>\n<p><font face=\"Times New Roman\" size=\"3\" color=\"#000000\">&nbsp;<\/font> <\/p>\n<p style=\"margin: 0cm 0cm 0pt; tab-stops: 0cm 54.0pt 63.0pt\" class=\"MsoNormal\"><font size=\"3\"><font color=\"#000000\"><font face=\"Times New Roman\"><span>&nbsp;&nbsp;&nbsp;&nbsp;&nbsp;&nbsp;&nbsp;&nbsp;&nbsp;&nbsp;&nbsp;&nbsp;&nbsp;&nbsp;&nbsp;&nbsp;&nbsp; <\/span>Bense, sak\u0131ncal\u0131 konu\u015fmac\u0131 olman\u0131n dayan\u0131lmaz hafifli\u011fini bir kez daha ya\u015fad\u0131m. Epeydir toplant\u0131 y&ouml;neticileriyle dala\u015fmadan k&uuml;rs&uuml; alam\u0131yorum. Ku\u015fadas\u0131&rsquo;ndaki b&ouml;lgeler aras\u0131 toplant\u0131da, bug&uuml;n&uuml;n T.E.B. ikinci ba\u015fkan\u0131, o g&uuml;n&uuml;n Ayd\u0131n Eczac\u0131 Odas\u0131 ba\u015fkan\u0131 \u015eevket karde\u015fim, daha &ouml;nce verdi\u011fi s&ouml;z&uuml;, bug&uuml;n&uuml;n milletvekili, o g&uuml;n&uuml;n T.E.B. ba\u015fkan\u0131n\u0131n uyar\u0131s\u0131 &uuml;zerine iptal etmi\u015f, s&ouml;z vermemi\u015fti. Emir demiri keser deyip ses etmediydik. Sonra pamuk kaledeki b&ouml;lgeler aras\u0131 toplant\u0131da yine eski T.E.B. ba\u015fkan\u0131m\u0131z m&uuml;dahale ettiyse de o g&uuml;n&uuml;n Denizli Eczac\u0131 Odas\u0131 ba\u015fkan\u0131 patronun uyar\u0131s\u0131na uymad\u0131, konu\u015fturdu. En ilgincini ise Diyarbak\u0131r b&ouml;lgeler aras\u0131 toplant\u0131s\u0131nda ya\u015fad\u0131m. &Uuml;lkedeki demokrasi eksikli\u011finden \u015fikayet&ccedil;i Diyarbak\u0131r Eczac\u0131 Odas\u0131 ba\u015fkan\u0131m\u0131z, &ouml;nce verdi\u011fi s&ouml;z&uuml; iptal etti, makam\u0131n\u0131 ziyaret edip \u015farlad\u0131\u011f\u0131mda, salonun &ouml;n s\u0131ras\u0131nda oturan Mehmet Kaya karde\u015fime bakt\u0131, O&rsquo;nun kafa sallamas\u0131 &uuml;zerine onay alman\u0131n rahatl\u0131\u011f\u0131 ile s&ouml;z verdi de, ben konu\u015fmaya ba\u015flad\u0131m, elektrikler kesildi. G&uuml;nah\u0131 kesenlerin boynuna!<\/font><\/font><\/font><\/p>\n<p><font face=\"Times New Roman\" size=\"3\" color=\"#000000\">&nbsp;<\/font> <\/p>\n<p style=\"margin: 0cm 0cm 0pt; tab-stops: 0cm 54.0pt 63.0pt\" class=\"MsoNormal\"><font size=\"3\"><font color=\"#000000\"><font face=\"Times New Roman\"><span>&nbsp;&nbsp;&nbsp;&nbsp;&nbsp;&nbsp;&nbsp;&nbsp;&nbsp;&nbsp;&nbsp;&nbsp;&nbsp;&nbsp;&nbsp;&nbsp;&nbsp; <\/span>&ldquo;S&uuml;tten a\u011fz\u0131 yanan yo\u011furdu &uuml;fleyerek yermi\u015f.&rdquo;, T.E.B. b&uuml;y&uuml;k kongresinde, ilk g&uuml;n lobide divan ba\u015fkan\u0131m\u0131za sordum. Yar\u0131n s&ouml;z alaca\u011f\u0131z, bug&uuml;nden ad\u0131m\u0131 yazd\u0131ray\u0131m m\u0131 diye. Malatya Eczac\u0131 Odas\u0131 ba\u015fkan\u0131m\u0131z divan ba\u015fkan\u0131m\u0131z, bug&uuml;nden yazd\u0131rmam\u0131 &ouml;nerdi. Gittim, divan &uuml;yesi Giresun delegesi Hayati karde\u015fime ad\u0131m\u0131 yazd\u0131rd\u0131m, bug&uuml;n m&uuml; yar\u0131n m\u0131 konu\u015fmak istersin dedi, yar\u0131n dedim, sana \u015fu konu\u015fmac\u0131dan sonra, tahminen \u015fu saatlerde s&ouml;z verece\u011fiz diyerek i\u015fi ba\u011flad\u0131. Gel zaman git zaman konu\u015fma zaman\u0131m geldi, ge&ccedil;ti, benden sonra isimlerini yazd\u0131ranlar konu\u015ftu, benim ad\u0131mla ilgili t\u0131k yok. Yine \u015farlama moduna ge&ccedil;erek divan ba\u015fkan\u0131na, ne i\u015f bu i\u015f dedim. &Ccedil;ok fazla insan konu\u015fmu\u015f, s\u0131rada oda ba\u015fkanlar\u0131 varm\u0131\u015f, onlar konu\u015facakm\u0131\u015f, kusura bakmayacakm\u0131\u015f\u0131m. <u>K\u0131zmas\u0131na k\u0131z\u0131yorum da ho\u015fuma da gitmiyor de\u011fil, kimseye koymad\u0131klar\u0131 engeli bana koyduklar\u0131na g&ouml;re, kendimden menkul de olsa bir kerametim olsa gerek diye k\u0131van\u0131yorum. <\/u>Art\u0131k rol&uuml;m&uuml; kavrad\u0131\u011f\u0131m i&ccedil;in en k\u0131s\u0131tl\u0131 d&ouml;nemde on dakikal\u0131k s&ouml;z hakk\u0131m\u0131 kavga d&ouml;v&uuml;\u015f alabiliyorum. Konu\u015fma asl\u0131nda uzun ama ana ba\u015fl\u0131klar\u0131yla da olsa payla\u015f\u0131yorum meslekta\u015flar\u0131mla. Konu\u015fabildi\u011fim b&ouml;l&uuml;m&uuml; dergimiz sayfalar\u0131nda bulabilirsiniz.<\/font><\/font><\/font><\/p>\n<p><font face=\"Times New Roman\" size=\"3\" color=\"#000000\">&nbsp;<\/font> <\/p>\n<p style=\"margin: 0cm 0cm 0pt; tab-stops: 0cm 54.0pt 63.0pt\" class=\"MsoNormal\"><font size=\"3\"><font color=\"#000000\"><font face=\"Times New Roman\"><span>&nbsp;&nbsp;&nbsp;&nbsp;&nbsp;&nbsp;&nbsp;&nbsp;&nbsp;&nbsp;&nbsp;&nbsp;&nbsp;&nbsp;&nbsp;&nbsp;&nbsp; <\/span>Yetkili kurumlar\u0131m\u0131z\u0131 se&ccedil;tik anam\u0131z\u0131n ak s&uuml;t&uuml; gibi helal oylar\u0131m\u0131zla. 6-5&rsquo;lik sonu&ccedil; &ccedil;\u0131k\u0131nca bitmesi beklenen m&uuml;cadele yine alevlenmez mi! Havalar puslu olunca birileri aradan s\u0131yr\u0131l\u0131verir kimi zaman. Bu kez de &ouml;yle oldu. Eski Ayd\u0131n oda ba\u015fkan\u0131m\u0131z bir anda kendisini T.E.B. ikinci ba\u015fkanl\u0131\u011f\u0131nda buluverdi. Eeee at binenin k\u0131l\u0131&ccedil; ku\u015fanan\u0131n, k\u0131l\u0131&ccedil; da yak\u0131\u015ft\u0131 \u015eevket ba\u015fkan\u0131ma<u>. Eski T.E.B. ba\u015fkan\u0131m\u0131z\u0131n ve de siyasi iktidar\u0131n konuyla ilgili bilim kurgu &ccedil;abalar\u0131n\u0131 anlat\u0131rsam, inand\u0131r\u0131c\u0131l\u0131\u011f\u0131m\u0131 yitirebilirim, ayr\u0131ca dedikoduyu da hi&ccedil; sevmem<\/u>!<\/font><\/font><\/font><\/p>\n<p><font face=\"Times New Roman\" size=\"3\" color=\"#000000\">&nbsp;<\/font> <\/p>\n<p style=\"margin: 0cm 0cm 0pt; tab-stops: 0cm 54.0pt 63.0pt\" class=\"MsoNormal\"><font size=\"3\"><font color=\"#000000\"><font face=\"Times New Roman\"><span>&nbsp;&nbsp;&nbsp;&nbsp;&nbsp;&nbsp;&nbsp;&nbsp;&nbsp;&nbsp;&nbsp;&nbsp;&nbsp;&nbsp;&nbsp;&nbsp;&nbsp; <\/span>T.E.B. genel kurulu bitti, g&ouml;revler payla\u015f\u0131ld\u0131, art\u0131k s\u0131ra eczac\u0131l\u0131k mesle\u011finin sorunlar\u0131na geldi diyorduk ki, Batman Eczac\u0131 Odas\u0131 ba\u015fkan\u0131m\u0131z\u0131n zehir zemberek bir bildirisi ula\u015ft\u0131 elimize. Se&ccedil;imde oy verece\u011fim diyip de vermeyenlere &ccedil;ok fena k\u0131zm\u0131\u015f, beni kand\u0131rd\u0131n\u0131z, ay\u0131p denen bir \u015fey var diyor. Ba\u015fkan\u0131n sabah \u015ferifleri hay\u0131rl\u0131 olmu\u015f!<\/font><\/font><\/font><\/p>\n<p><font face=\"Times New Roman\" size=\"3\" color=\"#000000\">&nbsp;<\/font><font size=\"3\"><font color=\"#000000\"><font face=\"Times New Roman\"><span>&nbsp; <\/span><span>&nbsp;&nbsp;&nbsp;&nbsp;&nbsp;&nbsp;&nbsp;&nbsp;&nbsp;&nbsp;&nbsp;&nbsp;&nbsp;&nbsp;&nbsp;&nbsp;<\/span>Asl\u0131nda Allah g&ouml;nl&uuml;ne g&ouml;re vermi\u015f ba\u015fkan\u0131n ama ba\u015fkan anlayamam\u0131\u015f. Y\u0131llard\u0131r her genel kurulda d&ouml;nek a\u011f\u0131rl\u0131kl\u0131 kadrolara veriyor o s&uuml;t rengi oylar\u0131n\u0131<u>. Delege karde\u015flerimiz de, ba\u015fkan d&ouml;nekli\u011fe bu kadar destek verdi\u011fine g&ouml;re dostumuzun g&ouml;nl&uuml;ne g&ouml;re davranal\u0131m deyip bir d&ouml;neklik de onlar yapm\u0131\u015f, oy vermemi\u015fler. D&uuml;r&uuml;stl&uuml;kt&uuml;r, ilkeliliktir, tutarl\u0131l\u0131kt\u0131r, hakikaten her eve laz\u0131m kavramlar, g&uuml;n gelip herkese gerekli olabiliyor.<\/u><\/font><\/font><\/font><font face=\"Times New Roman\" size=\"3\" color=\"#000000\">&nbsp;<\/font> <\/p>\n<p style=\"margin: 0cm 0cm 0pt; tab-stops: 0cm 54.0pt 63.0pt\" class=\"MsoNormal\"><font size=\"3\"><font color=\"#000000\"><font face=\"Times New Roman\"><span>&nbsp;&nbsp;&nbsp;&nbsp;&nbsp;&nbsp;&nbsp;&nbsp;&nbsp;&nbsp;&nbsp;&nbsp;&nbsp;&nbsp;&nbsp;&nbsp;&nbsp; <\/span>Ya\u015fam s&uuml;r&uuml;yor, &uuml;lkemiz, mesle\u011fimiz ba\u015f a\u015fa\u011f\u0131 gidiyor. Biz &ouml;\u011frenilmi\u015f &ccedil;aresizli\u011fimizle, bilgisizlik, bilin&ccedil;sizlik, sorumsuzluk ve de ola\u011fanca korkakl\u0131\u011f\u0131m\u0131zla k&ouml;r parma\u011f\u0131m g&ouml;z&uuml;ne gelen felaketi seyrediyoruz. Korktu\u011fumuz i&ccedil;in mi ka&ccedil;\u0131yoruz, ka&ccedil;t\u0131\u011f\u0131m\u0131z i&ccedil;in mi korkuyoruz belli de\u011fil, bilsek de neye yarar sanki! <\/font><\/font><\/font><\/p>\n<p><font face=\"Times New Roman\" size=\"3\" color=\"#000000\">&nbsp;<\/font> <\/p>\n<p style=\"margin: 0cm 0cm 0pt; tab-stops: 0cm 54.0pt 63.0pt\" class=\"MsoNormal\"><font size=\"3\"><font color=\"#000000\"><font face=\"Times New Roman\"><span>&nbsp;&nbsp;&nbsp;&nbsp;&nbsp;&nbsp;&nbsp;&nbsp;&nbsp;&nbsp;&nbsp;&nbsp;&nbsp;&nbsp;&nbsp;&nbsp;&nbsp; <\/span>Ben bu say\u0131daki yaz\u0131m\u0131 ilk kez bir \u015fiirle bitireyim, William Shakespeare&rsquo;den, bizi de anlatan dizelerle.<\/font><\/font><\/font><\/p>\n<p><font face=\"Times New Roman\" size=\"3\" color=\"#000000\">&nbsp;<\/font> <\/p>\n<p style=\"margin: 0cm 0cm 0pt; tab-stops: 0cm 54.0pt 63.0pt\" class=\"MsoNormal\"><font size=\"3\"><font color=\"#000000\"><font face=\"Times New Roman\"><span>&nbsp;&nbsp;&nbsp;&nbsp;&nbsp;&nbsp;&nbsp;&nbsp;&nbsp;&nbsp;&nbsp;&nbsp;&nbsp;&nbsp;&nbsp;&nbsp;&nbsp; <\/span>D&uuml;z yaz\u0131n\u0131n yapamad\u0131\u011f\u0131n\u0131 bu kez \u015fiirden umal\u0131m, olmayacak duaya amin de olsa!<\/font><\/font><\/font><\/p>\n<p><font face=\"Times New Roman\" size=\"3\" color=\"#000000\">&nbsp;<\/font><strong><font size=\"3\"><font color=\"#000000\"><font face=\"Times New Roman\">NELERDEN KORKUYORUZ?<\/font><\/font><\/font><\/strong><font face=\"Times New Roman\" size=\"3\" color=\"#000000\">&nbsp;<\/font> <\/p>\n<p style=\"margin: 0cm 0cm 0pt; tab-stops: 0cm 54.0pt 63.0pt\" class=\"MsoNormal\"><font face=\"Times New Roman\" size=\"3\" color=\"#000000\">\u0130nsanlar\u0131n &ccedil;o\u011fu, kaybetmekten korktu\u011fu i&ccedil;in,<\/font><\/p>\n<p style=\"margin: 0cm 0cm 0pt; tab-stops: 0cm 54.0pt 63.0pt\" class=\"MsoNormal\"><font face=\"Times New Roman\" size=\"3\" color=\"#000000\">Sevmekten korkuyor<\/font><\/p>\n<p style=\"margin: 0cm 0cm 0pt; tab-stops: 0cm 54.0pt 63.0pt\" class=\"MsoNormal\"><font face=\"Times New Roman\" size=\"3\" color=\"#000000\">Sevilmekten korkuyor,<\/font><\/p>\n<p style=\"margin: 0cm 0cm 0pt; tab-stops: 0cm 54.0pt 63.0pt\" class=\"MsoNormal\"><font face=\"Times New Roman\" size=\"3\" color=\"#000000\">Kendisini sevilmeye lay\u0131k g&ouml;rmedi\u011fi i&ccedil;in<\/font><\/p>\n<p style=\"margin: 0cm 0cm 0pt; tab-stops: 0cm 54.0pt 63.0pt\" class=\"MsoNormal\"><font face=\"Times New Roman\" size=\"3\" color=\"#000000\">D&uuml;\u015f&uuml;nmekten korkuyor,<\/font><\/p>\n<p style=\"margin: 0cm 0cm 0pt; tab-stops: 0cm 54.0pt 63.0pt\" class=\"MsoNormal\"><font face=\"Times New Roman\" size=\"3\" color=\"#000000\">Sorumluluk getirece\u011fi i&ccedil;in.<\/font><\/p>\n<p style=\"margin: 0cm 0cm 0pt; tab-stops: 0cm 54.0pt 63.0pt\" class=\"MsoNormal\"><font face=\"Times New Roman\" size=\"3\" color=\"#000000\">Konu\u015fmaktan korkuyor,<\/font><\/p>\n<p style=\"margin: 0cm 0cm 0pt; tab-stops: 0cm 54.0pt 63.0pt\" class=\"MsoNormal\"><font face=\"Times New Roman\" size=\"3\" color=\"#000000\">Ele\u015ftirilmekten korktu\u011fu i&ccedil;in.<\/font><\/p>\n<p style=\"margin: 0cm 0cm 0pt; tab-stops: 0cm 54.0pt 63.0pt\" class=\"MsoNormal\"><font face=\"Times New Roman\" size=\"3\" color=\"#000000\">Duygular\u0131n\u0131 ifade etmekten korkuyor,<\/font><\/p>\n<p style=\"margin: 0cm 0cm 0pt; tab-stops: 0cm 54.0pt 63.0pt\" class=\"MsoNormal\"><font face=\"Times New Roman\" size=\"3\" color=\"#000000\">Reddedilmekten korktu\u011fu i&ccedil;in.<\/font><\/p>\n<p style=\"margin: 0cm 0cm 0pt; tab-stops: 0cm 54.0pt 63.0pt\" class=\"MsoNormal\"><font face=\"Times New Roman\" size=\"3\" color=\"#000000\">Ya\u015flanmaktan korkuyor,<\/font><\/p>\n<p style=\"margin: 0cm 0cm 0pt; tab-stops: 0cm 54.0pt 63.0pt\" class=\"MsoNormal\"><font face=\"Times New Roman\" size=\"3\" color=\"#000000\">Gen&ccedil;li\u011finin k\u0131ymetini bilmedi\u011fi i&ccedil;in.<\/font><\/p>\n<p style=\"margin: 0cm 0cm 0pt; tab-stops: 0cm 54.0pt 63.0pt\" class=\"MsoNormal\"><font face=\"Times New Roman\" size=\"3\" color=\"#000000\">Unutulmaktan korkuyor,<\/font><\/p>\n<p style=\"margin: 0cm 0cm 0pt; tab-stops: 0cm 54.0pt 63.0pt\" class=\"MsoNormal\"><font face=\"Times New Roman\" size=\"3\" color=\"#000000\">D&uuml;nyaya iyi bir \u015fey vermedi\u011fi i&ccedil;in.<\/font><\/p>\n<p style=\"margin: 0cm 0cm 0pt; tab-stops: 0cm 54.0pt 63.0pt\" class=\"MsoNormal\"><font face=\"Times New Roman\" size=\"3\" color=\"#000000\">Ve &ouml;lmekten korkuyor,<\/font><\/p>\n<p><span style=\"font-size: 12pt; font-family: &#39;Times New Roman&#39;\"><font color=\"#000000\">Asl\u0131nda ya\u015famay\u0131 bilmedi\u011fi i&ccedil;in.<\/font><\/span><\/p>\n","protected":false},"excerpt":{"rendered":"<p>DEVEYE DEM\u0130\u015eLER BOYNUN E\u011eR\u0130, NE ALAKA ,T&Uuml;RK\u0130YE&#39;DE YA\u015eAMIYORUM, AYRICA ECZACI DA DE\u011e\u0130L\u0130M DEM\u0130\u015e! &nbsp; Ge&ccedil;enlerde bir meslekta\u015f\u0131m, &#8211;&nbsp;&nbsp;&nbsp;&nbsp;&nbsp;&nbsp;&nbsp;&nbsp; Ne zaman&#46;&#46;&#46;<\/p>\n","protected":false},"author":16,"featured_media":0,"comment_status":"closed","ping_status":"closed","sticky":false,"template":"","format":"standard","meta":{"_jetpack_memberships_contains_paid_content":false,"footnotes":""},"categories":[52],"tags":[],"class_list":["post-2899","post","type-post","status-publish","format-standard","hentry","category-ecz-nejat-vardar"],"aioseo_notices":[],"jetpack_featured_media_url":"","jetpack_sharing_enabled":true,"jetpack-related-posts":[],"_links":{"self":[{"href":"http:\/\/www.ced.org.tr\/index.php?rest_route=\/wp\/v2\/posts\/2899","targetHints":{"allow":["GET"]}}],"collection":[{"href":"http:\/\/www.ced.org.tr\/index.php?rest_route=\/wp\/v2\/posts"}],"about":[{"href":"http:\/\/www.ced.org.tr\/index.php?rest_route=\/wp\/v2\/types\/post"}],"author":[{"embeddable":true,"href":"http:\/\/www.ced.org.tr\/index.php?rest_route=\/wp\/v2\/users\/16"}],"replies":[{"embeddable":true,"href":"http:\/\/www.ced.org.tr\/index.php?rest_route=%2Fwp%2Fv2%2Fcomments&post=2899"}],"version-history":[{"count":1,"href":"http:\/\/www.ced.org.tr\/index.php?rest_route=\/wp\/v2\/posts\/2899\/revisions"}],"predecessor-version":[{"id":3988,"href":"http:\/\/www.ced.org.tr\/index.php?rest_route=\/wp\/v2\/posts\/2899\/revisions\/3988"}],"wp:attachment":[{"href":"http:\/\/www.ced.org.tr\/index.php?rest_route=%2Fwp%2Fv2%2Fmedia&parent=2899"}],"wp:term":[{"taxonomy":"category","embeddable":true,"href":"http:\/\/www.ced.org.tr\/index.php?rest_route=%2Fwp%2Fv2%2Fcategories&post=2899"},{"taxonomy":"post_tag","embeddable":true,"href":"http:\/\/www.ced.org.tr\/index.php?rest_route=%2Fwp%2Fv2%2Ftags&post=2899"}],"curies":[{"name":"wp","href":"https:\/\/api.w.org\/{rel}","templated":true}]}}