{"id":2900,"date":"2006-09-04T11:38:29","date_gmt":"2006-09-04T08:38:29","guid":{"rendered":"http:\/\/www.ced.org.tr\/?p=2900"},"modified":"2014-05-21T01:32:07","modified_gmt":"2014-05-20T22:32:07","slug":"yabancilasma","status":"publish","type":"post","link":"http:\/\/www.ced.org.tr\/?p=2900","title":{"rendered":"YABANCILA\u015eMA"},"content":{"rendered":"<p><font size=\"2\">&nbsp;&nbsp;&nbsp;&nbsp;&nbsp;&nbsp;&nbsp;&nbsp;&nbsp;&nbsp;&nbsp;&nbsp;&nbsp;&nbsp;&nbsp;&nbsp;&nbsp;&nbsp;&nbsp;&nbsp;&nbsp;&nbsp;&nbsp;&nbsp;&nbsp;&nbsp;&nbsp;&nbsp;&nbsp;&nbsp;&nbsp;&nbsp;&nbsp;&nbsp;&nbsp;&nbsp;&nbsp;&nbsp;&nbsp;&nbsp;&nbsp; YABANCILA\u015eMA<\/font><\/p>\n<p>&nbsp;<span style=\"font-size: 10pt\"><font color=\"#000000\"><font face=\"Times New Roman\">&nbsp;&nbsp;&nbsp;&nbsp;&nbsp;&nbsp;&nbsp;&nbsp;&nbsp; Son y\u0131llarda ,toplant\u0131lar haricinde,hi&ccedil; meslekta\u015flar\u0131n\u0131zla beraber olabiliryormusunuz?Onlardan veya halktan biriyle hi&ccedil; tavla oynad\u0131n\u0131z m\u0131 ?Bir kahvehanede oturup insanlarla sohbet edebildiniz mi ?Bir ak\u015fam &uuml;zeri,elinizde demli bir &ccedil;ay ,\u015fehrinizin g&uuml;zelliklerini seyredebildiniz mi?Y\u0131lda ka&ccedil; kez tiyatro izlediniz,ka&ccedil; kez operaya gittiniz,ka&ccedil; film seyredebildiniz ?&Uuml;lkemizin g&uuml;zelliklerini ke\u015ffedecek geziler yapabiliyormusunuz?Bir y\u0131lda ka&ccedil; kitap, ka&ccedil; bilimsel yay\u0131n, ka&ccedil; a\u015fk roman\u0131 okuyabildiniz?<\/font><\/font><\/span><\/p>\n<p><span style=\"font-size: 10pt\"><font color=\"#000000\"><font face=\"Times New Roman\">&nbsp;&nbsp;&nbsp;&nbsp;&nbsp;&nbsp;&nbsp;&nbsp;&nbsp;&nbsp;&nbsp;&nbsp;&nbsp;&nbsp;&nbsp;&nbsp;&nbsp;&nbsp;&nbsp;&nbsp;&nbsp;&nbsp;&nbsp;&nbsp;&nbsp;&nbsp;&nbsp;&nbsp;&nbsp;&nbsp;&nbsp;&nbsp;&nbsp;&nbsp;&nbsp;&nbsp;&nbsp;&nbsp;&nbsp;&nbsp;&nbsp;&nbsp;&nbsp;&nbsp;&nbsp;&nbsp;&nbsp;&nbsp;&nbsp; YABANCILA\u015eMA<\/font><\/font><\/span><\/p>\n<p><span style=\"font-size: 10pt\"><font color=\"#000000\"><font face=\"Times New Roman\">&nbsp;&nbsp;&nbsp;&nbsp;&nbsp;&nbsp;&nbsp;&nbsp;&nbsp; Son y\u0131llarda ,toplant\u0131lar haricinde,hi&ccedil; meslekta\u015flar\u0131n\u0131zla beraber olabiliryormusunuz?Onlardan veya halktan biriyle hi&ccedil; tavla oynad\u0131n\u0131z m\u0131 ?Bir kahvehanede oturup insanlarla sohbet edebildiniz mi ?Bir ak\u015fam &uuml;zeri,elinizde demli bir &ccedil;ay ,\u015fehrinizin g&uuml;zelliklerini seyredebildiniz mi?Y\u0131lda ka&ccedil; kez tiyatro izlediniz,ka&ccedil; kez operaya gittiniz,ka&ccedil; film seyredebildiniz ?&Uuml;lkemizin g&uuml;zelliklerini ke\u015ffedecek geziler yapabiliyormusunuz?Bir y\u0131lda ka&ccedil; kitap, ka&ccedil; bilimsel yay\u0131n, ka&ccedil; a\u015fk roman\u0131 okuyabildiniz?<\/font><\/font><\/span><span style=\"font-size: 10pt\"><font color=\"#000000\"><font face=\"Times New Roman\">&nbsp;<\/font><\/font><\/span><\/p>\n<p><span style=\"font-size: 10pt\"><font color=\"#000000\"><font face=\"Times New Roman\">&nbsp;&nbsp;&nbsp;&nbsp;&nbsp;&nbsp;&nbsp;&nbsp; &Ccedil;ocu\u011funuzu al\u0131p \u015fu g&uuml;zel bahar g&uuml;nlerinde birlikte u&ccedil;urtma u&ccedil;urabiliyormuyuz?Ailecek bir bisiklet turu ,bir y&uuml;r&uuml;y&uuml;\u015f yapabildik mi?E\u015finize, mehtapl\u0131 bir ak\u015famda, en son ne zaman bir a\u015fk c&uuml;mlesi f\u0131s\u0131ldad\u0131n\u0131z ?Halan\u0131zla ve day\u0131n\u0131zla en son ne zaman g&ouml;r&uuml;\u015febildiniz?<\/font><\/font><\/span><span style=\"font-size: 10pt\"><font color=\"#000000\"><font face=\"Times New Roman\">&nbsp;&nbsp;&nbsp;&nbsp;&nbsp;&nbsp;&nbsp;&nbsp; Ge&ccedil;enlerde bir aile dostumun cenazesinde sordum bu sorular\u0131 kendime .Onu h&uuml;z&uuml;nl&uuml; g&ouml;zlerle u\u011furlarken son yolculu\u011funa&#8230;<\/font><\/font><\/span><\/p>\n<p><span style=\"font-size: 10pt\"><font color=\"#000000\"><font face=\"Times New Roman\">&nbsp;&nbsp;&nbsp;&nbsp;&nbsp;&nbsp;&nbsp;&nbsp;&nbsp; Daha 5-6 y\u0131l &ouml;ncesine de\u011fin yukar\u0131daki sorular\u0131n pek &ccedil;o\u011funa olumlu yan\u0131t verebiliyordum.Meslekta\u015flar\u0131m\u0131zla s\u0131k s\u0131k yan yana <\/font><\/font><\/span><span style=\"font-size: 10pt\"><font color=\"#000000\"><font face=\"Times New Roman\">gelip meslek ve &uuml;lke sorunlar\u0131n\u0131 tart\u0131\u015f\u0131yor,bol kitap okuyabiliyor, ak\u015fam ziyaretleri yap\u0131p bol bol seyahat edebiliyorduk.K\u0131\u015f\u0131n bol sinema ,tiyatro;yaz\u0131n, bol bol deniz, g&uuml;ne\u015f, mehtap ve rak\u0131l\u0131 ak\u015famlar ge&ccedil;ebiliyordu.<\/font><\/font><\/span><\/p>\n<p><span style=\"font-size: 10pt\"><font color=\"#000000\"><font face=\"Times New Roman\">&nbsp;&nbsp;&nbsp;&nbsp;&nbsp;&nbsp;&nbsp;&nbsp;&nbsp; \u015eimdi neden b&uuml;t&uuml;n bunlar eksik kalmakta ?<\/font><\/font><\/span><\/p>\n<p><span style=\"font-size: 10pt\"><font color=\"#000000\"><font face=\"Times New Roman\">&nbsp;&nbsp;&nbsp;&nbsp;&nbsp;&nbsp;&nbsp;&nbsp;&nbsp; Nerede o insanlar\u0131n birbirine yard\u0131mlar\u0131 ,nerde o eski kom\u015fuluklar,dostluklar&#8230;<\/font><\/font><\/span><\/p>\n<p><span style=\"font-size: 10pt\"><font color=\"#000000\"><font face=\"Times New Roman\">&nbsp;&nbsp;&nbsp;&nbsp;&nbsp;&nbsp;&nbsp;&nbsp;&nbsp; Eczac\u0131 ne yap\u0131yor?Nas\u0131l bir y&uuml;k&uuml;n alt\u0131na sokuldu, ya\u015fam\u0131n\u0131 nas\u0131l idame edebiliyor .Hani teknoloji i\u015fleri rahatlatacakt\u0131?Hani daha &ccedil;ok bo\u015f zaman bulabilecektik?Eczac\u0131 ;BUT talimatlar\u0131n\u0131 harfiyen yerine getiriyor .B&uuml;t&uuml;n sorunlar\u0131n alt\u0131ndan kalk\u0131yor.Hatal\u0131 doktor re&ccedil;etelerini tar\u0131yor,hatal\u0131 raporlar\u0131 ay\u0131kl\u0131yor.Halk\u0131na vermeye &ccedil;al\u0131\u015ft\u0131\u011f\u0131n sa\u011fl\u0131ks\u0131z sa\u011fl\u0131k hizmetini olumluya &ccedil;eviriyor ,&ouml;demelerini geciktiriyorsun,g\u0131k &ccedil;\u0131kartm\u0131yor !&Ouml;yleyse vur abal\u0131ya !Daha da vur &#8230;<\/font><\/font><\/span><span style=\"font-size: 10pt\"><font color=\"#000000\"><font face=\"Times New Roman\">&nbsp;&nbsp;&nbsp;&nbsp;&nbsp;&nbsp;&nbsp;&nbsp; Halk\u0131n di\u011fer katmanlar\u0131 &ccedil;ok mu iyi?\u0130\u015f&ccedil;iler,emek&ccedil;iler i\u015flerini kaybetmemek i&ccedil;in var g&uuml;&ccedil;leriyle &ccedil;abal\u0131yor .Gittik&ccedil;e &ouml;rg&uuml;ts&uuml;zle\u015fiyor,bireyselle\u015fiyor ,patronlara \u015firin g&ouml;r&uuml;nmeye &ccedil;al\u0131\u015f\u0131yor.Sendikadan ayr\u0131l\u0131yor.&Uuml;retici topra\u011f\u0131n\u0131 ekemez duruma geldi .Verilen paralar yat\u0131rd\u0131\u011f\u0131n\u0131 kar\u015f\u0131layamaz durumda .&Uuml;lke ithal tar\u0131m &uuml;r&uuml;n&uuml; cenneti haline geldi.Sokaklar i\u015fsiz insandan ge&ccedil;ilmiyor&#8230;Halk mutsuz ve umutsuz &#8230;<\/font><\/font><\/span><\/p>\n<p><span style=\"font-size: 10pt\"><font color=\"#000000\"><font face=\"Times New Roman\">&nbsp;&nbsp;&nbsp;&nbsp;&nbsp;&nbsp;&nbsp;&nbsp; \u0130nsanlar benli\u011fini kaybetti .&Ouml;zde\u011ferlerinin bir bir yok olmas\u0131n\u0131 &ccedil;aresiz izliyor .Etnik,dinsel ayr\u0131\u015fmalar k&ouml;r&uuml;kleniyor.Devlet organlar\u0131n\u0131n biribirine tahamm&uuml;l&uuml; kalmad\u0131 .Siyaset, &ouml;n&uuml;ndeki her\u015feyi ezip ge&ccedil;iyor..\u0130&ccedil; ve d\u0131\u015f mihraklar, planlamas\u0131 &ouml;nceden yap\u0131lm\u0131\u015f hain emellerine ula\u015fmak i&ccedil;in a&ccedil;\u0131kca kar\u015f\u0131 sald\u0131r\u0131ya ge&ccedil;ti.Yurdumuzun b&uuml;t&uuml;n g&uuml;zel de\u011ferleri yok ediliyor .Halk bencille\u015ftiriliyor, k&uuml;lt&uuml;rs&uuml;zle\u015ftiriliyor.e\u011fitimsizle\u015ftiriliyor,sa\u011fl\u0131ks\u0131zla\u015ft\u0131r\u0131l\u0131yor&#8230;<\/font><\/font><\/span><\/p>\n<p><span style=\"font-size: 10pt\"><font color=\"#000000\"><font face=\"Times New Roman\">&nbsp;&nbsp;&nbsp;&nbsp;&nbsp;&nbsp;&nbsp;&nbsp;&nbsp;G&ouml;rsel ve yaz\u0131l\u0131 bas\u0131n, gelece\u011fini kurtarma hesab\u0131nda .Siyasetin g&uuml;d&uuml;m&uuml;nde .Ayd\u0131nlanman\u0131n &ouml;n&uuml; t\u0131kanm\u0131\u015f vaziyette .Heryerde televole \u015f\u0131r\u0131ngas\u0131,a\u015firet k&uuml;lt&uuml;r&uuml; ,k&uuml;resel ekonomi safsatas\u0131..<\/font><\/font><\/span><\/p>\n<p><span style=\"font-size: 10pt\"><font color=\"#000000\"><font face=\"Times New Roman\">&nbsp;&nbsp;&nbsp;&nbsp;&nbsp;&nbsp;&nbsp;&nbsp; Yabanc\u0131la\u015fma &#8230;\u0130nsan\u0131n birbirine yabanc\u0131la\u015fmas\u0131,bireyin kendine yabanc\u0131la\u015fmas\u0131&#8230;\u0130\u015fte emperyalizmin hedefindeki &uuml;lke ve insan yap\u0131s\u0131 .A\u011fz\u0131ndan ekme\u011fini alsan ba\u011f\u0131rmayacak ,kar\u015f\u0131 &ccedil;\u0131kmayacak,kaderine raz\u0131 olan insanlar&#8230;S&ouml;m&uuml;r s&ouml;m&uuml;re bildi\u011fin kadar .Beslen yok edene de\u011fin &#8230;<\/font><\/font><\/span><\/p>\n<p><span style=\"font-size: 10pt\"><font color=\"#000000\"><font face=\"Times New Roman\">&nbsp;&nbsp;&nbsp;&nbsp;&nbsp;&nbsp;&nbsp;&nbsp; Bu gidi\u015ften memnunsan\u0131z mesele yok .G&uuml;le g&uuml;le yok olu\u015fa.<\/font><\/font><\/span><\/p>\n<p><span style=\"font-size: 10pt\"><font color=\"#000000\"><font face=\"Times New Roman\">&nbsp;&nbsp;&nbsp;&nbsp;&nbsp;&nbsp;&nbsp;&nbsp; Ama ;bu &uuml;lkenin sayesinde okuyan ,bu &uuml;lke sayesinde ayd\u0131n olan,biz eczac\u0131lar,halka en yak\u0131n insanlar, sa\u011fl\u0131k emek&ccedil;ileri &#8230;<\/font><\/font><\/span><\/p>\n<p><span style=\"font-size: 10pt\"><font color=\"#000000\"><font face=\"Times New Roman\">&nbsp;&nbsp;&nbsp;&nbsp;&nbsp;&nbsp;&nbsp;&nbsp; VARMISINIZ!<\/font><\/font><\/span><\/p>\n<p><span style=\"font-size: 10pt\"><font color=\"#000000\"><font face=\"Times New Roman\">&nbsp;&nbsp;&nbsp;&nbsp;&nbsp;&nbsp;&nbsp;&nbsp; Bu trenin yolunu de\u011fi\u015ftirelim. Yolu karanl\u0131ktan ayd\u0131nl\u0131\u011fa &ccedil;evirelim .Rehberimiz ATAT&Uuml;RK!&uuml;n yoluna tekrar koyal\u0131m arka arkaya vagonlar\u0131 ..<\/font><\/font><\/span><span style=\"font-size: 10pt\"><font color=\"#000000\"><font face=\"Times New Roman\">&nbsp;&nbsp;&nbsp;&nbsp;&nbsp;&nbsp;&nbsp;&nbsp; &Ouml;rg&uuml;tlenelim .Siyasalla\u015fal\u0131m.G&uuml;&ccedil; olu\u015fturabilelim .T&uuml;m bask\u0131lara g&ouml;\u011f&uuml;s gerelim.Dimdik ayakta dural\u0131m.Bencillikten ve k\u0131sa g&uuml;n ticaretinden soyutlanal\u0131m.Bu halk\u0131n hakk\u0131 olan daha sa\u011fl\u0131kl\u0131 ve daha g&uuml;zel ya\u015fama hakk\u0131na sahip &ccedil;\u0131kal\u0131m .Birileri bizden &ouml;nce davranmadan .<\/font><\/font><\/span><\/p>\n<p><span style=\"font-size: 10pt\"><font color=\"#000000\"><font face=\"Times New Roman\">&nbsp;&nbsp;&nbsp;&nbsp;&nbsp;&nbsp;&nbsp;&nbsp; Mesle\u011fimiz ve &uuml;lkemiz yok olmadan&#8230;<\/font><\/font><\/span> <\/p>\n<p><span style=\"font-size: 10pt\"><font color=\"#000000\"><font face=\"Times New Roman\">&nbsp;&nbsp;&nbsp;&nbsp;&nbsp;&nbsp;&nbsp;&nbsp; VARMISINIZ!!!<\/font><\/font><\/span><\/p>\n","protected":false},"excerpt":{"rendered":"<p>&nbsp;&nbsp;&nbsp;&nbsp;&nbsp;&nbsp;&nbsp;&nbsp;&nbsp;&nbsp;&nbsp;&nbsp;&nbsp;&nbsp;&nbsp;&nbsp;&nbsp;&nbsp;&nbsp;&nbsp;&nbsp;&nbsp;&nbsp;&nbsp;&nbsp;&nbsp;&nbsp;&nbsp;&nbsp;&nbsp;&nbsp;&nbsp;&nbsp;&nbsp;&nbsp;&nbsp;&nbsp;&nbsp;&nbsp;&nbsp;&nbsp; YABANCILA\u015eMA &nbsp;&nbsp;&nbsp;&nbsp;&nbsp;&nbsp;&nbsp;&nbsp;&nbsp;&nbsp; Son y\u0131llarda ,toplant\u0131lar haricinde,hi&ccedil; meslekta\u015flar\u0131n\u0131zla beraber olabiliryormusunuz?Onlardan veya halktan biriyle hi&ccedil; tavla oynad\u0131n\u0131z m\u0131 ?Bir kahvehanede oturup&#46;&#46;&#46;<\/p>\n","protected":false},"author":13,"featured_media":0,"comment_status":"closed","ping_status":"closed","sticky":false,"template":"","format":"standard","meta":{"_jetpack_memberships_contains_paid_content":false,"footnotes":""},"categories":[54],"tags":[],"class_list":["post-2900","post","type-post","status-publish","format-standard","hentry","category-ecz-levent-budak"],"aioseo_notices":[],"jetpack_featured_media_url":"","jetpack_sharing_enabled":true,"jetpack-related-posts":[],"_links":{"self":[{"href":"http:\/\/www.ced.org.tr\/index.php?rest_route=\/wp\/v2\/posts\/2900","targetHints":{"allow":["GET"]}}],"collection":[{"href":"http:\/\/www.ced.org.tr\/index.php?rest_route=\/wp\/v2\/posts"}],"about":[{"href":"http:\/\/www.ced.org.tr\/index.php?rest_route=\/wp\/v2\/types\/post"}],"author":[{"embeddable":true,"href":"http:\/\/www.ced.org.tr\/index.php?rest_route=\/wp\/v2\/users\/13"}],"replies":[{"embeddable":true,"href":"http:\/\/www.ced.org.tr\/index.php?rest_route=%2Fwp%2Fv2%2Fcomments&post=2900"}],"version-history":[{"count":1,"href":"http:\/\/www.ced.org.tr\/index.php?rest_route=\/wp\/v2\/posts\/2900\/revisions"}],"predecessor-version":[{"id":4042,"href":"http:\/\/www.ced.org.tr\/index.php?rest_route=\/wp\/v2\/posts\/2900\/revisions\/4042"}],"wp:attachment":[{"href":"http:\/\/www.ced.org.tr\/index.php?rest_route=%2Fwp%2Fv2%2Fmedia&parent=2900"}],"wp:term":[{"taxonomy":"category","embeddable":true,"href":"http:\/\/www.ced.org.tr\/index.php?rest_route=%2Fwp%2Fv2%2Fcategories&post=2900"},{"taxonomy":"post_tag","embeddable":true,"href":"http:\/\/www.ced.org.tr\/index.php?rest_route=%2Fwp%2Fv2%2Ftags&post=2900"}],"curies":[{"name":"wp","href":"https:\/\/api.w.org\/{rel}","templated":true}]}}