{"id":2901,"date":"2006-12-12T13:05:07","date_gmt":"2006-12-12T11:05:07","guid":{"rendered":"http:\/\/www.ced.org.tr\/?p=2901"},"modified":"2014-05-21T01:32:02","modified_gmt":"2014-05-20T22:32:02","slug":"aile-hekimligi","status":"publish","type":"post","link":"http:\/\/www.ced.org.tr\/?p=2901","title":{"rendered":"A\u0130LE HEK\u0130ML\u0130\u011e\u0130"},"content":{"rendered":"<br \/>\n<h3 align=\"center\"><strong>A\u0130LE HEK\u0130ML\u0130\u011e\u0130-SA\u011eLIK-ECZACILIK&nbsp;<\/strong><\/h3>\n<p style=\"text-align: justify; text-indent: 35.4pt\" class=\"MsoNormal\">1961 y\u0131l\u0131na kadar &uuml;lkemizde I. Basamak Sa\u011fl\u0131k Hizmeti (Koruyucu Sa\u011fl\u0131k Hizmeti) H&uuml;k&uuml;met Tabipleri kanal\u0131yla s&uuml;rd&uuml;r&uuml;lmeye &ccedil;al\u0131\u015f\u0131lm\u0131\u015ft\u0131. Daha do\u011frusu s&uuml;rd&uuml;r&uuml;lememi\u015fti. 5 Ocak 1961&rsquo;de rahmetli Nusret Fi\u015fek hocam\u0131z\u0131n katk\u0131lar\u0131yla 224 say\u0131l\u0131 &ldquo;Sa\u011fl\u0131k Hizmetlerinin Sosyalle\u015ftirilmesi hakk\u0131nda kanun&rdquo; &ccedil;\u0131kart\u0131larak koruyucu sa\u011fl\u0131k sistemine ge&ccedil;ildi. Bu sistemin olmazsa olmaz ko\u015fulu olan sa\u011fl\u0131k ocaklar\u0131n\u0131n a&ccedil;\u0131lmas\u0131 da 1963&rsquo;ten sonra h\u0131zl\u0131 bir \u015fekilde ba\u015flat\u0131ld\u0131.<\/p>\n<p style=\"text-align: justify; text-indent: 35.4pt\" class=\"MsoNormal\">Sosyalle\u015ftirmenin H&uuml;k&uuml;met Tabipli\u011fi&rsquo;nden en &ouml;nemli fark\u0131 n&uuml;fus taban\u0131na dayal\u0131 bir &ouml;rg&uuml;tlenme getirmesi ikinci fark\u0131 da sa\u011fl\u0131k hizmetini kaymakam (siyaset) bask\u0131s\u0131ndan kurtarmas\u0131d\u0131r. Bu kanun&rsquo;la dil, din, mezhep, soy, cinsiyet, siyasal d&uuml;\u015f&uuml;nce ve felsefi inan&ccedil; ayr\u0131m\u0131 g&ouml;zetilmeksizin herkese e\u015fit, nitelikli ve &uuml;cretsiz sa\u011fl\u0131k hizmeti sunulmaya ba\u015flanm\u0131\u015ft\u0131r. Bu sistem sa\u011fl\u0131\u011f\u0131 koruma ve geli\u015ftirme anlay\u0131\u015f\u0131na dayan\u0131yordu. Sa\u011fl\u0131k emek&ccedil;ilerini &ouml;rg&uuml;tledi. Sevk sisteminin &ouml;n&uuml;n&uuml; a&ccedil;t\u0131. Aile planlamas\u0131, gebe ve &ccedil;ocuk takibi geli\u015ftirildi. A\u015f\u0131lama takibi ile kolera, k\u0131zam\u0131k, difteri, t&uuml;berk&uuml;loz gibi toplu &ouml;l&uuml;mlere yol a&ccedil;abilecek hastal\u0131klar\u0131n &ouml;n&uuml; al\u0131nd\u0131. Yard\u0131mc\u0131 sa\u011fl\u0131k personeline &ouml;nem verildi. Basamakl\u0131, kat\u0131l\u0131mc\u0131 ve nitelikli sa\u011fl\u0131k hizmeti olu\u015fturuldu. Ciddi bir kamu tasarrufu sa\u011flan\u0131r hale gelindi. Bu sistem; &ouml;zellikle az geli\u015fmi\u015f ve geli\u015fmekte olan &uuml;lkelere &ouml;rnek te\u015fkil etti. Pek &ccedil;ok &uuml;lkede uygulan\u0131r hale d&ouml;n&uuml;\u015ft&uuml;. <\/p>\n<p style=\"text-align: justify; text-indent: 35.4pt\" class=\"MsoNormal\">B&uuml;t&uuml;n bu olgularla kapitalist anlay\u0131\u015fl\u0131 sa\u011fl\u0131k sistemi &ouml;rt&uuml;\u015fm&uuml;yordu. Kapitalizmin ve bunlar\u0131n en &ouml;nemli ekonomik g&uuml;&ccedil;lerinden olan ila&ccedil; tekelleri ve medikal tekellerin &ccedil;\u0131karlar\u0131yla &ccedil;at\u0131\u015f\u0131yordu. &Ouml;yleyse y\u0131k\u0131lmal\u0131yd\u0131. <\/p>\n<p style=\"text-align: justify; text-indent: 35.4pt\" class=\"MsoNormal\">Aile Hekimli\u011fi ve Genel Sa\u011fl\u0131k Sigortas\u0131 (GSS) IMF direktifleriyle ve onun yerli i\u015fbirlik&ccedil;ileri kanal\u0131yla uygulamaya sokulmaya &ccedil;al\u0131\u015f\u0131l\u0131yor. Bu s&uuml;re&ccedil;; sa\u011fl\u0131\u011f\u0131n &ouml;zelle\u015ftirilmesi ve kamunun sa\u011fl\u0131ktan &ccedil;ekilme s&uuml;recidir. Paran kadar sa\u011fl\u0131k anlay\u0131\u015f\u0131d\u0131r. 2005 Haziran\u0131ndan ba\u015flayarak D&uuml;zce, Eski\u015fehir ve Edirne&rsquo;de pilot uygulamaya ge&ccedil;ilmi\u015ftir. <\/p>\n<p style=\"text-align: justify; text-indent: 35.4pt\" class=\"MsoNormal\">Bu uygulamaya ba\u015flan\u0131rsa sa\u011fl\u0131\u011f\u0131n &uuml;lkeye ve halka maliyeti &ccedil;ok y&uuml;kselecektir. Kamu koruyucu sa\u011fl\u0131k sisteminden vazge&ccedil;mekte ve tedavi edici hekimlik &ouml;zendirilmektedir. <\/p>\n<p style=\"text-align: justify\" class=\"MsoNormal\">Halk\u0131n sa\u011fl\u0131k g&uuml;vencesi, sa\u011fl\u0131k personelinin &ouml;zl&uuml;k haklar\u0131 ve i\u015f g&uuml;vencesi yok edilmektedir. Bu sistemle 130 YTL ayl\u0131k geliri olandan prim toplanacakt\u0131r. Halk\u0131n kat\u0131l\u0131m paylar\u0131 artacakt\u0131r. Aile hekimli\u011fi uygulamas\u0131 ile sa\u011fl\u0131k sisteminin finansman ve &ouml;rg&uuml;tlenmesi t&uuml;m&uuml;yle de\u011fi\u015fmektedir. Bu kadar k&ouml;kl&uuml; bir de\u011fi\u015fiklik ciddi bir planlama ve haz\u0131rl\u0131k d&ouml;nemi gerektirir. IMF ve D&uuml;nya Bankas\u0131n\u0131n bask\u0131s\u0131yla aceleye getirilen bu uygulama yetersizdir ve halk sa\u011fl\u0131\u011f\u0131na &ouml;nemli darbeler vuracak niteliktedir. Yasal bo\u015fluklar\u0131 kararnamelerle doldurulacakt\u0131r. <\/p>\n<p style=\"text-align: justify; text-indent: 35.4pt\" class=\"MsoNormal\">Bu sistemle Sa\u011fl\u0131k Bakanl\u0131\u011f\u0131 k&uuml;&ccedil;&uuml;lt&uuml;lmekte, asli g&ouml;revinden ayr\u0131lmaktad\u0131r. Sa\u011fl\u0131k &ouml;rg&uuml;tleri da\u011f\u0131t\u0131lmakta, performans diye hekimler birbirine d&uuml;\u015fman edilmektedir. Hele yard\u0131mc\u0131 sa\u011fl\u0131k personelinden hi&ccedil; bahsedilmemektedir. Hekimler hasta &uuml;zerinden para kazanmaya zorlanmaktad\u0131r. Devlet memurlu\u011fundan kopart\u0131l\u0131p s&ouml;zle\u015fmeli olmaya &ouml;zendirilmekte hatta bask\u0131larla mecbur b\u0131rak\u0131lmaktad\u0131r. Sa\u011fl\u0131k &uuml;niteleri kamu kurumu olgusundan &ccedil;\u0131kart\u0131larak t&uuml;rbanla sa\u011fl\u0131k hizmeti verilebilir noktaya ta\u015f\u0131nmaktad\u0131r. Hekim se&ccedil;me &ouml;zg&uuml;rl&uuml;\u011f&uuml; diye halk aldat\u0131lmaktad\u0131r. Halbuki bu se&ccedil;im 6 ay ge&ccedil;meden yap\u0131lamayacakt\u0131r. <\/p>\n<p style=\"text-align: justify; text-indent: 35.4pt\" class=\"MsoNormal\">Sovyetler Birli\u011fi&rsquo;nin da\u011f\u0131lmas\u0131 ve Ba\u011f\u0131ms\u0131z Cumhuriyetlerin olu\u015fmas\u0131 sonucu, bu &uuml;lkelerde; aile hekimli\u011fi ve &ouml;zel sigortal\u0131l\u0131k arac\u0131l\u0131\u011f\u0131yla &ouml;zelle\u015ftirilmeye gidilmesi sonunda 9,5 milyon insan bak\u0131ms\u0131zl\u0131k ve paras\u0131zl\u0131ktan &ouml;lm&uuml;\u015ft&uuml;r. Koruyucu sa\u011fl\u0131k hizmeti alamayan bebeklerdeki &ouml;l&uuml;m oranlar\u0131 h\u0131zla artm\u0131\u015ft\u0131r. Ya\u015fl\u0131lar ve kronik hastalar izlemsiz, bak\u0131ms\u0131z, ila&ccedil;s\u0131z ve hastanesiz kalm\u0131\u015ft\u0131r. Ekonomik durumu iyi olan &uuml;lkelerde bile aile hekimli\u011fi uygulamas\u0131 &ccedil;&ouml;km&uuml;\u015ft&uuml;r. Almanya-\u0130ngiltere Kanada gibi &uuml;lkelerde sa\u011fl\u0131k hizmeti &ccedil;ok geriye gitmi\u015f, ekonomik y&uuml;k&uuml; a\u011f\u0131r olan hastal\u0131klarda (kanser gibi) tedavi edilemez noktaya gelinmi\u015ftir. Hastanelerden randevu i&ccedil;in 6 ay s\u0131ra beklenmektedir. Temel teminat paketi d\u0131\u015f\u0131ndaki hastal\u0131k tedavileri kar\u015f\u0131lanmamaktad\u0131r. <\/p>\n<p style=\"text-align: justify; text-indent: 35.4pt\" class=\"MsoNormal\">Pilot uygulama s&uuml;rd&uuml;r&uuml;len b&ouml;lgelerdeki uygulama sonu&ccedil;lar\u0131 da olumsuzdur. Bu illerin sa\u011fl\u0131k verileri saklanmakta ve a&ccedil;\u0131klanmamaktad\u0131r. Sevk zinciri &ccedil;&ouml;km&uuml;\u015ft&uuml;r ve uygulanmamaktad\u0131r. &Ouml;zel sa\u011fl\u0131k &uuml;niteleri koruyucu sa\u011fl\u0131k sistemine devam etmektedir. D&uuml;zce&rsquo;de hekimlere b&uuml;y&uuml;k bask\u0131lar sonucu 46 aile hekimi birimi olu\u015fmu\u015f ve her bir hekime ortalama 3400 insan d&uuml;\u015fm&uuml;\u015ft&uuml;r. Uygulamaya k&ouml;yler sokulamam\u0131\u015ft\u0131r. Yo\u011fun hasta m&uuml;racaat\u0131ndan dolay\u0131 doktorlar bunalm\u0131\u015ft\u0131r. 7 g&uuml;n 24 saat uygulamas\u0131na ge&ccedil;ilememi\u015ftir. Hasta takibi, a\u015f\u0131lama, gebe ve &ccedil;ocuk takibi yap\u0131lamamaktad\u0131r. Hizmet \u015fimdilik eski sa\u011fl\u0131k ocaklar\u0131nda s&uuml;rd&uuml;r&uuml;lmekte ve aile hekimlerinden kira al\u0131nmamaktad\u0131r. 657&rsquo;den ayr\u0131lmayan doktorlar toplum sa\u011fl\u0131\u011f\u0131 merkezlerinde (TSM) yo\u011funla\u015fm\u0131\u015ft\u0131r. Doktorlar Aile Hekimi E\u011fitimi almadan yaln\u0131zca I. Basamak Sa\u011fl\u0131k Y&ouml;netici E\u011fitimi alarak g&ouml;reve ba\u015flam\u0131\u015ft\u0131r. Ev ziyaretleri yap\u0131lamamakta, m&uuml;racaat esasl\u0131 hizmet verilmeye &ccedil;al\u0131\u015f\u0131lmaktad\u0131r. Pratisyen-Uzman ayr\u0131mc\u0131l\u0131\u011f\u0131 ba\u015flam\u0131\u015ft\u0131r. Toplumsal sa\u011fl\u0131k e\u015fitli\u011fi bozulmu\u015ftur. Sa\u011fl\u0131k personelinde &ccedil;al\u0131\u015fma bar\u0131\u015f\u0131 bozulmu\u015ftur. Hekimler vatanda\u015f kapma yar\u0131\u015f\u0131na ba\u015flam\u0131\u015ft\u0131r. Tahlil sistemi &ccedil;&ouml;km&uuml;\u015ft&uuml;r. 112&rsquo;ler &ouml;zelle\u015ftirilmektedir. <\/p>\n<p style=\"text-align: justify; text-indent: 35.4pt\" class=\"MsoNormal\">B&uuml;t&uuml;n bu aktar\u0131lanlar\u0131n sonucundan ila&ccedil; ve eczac\u0131l\u0131k ne \u015fekilde etkilenecektir. \u015eimdilik TEB ve pek &ccedil;ok oda bu olu\u015fumu g&ouml;rmezden gelmekte ve pek ses &ccedil;\u0131kmamaktad\u0131r. Gidi\u015fat\u0131n mesle\u011fimize getirece\u011fi olumsuzluklar\u0131 incelemekte yarar vard\u0131r. &Ouml;ncelikle eczanelerin \u015fimdiki konumlar\u0131, i\u015f kapasiteleri h\u0131zla de\u011fi\u015febilecektir. Sa\u011fl\u0131k ocaklar\u0131n\u0131n kapat\u0131lmas\u0131yla bu &uuml;nitelerin yak\u0131n\u0131nda bulunan eczaneler bu s&uuml;re&ccedil;ten olumsuz etkilenecek ve eczanelerin h\u0131zl\u0131 bir yer de\u011fi\u015fimi ka&ccedil;\u0131n\u0131lmaz olacakt\u0131r. Aile hekimlerinin bulundu\u011fu yerlerden yer kapma yar\u0131\u015f\u0131 ba\u015flayacak etik d\u0131\u015f\u0131 baz\u0131 ili\u015fkiler s&ouml;z konusu olabilecektir. Kamunun g&ouml;revden &ccedil;ekilmesi sonucu tek bur kurumla (GSS) s&ouml;zle\u015fme yap\u0131laca\u011f\u0131ndan geri &ouml;deme s&uuml;relerinde ciddi art\u0131\u015flar ya\u015fanacakt\u0131r. \u015eimdi sa\u011fl\u0131k hizmeti veren &ouml;zel sigortalarda oldu\u011fu gibi iskonto ko\u015fullar\u0131nda &ouml;nemli art\u0131\u015flar istenebilecektir. Eczac\u0131lar\u0131 &ouml;rg&uuml;tsel b&uuml;t&uuml;nl&uuml;kten koparan ve bireyselle\u015ftiren, g&uuml;&ccedil;s&uuml;zle\u015ftiren istemler gelebilecek, TEB ve odalar\u0131n etkinlikleri azalt\u0131labilecektir. Yasalar\u0131 arkas\u0131na alan ila&ccedil; firmalar\u0131 ila&ccedil; fiyatlar\u0131n\u0131 art\u0131rarak (ruhsat-fiyat ayr\u0131\u015fmas\u0131) eczanelerle birebir anla\u015fmalara girip zengin ekonomileri destekleyerek g&uuml;&ccedil;s&uuml;z eczanelerin &ccedil;&ouml;k&uuml;\u015f&uuml;n&uuml; h\u0131zland\u0131rabilecektir. &Ouml;deme kapsam\u0131 d\u0131\u015f\u0131nda kalan ila&ccedil; say\u0131s\u0131 h\u0131zla artarken (OTC) bu ila&ccedil;lar\u0131n sat\u0131\u015f\u0131 a\u011f\u0131rl\u0131kl\u0131 olarak (divers sat\u0131\u015f\u0131) market tipi eczanelere (drog stor) kayacakt\u0131r. G&ouml;r&uuml;ld&uuml;\u011f&uuml; gibi aile hekimli\u011fi uygulamas\u0131n\u0131n biz eczac\u0131lar\u0131 olumsuz y&ouml;nde etkilemesi ka&ccedil;\u0131n\u0131lmazd\u0131r. &Ouml;yleyse mesle\u011fimiz ad\u0131na, sa\u011fl\u0131k personeli ad\u0131na ve her \u015feyden &ouml;nemlisi, halk\u0131n sa\u011fl\u0131\u011f\u0131 ad\u0131na bu k&ouml;t&uuml; gidi\u015fe &ldquo;DUR&rdquo; denmelidir. Bu s&uuml;re&ccedil;te, sa\u011fl\u0131\u011f\u0131n b&uuml;t&uuml;n emek&ccedil;ileriyle i\u015fbirli\u011fi yap\u0131lmal\u0131 halk\u0131 bu noktada ayd\u0131nlatacak ve uyaracak giri\u015fimlerde bulunulmal\u0131d\u0131r. Halk\u0131 yan\u0131m\u0131za ald\u0131\u011f\u0131m\u0131z oranda g&uuml;c&uuml;m&uuml;z&uuml;n ve etkinli\u011fimizin artmas\u0131 olanakl\u0131d\u0131r. Odalar\u0131m\u0131z halk\u0131 ayd\u0131nlatmaya y&ouml;nelik giri\u015fimlere &ouml;nderlik etmelidir. &Ouml;n&uuml;m&uuml;zdeki y\u0131l\u0131n se&ccedil;im y\u0131l\u0131 oldu\u011funu dikkate al\u0131rsak m&uuml;cadeleden kazan&ccedil;l\u0131 &ccedil;\u0131kma ihtimalimizin y&uuml;ksek oldu\u011fu muhakkakt\u0131r. Sa\u011fl\u0131\u011f\u0131m\u0131za ve mesle\u011fimize sahip &ccedil;\u0131kma umuduyla&hellip;<\/p>\n","protected":false},"excerpt":{"rendered":"<p>A\u0130LE HEK\u0130ML\u0130\u011e\u0130-SA\u011eLIK-ECZACILIK&nbsp; 1961 y\u0131l\u0131na kadar &uuml;lkemizde I. Basamak Sa\u011fl\u0131k Hizmeti (Koruyucu Sa\u011fl\u0131k Hizmeti) H&uuml;k&uuml;met Tabipleri kanal\u0131yla s&uuml;rd&uuml;r&uuml;lmeye &ccedil;al\u0131\u015f\u0131lm\u0131\u015ft\u0131. Daha do\u011frusu&#46;&#46;&#46;<\/p>\n","protected":false},"author":13,"featured_media":0,"comment_status":"closed","ping_status":"closed","sticky":false,"template":"","format":"standard","meta":{"_jetpack_memberships_contains_paid_content":false,"footnotes":""},"categories":[54],"tags":[],"class_list":["post-2901","post","type-post","status-publish","format-standard","hentry","category-ecz-levent-budak"],"aioseo_notices":[],"jetpack_featured_media_url":"","jetpack_sharing_enabled":true,"jetpack-related-posts":[],"_links":{"self":[{"href":"http:\/\/www.ced.org.tr\/index.php?rest_route=\/wp\/v2\/posts\/2901","targetHints":{"allow":["GET"]}}],"collection":[{"href":"http:\/\/www.ced.org.tr\/index.php?rest_route=\/wp\/v2\/posts"}],"about":[{"href":"http:\/\/www.ced.org.tr\/index.php?rest_route=\/wp\/v2\/types\/post"}],"author":[{"embeddable":true,"href":"http:\/\/www.ced.org.tr\/index.php?rest_route=\/wp\/v2\/users\/13"}],"replies":[{"embeddable":true,"href":"http:\/\/www.ced.org.tr\/index.php?rest_route=%2Fwp%2Fv2%2Fcomments&post=2901"}],"version-history":[{"count":1,"href":"http:\/\/www.ced.org.tr\/index.php?rest_route=\/wp\/v2\/posts\/2901\/revisions"}],"predecessor-version":[{"id":4027,"href":"http:\/\/www.ced.org.tr\/index.php?rest_route=\/wp\/v2\/posts\/2901\/revisions\/4027"}],"wp:attachment":[{"href":"http:\/\/www.ced.org.tr\/index.php?rest_route=%2Fwp%2Fv2%2Fmedia&parent=2901"}],"wp:term":[{"taxonomy":"category","embeddable":true,"href":"http:\/\/www.ced.org.tr\/index.php?rest_route=%2Fwp%2Fv2%2Fcategories&post=2901"},{"taxonomy":"post_tag","embeddable":true,"href":"http:\/\/www.ced.org.tr\/index.php?rest_route=%2Fwp%2Fv2%2Ftags&post=2901"}],"curies":[{"name":"wp","href":"https:\/\/api.w.org\/{rel}","templated":true}]}}