{"id":2902,"date":"2007-12-27T17:25:30","date_gmt":"2007-12-27T15:25:30","guid":{"rendered":"http:\/\/www.ced.org.tr\/?p=2902"},"modified":"2014-05-21T01:31:55","modified_gmt":"2014-05-20T22:31:55","slug":"gemi-su-aliyor","status":"publish","type":"post","link":"http:\/\/www.ced.org.tr\/?p=2902","title":{"rendered":"GEM\u0130 SU ALIYOR"},"content":{"rendered":"<p style=\"margin: 0cm 0cm 0pt\" class=\"NoSpacing\"><span style=\"font-size: 12pt; font-family: &#39;Times New Roman&#39;\"><font color=\"#000000\">&nbsp;&nbsp;&nbsp;&nbsp;&nbsp;&nbsp;&nbsp;&nbsp;&nbsp;&nbsp;&nbsp; Yurdumuzun son tablosunu k\u0131saca incelersek, kapitalist sistemin egemenli\u011finde ve bu sistemin siyasi, psikolojik, lojistik deste\u011findeki i&ccedil; ve d\u0131\u015f unsurlarla &uuml;lkemizin b&ouml;l&uuml;nme s&uuml;recine h\u0131zla yakla\u015ft\u0131r\u0131ld\u0131\u011f\u0131n\u0131 &uuml;z&uuml;lerek ve deh\u015fetle g&ouml;zlemliyoruz. Gittik&ccedil;e yok edilen milli ekonomi, &ouml;rg&uuml;tlenme bilincindeki k&ouml;r edili\u015f, bireyselle\u015fme, yabanc\u0131la\u015fma, yaln\u0131zla\u015fma&hellip; Cumhuriyet d&ouml;nemi kazan\u0131mlar\u0131n\u0131n tek tek elden &ccedil;\u0131kart\u0131lmas\u0131&hellip; Gittik&ccedil;e daha &ccedil;ok insan\u0131n yoksulla\u015fmas\u0131, i\u015fsizlik, a&ccedil;l\u0131k&#8230; &Uuml;lke ekonomisinin her ge&ccedil;en g&uuml;n d\u0131\u015f g&uuml;&ccedil;lerin ve k&uuml;reselle\u015fme denen perdenin arkas\u0131ndaki uluslar &uuml;st&uuml; sermaye egemenli\u011finin eline ge&ccedil;mesi. Askerlerimizin ba\u015f\u0131na &ccedil;uval ge&ccedil;irmeler, yeniden hortlat\u0131lan PKK ter&ouml;r&uuml;, \u015fehit cenazeleri&hellip; Nato toplant\u0131lar\u0131nda subaylar\u0131m\u0131z\u0131n &ouml;n&uuml;ne konan ve &uuml;lkemizle birlikte 24 m&uuml;sl&uuml;man &uuml;lkenin s\u0131n\u0131rlar\u0131n\u0131 b&ouml;l&uuml;nm&uuml;\u015f g&ouml;steren BOP haritalar\u0131 ve bu projede g&ouml;revli oldu\u011funu ilan eden siyaset adamlar\u0131yla ayakta durmaya &ccedil;al\u0131\u015fan ama her yerinden alabora olan T&uuml;rk insan\u0131 ve cumhuriyet gemisi&#8230;<\/font><\/span><\/p>\n<p style=\"margin: 0cm 0cm 0pt\" class=\"NoSpacing\">&nbsp;<\/p>\n<p style=\"margin: 0cm 0cm 0pt\" class=\"NoSpacing\">&nbsp;<\/p>\n<p>&nbsp;<span style=\"font-size: 12pt; font-family: &#39;Times New Roman&#39;\"><font color=\"#000000\"><span>&nbsp;&nbsp;&nbsp;&nbsp;&nbsp;&nbsp;&nbsp;&nbsp;&nbsp;&nbsp;&nbsp; <\/span>Meslek &ouml;zeline ge&ccedil;i\u015f yapt\u0131\u011f\u0131m\u0131zda da; yok edilme s&uuml;reci h\u0131zland\u0131r\u0131lm\u0131\u015f eczac\u0131l\u0131k ve eczaneler&hellip; Soros sermayesinin eline ge&ccedil;en <\/font><\/span><span style=\"font-size: 12pt; font-family: &#39;Times New Roman&#39;\"><font color=\"#000000\">ulusal ila&ccedil; sanayi&hellip; Kazan&ccedil;lar\u0131n\u0131 katlayan ila&ccedil; tekelleri.Asli g&ouml;revinden uzakla\u015ft\u0131r\u0131lan sa\u011fl\u0131k bakanl\u0131\u011f\u0131, gelece\u011fi karanl\u0131k insan sa\u011fl\u0131\u011f\u0131&#8230;Bu s&uuml;re&ccedil;te ayakta kalmaya ve t&uuml;m olumsuz ko\u015fullara ra\u011fmen halk\u0131n\u0131 ila&ccedil;s\u0131z b\u0131rakmamaya gayret g&ouml;steren ve gittik&ccedil;e bata\u011fa daha &ccedil;ok sapland\u0131\u011f\u0131n\u0131 hisseden eczac\u0131lar. Daha &ccedil;ok y&uuml;k daha az ciro, daha &ccedil;ok gider daha az kar, daha da k\u0131salan vadeli <\/font><\/span><span style=\"font-size: 12pt; font-family: &#39;Times New Roman&#39;\"><font color=\"#000000\">ila&ccedil; al\u0131mlar\u0131 ama gittik&ccedil;e uzayan geri &ouml;demeler. Kredi kartlar\u0131 ve banka <\/font><\/span><span style=\"font-size: 12pt; font-family: &#39;Times New Roman&#39;\"><font color=\"#000000\">kredilerindeki tehlikeli bor&ccedil;lanma rakamlar\u0131, al\u0131n terleri ile edinilmi\u015f mal varl\u0131klar\u0131n\u0131n<span>&nbsp; <\/span>elden &ccedil;\u0131kar\u0131lma s&uuml;reci ve g&uuml;n ge&ccedil;tik&ccedil;e ekonomik darbo\u011faz.<\/font><\/span> <\/p>\n<p style=\"margin: 0cm 0cm 0pt\" class=\"NoSpacing\"><span style=\"font-size: 12pt; font-family: &#39;Times New Roman&#39;\"><font color=\"#000000\">Bu olumsuzluklar alt\u0131ndaki meslekta\u015flar\u0131na yard\u0131m ve yatakl\u0131k etme gayretindeki odalar ve TEB&#8230;<\/font><\/span><\/p>\n<p style=\"margin: 0cm 0cm 0pt\" class=\"NoSpacing\">&nbsp;<\/p>\n<p>&nbsp; <\/p>\n<p style=\"margin: 0cm 0cm 0pt\" class=\"NoSpacing\"><span style=\"font-size: 12pt; font-family: &#39;Times New Roman&#39;\"><font color=\"#000000\"><span>&nbsp;&nbsp;&nbsp;&nbsp;&nbsp;&nbsp;&nbsp;&nbsp;&nbsp;&nbsp;&nbsp; <\/span>Yenilenen oda se&ccedil;imlerinden sonra yeni bir TEB kongresi arifesindeyiz. Peki &uuml;lkenin ve mesle\u011fin i&ccedil;inde bulundu\u011fu bu olumsuz ko\u015fullarda t&uuml;m meslekta\u015flar\u0131m\u0131z\u0131n arzulad\u0131\u011f\u0131 g&uuml;&ccedil;l&uuml; bir<span>&nbsp; <\/span>TEB merkez heyeti bu kongreden &ccedil;\u0131kabilir mi?<\/font><\/span><\/p>\n<p style=\"margin: 0cm 0cm 0pt\" class=\"NoSpacing\">&nbsp;<\/p>\n<p>&nbsp; <\/p>\n<p style=\"margin: 0cm 0cm 0pt\" class=\"NoSpacing\"><span style=\"font-size: 12pt; font-family: &#39;Times New Roman&#39;\"><font color=\"#000000\"><span>&nbsp;&nbsp;&nbsp;&nbsp;&nbsp;&nbsp;&nbsp;&nbsp;&nbsp;&nbsp;&nbsp; <\/span>Son g&uuml;nlerde eczac\u0131 kamu oyuna sunulan iyi niyetli gayretler g&ouml;zlemleniyor. Baz\u0131 odalar\u0131n olu\u015fturdu\u011fu de\u011fi\u015fik bloklar kendi d&uuml;\u015f&uuml;celerini ve &ccedil;\u0131k\u0131\u015f yollar\u0131n\u0131 ifade etmeye &ccedil;al\u0131\u015f\u0131yorlar. Mesleki birikimlerini meslek ad\u0131na <\/font><\/span><span style=\"font-size: 12pt; font-family: &#39;Times New Roman&#39;\"><font color=\"#000000\">kullanma gayretinde olan pek &ccedil;ok aday aday\u0131 ad\u0131 dola\u015f\u0131yor kulislerde. Ayn\u0131<\/font><\/span><span style=\"font-size: 12pt; font-family: &#39;Times New Roman&#39;\"><font color=\"#000000\"><span>&nbsp;<\/span>ge&ccedil;en d&ouml;nem ve daha &ouml;nceki d&ouml;nemlerde oldu\u011fu gibi&#8230; B&uuml;t&uuml;n bu iyi niyetli<\/font><\/span><span style=\"font-size: 12pt; font-family: &#39;Times New Roman&#39;\"><font color=\"#000000\"><span>&nbsp;<\/span>giri\u015fimlere ra\u011fmen neden sorunlar\u0131m\u0131za merhem olabilecek bir yap\u0131 &ccedil;\u0131karam\u0131yoruz, niye kurulu\u015f ana yasam\u0131z olan halk\u0131n,devletin ve mesle\u011fin &ccedil;\u0131karlar\u0131n\u0131 hep birlikte olumluya y&ouml;nlendiremiyoruz.<\/font><\/span><\/p>\n<p style=\"margin: 0cm 0cm 0pt\" class=\"NoSpacing\">&nbsp;<\/p>\n<p>&nbsp; <\/p>\n<p style=\"margin: 0cm 0cm 0pt\" class=\"NoSpacing\"><span style=\"font-size: 12pt; font-family: &#39;Times New Roman&#39;\"><font color=\"#000000\"><span>&nbsp;&nbsp;&nbsp;&nbsp;&nbsp;&nbsp;&nbsp;&nbsp;&nbsp;&nbsp;&nbsp; <\/span>&Uuml;lkemizin Br&uuml;ksel&rsquo;den, Washington&#39;dan y&ouml;netildi\u011fi, Ankara&#39;m\u0131z\u0131n ve meclisimizin d\u0131\u015far\u0131da olu\u015fturulan yasalar\u0131 onama organ\u0131na d&ouml;n&uuml;\u015ft&uuml;r&uuml;ld&uuml;\u011f&uuml;, insan emek ve haysiyetinin g&ouml;rmezden gelindi\u011fi, ulusal kazan\u0131mlar\u0131n ve ulusal onurun ayaklar alt\u0131na al\u0131nd\u0131\u011f\u0131 &uuml;lkemizde, g&uuml;&ccedil;l&uuml; bir TEB ve g&uuml;&ccedil;l&uuml; bir eczac\u0131 <\/font><\/span><span style=\"font-size: 12pt; font-family: &#39;Times New Roman&#39;\"><font color=\"#000000\">yap\u0131lanmas\u0131na izin verilemez. &Uuml;lkemizin her t&uuml;rl&uuml; milli birikimine g&ouml;z&uuml;n&uuml; diken <\/font><\/span><span style=\"font-size: 12pt; font-family: &#39;Times New Roman&#39;\"><font color=\"#000000\">neoliberalizm, bu &uuml;lkede hi&ccedil;bir alanda g&uuml;&ccedil;l&uuml; bir meslek ve onun etraf\u0131nda g&uuml;&ccedil;l&uuml; bir meslek &ouml;rg&uuml;tlenmesine izin vermez.<\/font><\/span><\/p>\n<p style=\"margin: 0cm 0cm 0pt\" class=\"NoSpacing\">&nbsp;<\/p>\n<p style=\"margin: 0cm 0cm 0pt\" class=\"NoSpacing\">&nbsp;<\/p>\n<p>&nbsp;<span style=\"font-size: 12pt; font-family: &#39;Times New Roman&#39;\"><font color=\"#000000\"><span>&nbsp;&nbsp;&nbsp;&nbsp;&nbsp;&nbsp;&nbsp;&nbsp;&nbsp;&nbsp;&nbsp; <\/span>Bu sistemin dini, iman\u0131 para ve kard\u0131r.Bu d&uuml;\u015f&uuml;nce ekseninde hareket edecek kurumlar\u0131 ayakta tutar ve besler. G&uuml;&ccedil;l&uuml; bir TEB ve onun etraf\u0131nda kenetlenmi\u015f eczac\u0131 &ouml;rg&uuml;tlenmesi bu sistem i&ccedil;in tehlikelidir ve yok edilmesi <\/font><\/span><span style=\"font-size: 12pt; font-family: &#39;Times New Roman&#39;\"><font color=\"#000000\">gereken unsurlar\u0131n ba\u015f\u0131ndad\u0131r. Sistem i&ccedil;inde hi&ccedil;bir ulusal sekt&ouml;re &ccedil;\u0131k\u0131\u015f yoktur.<\/font><\/span><span style=\"font-size: 12pt; font-family: &#39;Times New Roman&#39;\"><font color=\"#000000\">Bu sistem yeni Doma&ccedil;&rsquo;lar\u0131n yarat\u0131lmas\u0131na imkan tan\u0131r. T.E.B.&#39;in son genelgesinde <\/font><\/span><span style=\"font-size: 12pt; font-family: &#39;Times New Roman&#39;\"><font color=\"#000000\">oldu\u011fu gibi Telekom i\u015f&ccedil;ilerinin ila&ccedil;lar\u0131n\u0131n kar\u015f\u0131lanmamas\u0131n\u0131 istemek gibi ne<\/font><\/span><span style=\"font-size: 12pt; font-family: &#39;Times New Roman&#39;\"><font color=\"#000000\"><span>&nbsp;<\/span>meslek eti\u011fiyle ba\u011fda\u015fan nede emek&ccedil;i insanlar\u0131n anayasal hak ve <\/font><\/span><span style=\"font-size: 12pt; font-family: &#39;Times New Roman&#39;\"><font color=\"#000000\">&ccedil;\u0131karlar\u0131yla <\/font><\/span><span style=\"font-size: 12pt; font-family: &#39;Times New Roman&#39;\"><font color=\"#000000\">&ouml;rt&uuml;\u015fen garip genelgelerin ortaya &ccedil;\u0131kmas\u0131na neden olur.<\/font><\/span><\/p>\n<p style=\"margin: 0cm 0cm 0pt\" class=\"NoSpacing\">&nbsp;<\/p>\n<p style=\"margin: 0cm 0cm 0pt\" class=\"NoSpacing\">&nbsp;<\/p>\n<p>&nbsp;<span style=\"font-size: 12pt; font-family: &#39;Times New Roman&#39;\"><font color=\"#000000\"><span>&nbsp;&nbsp;&nbsp;&nbsp;&nbsp;&nbsp;&nbsp;&nbsp;&nbsp;&nbsp;&nbsp; <\/span>Bu &ouml;l&ccedil;ekten bak\u0131ld\u0131\u011f\u0131nda; &ouml;z&uuml;nde,ulusal bir ba\u015fkald\u0131r\u0131y\u0131, milli demokratik devrim s&uuml;recini tamamlamay\u0131, yeniden Kuvay-i Milliye ruhuyla<\/font><\/span> <span style=\"font-size: 12pt; font-family: &#39;Times New Roman&#39;\"><font color=\"#000000\">i\u015fe ba\u015flamay\u0131, anti emperyalist bir ba\u015fkald\u0131r\u0131y\u0131 hedeflemi\u015f olan ve vatan savunma cephesi a&ccedil;m\u0131\u015f olan T&uuml;rk halk\u0131n\u0131n ba\u015fkald\u0131r\u0131\u015f\u0131n\u0131, mesle\u011fi ve meslekta\u015f\u0131yla b&uuml;t&uuml;nle\u015ftirme kararl\u0131l\u0131\u011f\u0131yla i\u015fe ba\u015flamay\u0131 hedeflemi\u015f bir <\/font><\/span><span style=\"font-size: 12pt; font-family: &#39;Times New Roman&#39;\"><font color=\"#000000\">T.E.B.Merkez Heyetine ihtiya&ccedil; her zamandan daha da fazla &ouml;nem arz etmektedir.<\/font><\/span>&nbsp; <\/p>\n<p>&nbsp;<\/p>\n<p><span style=\"font-size: 12pt; font-family: &#39;Times New Roman&#39;\"><font color=\"#000000\"><span>&nbsp;&nbsp;&nbsp;&nbsp;&nbsp;&nbsp;&nbsp;&nbsp;&nbsp;&nbsp;&nbsp; <\/span>Mesle\u011fimizin, eczanelerimizin, odalar\u0131m\u0131z\u0131n ve birli\u011fimizin gelece\u011fi halk\u0131m\u0131z\u0131n gelece\u011fiyle do\u011fru orant\u0131l\u0131d\u0131r. Bu da ancak tam ba\u011f\u0131ms\u0131z bir &uuml;lkede ya\u015famak ve &ccedil;al\u0131\u015fmakla m&uuml;mk&uuml;nd&uuml;r.<\/font><\/span><\/p>\n<p style=\"margin: 0cm 0cm 0pt\" class=\"NoSpacing\">&nbsp;<\/p>\n<p>&nbsp;<span style=\"font-size: 12pt; font-family: &#39;Times New Roman&#39;\"><font color=\"#000000\"><span>&nbsp;&nbsp;&nbsp;&nbsp;&nbsp;&nbsp;&nbsp;&nbsp;&nbsp;&nbsp;&nbsp; <\/span>Ayd\u0131nl\u0131k yar\u0131nlarda bulu\u015fmak umuduyla&#8230;<\/font><\/span><\/p>\n","protected":false},"excerpt":{"rendered":"<p>&nbsp;&nbsp;&nbsp;&nbsp;&nbsp;&nbsp;&nbsp;&nbsp;&nbsp;&nbsp;&nbsp; Yurdumuzun son tablosunu k\u0131saca incelersek, kapitalist sistemin egemenli\u011finde ve bu sistemin siyasi, psikolojik, lojistik deste\u011findeki i&ccedil; ve d\u0131\u015f unsurlarla&#46;&#46;&#46;<\/p>\n","protected":false},"author":13,"featured_media":0,"comment_status":"closed","ping_status":"closed","sticky":false,"template":"","format":"standard","meta":{"_jetpack_memberships_contains_paid_content":false,"footnotes":""},"categories":[54],"tags":[],"class_list":["post-2902","post","type-post","status-publish","format-standard","hentry","category-ecz-levent-budak"],"aioseo_notices":[],"jetpack_featured_media_url":"","jetpack_sharing_enabled":true,"jetpack-related-posts":[],"_links":{"self":[{"href":"http:\/\/www.ced.org.tr\/index.php?rest_route=\/wp\/v2\/posts\/2902","targetHints":{"allow":["GET"]}}],"collection":[{"href":"http:\/\/www.ced.org.tr\/index.php?rest_route=\/wp\/v2\/posts"}],"about":[{"href":"http:\/\/www.ced.org.tr\/index.php?rest_route=\/wp\/v2\/types\/post"}],"author":[{"embeddable":true,"href":"http:\/\/www.ced.org.tr\/index.php?rest_route=\/wp\/v2\/users\/13"}],"replies":[{"embeddable":true,"href":"http:\/\/www.ced.org.tr\/index.php?rest_route=%2Fwp%2Fv2%2Fcomments&post=2902"}],"version-history":[{"count":1,"href":"http:\/\/www.ced.org.tr\/index.php?rest_route=\/wp\/v2\/posts\/2902\/revisions"}],"predecessor-version":[{"id":3998,"href":"http:\/\/www.ced.org.tr\/index.php?rest_route=\/wp\/v2\/posts\/2902\/revisions\/3998"}],"wp:attachment":[{"href":"http:\/\/www.ced.org.tr\/index.php?rest_route=%2Fwp%2Fv2%2Fmedia&parent=2902"}],"wp:term":[{"taxonomy":"category","embeddable":true,"href":"http:\/\/www.ced.org.tr\/index.php?rest_route=%2Fwp%2Fv2%2Fcategories&post=2902"},{"taxonomy":"post_tag","embeddable":true,"href":"http:\/\/www.ced.org.tr\/index.php?rest_route=%2Fwp%2Fv2%2Ftags&post=2902"}],"curies":[{"name":"wp","href":"https:\/\/api.w.org\/{rel}","templated":true}]}}